{"id":121674,"date":"2025-09-26T10:31:50","date_gmt":"2025-09-26T13:31:50","guid":{"rendered":"https:\/\/primereando.com.ar\/?p=121674"},"modified":"2025-09-26T10:31:51","modified_gmt":"2025-09-26T13:31:51","slug":"ate-rechazo-las-cifras-oficiales-de-pobreza-bien-medida-es-del-62","status":"publish","type":"post","link":"https:\/\/primereando.com.ar\/index.php\/2025\/09\/26\/ate-rechazo-las-cifras-oficiales-de-pobreza-bien-medida-es-del-62\/121674\/","title":{"rendered":"ATE rechaz\u00f3 las cifras oficiales de pobreza: \u201cBien medida es del 62%\u201d"},"content":{"rendered":"\n<p class=\"wp-block-paragraph\">La Asociaci\u00f3n Trabajadores del Estado (ATE) cuestion\u00f3 con dureza los datos publicados por el Indec sobre pobreza e indigencia en el primer semestre de 2025. Mientras el organismo oficial inform\u00f3 que el \u00edndice baj\u00f3 al 31,6% y el Gobierno celebr\u00f3 que 12 millones de personas salieron de esa condici\u00f3n, el gremio estatal asegur\u00f3 que la realidad es \u201cel doble\u201d y que m\u00e1s del 62% de la poblaci\u00f3n vive en la pobreza.<\/p>\n\n\n\n<p class=\"wp-block-paragraph\">El secretario general de ATE Nacional, Rodolfo Aguiar, acus\u00f3 al Ejecutivo de \u201cutilizar electoralmente al Indec y sus publicaciones\u201d. En ese sentido, se\u00f1al\u00f3 que existe \u201cuna interpretaci\u00f3n maliciosa\u201d de los n\u00fameros y que se omiti\u00f3 deliberadamente el salto de 12 puntos de pobreza registrado tras la devaluaci\u00f3n de diciembre de 2023. \u201cEse pico es responsabilidad de este Gobierno, fruto de la devaluaci\u00f3n que aplicaron y la consecuente aceleraci\u00f3n de la inflaci\u00f3n\u201d, sostuvo.<\/p>\n\n\n\n<p class=\"wp-block-paragraph\">Aguiar tambi\u00e9n cuestion\u00f3 la supuesta mejora del mercado laboral. \u201cEl presidente pretende confundirnos y ocultar indicadores negativos: la desocupaci\u00f3n crece, los pocos empleos creados son precarios y la p\u00e9rdida del poder adquisitivo es significativa. Esta supuesta mejor\u00eda no se traduce en una mejora general del trabajo ni de los ingresos\u201d, advirti\u00f3.<\/p>\n\n\n\n<p class=\"wp-block-paragraph\">Desde el sindicato remarcaron adem\u00e1s que la medici\u00f3n oficial presenta limitaciones metodol\u00f3gicas: solo contempla a 31 centros urbanos (29 millones de personas) y se apoya en ingresos declarados, sin contrastar con los ingresos reales. \u201cEn la estructura de consumo que mide el Gobierno no se contempla el peso real de servicios, transporte y alquileres, que en algunos casos absorben hasta el 64% de los salarios\u201d, precis\u00f3 Aguiar.<\/p>\n\n\n\n<p class=\"wp-block-paragraph\">En base a un informe elaborado por delegados de ATE en el Indec, el dirigente concluy\u00f3 que la pobreza real supera el 62% de la poblaci\u00f3n: \u201cSi actualizamos el mecanismo de medici\u00f3n y sumamos a quienes sobreviven apenas por encima de la l\u00ednea de pobreza, es evidente que el drama social contin\u00faa y se agrava d\u00eda a d\u00eda\u201d.<\/p>\n\n\n\n<p class=\"wp-block-paragraph\"><\/p>\n","protected":false},"excerpt":{"rendered":"<p>La Asociaci\u00f3n Trabajadores del Estado (ATE) cuestion\u00f3 con dureza los datos publicados por el Indec sobre pobreza e indigencia en el primer semestre de 2025. Mientras el organismo oficial inform\u00f3 que el \u00edndice baj\u00f3 al 31,6% y el Gobierno celebr\u00f3 que 12 millones de personas salieron de esa condici\u00f3n, el gremio estatal asegur\u00f3 que la [&hellip;]<\/p>\n","protected":false},"author":4,"featured_media":112679,"comment_status":"closed","ping_status":"closed","sticky":false,"template":"","format":"standard","meta":{"footnotes":""},"categories":[5],"tags":[],"class_list":["post-121674","post","type-post","status-publish","format-standard","has-post-thumbnail","hentry","category-actualidad"],"yoast_head":"<!-- This site is optimized with the Yoast SEO plugin v28.4 - https:\/\/yoast.com\/product\/yoast-seo-wordpress\/ -->\n<title>ATE rechaz\u00f3 las cifras oficiales de pobreza: \u201cBien medida es del 62%\u201d - Primereando<\/title>\n<meta name=\"robots\" content=\"index, follow, max-snippet:-1, max-image-preview:large, max-video-preview:-1\" \/>\n<link rel=\"canonical\" href=\"https:\/\/primereando.com.ar\/index.php\/2025\/09\/26\/ate-rechazo-las-cifras-oficiales-de-pobreza-bien-medida-es-del-62\/121674\/\" \/>\n<meta property=\"og:locale\" content=\"es_ES\" \/>\n<meta property=\"og:type\" content=\"article\" \/>\n<meta property=\"og:title\" content=\"ATE rechaz\u00f3 las cifras oficiales de pobreza: \u201cBien medida es del 62%\u201d - Primereando\" \/>\n<meta property=\"og:description\" content=\"La Asociaci\u00f3n Trabajadores del Estado (ATE) cuestion\u00f3 con dureza los datos publicados por el Indec sobre pobreza e indigencia en el primer semestre de 2025. Mientras el organismo oficial inform\u00f3 que el \u00edndice baj\u00f3 al 31,6% y el Gobierno celebr\u00f3 que 12 millones de personas salieron de esa condici\u00f3n, el gremio estatal asegur\u00f3 que la [&hellip;]\" \/>\n<meta property=\"og:url\" content=\"https:\/\/primereando.com.ar\/index.php\/2025\/09\/26\/ate-rechazo-las-cifras-oficiales-de-pobreza-bien-medida-es-del-62\/121674\/\" \/>\n<meta property=\"og:site_name\" content=\"Primereando\" \/>\n<meta property=\"article:published_time\" content=\"2025-09-26T13:31:50+00:00\" \/>\n<meta property=\"article:modified_time\" content=\"2025-09-26T13:31:51+00:00\" \/>\n<meta property=\"og:image\" content=\"https:\/\/primereando.com.ar\/wp-content\/uploads\/2024\/08\/pobreza-en-argentina-indec-768x433.jpg.webp\" \/>\n\t<meta property=\"og:image:width\" content=\"768\" \/>\n\t<meta property=\"og:image:height\" content=\"433\" \/>\n\t<meta property=\"og:image:type\" content=\"image\/webp\" \/>\n<meta name=\"author\" content=\"Quique\" \/>\n<meta name=\"twitter:card\" content=\"summary_large_image\" \/>\n<meta name=\"twitter:label1\" content=\"Escrito por\" \/>\n\t<meta name=\"twitter:data1\" content=\"Quique\" \/>\n\t<meta name=\"twitter:label2\" content=\"Tiempo de lectura\" \/>\n\t<meta name=\"twitter:data2\" content=\"2 minutos\" \/>\n<script type=\"application\/ld+json\" class=\"yoast-schema-graph\">{\"@context\":\"https:\\\/\\\/schema.org\",\"@graph\":[{\"@type\":\"Article\",\"@id\":\"https:\\\/\\\/primereando.com.ar\\\/index.php\\\/2025\\\/09\\\/26\\\/ate-rechazo-las-cifras-oficiales-de-pobreza-bien-medida-es-del-62\\\/121674\\\/#article\",\"isPartOf\":{\"@id\":\"https:\\\/\\\/primereando.com.ar\\\/index.php\\\/2025\\\/09\\\/26\\\/ate-rechazo-las-cifras-oficiales-de-pobreza-bien-medida-es-del-62\\\/121674\\\/\"},\"author\":{\"name\":\"Quique\",\"@id\":\"https:\\\/\\\/primereando.com.ar\\\/#\\\/schema\\\/person\\\/4e63931e01f10f9b83b868233258d3d3\"},\"headline\":\"ATE rechaz\u00f3 las cifras oficiales de pobreza: \u201cBien medida es del 62%\u201d\",\"datePublished\":\"2025-09-26T13:31:50+00:00\",\"dateModified\":\"2025-09-26T13:31:51+00:00\",\"mainEntityOfPage\":{\"@id\":\"https:\\\/\\\/primereando.com.ar\\\/index.php\\\/2025\\\/09\\\/26\\\/ate-rechazo-las-cifras-oficiales-de-pobreza-bien-medida-es-del-62\\\/121674\\\/\"},\"wordCount\":344,\"publisher\":{\"@id\":\"https:\\\/\\\/primereando.com.ar\\\/#organization\"},\"image\":{\"@id\":\"https:\\\/\\\/primereando.com.ar\\\/index.php\\\/2025\\\/09\\\/26\\\/ate-rechazo-las-cifras-oficiales-de-pobreza-bien-medida-es-del-62\\\/121674\\\/#primaryimage\"},\"thumbnailUrl\":\"https:\\\/\\\/primereando.com.ar\\\/wp-content\\\/uploads\\\/2024\\\/08\\\/pobreza-en-argentina-indec-768x433.jpg.webp\",\"articleSection\":[\"Actualidad\"],\"inLanguage\":\"es-AR\"},{\"@type\":\"WebPage\",\"@id\":\"https:\\\/\\\/primereando.com.ar\\\/index.php\\\/2025\\\/09\\\/26\\\/ate-rechazo-las-cifras-oficiales-de-pobreza-bien-medida-es-del-62\\\/121674\\\/\",\"url\":\"https:\\\/\\\/primereando.com.ar\\\/index.php\\\/2025\\\/09\\\/26\\\/ate-rechazo-las-cifras-oficiales-de-pobreza-bien-medida-es-del-62\\\/121674\\\/\",\"name\":\"ATE rechaz\u00f3 las cifras oficiales de pobreza: \u201cBien medida es del 62%\u201d - Primereando\",\"isPartOf\":{\"@id\":\"https:\\\/\\\/primereando.com.ar\\\/#website\"},\"primaryImageOfPage\":{\"@id\":\"https:\\\/\\\/primereando.com.ar\\\/index.php\\\/2025\\\/09\\\/26\\\/ate-rechazo-las-cifras-oficiales-de-pobreza-bien-medida-es-del-62\\\/121674\\\/#primaryimage\"},\"image\":{\"@id\":\"https:\\\/\\\/primereando.com.ar\\\/index.php\\\/2025\\\/09\\\/26\\\/ate-rechazo-las-cifras-oficiales-de-pobreza-bien-medida-es-del-62\\\/121674\\\/#primaryimage\"},\"thumbnailUrl\":\"https:\\\/\\\/primereando.com.ar\\\/wp-content\\\/uploads\\\/2024\\\/08\\\/pobreza-en-argentina-indec-768x433.jpg.webp\",\"datePublished\":\"2025-09-26T13:31:50+00:00\",\"dateModified\":\"2025-09-26T13:31:51+00:00\",\"breadcrumb\":{\"@id\":\"https:\\\/\\\/primereando.com.ar\\\/index.php\\\/2025\\\/09\\\/26\\\/ate-rechazo-las-cifras-oficiales-de-pobreza-bien-medida-es-del-62\\\/121674\\\/#breadcrumb\"},\"inLanguage\":\"es-AR\",\"potentialAction\":[{\"@type\":\"ReadAction\",\"target\":[\"https:\\\/\\\/primereando.com.ar\\\/index.php\\\/2025\\\/09\\\/26\\\/ate-rechazo-las-cifras-oficiales-de-pobreza-bien-medida-es-del-62\\\/121674\\\/\"]}]},{\"@type\":\"ImageObject\",\"inLanguage\":\"es-AR\",\"@id\":\"https:\\\/\\\/primereando.com.ar\\\/index.php\\\/2025\\\/09\\\/26\\\/ate-rechazo-las-cifras-oficiales-de-pobreza-bien-medida-es-del-62\\\/121674\\\/#primaryimage\",\"url\":\"https:\\\/\\\/primereando.com.ar\\\/wp-content\\\/uploads\\\/2024\\\/08\\\/pobreza-en-argentina-indec-768x433.jpg.webp\",\"contentUrl\":\"https:\\\/\\\/primereando.com.ar\\\/wp-content\\\/uploads\\\/2024\\\/08\\\/pobreza-en-argentina-indec-768x433.jpg.webp\",\"width\":768,\"height\":433},{\"@type\":\"BreadcrumbList\",\"@id\":\"https:\\\/\\\/primereando.com.ar\\\/index.php\\\/2025\\\/09\\\/26\\\/ate-rechazo-las-cifras-oficiales-de-pobreza-bien-medida-es-del-62\\\/121674\\\/#breadcrumb\",\"itemListElement\":[{\"@type\":\"ListItem\",\"position\":1,\"name\":\"Inicio\",\"item\":\"https:\\\/\\\/primereando.com.ar\\\/\"},{\"@type\":\"ListItem\",\"position\":2,\"name\":\"ATE rechaz\u00f3 las cifras oficiales de pobreza: \u201cBien medida es del 62%\u201d\"}]},{\"@type\":\"WebSite\",\"@id\":\"https:\\\/\\\/primereando.com.ar\\\/#website\",\"url\":\"https:\\\/\\\/primereando.com.ar\\\/\",\"name\":\"Primereando\",\"description\":\"Portal de noticias de la Provincia de Buenos Aires\",\"publisher\":{\"@id\":\"https:\\\/\\\/primereando.com.ar\\\/#organization\"},\"potentialAction\":[{\"@type\":\"SearchAction\",\"target\":{\"@type\":\"EntryPoint\",\"urlTemplate\":\"https:\\\/\\\/primereando.com.ar\\\/?s={search_term_string}\"},\"query-input\":{\"@type\":\"PropertyValueSpecification\",\"valueRequired\":true,\"valueName\":\"search_term_string\"}}],\"inLanguage\":\"es-AR\"},{\"@type\":\"Organization\",\"@id\":\"https:\\\/\\\/primereando.com.ar\\\/#organization\",\"name\":\"Primereando\",\"url\":\"https:\\\/\\\/primereando.com.ar\\\/\",\"logo\":{\"@type\":\"ImageObject\",\"inLanguage\":\"es-AR\",\"@id\":\"https:\\\/\\\/primereando.com.ar\\\/#\\\/schema\\\/logo\\\/image\\\/\",\"url\":\"https:\\\/\\\/primereando.com.ar\\\/wp-content\\\/uploads\\\/2021\\\/12\\\/primereando-logo.png\",\"contentUrl\":\"https:\\\/\\\/primereando.com.ar\\\/wp-content\\\/uploads\\\/2021\\\/12\\\/primereando-logo.png\",\"width\":360,\"height\":96,\"caption\":\"Primereando\"},\"image\":{\"@id\":\"https:\\\/\\\/primereando.com.ar\\\/#\\\/schema\\\/logo\\\/image\\\/\"}},{\"@type\":\"Person\",\"@id\":\"https:\\\/\\\/primereando.com.ar\\\/#\\\/schema\\\/person\\\/4e63931e01f10f9b83b868233258d3d3\",\"name\":\"Quique\",\"image\":{\"@type\":\"ImageObject\",\"inLanguage\":\"es-AR\",\"@id\":\"https:\\\/\\\/secure.gravatar.com\\\/avatar\\\/b59b9a051963473b9167e1994f9d9bceb0bfcf81b12fa216e38bdbf315e58be9?s=96&d=blank&r=g\",\"url\":\"https:\\\/\\\/secure.gravatar.com\\\/avatar\\\/b59b9a051963473b9167e1994f9d9bceb0bfcf81b12fa216e38bdbf315e58be9?s=96&d=blank&r=g\",\"contentUrl\":\"https:\\\/\\\/secure.gravatar.com\\\/avatar\\\/b59b9a051963473b9167e1994f9d9bceb0bfcf81b12fa216e38bdbf315e58be9?s=96&d=blank&r=g\",\"caption\":\"Quique\"},\"url\":\"https:\\\/\\\/primereando.com.ar\\\/index.php\\\/author\\\/quique\\\/\"}]}<\/script>\n<!-- \/ Yoast SEO plugin. -->","yoast_head_json":{"title":"ATE rechaz\u00f3 las cifras oficiales de pobreza: \u201cBien medida es del 62%\u201d - Primereando","robots":{"index":"index","follow":"follow","max-snippet":"max-snippet:-1","max-image-preview":"max-image-preview:large","max-video-preview":"max-video-preview:-1"},"canonical":"https:\/\/primereando.com.ar\/index.php\/2025\/09\/26\/ate-rechazo-las-cifras-oficiales-de-pobreza-bien-medida-es-del-62\/121674\/","og_locale":"es_ES","og_type":"article","og_title":"ATE rechaz\u00f3 las cifras oficiales de pobreza: \u201cBien medida es del 62%\u201d - Primereando","og_description":"La Asociaci\u00f3n Trabajadores del Estado (ATE) cuestion\u00f3 con dureza los datos publicados por el Indec sobre pobreza e indigencia en el primer semestre de 2025. Mientras el organismo oficial inform\u00f3 que el \u00edndice baj\u00f3 al 31,6% y el Gobierno celebr\u00f3 que 12 millones de personas salieron de esa condici\u00f3n, el gremio estatal asegur\u00f3 que la [&hellip;]","og_url":"https:\/\/primereando.com.ar\/index.php\/2025\/09\/26\/ate-rechazo-las-cifras-oficiales-de-pobreza-bien-medida-es-del-62\/121674\/","og_site_name":"Primereando","article_published_time":"2025-09-26T13:31:50+00:00","article_modified_time":"2025-09-26T13:31:51+00:00","og_image":[{"width":768,"height":433,"url":"https:\/\/primereando.com.ar\/wp-content\/uploads\/2024\/08\/pobreza-en-argentina-indec-768x433.jpg.webp","type":"image\/webp"}],"author":"Quique","twitter_card":"summary_large_image","twitter_misc":{"Escrito por":"Quique","Tiempo de lectura":"2 minutos"},"schema":{"@context":"https:\/\/schema.org","@graph":[{"@type":"Article","@id":"https:\/\/primereando.com.ar\/index.php\/2025\/09\/26\/ate-rechazo-las-cifras-oficiales-de-pobreza-bien-medida-es-del-62\/121674\/#article","isPartOf":{"@id":"https:\/\/primereando.com.ar\/index.php\/2025\/09\/26\/ate-rechazo-las-cifras-oficiales-de-pobreza-bien-medida-es-del-62\/121674\/"},"author":{"name":"Quique","@id":"https:\/\/primereando.com.ar\/#\/schema\/person\/4e63931e01f10f9b83b868233258d3d3"},"headline":"ATE rechaz\u00f3 las cifras oficiales de pobreza: \u201cBien medida es del 62%\u201d","datePublished":"2025-09-26T13:31:50+00:00","dateModified":"2025-09-26T13:31:51+00:00","mainEntityOfPage":{"@id":"https:\/\/primereando.com.ar\/index.php\/2025\/09\/26\/ate-rechazo-las-cifras-oficiales-de-pobreza-bien-medida-es-del-62\/121674\/"},"wordCount":344,"publisher":{"@id":"https:\/\/primereando.com.ar\/#organization"},"image":{"@id":"https:\/\/primereando.com.ar\/index.php\/2025\/09\/26\/ate-rechazo-las-cifras-oficiales-de-pobreza-bien-medida-es-del-62\/121674\/#primaryimage"},"thumbnailUrl":"https:\/\/primereando.com.ar\/wp-content\/uploads\/2024\/08\/pobreza-en-argentina-indec-768x433.jpg.webp","articleSection":["Actualidad"],"inLanguage":"es-AR"},{"@type":"WebPage","@id":"https:\/\/primereando.com.ar\/index.php\/2025\/09\/26\/ate-rechazo-las-cifras-oficiales-de-pobreza-bien-medida-es-del-62\/121674\/","url":"https:\/\/primereando.com.ar\/index.php\/2025\/09\/26\/ate-rechazo-las-cifras-oficiales-de-pobreza-bien-medida-es-del-62\/121674\/","name":"ATE rechaz\u00f3 las cifras oficiales de pobreza: \u201cBien medida es del 62%\u201d - Primereando","isPartOf":{"@id":"https:\/\/primereando.com.ar\/#website"},"primaryImageOfPage":{"@id":"https:\/\/primereando.com.ar\/index.php\/2025\/09\/26\/ate-rechazo-las-cifras-oficiales-de-pobreza-bien-medida-es-del-62\/121674\/#primaryimage"},"image":{"@id":"https:\/\/primereando.com.ar\/index.php\/2025\/09\/26\/ate-rechazo-las-cifras-oficiales-de-pobreza-bien-medida-es-del-62\/121674\/#primaryimage"},"thumbnailUrl":"https:\/\/primereando.com.ar\/wp-content\/uploads\/2024\/08\/pobreza-en-argentina-indec-768x433.jpg.webp","datePublished":"2025-09-26T13:31:50+00:00","dateModified":"2025-09-26T13:31:51+00:00","breadcrumb":{"@id":"https:\/\/primereando.com.ar\/index.php\/2025\/09\/26\/ate-rechazo-las-cifras-oficiales-de-pobreza-bien-medida-es-del-62\/121674\/#breadcrumb"},"inLanguage":"es-AR","potentialAction":[{"@type":"ReadAction","target":["https:\/\/primereando.com.ar\/index.php\/2025\/09\/26\/ate-rechazo-las-cifras-oficiales-de-pobreza-bien-medida-es-del-62\/121674\/"]}]},{"@type":"ImageObject","inLanguage":"es-AR","@id":"https:\/\/primereando.com.ar\/index.php\/2025\/09\/26\/ate-rechazo-las-cifras-oficiales-de-pobreza-bien-medida-es-del-62\/121674\/#primaryimage","url":"https:\/\/primereando.com.ar\/wp-content\/uploads\/2024\/08\/pobreza-en-argentina-indec-768x433.jpg.webp","contentUrl":"https:\/\/primereando.com.ar\/wp-content\/uploads\/2024\/08\/pobreza-en-argentina-indec-768x433.jpg.webp","width":768,"height":433},{"@type":"BreadcrumbList","@id":"https:\/\/primereando.com.ar\/index.php\/2025\/09\/26\/ate-rechazo-las-cifras-oficiales-de-pobreza-bien-medida-es-del-62\/121674\/#breadcrumb","itemListElement":[{"@type":"ListItem","position":1,"name":"Inicio","item":"https:\/\/primereando.com.ar\/"},{"@type":"ListItem","position":2,"name":"ATE rechaz\u00f3 las cifras oficiales de pobreza: \u201cBien medida es del 62%\u201d"}]},{"@type":"WebSite","@id":"https:\/\/primereando.com.ar\/#website","url":"https:\/\/primereando.com.ar\/","name":"Primereando","description":"Portal de noticias de la Provincia de Buenos Aires","publisher":{"@id":"https:\/\/primereando.com.ar\/#organization"},"potentialAction":[{"@type":"SearchAction","target":{"@type":"EntryPoint","urlTemplate":"https:\/\/primereando.com.ar\/?s={search_term_string}"},"query-input":{"@type":"PropertyValueSpecification","valueRequired":true,"valueName":"search_term_string"}}],"inLanguage":"es-AR"},{"@type":"Organization","@id":"https:\/\/primereando.com.ar\/#organization","name":"Primereando","url":"https:\/\/primereando.com.ar\/","logo":{"@type":"ImageObject","inLanguage":"es-AR","@id":"https:\/\/primereando.com.ar\/#\/schema\/logo\/image\/","url":"https:\/\/primereando.com.ar\/wp-content\/uploads\/2021\/12\/primereando-logo.png","contentUrl":"https:\/\/primereando.com.ar\/wp-content\/uploads\/2021\/12\/primereando-logo.png","width":360,"height":96,"caption":"Primereando"},"image":{"@id":"https:\/\/primereando.com.ar\/#\/schema\/logo\/image\/"}},{"@type":"Person","@id":"https:\/\/primereando.com.ar\/#\/schema\/person\/4e63931e01f10f9b83b868233258d3d3","name":"Quique","image":{"@type":"ImageObject","inLanguage":"es-AR","@id":"https:\/\/secure.gravatar.com\/avatar\/b59b9a051963473b9167e1994f9d9bceb0bfcf81b12fa216e38bdbf315e58be9?s=96&d=blank&r=g","url":"https:\/\/secure.gravatar.com\/avatar\/b59b9a051963473b9167e1994f9d9bceb0bfcf81b12fa216e38bdbf315e58be9?s=96&d=blank&r=g","contentUrl":"https:\/\/secure.gravatar.com\/avatar\/b59b9a051963473b9167e1994f9d9bceb0bfcf81b12fa216e38bdbf315e58be9?s=96&d=blank&r=g","caption":"Quique"},"url":"https:\/\/primereando.com.ar\/index.php\/author\/quique\/"}]}},"_links":{"self":[{"href":"https:\/\/primereando.com.ar\/index.php\/wp-json\/wp\/v2\/posts\/121674","targetHints":{"allow":["GET"]}}],"collection":[{"href":"https:\/\/primereando.com.ar\/index.php\/wp-json\/wp\/v2\/posts"}],"about":[{"href":"https:\/\/primereando.com.ar\/index.php\/wp-json\/wp\/v2\/types\/post"}],"author":[{"embeddable":true,"href":"https:\/\/primereando.com.ar\/index.php\/wp-json\/wp\/v2\/users\/4"}],"replies":[{"embeddable":true,"href":"https:\/\/primereando.com.ar\/index.php\/wp-json\/wp\/v2\/comments?post=121674"}],"version-history":[{"count":1,"href":"https:\/\/primereando.com.ar\/index.php\/wp-json\/wp\/v2\/posts\/121674\/revisions"}],"predecessor-version":[{"id":121675,"href":"https:\/\/primereando.com.ar\/index.php\/wp-json\/wp\/v2\/posts\/121674\/revisions\/121675"}],"wp:featuredmedia":[{"embeddable":true,"href":"https:\/\/primereando.com.ar\/index.php\/wp-json\/wp\/v2\/media\/112679"}],"wp:attachment":[{"href":"https:\/\/primereando.com.ar\/index.php\/wp-json\/wp\/v2\/media?parent=121674"}],"wp:term":[{"taxonomy":"category","embeddable":true,"href":"https:\/\/primereando.com.ar\/index.php\/wp-json\/wp\/v2\/categories?post=121674"},{"taxonomy":"post_tag","embeddable":true,"href":"https:\/\/primereando.com.ar\/index.php\/wp-json\/wp\/v2\/tags?post=121674"}],"curies":[{"name":"wp","href":"https:\/\/api.w.org\/{rel}","templated":true}]}}