{"id":123603,"date":"2026-02-09T10:02:51","date_gmt":"2026-02-09T13:02:51","guid":{"rendered":"https:\/\/primereando.com.ar\/?p=123603"},"modified":"2026-02-09T10:02:51","modified_gmt":"2026-02-09T13:02:51","slug":"informe-alerta-sobre-una-degradacion-planificada-de-los-ferrocarriles-de-pasajeros","status":"publish","type":"post","link":"https:\/\/primereando.com.ar\/index.php\/2026\/02\/09\/informe-alerta-sobre-una-degradacion-planificada-de-los-ferrocarriles-de-pasajeros\/123603\/","title":{"rendered":"Informe alerta sobre una &#8220;degradaci\u00f3n planificada&#8221; de los ferrocarriles de pasajeros"},"content":{"rendered":"\n<h2 class=\"wp-block-heading\">Seg\u00fan el relevamiento, Trenes Argentinos pas\u00f3 de operar 22 servicios provinciales en diciembre de 2023 a apenas 10 en la actualidad, una reducci\u00f3n que no responde a un plan de modernizaci\u00f3n ni a criterios t\u00e9cnicos de eficiencia, sino a una pol\u00edtica deliberada de abandono del ferrocarril como servicio p\u00fablico. <\/h2>\n\n\n\n<p class=\"wp-block-paragraph\">El sistema ferroviario de pasajeros de media y larga distancia atraviesa un <strong>proceso acelerado de desinversi\u00f3n, recorte de servicios y p\u00e9rdida de usuarios<\/strong> que se profundiz\u00f3 bajo la actual administraci\u00f3n libertaria. As\u00ed lo advierte un<strong> informe del Observatorio Social del Transporte (OST)<\/strong>, que describe un <strong>retroceso hist\u00f3rico en la presencia del tren en el interior del pa\u00eds<\/strong>.<\/p>\n\n\n\n<p class=\"wp-block-paragraph\">Seg\u00fan el relevamiento, <strong>Trenes Argentinos pas\u00f3 de operar 22 servicios provinciales en diciembre de 2023 a apenas 10 en la actualidad<\/strong>, una reducci\u00f3n que no responde a un plan de modernizaci\u00f3n ni a criterios t\u00e9cnicos de eficiencia, sino a una pol\u00edtica de <strong>abandono progresivo del ferrocarril como servicio p\u00fablico<\/strong>. En ese marco, <strong>la declaraci\u00f3n de la Emergencia Ferroviaria le otorg\u00f3 al Estado facultades excepcionales para suspender o eliminar servicios bajo el argumento del deterioro de la infraestructura, un deterioro que el propio Estado dej\u00f3 avanzar.<\/strong><\/p>\n\n\n\n<p class=\"wp-block-paragraph\">Como resultado de esta pol\u00edtica, <strong>dejaron de funcionar numerosos servicios de larga distancia que garantizaban conectividad y transporte accesible a miles de personas.<\/strong> Entre ellos se cuentan los trenes Retiro\u2013Palmira (Mendoza), Retiro\u2013Justo Daract (San Luis), Once\u2013Pehuaj\u00f3 \u2014recortado hasta Bragado\u2014, <strong>Retiro\u2013Tucum\u00e1n y Retiro\u2013C\u00f3rdoba<\/strong>, adem\u00e1s del servicio <strong>Buenos Aires\u2013Bah\u00eda Blanca<\/strong>, cuya no reanudaci\u00f3n fue oficializada por esta gesti\u00f3n. <strong>Tambi\u00e9n se elimin\u00f3 el servicio expreso de fines de semana entre Retiro y Rosario, uno de los pocos que a\u00fan manten\u00eda competitividad en tiempos de viaje<\/strong>.<\/p>\n\n\n\n<p class=\"wp-block-paragraph\">El ajuste no se limit\u00f3 a los trenes de larga distancia. El OST se\u00f1al\u00f3 que <strong>servicios regionales y tur\u00edsticos clave para las econom\u00edas locales<\/strong> tambi\u00e9n fueron dados de baja, entre ellos General Guido\u2013Divisadero de Pinamar, La Banda\u2013Fern\u00e1ndez, Rosario\u2013Ca\u00f1ada de G\u00f3mez, Mercedes\u2013Tom\u00e1s Jofr\u00e9 y el regional C\u00f3rdoba\u2013Villa Mar\u00eda. En varios casos, <strong>las suspensiones se justificaron con problemas de infraestructura que nunca fueron reparados, dejando los servicios sin fecha de regreso.<\/strong><\/p>\n\n\n\n<p class=\"wp-block-paragraph\">Eduardo Toniolli, ex diputado nacional y vocero del Observatorio, calific\u00f3 este proceso como una <strong>\u201cdegradaci\u00f3n planificada\u201d<\/strong>. \u201cEl sistema se deja deteriorar deliberadamente para que, cuando llegue el cierre definitivo de los servicios, los usuarios ya no se quejen\u201d, advirti\u00f3. En declaraciones televisivas, remarc\u00f3 adem\u00e1s que <strong>2025 fue el a\u00f1o con menor cantidad de pasajeros<\/strong>, excluyendo 2020, cuando los trenes estuvieron paralizados por la pandemia.<\/p>\n\n\n\n<p class=\"wp-block-paragraph\"><strong>Los n\u00fameros confirman el impacto del ajuste: entre 2024 y 2025 la cantidad de pasajeros de trenes de larga distancia y regionales cay\u00f3 un 25%, y la baja alcanza el 37,4% si se compara con 2023<\/strong>. Mientras en 2024 se registraron unos 260.000 usuarios, en 2025 la cifra descendi\u00f3 a 190.000.<\/p>\n\n\n\n<p class=\"wp-block-paragraph\">Desde el OST explicaron que esta ca\u00edda no es consecuencia de una supuesta falta de inter\u00e9s social por el tren, sino del <strong>desmantelamiento del servicio<\/strong>: falta de inversi\u00f3n en mantenimiento, retiro de material rodante, cancelaci\u00f3n de frecuencias y p\u00e9rdida de confiabilidad. Toniolli puso como ejemplo el tren Rosario\u2013Ca\u00f1ada de G\u00f3mez, donde <strong>\u201cTrenes Argentinos fue retirando locomotoras y reduciendo servicios desde agosto hasta darlo de baja definitivamente en noviembre\u201d.<\/strong><\/p>\n\n\n\n<p class=\"wp-block-paragraph\">Una situaci\u00f3n similar, alert\u00f3, se vive en <strong>el tren Rosario\u2013Retiro, que a\u00fan opera pero en condiciones cada vez m\u00e1s precarias,<\/strong> con viajes que superan las siete horas y que ya ni siquiera llegan a la terminal de Retiro, finalizando en Colegiales.<\/p>\n\n\n\n<p class=\"wp-block-paragraph\">La combinaci\u00f3n de <strong>servicios degradados, horarios imprevisibles y menor frecuencia<\/strong> termin\u00f3 empujando a los usuarios hacia micros de larga distancia y vuelos low cost, consolidando el peor registro de pasajeros en a\u00f1os. Para el Observatorio, lejos de ser un fen\u00f3meno inevitable, se trata del resultado directo de una pol\u00edtica que <strong>renuncia al tren como herramienta de integraci\u00f3n territorial, desarrollo federal y derecho social<\/strong>.<\/p>\n","protected":false},"excerpt":{"rendered":"<p>Seg\u00fan el relevamiento, Trenes Argentinos pas\u00f3 de operar 22 servicios provinciales en diciembre de 2023 a apenas 10 en la actualidad, una reducci\u00f3n que no responde a un plan de modernizaci\u00f3n ni a criterios t\u00e9cnicos de eficiencia, sino a una pol\u00edtica deliberada de abandono del ferrocarril como servicio p\u00fablico. El sistema ferroviario de pasajeros de [&hellip;]<\/p>\n","protected":false},"author":8,"featured_media":123604,"comment_status":"closed","ping_status":"closed","sticky":false,"template":"","format":"standard","meta":{"footnotes":""},"categories":[5],"tags":[],"class_list":["post-123603","post","type-post","status-publish","format-standard","has-post-thumbnail","hentry","category-actualidad"],"yoast_head":"<!-- This site is optimized with the Yoast SEO plugin v28.4 - https:\/\/yoast.com\/product\/yoast-seo-wordpress\/ -->\n<title>Informe alerta sobre una &quot;degradaci\u00f3n planificada&quot; de los ferrocarriles de pasajeros - Primereando<\/title>\n<meta name=\"robots\" content=\"index, follow, max-snippet:-1, max-image-preview:large, max-video-preview:-1\" \/>\n<link rel=\"canonical\" href=\"https:\/\/primereando.com.ar\/index.php\/2026\/02\/09\/informe-alerta-sobre-una-degradacion-planificada-de-los-ferrocarriles-de-pasajeros\/123603\/\" \/>\n<meta property=\"og:locale\" content=\"es_ES\" \/>\n<meta property=\"og:type\" content=\"article\" \/>\n<meta property=\"og:title\" content=\"Informe alerta sobre una &quot;degradaci\u00f3n planificada&quot; de los ferrocarriles de pasajeros - Primereando\" \/>\n<meta property=\"og:description\" content=\"Seg\u00fan el relevamiento, Trenes Argentinos pas\u00f3 de operar 22 servicios provinciales en diciembre de 2023 a apenas 10 en la actualidad, una reducci\u00f3n que no responde a un plan de modernizaci\u00f3n ni a criterios t\u00e9cnicos de eficiencia, sino a una pol\u00edtica deliberada de abandono del ferrocarril como servicio p\u00fablico. El sistema ferroviario de pasajeros de [&hellip;]\" \/>\n<meta property=\"og:url\" content=\"https:\/\/primereando.com.ar\/index.php\/2026\/02\/09\/informe-alerta-sobre-una-degradacion-planificada-de-los-ferrocarriles-de-pasajeros\/123603\/\" \/>\n<meta property=\"og:site_name\" content=\"Primereando\" \/>\n<meta property=\"article:published_time\" content=\"2026-02-09T13:02:51+00:00\" \/>\n<meta property=\"og:image\" content=\"https:\/\/primereando.com.ar\/wp-content\/uploads\/2026\/02\/tren-pasajeros-ferrocarril.jpg\" \/>\n\t<meta property=\"og:image:width\" content=\"1280\" \/>\n\t<meta property=\"og:image:height\" content=\"853\" \/>\n\t<meta property=\"og:image:type\" content=\"image\/jpeg\" \/>\n<meta name=\"author\" content=\"ignacio corsario\" \/>\n<meta name=\"twitter:card\" content=\"summary_large_image\" \/>\n<meta name=\"twitter:label1\" content=\"Escrito por\" \/>\n\t<meta name=\"twitter:data1\" content=\"ignacio corsario\" \/>\n\t<meta name=\"twitter:label2\" content=\"Tiempo de lectura\" \/>\n\t<meta name=\"twitter:data2\" content=\"4 minutos\" \/>\n<script type=\"application\/ld+json\" class=\"yoast-schema-graph\">{\"@context\":\"https:\\\/\\\/schema.org\",\"@graph\":[{\"@type\":\"Article\",\"@id\":\"https:\\\/\\\/primereando.com.ar\\\/index.php\\\/2026\\\/02\\\/09\\\/informe-alerta-sobre-una-degradacion-planificada-de-los-ferrocarriles-de-pasajeros\\\/123603\\\/#article\",\"isPartOf\":{\"@id\":\"https:\\\/\\\/primereando.com.ar\\\/index.php\\\/2026\\\/02\\\/09\\\/informe-alerta-sobre-una-degradacion-planificada-de-los-ferrocarriles-de-pasajeros\\\/123603\\\/\"},\"author\":{\"name\":\"ignacio corsario\",\"@id\":\"https:\\\/\\\/primereando.com.ar\\\/#\\\/schema\\\/person\\\/163ed2710eec4fd8173e5e51bb8b23ee\"},\"headline\":\"Informe alerta sobre una &#8220;degradaci\u00f3n planificada&#8221; de los ferrocarriles de pasajeros\",\"datePublished\":\"2026-02-09T13:02:51+00:00\",\"mainEntityOfPage\":{\"@id\":\"https:\\\/\\\/primereando.com.ar\\\/index.php\\\/2026\\\/02\\\/09\\\/informe-alerta-sobre-una-degradacion-planificada-de-los-ferrocarriles-de-pasajeros\\\/123603\\\/\"},\"wordCount\":694,\"publisher\":{\"@id\":\"https:\\\/\\\/primereando.com.ar\\\/#organization\"},\"image\":{\"@id\":\"https:\\\/\\\/primereando.com.ar\\\/index.php\\\/2026\\\/02\\\/09\\\/informe-alerta-sobre-una-degradacion-planificada-de-los-ferrocarriles-de-pasajeros\\\/123603\\\/#primaryimage\"},\"thumbnailUrl\":\"https:\\\/\\\/primereando.com.ar\\\/wp-content\\\/uploads\\\/2026\\\/02\\\/tren-pasajeros-ferrocarril.jpg\",\"articleSection\":[\"Actualidad\"],\"inLanguage\":\"es-AR\"},{\"@type\":\"WebPage\",\"@id\":\"https:\\\/\\\/primereando.com.ar\\\/index.php\\\/2026\\\/02\\\/09\\\/informe-alerta-sobre-una-degradacion-planificada-de-los-ferrocarriles-de-pasajeros\\\/123603\\\/\",\"url\":\"https:\\\/\\\/primereando.com.ar\\\/index.php\\\/2026\\\/02\\\/09\\\/informe-alerta-sobre-una-degradacion-planificada-de-los-ferrocarriles-de-pasajeros\\\/123603\\\/\",\"name\":\"Informe alerta sobre una \\\"degradaci\u00f3n planificada\\\" de los ferrocarriles de pasajeros - Primereando\",\"isPartOf\":{\"@id\":\"https:\\\/\\\/primereando.com.ar\\\/#website\"},\"primaryImageOfPage\":{\"@id\":\"https:\\\/\\\/primereando.com.ar\\\/index.php\\\/2026\\\/02\\\/09\\\/informe-alerta-sobre-una-degradacion-planificada-de-los-ferrocarriles-de-pasajeros\\\/123603\\\/#primaryimage\"},\"image\":{\"@id\":\"https:\\\/\\\/primereando.com.ar\\\/index.php\\\/2026\\\/02\\\/09\\\/informe-alerta-sobre-una-degradacion-planificada-de-los-ferrocarriles-de-pasajeros\\\/123603\\\/#primaryimage\"},\"thumbnailUrl\":\"https:\\\/\\\/primereando.com.ar\\\/wp-content\\\/uploads\\\/2026\\\/02\\\/tren-pasajeros-ferrocarril.jpg\",\"datePublished\":\"2026-02-09T13:02:51+00:00\",\"breadcrumb\":{\"@id\":\"https:\\\/\\\/primereando.com.ar\\\/index.php\\\/2026\\\/02\\\/09\\\/informe-alerta-sobre-una-degradacion-planificada-de-los-ferrocarriles-de-pasajeros\\\/123603\\\/#breadcrumb\"},\"inLanguage\":\"es-AR\",\"potentialAction\":[{\"@type\":\"ReadAction\",\"target\":[\"https:\\\/\\\/primereando.com.ar\\\/index.php\\\/2026\\\/02\\\/09\\\/informe-alerta-sobre-una-degradacion-planificada-de-los-ferrocarriles-de-pasajeros\\\/123603\\\/\"]}]},{\"@type\":\"ImageObject\",\"inLanguage\":\"es-AR\",\"@id\":\"https:\\\/\\\/primereando.com.ar\\\/index.php\\\/2026\\\/02\\\/09\\\/informe-alerta-sobre-una-degradacion-planificada-de-los-ferrocarriles-de-pasajeros\\\/123603\\\/#primaryimage\",\"url\":\"https:\\\/\\\/primereando.com.ar\\\/wp-content\\\/uploads\\\/2026\\\/02\\\/tren-pasajeros-ferrocarril.jpg\",\"contentUrl\":\"https:\\\/\\\/primereando.com.ar\\\/wp-content\\\/uploads\\\/2026\\\/02\\\/tren-pasajeros-ferrocarril.jpg\",\"width\":1280,\"height\":853},{\"@type\":\"BreadcrumbList\",\"@id\":\"https:\\\/\\\/primereando.com.ar\\\/index.php\\\/2026\\\/02\\\/09\\\/informe-alerta-sobre-una-degradacion-planificada-de-los-ferrocarriles-de-pasajeros\\\/123603\\\/#breadcrumb\",\"itemListElement\":[{\"@type\":\"ListItem\",\"position\":1,\"name\":\"Inicio\",\"item\":\"https:\\\/\\\/primereando.com.ar\\\/\"},{\"@type\":\"ListItem\",\"position\":2,\"name\":\"Informe alerta sobre una &#8220;degradaci\u00f3n planificada&#8221; de los ferrocarriles de pasajeros\"}]},{\"@type\":\"WebSite\",\"@id\":\"https:\\\/\\\/primereando.com.ar\\\/#website\",\"url\":\"https:\\\/\\\/primereando.com.ar\\\/\",\"name\":\"Primereando\",\"description\":\"Portal de noticias de la Provincia de Buenos Aires\",\"publisher\":{\"@id\":\"https:\\\/\\\/primereando.com.ar\\\/#organization\"},\"potentialAction\":[{\"@type\":\"SearchAction\",\"target\":{\"@type\":\"EntryPoint\",\"urlTemplate\":\"https:\\\/\\\/primereando.com.ar\\\/?s={search_term_string}\"},\"query-input\":{\"@type\":\"PropertyValueSpecification\",\"valueRequired\":true,\"valueName\":\"search_term_string\"}}],\"inLanguage\":\"es-AR\"},{\"@type\":\"Organization\",\"@id\":\"https:\\\/\\\/primereando.com.ar\\\/#organization\",\"name\":\"Primereando\",\"url\":\"https:\\\/\\\/primereando.com.ar\\\/\",\"logo\":{\"@type\":\"ImageObject\",\"inLanguage\":\"es-AR\",\"@id\":\"https:\\\/\\\/primereando.com.ar\\\/#\\\/schema\\\/logo\\\/image\\\/\",\"url\":\"https:\\\/\\\/primereando.com.ar\\\/wp-content\\\/uploads\\\/2021\\\/12\\\/primereando-logo.png\",\"contentUrl\":\"https:\\\/\\\/primereando.com.ar\\\/wp-content\\\/uploads\\\/2021\\\/12\\\/primereando-logo.png\",\"width\":360,\"height\":96,\"caption\":\"Primereando\"},\"image\":{\"@id\":\"https:\\\/\\\/primereando.com.ar\\\/#\\\/schema\\\/logo\\\/image\\\/\"}},{\"@type\":\"Person\",\"@id\":\"https:\\\/\\\/primereando.com.ar\\\/#\\\/schema\\\/person\\\/163ed2710eec4fd8173e5e51bb8b23ee\",\"name\":\"ignacio corsario\",\"image\":{\"@type\":\"ImageObject\",\"inLanguage\":\"es-AR\",\"@id\":\"https:\\\/\\\/secure.gravatar.com\\\/avatar\\\/88fd77b01053dd79091962d2e6ed54169fabbaefae7619405afc209b70ff06d2?s=96&d=blank&r=g\",\"url\":\"https:\\\/\\\/secure.gravatar.com\\\/avatar\\\/88fd77b01053dd79091962d2e6ed54169fabbaefae7619405afc209b70ff06d2?s=96&d=blank&r=g\",\"contentUrl\":\"https:\\\/\\\/secure.gravatar.com\\\/avatar\\\/88fd77b01053dd79091962d2e6ed54169fabbaefae7619405afc209b70ff06d2?s=96&d=blank&r=g\",\"caption\":\"ignacio corsario\"},\"url\":\"https:\\\/\\\/primereando.com.ar\\\/index.php\\\/author\\\/ignaciocorsario\\\/\"}]}<\/script>\n<!-- \/ Yoast SEO plugin. -->","yoast_head_json":{"title":"Informe alerta sobre una \"degradaci\u00f3n planificada\" de los ferrocarriles de pasajeros - Primereando","robots":{"index":"index","follow":"follow","max-snippet":"max-snippet:-1","max-image-preview":"max-image-preview:large","max-video-preview":"max-video-preview:-1"},"canonical":"https:\/\/primereando.com.ar\/index.php\/2026\/02\/09\/informe-alerta-sobre-una-degradacion-planificada-de-los-ferrocarriles-de-pasajeros\/123603\/","og_locale":"es_ES","og_type":"article","og_title":"Informe alerta sobre una \"degradaci\u00f3n planificada\" de los ferrocarriles de pasajeros - Primereando","og_description":"Seg\u00fan el relevamiento, Trenes Argentinos pas\u00f3 de operar 22 servicios provinciales en diciembre de 2023 a apenas 10 en la actualidad, una reducci\u00f3n que no responde a un plan de modernizaci\u00f3n ni a criterios t\u00e9cnicos de eficiencia, sino a una pol\u00edtica deliberada de abandono del ferrocarril como servicio p\u00fablico. El sistema ferroviario de pasajeros de [&hellip;]","og_url":"https:\/\/primereando.com.ar\/index.php\/2026\/02\/09\/informe-alerta-sobre-una-degradacion-planificada-de-los-ferrocarriles-de-pasajeros\/123603\/","og_site_name":"Primereando","article_published_time":"2026-02-09T13:02:51+00:00","og_image":[{"width":1280,"height":853,"url":"https:\/\/primereando.com.ar\/wp-content\/uploads\/2026\/02\/tren-pasajeros-ferrocarril.jpg","type":"image\/jpeg"}],"author":"ignacio corsario","twitter_card":"summary_large_image","twitter_misc":{"Escrito por":"ignacio corsario","Tiempo de lectura":"4 minutos"},"schema":{"@context":"https:\/\/schema.org","@graph":[{"@type":"Article","@id":"https:\/\/primereando.com.ar\/index.php\/2026\/02\/09\/informe-alerta-sobre-una-degradacion-planificada-de-los-ferrocarriles-de-pasajeros\/123603\/#article","isPartOf":{"@id":"https:\/\/primereando.com.ar\/index.php\/2026\/02\/09\/informe-alerta-sobre-una-degradacion-planificada-de-los-ferrocarriles-de-pasajeros\/123603\/"},"author":{"name":"ignacio corsario","@id":"https:\/\/primereando.com.ar\/#\/schema\/person\/163ed2710eec4fd8173e5e51bb8b23ee"},"headline":"Informe alerta sobre una &#8220;degradaci\u00f3n planificada&#8221; de los ferrocarriles de pasajeros","datePublished":"2026-02-09T13:02:51+00:00","mainEntityOfPage":{"@id":"https:\/\/primereando.com.ar\/index.php\/2026\/02\/09\/informe-alerta-sobre-una-degradacion-planificada-de-los-ferrocarriles-de-pasajeros\/123603\/"},"wordCount":694,"publisher":{"@id":"https:\/\/primereando.com.ar\/#organization"},"image":{"@id":"https:\/\/primereando.com.ar\/index.php\/2026\/02\/09\/informe-alerta-sobre-una-degradacion-planificada-de-los-ferrocarriles-de-pasajeros\/123603\/#primaryimage"},"thumbnailUrl":"https:\/\/primereando.com.ar\/wp-content\/uploads\/2026\/02\/tren-pasajeros-ferrocarril.jpg","articleSection":["Actualidad"],"inLanguage":"es-AR"},{"@type":"WebPage","@id":"https:\/\/primereando.com.ar\/index.php\/2026\/02\/09\/informe-alerta-sobre-una-degradacion-planificada-de-los-ferrocarriles-de-pasajeros\/123603\/","url":"https:\/\/primereando.com.ar\/index.php\/2026\/02\/09\/informe-alerta-sobre-una-degradacion-planificada-de-los-ferrocarriles-de-pasajeros\/123603\/","name":"Informe alerta sobre una \"degradaci\u00f3n planificada\" de los ferrocarriles de pasajeros - Primereando","isPartOf":{"@id":"https:\/\/primereando.com.ar\/#website"},"primaryImageOfPage":{"@id":"https:\/\/primereando.com.ar\/index.php\/2026\/02\/09\/informe-alerta-sobre-una-degradacion-planificada-de-los-ferrocarriles-de-pasajeros\/123603\/#primaryimage"},"image":{"@id":"https:\/\/primereando.com.ar\/index.php\/2026\/02\/09\/informe-alerta-sobre-una-degradacion-planificada-de-los-ferrocarriles-de-pasajeros\/123603\/#primaryimage"},"thumbnailUrl":"https:\/\/primereando.com.ar\/wp-content\/uploads\/2026\/02\/tren-pasajeros-ferrocarril.jpg","datePublished":"2026-02-09T13:02:51+00:00","breadcrumb":{"@id":"https:\/\/primereando.com.ar\/index.php\/2026\/02\/09\/informe-alerta-sobre-una-degradacion-planificada-de-los-ferrocarriles-de-pasajeros\/123603\/#breadcrumb"},"inLanguage":"es-AR","potentialAction":[{"@type":"ReadAction","target":["https:\/\/primereando.com.ar\/index.php\/2026\/02\/09\/informe-alerta-sobre-una-degradacion-planificada-de-los-ferrocarriles-de-pasajeros\/123603\/"]}]},{"@type":"ImageObject","inLanguage":"es-AR","@id":"https:\/\/primereando.com.ar\/index.php\/2026\/02\/09\/informe-alerta-sobre-una-degradacion-planificada-de-los-ferrocarriles-de-pasajeros\/123603\/#primaryimage","url":"https:\/\/primereando.com.ar\/wp-content\/uploads\/2026\/02\/tren-pasajeros-ferrocarril.jpg","contentUrl":"https:\/\/primereando.com.ar\/wp-content\/uploads\/2026\/02\/tren-pasajeros-ferrocarril.jpg","width":1280,"height":853},{"@type":"BreadcrumbList","@id":"https:\/\/primereando.com.ar\/index.php\/2026\/02\/09\/informe-alerta-sobre-una-degradacion-planificada-de-los-ferrocarriles-de-pasajeros\/123603\/#breadcrumb","itemListElement":[{"@type":"ListItem","position":1,"name":"Inicio","item":"https:\/\/primereando.com.ar\/"},{"@type":"ListItem","position":2,"name":"Informe alerta sobre una &#8220;degradaci\u00f3n planificada&#8221; de los ferrocarriles de pasajeros"}]},{"@type":"WebSite","@id":"https:\/\/primereando.com.ar\/#website","url":"https:\/\/primereando.com.ar\/","name":"Primereando","description":"Portal de noticias de la Provincia de Buenos Aires","publisher":{"@id":"https:\/\/primereando.com.ar\/#organization"},"potentialAction":[{"@type":"SearchAction","target":{"@type":"EntryPoint","urlTemplate":"https:\/\/primereando.com.ar\/?s={search_term_string}"},"query-input":{"@type":"PropertyValueSpecification","valueRequired":true,"valueName":"search_term_string"}}],"inLanguage":"es-AR"},{"@type":"Organization","@id":"https:\/\/primereando.com.ar\/#organization","name":"Primereando","url":"https:\/\/primereando.com.ar\/","logo":{"@type":"ImageObject","inLanguage":"es-AR","@id":"https:\/\/primereando.com.ar\/#\/schema\/logo\/image\/","url":"https:\/\/primereando.com.ar\/wp-content\/uploads\/2021\/12\/primereando-logo.png","contentUrl":"https:\/\/primereando.com.ar\/wp-content\/uploads\/2021\/12\/primereando-logo.png","width":360,"height":96,"caption":"Primereando"},"image":{"@id":"https:\/\/primereando.com.ar\/#\/schema\/logo\/image\/"}},{"@type":"Person","@id":"https:\/\/primereando.com.ar\/#\/schema\/person\/163ed2710eec4fd8173e5e51bb8b23ee","name":"ignacio corsario","image":{"@type":"ImageObject","inLanguage":"es-AR","@id":"https:\/\/secure.gravatar.com\/avatar\/88fd77b01053dd79091962d2e6ed54169fabbaefae7619405afc209b70ff06d2?s=96&d=blank&r=g","url":"https:\/\/secure.gravatar.com\/avatar\/88fd77b01053dd79091962d2e6ed54169fabbaefae7619405afc209b70ff06d2?s=96&d=blank&r=g","contentUrl":"https:\/\/secure.gravatar.com\/avatar\/88fd77b01053dd79091962d2e6ed54169fabbaefae7619405afc209b70ff06d2?s=96&d=blank&r=g","caption":"ignacio corsario"},"url":"https:\/\/primereando.com.ar\/index.php\/author\/ignaciocorsario\/"}]}},"_links":{"self":[{"href":"https:\/\/primereando.com.ar\/index.php\/wp-json\/wp\/v2\/posts\/123603","targetHints":{"allow":["GET"]}}],"collection":[{"href":"https:\/\/primereando.com.ar\/index.php\/wp-json\/wp\/v2\/posts"}],"about":[{"href":"https:\/\/primereando.com.ar\/index.php\/wp-json\/wp\/v2\/types\/post"}],"author":[{"embeddable":true,"href":"https:\/\/primereando.com.ar\/index.php\/wp-json\/wp\/v2\/users\/8"}],"replies":[{"embeddable":true,"href":"https:\/\/primereando.com.ar\/index.php\/wp-json\/wp\/v2\/comments?post=123603"}],"version-history":[{"count":1,"href":"https:\/\/primereando.com.ar\/index.php\/wp-json\/wp\/v2\/posts\/123603\/revisions"}],"predecessor-version":[{"id":123605,"href":"https:\/\/primereando.com.ar\/index.php\/wp-json\/wp\/v2\/posts\/123603\/revisions\/123605"}],"wp:featuredmedia":[{"embeddable":true,"href":"https:\/\/primereando.com.ar\/index.php\/wp-json\/wp\/v2\/media\/123604"}],"wp:attachment":[{"href":"https:\/\/primereando.com.ar\/index.php\/wp-json\/wp\/v2\/media?parent=123603"}],"wp:term":[{"taxonomy":"category","embeddable":true,"href":"https:\/\/primereando.com.ar\/index.php\/wp-json\/wp\/v2\/categories?post=123603"},{"taxonomy":"post_tag","embeddable":true,"href":"https:\/\/primereando.com.ar\/index.php\/wp-json\/wp\/v2\/tags?post=123603"}],"curies":[{"name":"wp","href":"https:\/\/api.w.org\/{rel}","templated":true}]}}