{"id":123836,"date":"2026-02-26T08:54:06","date_gmt":"2026-02-26T11:54:06","guid":{"rendered":"https:\/\/primereando.com.ar\/?p=123836"},"modified":"2026-02-26T08:54:07","modified_gmt":"2026-02-26T11:54:07","slug":"la-crisis-industrial-golpea-con-fuerza-en-santa-fe-292-fabricas-cerradas-y-7-700-empleos-perdidos","status":"publish","type":"post","link":"https:\/\/primereando.com.ar\/index.php\/2026\/02\/26\/la-crisis-industrial-golpea-con-fuerza-en-santa-fe-292-fabricas-cerradas-y-7-700-empleos-perdidos\/123836\/","title":{"rendered":"La crisis industrial golpea con fuerza en Santa Fe: 292 f\u00e1bricas cerradas y 7.700 empleos perdidos"},"content":{"rendered":"\n<h2 class=\"wp-block-heading\">Los industriales santafecinos aseguran que las alarmas \u201cpasaron de amarillo a rojo\u201d en los \u00faltimos meses, en medio de un combo que combina tasas de inter\u00e9s elevadas, apreciaci\u00f3n cambiaria que abarata importaciones y un mercado interno debilitado por la ca\u00edda del poder adquisitivo.<\/h2>\n\n\n\n<p class=\"wp-block-paragraph\">La crisis industrial en Santa Fe suma nuevos indicadores que confirman el paso de una situaci\u00f3n de alerta a un escenario cr\u00edtico. Los industriales aseguran que <strong>las alarmas \u201cpasaron de amarillo a rojo\u201d en los \u00faltimos meses<\/strong>, en medio de un combo que combina tasas de inter\u00e9s elevadas, <strong>apreciaci\u00f3n cambiaria que abarata importaciones y un mercado interno debilitado por la ca\u00edda del poder adquisitivo.<\/strong><\/p>\n\n\n\n<p class=\"wp-block-paragraph\">Seg\u00fan el \u00faltimo informe de la <strong>Federaci\u00f3n Industrial de Santa Fe (FISFE),<\/strong> en diciembre de 2025 la actividad manufacturera provincial registr\u00f3 una ca\u00edda interanual del 9,8%, con m\u00e1s de dos tercios de las ramas mostrando bajas en su producci\u00f3n. El retroceso no es coyuntural: <strong>entre diciembre de 2023 y octubre de 2025 se perdieron 292 industrias y m\u00e1s de 7.700 puestos de trabajo industriales en la provincia<\/strong>, lo que representa una contracci\u00f3n del 4,9% en el entramado empresarial y del 5,6% en el empleo sectorial.<\/p>\n\n\n\n<p class=\"wp-block-paragraph\"><strong>El deterioro impacta en un territorio hist\u00f3ricamente industrializado<\/strong> y fuertemente vinculado a la producci\u00f3n metalmec\u00e1nica, textil, pl\u00e1stica y papelera, rubros que hoy aparecen entre los m\u00e1s afectados por la competencia importada. <strong>Desde la asunci\u00f3n de Javier Milei, el sector denuncia un cambio en las condiciones macroecon\u00f3micas que tensiona al m\u00e1ximo la estructura productiva local.<\/strong><\/p>\n\n\n\n<p class=\"wp-block-paragraph\">En este contexto, la FISFE remarc\u00f3 <strong>\u201cla urgente necesidad de implementar una pol\u00edtica industrial a nivel nacional\u201d<\/strong> que promueva una inserci\u00f3n inteligente en los mercados globales, <strong>proteja a los sectores transables de la competencia desleal<\/strong> y corrija los principales factores de p\u00e9rdida de competitividad: costos log\u00edsticos, financiamiento productivo, presi\u00f3n impositiva y costos laborales no salariales, adem\u00e1s de impulsar la recuperaci\u00f3n del mercado interno.<\/p>\n\n\n\n<p class=\"wp-block-paragraph\">Javier Mart\u00edn, presidente de la entidad, advirti\u00f3 en di\u00e1logo con PERFIL que <strong>la industria santafesina enfrenta \u201cun mercado interno que no reacciona; las cadenas de pago se estresan, muchas empresas est\u00e1n endeudadas y tienen que bajar su producci\u00f3n o cerrar\u201d<\/strong>. Si bien se\u00f1al\u00f3 que no hubo grandes conflictos laborales porque los despidos se realizaron con indemnizaciones conforme a convenio, <strong>alert\u00f3 que el empleo industrial es dif\u00edcil de recomponer: \u201cPor cada puesto directo hay tres indirectos vinculados a servicios como catering, limpieza o seguridad\u201d.<\/strong><\/p>\n\n\n\n<p class=\"wp-block-paragraph\">Las perspectivas tampoco son alentadoras.<strong> \u201cEnero pinta mal y la mayor\u00eda de las regionales nos dio un panorama muy sombr\u00edo por lo que va de febrero\u201d,<\/strong> sostuvo Mart\u00edn al proyectar el inicio de 2026.<\/p>\n\n\n\n<p class=\"wp-block-paragraph\">Uno de los focos m\u00e1s cr\u00edticos es<strong> la cadena de pagos<\/strong>. El informe de la FISFE se\u00f1ala que en diciembre la cantidad de cheques rechazados por falta de fondos creci\u00f3 un 205% interanual, mientras que el monto nominal involucrado se dispar\u00f3 un 311%. <strong>Adem\u00e1s, el 23,7% de las empresas industriales considera que su situaci\u00f3n financiera actual es mala.<\/strong><\/p>\n\n\n\n<p class=\"wp-block-paragraph\">Con empresas que cierran, producci\u00f3n en retroceso y un sistema financiero cada vez m\u00e1s tensionado, la crisis industrial golpea con fuerza a Santa Fe y profundiza el deterioro de uno de los principales motores productivos del pa\u00eds.<\/p>\n","protected":false},"excerpt":{"rendered":"<p>Los industriales santafecinos aseguran que las alarmas \u201cpasaron de amarillo a rojo\u201d en los \u00faltimos meses, en medio de un combo que combina tasas de inter\u00e9s elevadas, apreciaci\u00f3n cambiaria que abarata importaciones y un mercado interno debilitado por la ca\u00edda del poder adquisitivo. La crisis industrial en Santa Fe suma nuevos indicadores que confirman el [&hellip;]<\/p>\n","protected":false},"author":8,"featured_media":122533,"comment_status":"closed","ping_status":"closed","sticky":false,"template":"","format":"standard","meta":{"footnotes":""},"categories":[5],"tags":[],"class_list":["post-123836","post","type-post","status-publish","format-standard","has-post-thumbnail","hentry","category-actualidad"],"yoast_head":"<!-- This site is optimized with the Yoast SEO plugin v28.4 - https:\/\/yoast.com\/product\/yoast-seo-wordpress\/ -->\n<title>La crisis industrial golpea con fuerza en Santa Fe: 292 f\u00e1bricas cerradas y 7.700 empleos perdidos - Primereando<\/title>\n<meta name=\"robots\" content=\"index, follow, max-snippet:-1, max-image-preview:large, max-video-preview:-1\" \/>\n<link rel=\"canonical\" href=\"https:\/\/primereando.com.ar\/index.php\/2026\/02\/26\/la-crisis-industrial-golpea-con-fuerza-en-santa-fe-292-fabricas-cerradas-y-7-700-empleos-perdidos\/123836\/\" \/>\n<meta property=\"og:locale\" content=\"es_ES\" \/>\n<meta property=\"og:type\" content=\"article\" \/>\n<meta property=\"og:title\" content=\"La crisis industrial golpea con fuerza en Santa Fe: 292 f\u00e1bricas cerradas y 7.700 empleos perdidos - Primereando\" \/>\n<meta property=\"og:description\" content=\"Los industriales santafecinos aseguran que las alarmas \u201cpasaron de amarillo a rojo\u201d en los \u00faltimos meses, en medio de un combo que combina tasas de inter\u00e9s elevadas, apreciaci\u00f3n cambiaria que abarata importaciones y un mercado interno debilitado por la ca\u00edda del poder adquisitivo. La crisis industrial en Santa Fe suma nuevos indicadores que confirman el [&hellip;]\" \/>\n<meta property=\"og:url\" content=\"https:\/\/primereando.com.ar\/index.php\/2026\/02\/26\/la-crisis-industrial-golpea-con-fuerza-en-santa-fe-292-fabricas-cerradas-y-7-700-empleos-perdidos\/123836\/\" \/>\n<meta property=\"og:site_name\" content=\"Primereando\" \/>\n<meta property=\"article:published_time\" content=\"2026-02-26T11:54:06+00:00\" \/>\n<meta property=\"article:modified_time\" content=\"2026-02-26T11:54:07+00:00\" \/>\n<meta property=\"og:image\" content=\"https:\/\/primereando.com.ar\/wp-content\/uploads\/2025\/11\/industria-construccion-empleo-pyme.webp\" \/>\n\t<meta property=\"og:image:width\" content=\"730\" \/>\n\t<meta property=\"og:image:height\" content=\"410\" \/>\n\t<meta property=\"og:image:type\" content=\"image\/webp\" \/>\n<meta name=\"author\" content=\"ignacio corsario\" \/>\n<meta name=\"twitter:card\" content=\"summary_large_image\" \/>\n<meta name=\"twitter:label1\" content=\"Escrito por\" \/>\n\t<meta name=\"twitter:data1\" content=\"ignacio corsario\" \/>\n\t<meta name=\"twitter:label2\" content=\"Tiempo de lectura\" \/>\n\t<meta name=\"twitter:data2\" content=\"3 minutos\" \/>\n<script type=\"application\/ld+json\" class=\"yoast-schema-graph\">{\"@context\":\"https:\\\/\\\/schema.org\",\"@graph\":[{\"@type\":\"Article\",\"@id\":\"https:\\\/\\\/primereando.com.ar\\\/index.php\\\/2026\\\/02\\\/26\\\/la-crisis-industrial-golpea-con-fuerza-en-santa-fe-292-fabricas-cerradas-y-7-700-empleos-perdidos\\\/123836\\\/#article\",\"isPartOf\":{\"@id\":\"https:\\\/\\\/primereando.com.ar\\\/index.php\\\/2026\\\/02\\\/26\\\/la-crisis-industrial-golpea-con-fuerza-en-santa-fe-292-fabricas-cerradas-y-7-700-empleos-perdidos\\\/123836\\\/\"},\"author\":{\"name\":\"ignacio corsario\",\"@id\":\"https:\\\/\\\/primereando.com.ar\\\/#\\\/schema\\\/person\\\/163ed2710eec4fd8173e5e51bb8b23ee\"},\"headline\":\"La crisis industrial golpea con fuerza en Santa Fe: 292 f\u00e1bricas cerradas y 7.700 empleos perdidos\",\"datePublished\":\"2026-02-26T11:54:06+00:00\",\"dateModified\":\"2026-02-26T11:54:07+00:00\",\"mainEntityOfPage\":{\"@id\":\"https:\\\/\\\/primereando.com.ar\\\/index.php\\\/2026\\\/02\\\/26\\\/la-crisis-industrial-golpea-con-fuerza-en-santa-fe-292-fabricas-cerradas-y-7-700-empleos-perdidos\\\/123836\\\/\"},\"wordCount\":571,\"publisher\":{\"@id\":\"https:\\\/\\\/primereando.com.ar\\\/#organization\"},\"image\":{\"@id\":\"https:\\\/\\\/primereando.com.ar\\\/index.php\\\/2026\\\/02\\\/26\\\/la-crisis-industrial-golpea-con-fuerza-en-santa-fe-292-fabricas-cerradas-y-7-700-empleos-perdidos\\\/123836\\\/#primaryimage\"},\"thumbnailUrl\":\"https:\\\/\\\/primereando.com.ar\\\/wp-content\\\/uploads\\\/2025\\\/11\\\/industria-construccion-empleo-pyme.webp\",\"articleSection\":[\"Actualidad\"],\"inLanguage\":\"es-AR\"},{\"@type\":\"WebPage\",\"@id\":\"https:\\\/\\\/primereando.com.ar\\\/index.php\\\/2026\\\/02\\\/26\\\/la-crisis-industrial-golpea-con-fuerza-en-santa-fe-292-fabricas-cerradas-y-7-700-empleos-perdidos\\\/123836\\\/\",\"url\":\"https:\\\/\\\/primereando.com.ar\\\/index.php\\\/2026\\\/02\\\/26\\\/la-crisis-industrial-golpea-con-fuerza-en-santa-fe-292-fabricas-cerradas-y-7-700-empleos-perdidos\\\/123836\\\/\",\"name\":\"La crisis industrial golpea con fuerza en Santa Fe: 292 f\u00e1bricas cerradas y 7.700 empleos perdidos - Primereando\",\"isPartOf\":{\"@id\":\"https:\\\/\\\/primereando.com.ar\\\/#website\"},\"primaryImageOfPage\":{\"@id\":\"https:\\\/\\\/primereando.com.ar\\\/index.php\\\/2026\\\/02\\\/26\\\/la-crisis-industrial-golpea-con-fuerza-en-santa-fe-292-fabricas-cerradas-y-7-700-empleos-perdidos\\\/123836\\\/#primaryimage\"},\"image\":{\"@id\":\"https:\\\/\\\/primereando.com.ar\\\/index.php\\\/2026\\\/02\\\/26\\\/la-crisis-industrial-golpea-con-fuerza-en-santa-fe-292-fabricas-cerradas-y-7-700-empleos-perdidos\\\/123836\\\/#primaryimage\"},\"thumbnailUrl\":\"https:\\\/\\\/primereando.com.ar\\\/wp-content\\\/uploads\\\/2025\\\/11\\\/industria-construccion-empleo-pyme.webp\",\"datePublished\":\"2026-02-26T11:54:06+00:00\",\"dateModified\":\"2026-02-26T11:54:07+00:00\",\"breadcrumb\":{\"@id\":\"https:\\\/\\\/primereando.com.ar\\\/index.php\\\/2026\\\/02\\\/26\\\/la-crisis-industrial-golpea-con-fuerza-en-santa-fe-292-fabricas-cerradas-y-7-700-empleos-perdidos\\\/123836\\\/#breadcrumb\"},\"inLanguage\":\"es-AR\",\"potentialAction\":[{\"@type\":\"ReadAction\",\"target\":[\"https:\\\/\\\/primereando.com.ar\\\/index.php\\\/2026\\\/02\\\/26\\\/la-crisis-industrial-golpea-con-fuerza-en-santa-fe-292-fabricas-cerradas-y-7-700-empleos-perdidos\\\/123836\\\/\"]}]},{\"@type\":\"ImageObject\",\"inLanguage\":\"es-AR\",\"@id\":\"https:\\\/\\\/primereando.com.ar\\\/index.php\\\/2026\\\/02\\\/26\\\/la-crisis-industrial-golpea-con-fuerza-en-santa-fe-292-fabricas-cerradas-y-7-700-empleos-perdidos\\\/123836\\\/#primaryimage\",\"url\":\"https:\\\/\\\/primereando.com.ar\\\/wp-content\\\/uploads\\\/2025\\\/11\\\/industria-construccion-empleo-pyme.webp\",\"contentUrl\":\"https:\\\/\\\/primereando.com.ar\\\/wp-content\\\/uploads\\\/2025\\\/11\\\/industria-construccion-empleo-pyme.webp\",\"width\":730,\"height\":410},{\"@type\":\"BreadcrumbList\",\"@id\":\"https:\\\/\\\/primereando.com.ar\\\/index.php\\\/2026\\\/02\\\/26\\\/la-crisis-industrial-golpea-con-fuerza-en-santa-fe-292-fabricas-cerradas-y-7-700-empleos-perdidos\\\/123836\\\/#breadcrumb\",\"itemListElement\":[{\"@type\":\"ListItem\",\"position\":1,\"name\":\"Inicio\",\"item\":\"https:\\\/\\\/primereando.com.ar\\\/\"},{\"@type\":\"ListItem\",\"position\":2,\"name\":\"La crisis industrial golpea con fuerza en Santa Fe: 292 f\u00e1bricas cerradas y 7.700 empleos perdidos\"}]},{\"@type\":\"WebSite\",\"@id\":\"https:\\\/\\\/primereando.com.ar\\\/#website\",\"url\":\"https:\\\/\\\/primereando.com.ar\\\/\",\"name\":\"Primereando\",\"description\":\"Portal de noticias de la Provincia de Buenos Aires\",\"publisher\":{\"@id\":\"https:\\\/\\\/primereando.com.ar\\\/#organization\"},\"potentialAction\":[{\"@type\":\"SearchAction\",\"target\":{\"@type\":\"EntryPoint\",\"urlTemplate\":\"https:\\\/\\\/primereando.com.ar\\\/?s={search_term_string}\"},\"query-input\":{\"@type\":\"PropertyValueSpecification\",\"valueRequired\":true,\"valueName\":\"search_term_string\"}}],\"inLanguage\":\"es-AR\"},{\"@type\":\"Organization\",\"@id\":\"https:\\\/\\\/primereando.com.ar\\\/#organization\",\"name\":\"Primereando\",\"url\":\"https:\\\/\\\/primereando.com.ar\\\/\",\"logo\":{\"@type\":\"ImageObject\",\"inLanguage\":\"es-AR\",\"@id\":\"https:\\\/\\\/primereando.com.ar\\\/#\\\/schema\\\/logo\\\/image\\\/\",\"url\":\"https:\\\/\\\/primereando.com.ar\\\/wp-content\\\/uploads\\\/2021\\\/12\\\/primereando-logo.png\",\"contentUrl\":\"https:\\\/\\\/primereando.com.ar\\\/wp-content\\\/uploads\\\/2021\\\/12\\\/primereando-logo.png\",\"width\":360,\"height\":96,\"caption\":\"Primereando\"},\"image\":{\"@id\":\"https:\\\/\\\/primereando.com.ar\\\/#\\\/schema\\\/logo\\\/image\\\/\"}},{\"@type\":\"Person\",\"@id\":\"https:\\\/\\\/primereando.com.ar\\\/#\\\/schema\\\/person\\\/163ed2710eec4fd8173e5e51bb8b23ee\",\"name\":\"ignacio corsario\",\"image\":{\"@type\":\"ImageObject\",\"inLanguage\":\"es-AR\",\"@id\":\"https:\\\/\\\/secure.gravatar.com\\\/avatar\\\/88fd77b01053dd79091962d2e6ed54169fabbaefae7619405afc209b70ff06d2?s=96&d=blank&r=g\",\"url\":\"https:\\\/\\\/secure.gravatar.com\\\/avatar\\\/88fd77b01053dd79091962d2e6ed54169fabbaefae7619405afc209b70ff06d2?s=96&d=blank&r=g\",\"contentUrl\":\"https:\\\/\\\/secure.gravatar.com\\\/avatar\\\/88fd77b01053dd79091962d2e6ed54169fabbaefae7619405afc209b70ff06d2?s=96&d=blank&r=g\",\"caption\":\"ignacio corsario\"},\"url\":\"https:\\\/\\\/primereando.com.ar\\\/index.php\\\/author\\\/ignaciocorsario\\\/\"}]}<\/script>\n<!-- \/ Yoast SEO plugin. -->","yoast_head_json":{"title":"La crisis industrial golpea con fuerza en Santa Fe: 292 f\u00e1bricas cerradas y 7.700 empleos perdidos - Primereando","robots":{"index":"index","follow":"follow","max-snippet":"max-snippet:-1","max-image-preview":"max-image-preview:large","max-video-preview":"max-video-preview:-1"},"canonical":"https:\/\/primereando.com.ar\/index.php\/2026\/02\/26\/la-crisis-industrial-golpea-con-fuerza-en-santa-fe-292-fabricas-cerradas-y-7-700-empleos-perdidos\/123836\/","og_locale":"es_ES","og_type":"article","og_title":"La crisis industrial golpea con fuerza en Santa Fe: 292 f\u00e1bricas cerradas y 7.700 empleos perdidos - Primereando","og_description":"Los industriales santafecinos aseguran que las alarmas \u201cpasaron de amarillo a rojo\u201d en los \u00faltimos meses, en medio de un combo que combina tasas de inter\u00e9s elevadas, apreciaci\u00f3n cambiaria que abarata importaciones y un mercado interno debilitado por la ca\u00edda del poder adquisitivo. La crisis industrial en Santa Fe suma nuevos indicadores que confirman el [&hellip;]","og_url":"https:\/\/primereando.com.ar\/index.php\/2026\/02\/26\/la-crisis-industrial-golpea-con-fuerza-en-santa-fe-292-fabricas-cerradas-y-7-700-empleos-perdidos\/123836\/","og_site_name":"Primereando","article_published_time":"2026-02-26T11:54:06+00:00","article_modified_time":"2026-02-26T11:54:07+00:00","og_image":[{"width":730,"height":410,"url":"https:\/\/primereando.com.ar\/wp-content\/uploads\/2025\/11\/industria-construccion-empleo-pyme.webp","type":"image\/webp"}],"author":"ignacio corsario","twitter_card":"summary_large_image","twitter_misc":{"Escrito por":"ignacio corsario","Tiempo de lectura":"3 minutos"},"schema":{"@context":"https:\/\/schema.org","@graph":[{"@type":"Article","@id":"https:\/\/primereando.com.ar\/index.php\/2026\/02\/26\/la-crisis-industrial-golpea-con-fuerza-en-santa-fe-292-fabricas-cerradas-y-7-700-empleos-perdidos\/123836\/#article","isPartOf":{"@id":"https:\/\/primereando.com.ar\/index.php\/2026\/02\/26\/la-crisis-industrial-golpea-con-fuerza-en-santa-fe-292-fabricas-cerradas-y-7-700-empleos-perdidos\/123836\/"},"author":{"name":"ignacio corsario","@id":"https:\/\/primereando.com.ar\/#\/schema\/person\/163ed2710eec4fd8173e5e51bb8b23ee"},"headline":"La crisis industrial golpea con fuerza en Santa Fe: 292 f\u00e1bricas cerradas y 7.700 empleos perdidos","datePublished":"2026-02-26T11:54:06+00:00","dateModified":"2026-02-26T11:54:07+00:00","mainEntityOfPage":{"@id":"https:\/\/primereando.com.ar\/index.php\/2026\/02\/26\/la-crisis-industrial-golpea-con-fuerza-en-santa-fe-292-fabricas-cerradas-y-7-700-empleos-perdidos\/123836\/"},"wordCount":571,"publisher":{"@id":"https:\/\/primereando.com.ar\/#organization"},"image":{"@id":"https:\/\/primereando.com.ar\/index.php\/2026\/02\/26\/la-crisis-industrial-golpea-con-fuerza-en-santa-fe-292-fabricas-cerradas-y-7-700-empleos-perdidos\/123836\/#primaryimage"},"thumbnailUrl":"https:\/\/primereando.com.ar\/wp-content\/uploads\/2025\/11\/industria-construccion-empleo-pyme.webp","articleSection":["Actualidad"],"inLanguage":"es-AR"},{"@type":"WebPage","@id":"https:\/\/primereando.com.ar\/index.php\/2026\/02\/26\/la-crisis-industrial-golpea-con-fuerza-en-santa-fe-292-fabricas-cerradas-y-7-700-empleos-perdidos\/123836\/","url":"https:\/\/primereando.com.ar\/index.php\/2026\/02\/26\/la-crisis-industrial-golpea-con-fuerza-en-santa-fe-292-fabricas-cerradas-y-7-700-empleos-perdidos\/123836\/","name":"La crisis industrial golpea con fuerza en Santa Fe: 292 f\u00e1bricas cerradas y 7.700 empleos perdidos - Primereando","isPartOf":{"@id":"https:\/\/primereando.com.ar\/#website"},"primaryImageOfPage":{"@id":"https:\/\/primereando.com.ar\/index.php\/2026\/02\/26\/la-crisis-industrial-golpea-con-fuerza-en-santa-fe-292-fabricas-cerradas-y-7-700-empleos-perdidos\/123836\/#primaryimage"},"image":{"@id":"https:\/\/primereando.com.ar\/index.php\/2026\/02\/26\/la-crisis-industrial-golpea-con-fuerza-en-santa-fe-292-fabricas-cerradas-y-7-700-empleos-perdidos\/123836\/#primaryimage"},"thumbnailUrl":"https:\/\/primereando.com.ar\/wp-content\/uploads\/2025\/11\/industria-construccion-empleo-pyme.webp","datePublished":"2026-02-26T11:54:06+00:00","dateModified":"2026-02-26T11:54:07+00:00","breadcrumb":{"@id":"https:\/\/primereando.com.ar\/index.php\/2026\/02\/26\/la-crisis-industrial-golpea-con-fuerza-en-santa-fe-292-fabricas-cerradas-y-7-700-empleos-perdidos\/123836\/#breadcrumb"},"inLanguage":"es-AR","potentialAction":[{"@type":"ReadAction","target":["https:\/\/primereando.com.ar\/index.php\/2026\/02\/26\/la-crisis-industrial-golpea-con-fuerza-en-santa-fe-292-fabricas-cerradas-y-7-700-empleos-perdidos\/123836\/"]}]},{"@type":"ImageObject","inLanguage":"es-AR","@id":"https:\/\/primereando.com.ar\/index.php\/2026\/02\/26\/la-crisis-industrial-golpea-con-fuerza-en-santa-fe-292-fabricas-cerradas-y-7-700-empleos-perdidos\/123836\/#primaryimage","url":"https:\/\/primereando.com.ar\/wp-content\/uploads\/2025\/11\/industria-construccion-empleo-pyme.webp","contentUrl":"https:\/\/primereando.com.ar\/wp-content\/uploads\/2025\/11\/industria-construccion-empleo-pyme.webp","width":730,"height":410},{"@type":"BreadcrumbList","@id":"https:\/\/primereando.com.ar\/index.php\/2026\/02\/26\/la-crisis-industrial-golpea-con-fuerza-en-santa-fe-292-fabricas-cerradas-y-7-700-empleos-perdidos\/123836\/#breadcrumb","itemListElement":[{"@type":"ListItem","position":1,"name":"Inicio","item":"https:\/\/primereando.com.ar\/"},{"@type":"ListItem","position":2,"name":"La crisis industrial golpea con fuerza en Santa Fe: 292 f\u00e1bricas cerradas y 7.700 empleos perdidos"}]},{"@type":"WebSite","@id":"https:\/\/primereando.com.ar\/#website","url":"https:\/\/primereando.com.ar\/","name":"Primereando","description":"Portal de noticias de la Provincia de Buenos Aires","publisher":{"@id":"https:\/\/primereando.com.ar\/#organization"},"potentialAction":[{"@type":"SearchAction","target":{"@type":"EntryPoint","urlTemplate":"https:\/\/primereando.com.ar\/?s={search_term_string}"},"query-input":{"@type":"PropertyValueSpecification","valueRequired":true,"valueName":"search_term_string"}}],"inLanguage":"es-AR"},{"@type":"Organization","@id":"https:\/\/primereando.com.ar\/#organization","name":"Primereando","url":"https:\/\/primereando.com.ar\/","logo":{"@type":"ImageObject","inLanguage":"es-AR","@id":"https:\/\/primereando.com.ar\/#\/schema\/logo\/image\/","url":"https:\/\/primereando.com.ar\/wp-content\/uploads\/2021\/12\/primereando-logo.png","contentUrl":"https:\/\/primereando.com.ar\/wp-content\/uploads\/2021\/12\/primereando-logo.png","width":360,"height":96,"caption":"Primereando"},"image":{"@id":"https:\/\/primereando.com.ar\/#\/schema\/logo\/image\/"}},{"@type":"Person","@id":"https:\/\/primereando.com.ar\/#\/schema\/person\/163ed2710eec4fd8173e5e51bb8b23ee","name":"ignacio corsario","image":{"@type":"ImageObject","inLanguage":"es-AR","@id":"https:\/\/secure.gravatar.com\/avatar\/88fd77b01053dd79091962d2e6ed54169fabbaefae7619405afc209b70ff06d2?s=96&d=blank&r=g","url":"https:\/\/secure.gravatar.com\/avatar\/88fd77b01053dd79091962d2e6ed54169fabbaefae7619405afc209b70ff06d2?s=96&d=blank&r=g","contentUrl":"https:\/\/secure.gravatar.com\/avatar\/88fd77b01053dd79091962d2e6ed54169fabbaefae7619405afc209b70ff06d2?s=96&d=blank&r=g","caption":"ignacio corsario"},"url":"https:\/\/primereando.com.ar\/index.php\/author\/ignaciocorsario\/"}]}},"_links":{"self":[{"href":"https:\/\/primereando.com.ar\/index.php\/wp-json\/wp\/v2\/posts\/123836","targetHints":{"allow":["GET"]}}],"collection":[{"href":"https:\/\/primereando.com.ar\/index.php\/wp-json\/wp\/v2\/posts"}],"about":[{"href":"https:\/\/primereando.com.ar\/index.php\/wp-json\/wp\/v2\/types\/post"}],"author":[{"embeddable":true,"href":"https:\/\/primereando.com.ar\/index.php\/wp-json\/wp\/v2\/users\/8"}],"replies":[{"embeddable":true,"href":"https:\/\/primereando.com.ar\/index.php\/wp-json\/wp\/v2\/comments?post=123836"}],"version-history":[{"count":1,"href":"https:\/\/primereando.com.ar\/index.php\/wp-json\/wp\/v2\/posts\/123836\/revisions"}],"predecessor-version":[{"id":123840,"href":"https:\/\/primereando.com.ar\/index.php\/wp-json\/wp\/v2\/posts\/123836\/revisions\/123840"}],"wp:featuredmedia":[{"embeddable":true,"href":"https:\/\/primereando.com.ar\/index.php\/wp-json\/wp\/v2\/media\/122533"}],"wp:attachment":[{"href":"https:\/\/primereando.com.ar\/index.php\/wp-json\/wp\/v2\/media?parent=123836"}],"wp:term":[{"taxonomy":"category","embeddable":true,"href":"https:\/\/primereando.com.ar\/index.php\/wp-json\/wp\/v2\/categories?post=123836"},{"taxonomy":"post_tag","embeddable":true,"href":"https:\/\/primereando.com.ar\/index.php\/wp-json\/wp\/v2\/tags?post=123836"}],"curies":[{"name":"wp","href":"https:\/\/api.w.org\/{rel}","templated":true}]}}