{"id":123867,"date":"2026-02-27T09:55:49","date_gmt":"2026-02-27T12:55:49","guid":{"rendered":"https:\/\/primereando.com.ar\/?p=123867"},"modified":"2026-02-27T09:55:49","modified_gmt":"2026-02-27T12:55:49","slug":"marzo-llega-con-una-lluvia-de-aumentos-en-transportes-alquileres-y-servicios","status":"publish","type":"post","link":"https:\/\/primereando.com.ar\/index.php\/2026\/02\/27\/marzo-llega-con-una-lluvia-de-aumentos-en-transportes-alquileres-y-servicios\/123867\/","title":{"rendered":"Marzo llega con una lluvia de aumentos en transportes, alquileres y servicios"},"content":{"rendered":"\n<h2 class=\"wp-block-heading\">Transporte p\u00fablico, alquileres, medicina prepaga, luz y agua subir\u00e1n en simult\u00e1neo, configurando un escenario de fuerte presi\u00f3n sobre los ingresos en un contexto en el que la inflaci\u00f3n mensual ronda el 2%\u20133%, seg\u00fan el Relevamiento de Expectativas de Mercado (REM) del Banco Central.<\/h2>\n\n\n\n<p class=\"wp-block-paragraph\">Lejos de tratarse de ajustes aislados,<strong> se trata de subas acumulativas que se suman a los incrementos ya aplicados en los primeros meses del a\u00f1o y que afectan rubros esenciales de la vida cotidiana.<\/strong><\/p>\n\n\n\n<h3 class=\"wp-block-heading has-medium-font-size\">Transporte p\u00fablico: otro salto tras el 31% de febrero<\/h3>\n\n\n\n<p class=\"wp-block-paragraph\">El transporte vuelve a encabezar la lista de aumentos. Las l\u00edneas nacionales que circulan entre la Ciudad de Buenos Aires y el conurbano bonaerense tendr\u00e1n un incremento del <strong>7,7% desde el 16 de marzo<\/strong>, tras el fuerte salto del <strong>31% aplicado en febrero<\/strong>.<\/p>\n\n\n\n<p class=\"wp-block-paragraph\">Con SUBE registrada, las tarifas quedar\u00e1n as\u00ed:<\/p>\n\n\n\n<ul class=\"wp-block-list\">\n<li>0 a 3 km: $700<\/li>\n\n\n\n<li>3 a 6 km: $779,78<\/li>\n\n\n\n<li>6 a 12 km: $839,86<\/li>\n\n\n\n<li>12 a 27 km: $899,99<\/li>\n\n\n\n<li>M\u00e1s de 27 km: $959,71<\/li>\n<\/ul>\n\n\n\n<p class=\"wp-block-paragraph\">Sin SUBE registrada, los valores pr\u00e1cticamente se disparan:<\/p>\n\n\n\n<ul class=\"wp-block-list\">\n<li>Hasta 3 km: $1.113<\/li>\n\n\n\n<li>3 a 6 km: $1.239,85<\/li>\n\n\n\n<li>6 a 12 km: $1.335,38<\/li>\n\n\n\n<li>12 a 27 km: $1.430,98<\/li>\n\n\n\n<li>M\u00e1s de 27 km: $1.525,94<\/li>\n<\/ul>\n\n\n\n<p class=\"wp-block-paragraph\">En paralelo, los colectivos que operan exclusivamente dentro de la Ciudad de Buenos Aires aumentar\u00e1n <strong>4,9%<\/strong>, llevando el boleto m\u00ednimo a $681,85. Para quienes viajan todos los d\u00edas, el impacto mensual se vuelve significativo y erosiona a\u00fan m\u00e1s el salario.<\/p>\n\n\n\n<h3 class=\"wp-block-heading has-medium-font-size\">Alquileres: subas que superan el 100%<\/h3>\n\n\n\n<p class=\"wp-block-paragraph\"><strong>El mercado inmobiliario presenta uno de los escenarios m\u00e1s duros<\/strong>. Seg\u00fan el Colegio de Corredores Inmobiliarios (COCIR), los incrementos var\u00edan seg\u00fan el tipo de contrato, pero <strong>en muchos casos resultan abrumadores:<\/strong><\/p>\n\n\n\n<ul class=\"wp-block-list\">\n<li>Contratos bajo la derogada Ley de Alquileres: <strong>+33,89%<\/strong> (ICL).<\/li>\n\n\n\n<li>Contratos firmados en marzo de 2023: <strong>+149,34%<\/strong>.<\/li>\n\n\n\n<li>Actualizaci\u00f3n trimestral: <strong>+7,3%<\/strong>.<\/li>\n\n\n\n<li>Ley 27.737 con f\u00f3rmula \u201cCasa Propia\u201d: <strong>+16,61% semestral<\/strong>.<\/li>\n<\/ul>\n\n\n\n<p class=\"wp-block-paragraph\">La dispersi\u00f3n de reg\u00edmenes convive con aumentos que, en algunos casos, multiplican varias veces la inflaci\u00f3n mensual, profundizando la dificultad para sostener una vivienda en alquiler.<\/p>\n\n\n\n<h3 class=\"wp-block-heading has-medium-font-size\">Prepagas: subas de hasta 3,2% y m\u00e1s presi\u00f3n en salud<\/h3>\n\n\n\n<p class=\"wp-block-paragraph\">Las empresas de medicina prepaga aplicar\u00e1n en marzo aumentos de entre <strong>2,9% y 3,2%<\/strong>, en l\u00ednea con la inflaci\u00f3n de enero (2,9% seg\u00fan el INDEC). El ajuste tambi\u00e9n alcanza a los copagos.<\/p>\n\n\n\n<p class=\"wp-block-paragraph\">Si bien el porcentaje parece menor frente a otros rubros, <strong>se suma a una cadena de incrementos previos y consolida a la salud privada como uno de los gastos fijos m\u00e1s pesados para la clase media.<\/strong><\/p>\n\n\n\n<h3 class=\"wp-block-heading has-medium-font-size\">Luz: aumentos de hasta 17%<\/h3>\n\n\n\n<p class=\"wp-block-paragraph\">En la provincia de Buenos Aires, las tarifas el\u00e9ctricas subir\u00e1n desde el 1\u00b0 de marzo para usuarios de EDELAP, EDEA, EDEN, EDES y cooperativas:<\/p>\n\n\n\n<ul class=\"wp-block-list\">\n<li>Usuarios sin subsidios: <strong>+17%<\/strong>.<\/li>\n\n\n\n<li>Usuarios con subsidios: <strong>+12%<\/strong>.<\/li>\n<\/ul>\n\n\n\n<p class=\"wp-block-paragraph\">El ajuste responde a la actualizaci\u00f3n de precios mayoristas y al Valor Agregado de Distribuci\u00f3n (VAD), adem\u00e1s del nuevo esquema de subsidios. <strong>En el AMBA a\u00fan se aguarda la confirmaci\u00f3n de los incrementos para Edenor y Edesur.<\/strong><\/p>\n\n\n\n<h3 class=\"wp-block-heading has-medium-font-size\">Agua: actualizaci\u00f3n mensual del 4%<\/h3>\n\n\n\n<p class=\"wp-block-paragraph\">AySA continuar\u00e1 con su esquema de actualizaci\u00f3n mensual con tope del <strong>4%<\/strong>, aprobado por el ERAS mediante la Resoluci\u00f3n N\u00b0 53\/25. El mecanismo combina el \u00cdndice de Salarios, el IPIM y el IPC.<\/p>\n\n\n\n<p class=\"wp-block-paragraph\">Con esta suba, el valor promedio del servicio aumentar\u00e1 en <strong>$22.739<\/strong>, sumando otro ajuste a la lista de gastos fijos que deben afrontar los hogares.<\/p>\n\n\n\n<h3 class=\"wp-block-heading has-medium-font-size\">Un marzo cargado de presi\u00f3n econ\u00f3mica<\/h3>\n\n\n\n<p class=\"wp-block-paragraph\">El tercer mes del a\u00f1o llega as\u00ed con un <strong>combo de incrementos simult\u00e1neos en servicios esenciales.<\/strong> Transporte, vivienda, salud y tarifas b\u00e1sicas vuelven a ajustarse en porcentajes que, en muchos casos, <strong>superan ampliamente la evoluci\u00f3n de los salarios.<\/strong><\/p>\n\n\n\n<p class=\"wp-block-paragraph\">La acumulaci\u00f3n de subas configura un escenario complejo para millones de familias, que deber\u00e1n reorganizar sus presupuestos para absorber un nuevo y contundente golpe al bolsillo en marzo de 2026.<\/p>\n","protected":false},"excerpt":{"rendered":"<p>Transporte p\u00fablico, alquileres, medicina prepaga, luz y agua subir\u00e1n en simult\u00e1neo, configurando un escenario de fuerte presi\u00f3n sobre los ingresos en un contexto en el que la inflaci\u00f3n mensual ronda el 2%\u20133%, seg\u00fan el Relevamiento de Expectativas de Mercado (REM) del Banco Central. Lejos de tratarse de ajustes aislados, se trata de subas acumulativas que [&hellip;]<\/p>\n","protected":false},"author":8,"featured_media":117803,"comment_status":"closed","ping_status":"closed","sticky":false,"template":"","format":"standard","meta":{"footnotes":""},"categories":[5],"tags":[],"class_list":["post-123867","post","type-post","status-publish","format-standard","has-post-thumbnail","hentry","category-actualidad"],"yoast_head":"<!-- This site is optimized with the Yoast SEO plugin v28.4 - https:\/\/yoast.com\/product\/yoast-seo-wordpress\/ -->\n<title>Marzo llega con una lluvia de aumentos en transportes, alquileres y servicios - Primereando<\/title>\n<meta name=\"robots\" content=\"index, follow, max-snippet:-1, max-image-preview:large, max-video-preview:-1\" \/>\n<link rel=\"canonical\" href=\"https:\/\/primereando.com.ar\/index.php\/2026\/02\/27\/marzo-llega-con-una-lluvia-de-aumentos-en-transportes-alquileres-y-servicios\/123867\/\" \/>\n<meta property=\"og:locale\" content=\"es_ES\" \/>\n<meta property=\"og:type\" content=\"article\" \/>\n<meta property=\"og:title\" content=\"Marzo llega con una lluvia de aumentos en transportes, alquileres y servicios - Primereando\" \/>\n<meta property=\"og:description\" content=\"Transporte p\u00fablico, alquileres, medicina prepaga, luz y agua subir\u00e1n en simult\u00e1neo, configurando un escenario de fuerte presi\u00f3n sobre los ingresos en un contexto en el que la inflaci\u00f3n mensual ronda el 2%\u20133%, seg\u00fan el Relevamiento de Expectativas de Mercado (REM) del Banco Central. Lejos de tratarse de ajustes aislados, se trata de subas acumulativas que [&hellip;]\" \/>\n<meta property=\"og:url\" content=\"https:\/\/primereando.com.ar\/index.php\/2026\/02\/27\/marzo-llega-con-una-lluvia-de-aumentos-en-transportes-alquileres-y-servicios\/123867\/\" \/>\n<meta property=\"og:site_name\" content=\"Primereando\" \/>\n<meta property=\"article:published_time\" content=\"2026-02-27T12:55:49+00:00\" \/>\n<meta property=\"og:image\" content=\"https:\/\/primereando.com.ar\/wp-content\/uploads\/2025\/03\/tarifazo-servicios-publicos.png\" \/>\n\t<meta property=\"og:image:width\" content=\"1068\" \/>\n\t<meta property=\"og:image:height\" content=\"712\" \/>\n\t<meta property=\"og:image:type\" content=\"image\/png\" \/>\n<meta name=\"author\" content=\"ignacio corsario\" \/>\n<meta name=\"twitter:card\" content=\"summary_large_image\" \/>\n<meta name=\"twitter:label1\" content=\"Escrito por\" \/>\n\t<meta name=\"twitter:data1\" content=\"ignacio corsario\" \/>\n\t<meta name=\"twitter:label2\" content=\"Tiempo de lectura\" \/>\n\t<meta name=\"twitter:data2\" content=\"4 minutos\" \/>\n<script type=\"application\/ld+json\" class=\"yoast-schema-graph\">{\"@context\":\"https:\\\/\\\/schema.org\",\"@graph\":[{\"@type\":\"Article\",\"@id\":\"https:\\\/\\\/primereando.com.ar\\\/index.php\\\/2026\\\/02\\\/27\\\/marzo-llega-con-una-lluvia-de-aumentos-en-transportes-alquileres-y-servicios\\\/123867\\\/#article\",\"isPartOf\":{\"@id\":\"https:\\\/\\\/primereando.com.ar\\\/index.php\\\/2026\\\/02\\\/27\\\/marzo-llega-con-una-lluvia-de-aumentos-en-transportes-alquileres-y-servicios\\\/123867\\\/\"},\"author\":{\"name\":\"ignacio corsario\",\"@id\":\"https:\\\/\\\/primereando.com.ar\\\/#\\\/schema\\\/person\\\/163ed2710eec4fd8173e5e51bb8b23ee\"},\"headline\":\"Marzo llega con una lluvia de aumentos en transportes, alquileres y servicios\",\"datePublished\":\"2026-02-27T12:55:49+00:00\",\"mainEntityOfPage\":{\"@id\":\"https:\\\/\\\/primereando.com.ar\\\/index.php\\\/2026\\\/02\\\/27\\\/marzo-llega-con-una-lluvia-de-aumentos-en-transportes-alquileres-y-servicios\\\/123867\\\/\"},\"wordCount\":624,\"publisher\":{\"@id\":\"https:\\\/\\\/primereando.com.ar\\\/#organization\"},\"image\":{\"@id\":\"https:\\\/\\\/primereando.com.ar\\\/index.php\\\/2026\\\/02\\\/27\\\/marzo-llega-con-una-lluvia-de-aumentos-en-transportes-alquileres-y-servicios\\\/123867\\\/#primaryimage\"},\"thumbnailUrl\":\"https:\\\/\\\/primereando.com.ar\\\/wp-content\\\/uploads\\\/2025\\\/03\\\/tarifazo-servicios-publicos.png\",\"articleSection\":[\"Actualidad\"],\"inLanguage\":\"es-AR\"},{\"@type\":\"WebPage\",\"@id\":\"https:\\\/\\\/primereando.com.ar\\\/index.php\\\/2026\\\/02\\\/27\\\/marzo-llega-con-una-lluvia-de-aumentos-en-transportes-alquileres-y-servicios\\\/123867\\\/\",\"url\":\"https:\\\/\\\/primereando.com.ar\\\/index.php\\\/2026\\\/02\\\/27\\\/marzo-llega-con-una-lluvia-de-aumentos-en-transportes-alquileres-y-servicios\\\/123867\\\/\",\"name\":\"Marzo llega con una lluvia de aumentos en transportes, alquileres y servicios - Primereando\",\"isPartOf\":{\"@id\":\"https:\\\/\\\/primereando.com.ar\\\/#website\"},\"primaryImageOfPage\":{\"@id\":\"https:\\\/\\\/primereando.com.ar\\\/index.php\\\/2026\\\/02\\\/27\\\/marzo-llega-con-una-lluvia-de-aumentos-en-transportes-alquileres-y-servicios\\\/123867\\\/#primaryimage\"},\"image\":{\"@id\":\"https:\\\/\\\/primereando.com.ar\\\/index.php\\\/2026\\\/02\\\/27\\\/marzo-llega-con-una-lluvia-de-aumentos-en-transportes-alquileres-y-servicios\\\/123867\\\/#primaryimage\"},\"thumbnailUrl\":\"https:\\\/\\\/primereando.com.ar\\\/wp-content\\\/uploads\\\/2025\\\/03\\\/tarifazo-servicios-publicos.png\",\"datePublished\":\"2026-02-27T12:55:49+00:00\",\"breadcrumb\":{\"@id\":\"https:\\\/\\\/primereando.com.ar\\\/index.php\\\/2026\\\/02\\\/27\\\/marzo-llega-con-una-lluvia-de-aumentos-en-transportes-alquileres-y-servicios\\\/123867\\\/#breadcrumb\"},\"inLanguage\":\"es-AR\",\"potentialAction\":[{\"@type\":\"ReadAction\",\"target\":[\"https:\\\/\\\/primereando.com.ar\\\/index.php\\\/2026\\\/02\\\/27\\\/marzo-llega-con-una-lluvia-de-aumentos-en-transportes-alquileres-y-servicios\\\/123867\\\/\"]}]},{\"@type\":\"ImageObject\",\"inLanguage\":\"es-AR\",\"@id\":\"https:\\\/\\\/primereando.com.ar\\\/index.php\\\/2026\\\/02\\\/27\\\/marzo-llega-con-una-lluvia-de-aumentos-en-transportes-alquileres-y-servicios\\\/123867\\\/#primaryimage\",\"url\":\"https:\\\/\\\/primereando.com.ar\\\/wp-content\\\/uploads\\\/2025\\\/03\\\/tarifazo-servicios-publicos.png\",\"contentUrl\":\"https:\\\/\\\/primereando.com.ar\\\/wp-content\\\/uploads\\\/2025\\\/03\\\/tarifazo-servicios-publicos.png\",\"width\":1068,\"height\":712},{\"@type\":\"BreadcrumbList\",\"@id\":\"https:\\\/\\\/primereando.com.ar\\\/index.php\\\/2026\\\/02\\\/27\\\/marzo-llega-con-una-lluvia-de-aumentos-en-transportes-alquileres-y-servicios\\\/123867\\\/#breadcrumb\",\"itemListElement\":[{\"@type\":\"ListItem\",\"position\":1,\"name\":\"Inicio\",\"item\":\"https:\\\/\\\/primereando.com.ar\\\/\"},{\"@type\":\"ListItem\",\"position\":2,\"name\":\"Marzo llega con una lluvia de aumentos en transportes, alquileres y servicios\"}]},{\"@type\":\"WebSite\",\"@id\":\"https:\\\/\\\/primereando.com.ar\\\/#website\",\"url\":\"https:\\\/\\\/primereando.com.ar\\\/\",\"name\":\"Primereando\",\"description\":\"Portal de noticias de la Provincia de Buenos Aires\",\"publisher\":{\"@id\":\"https:\\\/\\\/primereando.com.ar\\\/#organization\"},\"potentialAction\":[{\"@type\":\"SearchAction\",\"target\":{\"@type\":\"EntryPoint\",\"urlTemplate\":\"https:\\\/\\\/primereando.com.ar\\\/?s={search_term_string}\"},\"query-input\":{\"@type\":\"PropertyValueSpecification\",\"valueRequired\":true,\"valueName\":\"search_term_string\"}}],\"inLanguage\":\"es-AR\"},{\"@type\":\"Organization\",\"@id\":\"https:\\\/\\\/primereando.com.ar\\\/#organization\",\"name\":\"Primereando\",\"url\":\"https:\\\/\\\/primereando.com.ar\\\/\",\"logo\":{\"@type\":\"ImageObject\",\"inLanguage\":\"es-AR\",\"@id\":\"https:\\\/\\\/primereando.com.ar\\\/#\\\/schema\\\/logo\\\/image\\\/\",\"url\":\"https:\\\/\\\/primereando.com.ar\\\/wp-content\\\/uploads\\\/2021\\\/12\\\/primereando-logo.png\",\"contentUrl\":\"https:\\\/\\\/primereando.com.ar\\\/wp-content\\\/uploads\\\/2021\\\/12\\\/primereando-logo.png\",\"width\":360,\"height\":96,\"caption\":\"Primereando\"},\"image\":{\"@id\":\"https:\\\/\\\/primereando.com.ar\\\/#\\\/schema\\\/logo\\\/image\\\/\"}},{\"@type\":\"Person\",\"@id\":\"https:\\\/\\\/primereando.com.ar\\\/#\\\/schema\\\/person\\\/163ed2710eec4fd8173e5e51bb8b23ee\",\"name\":\"ignacio corsario\",\"image\":{\"@type\":\"ImageObject\",\"inLanguage\":\"es-AR\",\"@id\":\"https:\\\/\\\/secure.gravatar.com\\\/avatar\\\/88fd77b01053dd79091962d2e6ed54169fabbaefae7619405afc209b70ff06d2?s=96&d=blank&r=g\",\"url\":\"https:\\\/\\\/secure.gravatar.com\\\/avatar\\\/88fd77b01053dd79091962d2e6ed54169fabbaefae7619405afc209b70ff06d2?s=96&d=blank&r=g\",\"contentUrl\":\"https:\\\/\\\/secure.gravatar.com\\\/avatar\\\/88fd77b01053dd79091962d2e6ed54169fabbaefae7619405afc209b70ff06d2?s=96&d=blank&r=g\",\"caption\":\"ignacio corsario\"},\"url\":\"https:\\\/\\\/primereando.com.ar\\\/index.php\\\/author\\\/ignaciocorsario\\\/\"}]}<\/script>\n<!-- \/ Yoast SEO plugin. -->","yoast_head_json":{"title":"Marzo llega con una lluvia de aumentos en transportes, alquileres y servicios - Primereando","robots":{"index":"index","follow":"follow","max-snippet":"max-snippet:-1","max-image-preview":"max-image-preview:large","max-video-preview":"max-video-preview:-1"},"canonical":"https:\/\/primereando.com.ar\/index.php\/2026\/02\/27\/marzo-llega-con-una-lluvia-de-aumentos-en-transportes-alquileres-y-servicios\/123867\/","og_locale":"es_ES","og_type":"article","og_title":"Marzo llega con una lluvia de aumentos en transportes, alquileres y servicios - Primereando","og_description":"Transporte p\u00fablico, alquileres, medicina prepaga, luz y agua subir\u00e1n en simult\u00e1neo, configurando un escenario de fuerte presi\u00f3n sobre los ingresos en un contexto en el que la inflaci\u00f3n mensual ronda el 2%\u20133%, seg\u00fan el Relevamiento de Expectativas de Mercado (REM) del Banco Central. Lejos de tratarse de ajustes aislados, se trata de subas acumulativas que [&hellip;]","og_url":"https:\/\/primereando.com.ar\/index.php\/2026\/02\/27\/marzo-llega-con-una-lluvia-de-aumentos-en-transportes-alquileres-y-servicios\/123867\/","og_site_name":"Primereando","article_published_time":"2026-02-27T12:55:49+00:00","og_image":[{"width":1068,"height":712,"url":"https:\/\/primereando.com.ar\/wp-content\/uploads\/2025\/03\/tarifazo-servicios-publicos.png","type":"image\/png"}],"author":"ignacio corsario","twitter_card":"summary_large_image","twitter_misc":{"Escrito por":"ignacio corsario","Tiempo de lectura":"4 minutos"},"schema":{"@context":"https:\/\/schema.org","@graph":[{"@type":"Article","@id":"https:\/\/primereando.com.ar\/index.php\/2026\/02\/27\/marzo-llega-con-una-lluvia-de-aumentos-en-transportes-alquileres-y-servicios\/123867\/#article","isPartOf":{"@id":"https:\/\/primereando.com.ar\/index.php\/2026\/02\/27\/marzo-llega-con-una-lluvia-de-aumentos-en-transportes-alquileres-y-servicios\/123867\/"},"author":{"name":"ignacio corsario","@id":"https:\/\/primereando.com.ar\/#\/schema\/person\/163ed2710eec4fd8173e5e51bb8b23ee"},"headline":"Marzo llega con una lluvia de aumentos en transportes, alquileres y servicios","datePublished":"2026-02-27T12:55:49+00:00","mainEntityOfPage":{"@id":"https:\/\/primereando.com.ar\/index.php\/2026\/02\/27\/marzo-llega-con-una-lluvia-de-aumentos-en-transportes-alquileres-y-servicios\/123867\/"},"wordCount":624,"publisher":{"@id":"https:\/\/primereando.com.ar\/#organization"},"image":{"@id":"https:\/\/primereando.com.ar\/index.php\/2026\/02\/27\/marzo-llega-con-una-lluvia-de-aumentos-en-transportes-alquileres-y-servicios\/123867\/#primaryimage"},"thumbnailUrl":"https:\/\/primereando.com.ar\/wp-content\/uploads\/2025\/03\/tarifazo-servicios-publicos.png","articleSection":["Actualidad"],"inLanguage":"es-AR"},{"@type":"WebPage","@id":"https:\/\/primereando.com.ar\/index.php\/2026\/02\/27\/marzo-llega-con-una-lluvia-de-aumentos-en-transportes-alquileres-y-servicios\/123867\/","url":"https:\/\/primereando.com.ar\/index.php\/2026\/02\/27\/marzo-llega-con-una-lluvia-de-aumentos-en-transportes-alquileres-y-servicios\/123867\/","name":"Marzo llega con una lluvia de aumentos en transportes, alquileres y servicios - Primereando","isPartOf":{"@id":"https:\/\/primereando.com.ar\/#website"},"primaryImageOfPage":{"@id":"https:\/\/primereando.com.ar\/index.php\/2026\/02\/27\/marzo-llega-con-una-lluvia-de-aumentos-en-transportes-alquileres-y-servicios\/123867\/#primaryimage"},"image":{"@id":"https:\/\/primereando.com.ar\/index.php\/2026\/02\/27\/marzo-llega-con-una-lluvia-de-aumentos-en-transportes-alquileres-y-servicios\/123867\/#primaryimage"},"thumbnailUrl":"https:\/\/primereando.com.ar\/wp-content\/uploads\/2025\/03\/tarifazo-servicios-publicos.png","datePublished":"2026-02-27T12:55:49+00:00","breadcrumb":{"@id":"https:\/\/primereando.com.ar\/index.php\/2026\/02\/27\/marzo-llega-con-una-lluvia-de-aumentos-en-transportes-alquileres-y-servicios\/123867\/#breadcrumb"},"inLanguage":"es-AR","potentialAction":[{"@type":"ReadAction","target":["https:\/\/primereando.com.ar\/index.php\/2026\/02\/27\/marzo-llega-con-una-lluvia-de-aumentos-en-transportes-alquileres-y-servicios\/123867\/"]}]},{"@type":"ImageObject","inLanguage":"es-AR","@id":"https:\/\/primereando.com.ar\/index.php\/2026\/02\/27\/marzo-llega-con-una-lluvia-de-aumentos-en-transportes-alquileres-y-servicios\/123867\/#primaryimage","url":"https:\/\/primereando.com.ar\/wp-content\/uploads\/2025\/03\/tarifazo-servicios-publicos.png","contentUrl":"https:\/\/primereando.com.ar\/wp-content\/uploads\/2025\/03\/tarifazo-servicios-publicos.png","width":1068,"height":712},{"@type":"BreadcrumbList","@id":"https:\/\/primereando.com.ar\/index.php\/2026\/02\/27\/marzo-llega-con-una-lluvia-de-aumentos-en-transportes-alquileres-y-servicios\/123867\/#breadcrumb","itemListElement":[{"@type":"ListItem","position":1,"name":"Inicio","item":"https:\/\/primereando.com.ar\/"},{"@type":"ListItem","position":2,"name":"Marzo llega con una lluvia de aumentos en transportes, alquileres y servicios"}]},{"@type":"WebSite","@id":"https:\/\/primereando.com.ar\/#website","url":"https:\/\/primereando.com.ar\/","name":"Primereando","description":"Portal de noticias de la Provincia de Buenos Aires","publisher":{"@id":"https:\/\/primereando.com.ar\/#organization"},"potentialAction":[{"@type":"SearchAction","target":{"@type":"EntryPoint","urlTemplate":"https:\/\/primereando.com.ar\/?s={search_term_string}"},"query-input":{"@type":"PropertyValueSpecification","valueRequired":true,"valueName":"search_term_string"}}],"inLanguage":"es-AR"},{"@type":"Organization","@id":"https:\/\/primereando.com.ar\/#organization","name":"Primereando","url":"https:\/\/primereando.com.ar\/","logo":{"@type":"ImageObject","inLanguage":"es-AR","@id":"https:\/\/primereando.com.ar\/#\/schema\/logo\/image\/","url":"https:\/\/primereando.com.ar\/wp-content\/uploads\/2021\/12\/primereando-logo.png","contentUrl":"https:\/\/primereando.com.ar\/wp-content\/uploads\/2021\/12\/primereando-logo.png","width":360,"height":96,"caption":"Primereando"},"image":{"@id":"https:\/\/primereando.com.ar\/#\/schema\/logo\/image\/"}},{"@type":"Person","@id":"https:\/\/primereando.com.ar\/#\/schema\/person\/163ed2710eec4fd8173e5e51bb8b23ee","name":"ignacio corsario","image":{"@type":"ImageObject","inLanguage":"es-AR","@id":"https:\/\/secure.gravatar.com\/avatar\/88fd77b01053dd79091962d2e6ed54169fabbaefae7619405afc209b70ff06d2?s=96&d=blank&r=g","url":"https:\/\/secure.gravatar.com\/avatar\/88fd77b01053dd79091962d2e6ed54169fabbaefae7619405afc209b70ff06d2?s=96&d=blank&r=g","contentUrl":"https:\/\/secure.gravatar.com\/avatar\/88fd77b01053dd79091962d2e6ed54169fabbaefae7619405afc209b70ff06d2?s=96&d=blank&r=g","caption":"ignacio corsario"},"url":"https:\/\/primereando.com.ar\/index.php\/author\/ignaciocorsario\/"}]}},"_links":{"self":[{"href":"https:\/\/primereando.com.ar\/index.php\/wp-json\/wp\/v2\/posts\/123867","targetHints":{"allow":["GET"]}}],"collection":[{"href":"https:\/\/primereando.com.ar\/index.php\/wp-json\/wp\/v2\/posts"}],"about":[{"href":"https:\/\/primereando.com.ar\/index.php\/wp-json\/wp\/v2\/types\/post"}],"author":[{"embeddable":true,"href":"https:\/\/primereando.com.ar\/index.php\/wp-json\/wp\/v2\/users\/8"}],"replies":[{"embeddable":true,"href":"https:\/\/primereando.com.ar\/index.php\/wp-json\/wp\/v2\/comments?post=123867"}],"version-history":[{"count":1,"href":"https:\/\/primereando.com.ar\/index.php\/wp-json\/wp\/v2\/posts\/123867\/revisions"}],"predecessor-version":[{"id":123868,"href":"https:\/\/primereando.com.ar\/index.php\/wp-json\/wp\/v2\/posts\/123867\/revisions\/123868"}],"wp:featuredmedia":[{"embeddable":true,"href":"https:\/\/primereando.com.ar\/index.php\/wp-json\/wp\/v2\/media\/117803"}],"wp:attachment":[{"href":"https:\/\/primereando.com.ar\/index.php\/wp-json\/wp\/v2\/media?parent=123867"}],"wp:term":[{"taxonomy":"category","embeddable":true,"href":"https:\/\/primereando.com.ar\/index.php\/wp-json\/wp\/v2\/categories?post=123867"},{"taxonomy":"post_tag","embeddable":true,"href":"https:\/\/primereando.com.ar\/index.php\/wp-json\/wp\/v2\/tags?post=123867"}],"curies":[{"name":"wp","href":"https:\/\/api.w.org\/{rel}","templated":true}]}}