{"id":124810,"date":"2026-04-28T12:01:36","date_gmt":"2026-04-28T15:01:36","guid":{"rendered":"https:\/\/primereando.com.ar\/?p=124810"},"modified":"2026-04-28T12:01:37","modified_gmt":"2026-04-28T15:01:37","slug":"universidad-di-tella-la-confianza-en-el-gobierno-cayo-por-cuarto-mes-consecutivo","status":"publish","type":"post","link":"https:\/\/primereando.com.ar\/index.php\/2026\/04\/28\/universidad-di-tella-la-confianza-en-el-gobierno-cayo-por-cuarto-mes-consecutivo\/124810\/","title":{"rendered":"Universidad Di Tella: la confianza en el Gobierno cay\u00f3 por cuarto mes consecutivo"},"content":{"rendered":"\n<h2 class=\"wp-block-heading\">El \u00cdndice de Confianza en el Gobierno (ICG) de la Universidad Torcuato Di Tella registr\u00f3 una baja de 12,1% respecto de marzo, el descenso m\u00e1s abrupto de 2026 y muy por encima de las ca\u00eddas previas de enero, febrero y marzo.<\/h2>\n\n\n\n<p class=\"wp-block-paragraph\">El retroceso no solo confirma el <strong>desgaste progresivo de la gesti\u00f3n nacional<\/strong>, sino que adem\u00e1s marca un quiebre m\u00e1s pronunciado en la percepci\u00f3n social. En t\u00e9rminos interanuales, el \u00edndice acumula una ca\u00edda de 13,2% frente a abril de 2025, mientras que desde diciembre de ese a\u00f1o el desplome alcanza el 17,9%, <strong>llevando el promedio de la administraci\u00f3n de Javier Milei a su nivel m\u00e1s bajo desde el inicio del mandato<\/strong> (2,42 puntos).<\/p>\n\n\n\n<p class=\"wp-block-paragraph\">Aunque el nivel actual todav\u00eda se ubica por encima del registrado durante la gesti\u00f3n de Alberto Fern\u00e1ndez en abril de 2022, <strong>la comparaci\u00f3n hist\u00f3rica muestra se\u00f1ales de alerta: el \u00edndice qued\u00f3 levemente por debajo del nivel observado en abril de 2018, durante la presidencia de Mauricio Macri.<\/strong> <\/p>\n\n\n\n<figure class=\"wp-block-image size-full\"><img loading=\"lazy\" decoding=\"async\" width=\"992\" height=\"716\" src=\"https:\/\/primereando.com.ar\/wp-content\/uploads\/2026\/04\/image-22.png\" alt=\"\" class=\"wp-image-124813\" srcset=\"https:\/\/primereando.com.ar\/wp-content\/uploads\/2026\/04\/image-22.png 992w, https:\/\/primereando.com.ar\/wp-content\/uploads\/2026\/04\/image-22-300x217.png 300w, https:\/\/primereando.com.ar\/wp-content\/uploads\/2026\/04\/image-22-768x554.png 768w\" sizes=\"auto, (max-width: 992px) 100vw, 992px\" \/><\/figure>\n\n\n\n<p class=\"wp-block-paragraph\"><strong>El deterioro es generalizado y abarca todos los componentes del ICG, que en abril tocaron sus valores m\u00e1s bajos del a\u00f1o<\/strong>. <strong>El aspecto m\u00e1s castigado fue la Eficiencia en la gesti\u00f3n,<\/strong> con una ca\u00edda mensual de <strong>21,4%,<\/strong> seguido por <strong>la Evaluaci\u00f3n general del gobierno (-17,2%)<\/strong> y la Preocupaci\u00f3n por el inter\u00e9s general (-13,9%). Incluso los atributos relativamente mejor valorados, como la Honestidad, tambi\u00e9n registraron retrocesos significativos.<\/p>\n\n\n\n<p class=\"wp-block-paragraph\"><strong>La p\u00e9rdida de confianza atraviesa a todos los segmentos de la sociedad.<\/strong> La brecha de g\u00e9nero se redujo, pero en un contexto de ca\u00edda en ambos grupos. A nivel etario, solo los j\u00f3venes mostraron una leve mejora, mientras que los adultos registraron fuertes retrocesos. En el plano territorial, todas las regiones evidenciaron descensos, con el conurbano bonaerense nuevamente en el nivel m\u00e1s bajo.<\/p>\n\n\n\n<p class=\"wp-block-paragraph\">El informe tambi\u00e9n confirma que <strong>las expectativas econ\u00f3micas siguen siendo el principal factor que explica las diferencias en la confianza<\/strong>: quienes anticipan una mejora mantienen niveles significativamente m\u00e1s altos, mientras que entre quienes prev\u00e9n un deterioro la confianza se encuentra pr\u00e1cticamente en m\u00ednimos.<\/p>\n\n\n\n<p class=\"wp-block-paragraph\">En conjunto, los datos reflejan un escenario de desgaste creciente para el Gobierno, con una ca\u00edda sostenida en su imagen y una percepci\u00f3n social cada vez m\u00e1s cr\u00edtica sobre su desempe\u00f1o.<\/p>\n","protected":false},"excerpt":{"rendered":"<p>El \u00cdndice de Confianza en el Gobierno (ICG) de la Universidad Torcuato Di Tella registr\u00f3 una baja de 12,1% respecto de marzo, el descenso m\u00e1s abrupto de 2026 y muy por encima de las ca\u00eddas previas de enero, febrero y marzo. El retroceso no solo confirma el desgaste progresivo de la gesti\u00f3n nacional, sino que [&hellip;]<\/p>\n","protected":false},"author":8,"featured_media":124811,"comment_status":"closed","ping_status":"closed","sticky":false,"template":"","format":"standard","meta":{"footnotes":""},"categories":[5],"tags":[],"class_list":["post-124810","post","type-post","status-publish","format-standard","has-post-thumbnail","hentry","category-actualidad"],"yoast_head":"<!-- This site is optimized with the Yoast SEO plugin v28.4 - https:\/\/yoast.com\/product\/yoast-seo-wordpress\/ -->\n<title>Universidad Di Tella: la confianza en el Gobierno cay\u00f3 por cuarto mes consecutivo - Primereando<\/title>\n<meta name=\"robots\" content=\"index, follow, max-snippet:-1, max-image-preview:large, max-video-preview:-1\" \/>\n<link rel=\"canonical\" href=\"https:\/\/primereando.com.ar\/index.php\/2026\/04\/28\/universidad-di-tella-la-confianza-en-el-gobierno-cayo-por-cuarto-mes-consecutivo\/124810\/\" \/>\n<meta property=\"og:locale\" content=\"es_ES\" \/>\n<meta property=\"og:type\" content=\"article\" \/>\n<meta property=\"og:title\" content=\"Universidad Di Tella: la confianza en el Gobierno cay\u00f3 por cuarto mes consecutivo - Primereando\" \/>\n<meta property=\"og:description\" content=\"El \u00cdndice de Confianza en el Gobierno (ICG) de la Universidad Torcuato Di Tella registr\u00f3 una baja de 12,1% respecto de marzo, el descenso m\u00e1s abrupto de 2026 y muy por encima de las ca\u00eddas previas de enero, febrero y marzo. El retroceso no solo confirma el desgaste progresivo de la gesti\u00f3n nacional, sino que [&hellip;]\" \/>\n<meta property=\"og:url\" content=\"https:\/\/primereando.com.ar\/index.php\/2026\/04\/28\/universidad-di-tella-la-confianza-en-el-gobierno-cayo-por-cuarto-mes-consecutivo\/124810\/\" \/>\n<meta property=\"og:site_name\" content=\"Primereando\" \/>\n<meta property=\"article:published_time\" content=\"2026-04-28T15:01:36+00:00\" \/>\n<meta property=\"article:modified_time\" content=\"2026-04-28T15:01:37+00:00\" \/>\n<meta property=\"og:image\" content=\"https:\/\/primereando.com.ar\/wp-content\/uploads\/2026\/04\/adorni-karina-coimas-3.jpeg\" \/>\n\t<meta property=\"og:image:width\" content=\"773\" \/>\n\t<meta property=\"og:image:height\" content=\"429\" \/>\n\t<meta property=\"og:image:type\" content=\"image\/jpeg\" \/>\n<meta name=\"author\" content=\"ignacio corsario\" \/>\n<meta name=\"twitter:card\" content=\"summary_large_image\" \/>\n<meta name=\"twitter:label1\" content=\"Escrito por\" \/>\n\t<meta name=\"twitter:data1\" content=\"ignacio corsario\" \/>\n\t<meta name=\"twitter:label2\" content=\"Tiempo de lectura\" \/>\n\t<meta name=\"twitter:data2\" content=\"3 minutos\" \/>\n<script type=\"application\/ld+json\" class=\"yoast-schema-graph\">{\"@context\":\"https:\\\/\\\/schema.org\",\"@graph\":[{\"@type\":\"Article\",\"@id\":\"https:\\\/\\\/primereando.com.ar\\\/index.php\\\/2026\\\/04\\\/28\\\/universidad-di-tella-la-confianza-en-el-gobierno-cayo-por-cuarto-mes-consecutivo\\\/124810\\\/#article\",\"isPartOf\":{\"@id\":\"https:\\\/\\\/primereando.com.ar\\\/index.php\\\/2026\\\/04\\\/28\\\/universidad-di-tella-la-confianza-en-el-gobierno-cayo-por-cuarto-mes-consecutivo\\\/124810\\\/\"},\"author\":{\"name\":\"ignacio corsario\",\"@id\":\"https:\\\/\\\/primereando.com.ar\\\/#\\\/schema\\\/person\\\/163ed2710eec4fd8173e5e51bb8b23ee\"},\"headline\":\"Universidad Di Tella: la confianza en el Gobierno cay\u00f3 por cuarto mes consecutivo\",\"datePublished\":\"2026-04-28T15:01:36+00:00\",\"dateModified\":\"2026-04-28T15:01:37+00:00\",\"mainEntityOfPage\":{\"@id\":\"https:\\\/\\\/primereando.com.ar\\\/index.php\\\/2026\\\/04\\\/28\\\/universidad-di-tella-la-confianza-en-el-gobierno-cayo-por-cuarto-mes-consecutivo\\\/124810\\\/\"},\"wordCount\":409,\"publisher\":{\"@id\":\"https:\\\/\\\/primereando.com.ar\\\/#organization\"},\"image\":{\"@id\":\"https:\\\/\\\/primereando.com.ar\\\/index.php\\\/2026\\\/04\\\/28\\\/universidad-di-tella-la-confianza-en-el-gobierno-cayo-por-cuarto-mes-consecutivo\\\/124810\\\/#primaryimage\"},\"thumbnailUrl\":\"https:\\\/\\\/primereando.com.ar\\\/wp-content\\\/uploads\\\/2026\\\/04\\\/adorni-karina-coimas-3.jpeg\",\"articleSection\":[\"Actualidad\"],\"inLanguage\":\"es-AR\"},{\"@type\":\"WebPage\",\"@id\":\"https:\\\/\\\/primereando.com.ar\\\/index.php\\\/2026\\\/04\\\/28\\\/universidad-di-tella-la-confianza-en-el-gobierno-cayo-por-cuarto-mes-consecutivo\\\/124810\\\/\",\"url\":\"https:\\\/\\\/primereando.com.ar\\\/index.php\\\/2026\\\/04\\\/28\\\/universidad-di-tella-la-confianza-en-el-gobierno-cayo-por-cuarto-mes-consecutivo\\\/124810\\\/\",\"name\":\"Universidad Di Tella: la confianza en el Gobierno cay\u00f3 por cuarto mes consecutivo - Primereando\",\"isPartOf\":{\"@id\":\"https:\\\/\\\/primereando.com.ar\\\/#website\"},\"primaryImageOfPage\":{\"@id\":\"https:\\\/\\\/primereando.com.ar\\\/index.php\\\/2026\\\/04\\\/28\\\/universidad-di-tella-la-confianza-en-el-gobierno-cayo-por-cuarto-mes-consecutivo\\\/124810\\\/#primaryimage\"},\"image\":{\"@id\":\"https:\\\/\\\/primereando.com.ar\\\/index.php\\\/2026\\\/04\\\/28\\\/universidad-di-tella-la-confianza-en-el-gobierno-cayo-por-cuarto-mes-consecutivo\\\/124810\\\/#primaryimage\"},\"thumbnailUrl\":\"https:\\\/\\\/primereando.com.ar\\\/wp-content\\\/uploads\\\/2026\\\/04\\\/adorni-karina-coimas-3.jpeg\",\"datePublished\":\"2026-04-28T15:01:36+00:00\",\"dateModified\":\"2026-04-28T15:01:37+00:00\",\"breadcrumb\":{\"@id\":\"https:\\\/\\\/primereando.com.ar\\\/index.php\\\/2026\\\/04\\\/28\\\/universidad-di-tella-la-confianza-en-el-gobierno-cayo-por-cuarto-mes-consecutivo\\\/124810\\\/#breadcrumb\"},\"inLanguage\":\"es-AR\",\"potentialAction\":[{\"@type\":\"ReadAction\",\"target\":[\"https:\\\/\\\/primereando.com.ar\\\/index.php\\\/2026\\\/04\\\/28\\\/universidad-di-tella-la-confianza-en-el-gobierno-cayo-por-cuarto-mes-consecutivo\\\/124810\\\/\"]}]},{\"@type\":\"ImageObject\",\"inLanguage\":\"es-AR\",\"@id\":\"https:\\\/\\\/primereando.com.ar\\\/index.php\\\/2026\\\/04\\\/28\\\/universidad-di-tella-la-confianza-en-el-gobierno-cayo-por-cuarto-mes-consecutivo\\\/124810\\\/#primaryimage\",\"url\":\"https:\\\/\\\/primereando.com.ar\\\/wp-content\\\/uploads\\\/2026\\\/04\\\/adorni-karina-coimas-3.jpeg\",\"contentUrl\":\"https:\\\/\\\/primereando.com.ar\\\/wp-content\\\/uploads\\\/2026\\\/04\\\/adorni-karina-coimas-3.jpeg\",\"width\":773,\"height\":429},{\"@type\":\"BreadcrumbList\",\"@id\":\"https:\\\/\\\/primereando.com.ar\\\/index.php\\\/2026\\\/04\\\/28\\\/universidad-di-tella-la-confianza-en-el-gobierno-cayo-por-cuarto-mes-consecutivo\\\/124810\\\/#breadcrumb\",\"itemListElement\":[{\"@type\":\"ListItem\",\"position\":1,\"name\":\"Inicio\",\"item\":\"https:\\\/\\\/primereando.com.ar\\\/\"},{\"@type\":\"ListItem\",\"position\":2,\"name\":\"Universidad Di Tella: la confianza en el Gobierno cay\u00f3 por cuarto mes consecutivo\"}]},{\"@type\":\"WebSite\",\"@id\":\"https:\\\/\\\/primereando.com.ar\\\/#website\",\"url\":\"https:\\\/\\\/primereando.com.ar\\\/\",\"name\":\"Primereando\",\"description\":\"Portal de noticias de la Provincia de Buenos Aires\",\"publisher\":{\"@id\":\"https:\\\/\\\/primereando.com.ar\\\/#organization\"},\"potentialAction\":[{\"@type\":\"SearchAction\",\"target\":{\"@type\":\"EntryPoint\",\"urlTemplate\":\"https:\\\/\\\/primereando.com.ar\\\/?s={search_term_string}\"},\"query-input\":{\"@type\":\"PropertyValueSpecification\",\"valueRequired\":true,\"valueName\":\"search_term_string\"}}],\"inLanguage\":\"es-AR\"},{\"@type\":\"Organization\",\"@id\":\"https:\\\/\\\/primereando.com.ar\\\/#organization\",\"name\":\"Primereando\",\"url\":\"https:\\\/\\\/primereando.com.ar\\\/\",\"logo\":{\"@type\":\"ImageObject\",\"inLanguage\":\"es-AR\",\"@id\":\"https:\\\/\\\/primereando.com.ar\\\/#\\\/schema\\\/logo\\\/image\\\/\",\"url\":\"https:\\\/\\\/primereando.com.ar\\\/wp-content\\\/uploads\\\/2021\\\/12\\\/primereando-logo.png\",\"contentUrl\":\"https:\\\/\\\/primereando.com.ar\\\/wp-content\\\/uploads\\\/2021\\\/12\\\/primereando-logo.png\",\"width\":360,\"height\":96,\"caption\":\"Primereando\"},\"image\":{\"@id\":\"https:\\\/\\\/primereando.com.ar\\\/#\\\/schema\\\/logo\\\/image\\\/\"}},{\"@type\":\"Person\",\"@id\":\"https:\\\/\\\/primereando.com.ar\\\/#\\\/schema\\\/person\\\/163ed2710eec4fd8173e5e51bb8b23ee\",\"name\":\"ignacio corsario\",\"image\":{\"@type\":\"ImageObject\",\"inLanguage\":\"es-AR\",\"@id\":\"https:\\\/\\\/secure.gravatar.com\\\/avatar\\\/88fd77b01053dd79091962d2e6ed54169fabbaefae7619405afc209b70ff06d2?s=96&d=blank&r=g\",\"url\":\"https:\\\/\\\/secure.gravatar.com\\\/avatar\\\/88fd77b01053dd79091962d2e6ed54169fabbaefae7619405afc209b70ff06d2?s=96&d=blank&r=g\",\"contentUrl\":\"https:\\\/\\\/secure.gravatar.com\\\/avatar\\\/88fd77b01053dd79091962d2e6ed54169fabbaefae7619405afc209b70ff06d2?s=96&d=blank&r=g\",\"caption\":\"ignacio corsario\"},\"url\":\"https:\\\/\\\/primereando.com.ar\\\/index.php\\\/author\\\/ignaciocorsario\\\/\"}]}<\/script>\n<!-- \/ Yoast SEO plugin. -->","yoast_head_json":{"title":"Universidad Di Tella: la confianza en el Gobierno cay\u00f3 por cuarto mes consecutivo - Primereando","robots":{"index":"index","follow":"follow","max-snippet":"max-snippet:-1","max-image-preview":"max-image-preview:large","max-video-preview":"max-video-preview:-1"},"canonical":"https:\/\/primereando.com.ar\/index.php\/2026\/04\/28\/universidad-di-tella-la-confianza-en-el-gobierno-cayo-por-cuarto-mes-consecutivo\/124810\/","og_locale":"es_ES","og_type":"article","og_title":"Universidad Di Tella: la confianza en el Gobierno cay\u00f3 por cuarto mes consecutivo - Primereando","og_description":"El \u00cdndice de Confianza en el Gobierno (ICG) de la Universidad Torcuato Di Tella registr\u00f3 una baja de 12,1% respecto de marzo, el descenso m\u00e1s abrupto de 2026 y muy por encima de las ca\u00eddas previas de enero, febrero y marzo. El retroceso no solo confirma el desgaste progresivo de la gesti\u00f3n nacional, sino que [&hellip;]","og_url":"https:\/\/primereando.com.ar\/index.php\/2026\/04\/28\/universidad-di-tella-la-confianza-en-el-gobierno-cayo-por-cuarto-mes-consecutivo\/124810\/","og_site_name":"Primereando","article_published_time":"2026-04-28T15:01:36+00:00","article_modified_time":"2026-04-28T15:01:37+00:00","og_image":[{"width":773,"height":429,"url":"https:\/\/primereando.com.ar\/wp-content\/uploads\/2026\/04\/adorni-karina-coimas-3.jpeg","type":"image\/jpeg"}],"author":"ignacio corsario","twitter_card":"summary_large_image","twitter_misc":{"Escrito por":"ignacio corsario","Tiempo de lectura":"3 minutos"},"schema":{"@context":"https:\/\/schema.org","@graph":[{"@type":"Article","@id":"https:\/\/primereando.com.ar\/index.php\/2026\/04\/28\/universidad-di-tella-la-confianza-en-el-gobierno-cayo-por-cuarto-mes-consecutivo\/124810\/#article","isPartOf":{"@id":"https:\/\/primereando.com.ar\/index.php\/2026\/04\/28\/universidad-di-tella-la-confianza-en-el-gobierno-cayo-por-cuarto-mes-consecutivo\/124810\/"},"author":{"name":"ignacio corsario","@id":"https:\/\/primereando.com.ar\/#\/schema\/person\/163ed2710eec4fd8173e5e51bb8b23ee"},"headline":"Universidad Di Tella: la confianza en el Gobierno cay\u00f3 por cuarto mes consecutivo","datePublished":"2026-04-28T15:01:36+00:00","dateModified":"2026-04-28T15:01:37+00:00","mainEntityOfPage":{"@id":"https:\/\/primereando.com.ar\/index.php\/2026\/04\/28\/universidad-di-tella-la-confianza-en-el-gobierno-cayo-por-cuarto-mes-consecutivo\/124810\/"},"wordCount":409,"publisher":{"@id":"https:\/\/primereando.com.ar\/#organization"},"image":{"@id":"https:\/\/primereando.com.ar\/index.php\/2026\/04\/28\/universidad-di-tella-la-confianza-en-el-gobierno-cayo-por-cuarto-mes-consecutivo\/124810\/#primaryimage"},"thumbnailUrl":"https:\/\/primereando.com.ar\/wp-content\/uploads\/2026\/04\/adorni-karina-coimas-3.jpeg","articleSection":["Actualidad"],"inLanguage":"es-AR"},{"@type":"WebPage","@id":"https:\/\/primereando.com.ar\/index.php\/2026\/04\/28\/universidad-di-tella-la-confianza-en-el-gobierno-cayo-por-cuarto-mes-consecutivo\/124810\/","url":"https:\/\/primereando.com.ar\/index.php\/2026\/04\/28\/universidad-di-tella-la-confianza-en-el-gobierno-cayo-por-cuarto-mes-consecutivo\/124810\/","name":"Universidad Di Tella: la confianza en el Gobierno cay\u00f3 por cuarto mes consecutivo - Primereando","isPartOf":{"@id":"https:\/\/primereando.com.ar\/#website"},"primaryImageOfPage":{"@id":"https:\/\/primereando.com.ar\/index.php\/2026\/04\/28\/universidad-di-tella-la-confianza-en-el-gobierno-cayo-por-cuarto-mes-consecutivo\/124810\/#primaryimage"},"image":{"@id":"https:\/\/primereando.com.ar\/index.php\/2026\/04\/28\/universidad-di-tella-la-confianza-en-el-gobierno-cayo-por-cuarto-mes-consecutivo\/124810\/#primaryimage"},"thumbnailUrl":"https:\/\/primereando.com.ar\/wp-content\/uploads\/2026\/04\/adorni-karina-coimas-3.jpeg","datePublished":"2026-04-28T15:01:36+00:00","dateModified":"2026-04-28T15:01:37+00:00","breadcrumb":{"@id":"https:\/\/primereando.com.ar\/index.php\/2026\/04\/28\/universidad-di-tella-la-confianza-en-el-gobierno-cayo-por-cuarto-mes-consecutivo\/124810\/#breadcrumb"},"inLanguage":"es-AR","potentialAction":[{"@type":"ReadAction","target":["https:\/\/primereando.com.ar\/index.php\/2026\/04\/28\/universidad-di-tella-la-confianza-en-el-gobierno-cayo-por-cuarto-mes-consecutivo\/124810\/"]}]},{"@type":"ImageObject","inLanguage":"es-AR","@id":"https:\/\/primereando.com.ar\/index.php\/2026\/04\/28\/universidad-di-tella-la-confianza-en-el-gobierno-cayo-por-cuarto-mes-consecutivo\/124810\/#primaryimage","url":"https:\/\/primereando.com.ar\/wp-content\/uploads\/2026\/04\/adorni-karina-coimas-3.jpeg","contentUrl":"https:\/\/primereando.com.ar\/wp-content\/uploads\/2026\/04\/adorni-karina-coimas-3.jpeg","width":773,"height":429},{"@type":"BreadcrumbList","@id":"https:\/\/primereando.com.ar\/index.php\/2026\/04\/28\/universidad-di-tella-la-confianza-en-el-gobierno-cayo-por-cuarto-mes-consecutivo\/124810\/#breadcrumb","itemListElement":[{"@type":"ListItem","position":1,"name":"Inicio","item":"https:\/\/primereando.com.ar\/"},{"@type":"ListItem","position":2,"name":"Universidad Di Tella: la confianza en el Gobierno cay\u00f3 por cuarto mes consecutivo"}]},{"@type":"WebSite","@id":"https:\/\/primereando.com.ar\/#website","url":"https:\/\/primereando.com.ar\/","name":"Primereando","description":"Portal de noticias de la Provincia de Buenos Aires","publisher":{"@id":"https:\/\/primereando.com.ar\/#organization"},"potentialAction":[{"@type":"SearchAction","target":{"@type":"EntryPoint","urlTemplate":"https:\/\/primereando.com.ar\/?s={search_term_string}"},"query-input":{"@type":"PropertyValueSpecification","valueRequired":true,"valueName":"search_term_string"}}],"inLanguage":"es-AR"},{"@type":"Organization","@id":"https:\/\/primereando.com.ar\/#organization","name":"Primereando","url":"https:\/\/primereando.com.ar\/","logo":{"@type":"ImageObject","inLanguage":"es-AR","@id":"https:\/\/primereando.com.ar\/#\/schema\/logo\/image\/","url":"https:\/\/primereando.com.ar\/wp-content\/uploads\/2021\/12\/primereando-logo.png","contentUrl":"https:\/\/primereando.com.ar\/wp-content\/uploads\/2021\/12\/primereando-logo.png","width":360,"height":96,"caption":"Primereando"},"image":{"@id":"https:\/\/primereando.com.ar\/#\/schema\/logo\/image\/"}},{"@type":"Person","@id":"https:\/\/primereando.com.ar\/#\/schema\/person\/163ed2710eec4fd8173e5e51bb8b23ee","name":"ignacio corsario","image":{"@type":"ImageObject","inLanguage":"es-AR","@id":"https:\/\/secure.gravatar.com\/avatar\/88fd77b01053dd79091962d2e6ed54169fabbaefae7619405afc209b70ff06d2?s=96&d=blank&r=g","url":"https:\/\/secure.gravatar.com\/avatar\/88fd77b01053dd79091962d2e6ed54169fabbaefae7619405afc209b70ff06d2?s=96&d=blank&r=g","contentUrl":"https:\/\/secure.gravatar.com\/avatar\/88fd77b01053dd79091962d2e6ed54169fabbaefae7619405afc209b70ff06d2?s=96&d=blank&r=g","caption":"ignacio corsario"},"url":"https:\/\/primereando.com.ar\/index.php\/author\/ignaciocorsario\/"}]}},"_links":{"self":[{"href":"https:\/\/primereando.com.ar\/index.php\/wp-json\/wp\/v2\/posts\/124810","targetHints":{"allow":["GET"]}}],"collection":[{"href":"https:\/\/primereando.com.ar\/index.php\/wp-json\/wp\/v2\/posts"}],"about":[{"href":"https:\/\/primereando.com.ar\/index.php\/wp-json\/wp\/v2\/types\/post"}],"author":[{"embeddable":true,"href":"https:\/\/primereando.com.ar\/index.php\/wp-json\/wp\/v2\/users\/8"}],"replies":[{"embeddable":true,"href":"https:\/\/primereando.com.ar\/index.php\/wp-json\/wp\/v2\/comments?post=124810"}],"version-history":[{"count":1,"href":"https:\/\/primereando.com.ar\/index.php\/wp-json\/wp\/v2\/posts\/124810\/revisions"}],"predecessor-version":[{"id":124814,"href":"https:\/\/primereando.com.ar\/index.php\/wp-json\/wp\/v2\/posts\/124810\/revisions\/124814"}],"wp:featuredmedia":[{"embeddable":true,"href":"https:\/\/primereando.com.ar\/index.php\/wp-json\/wp\/v2\/media\/124811"}],"wp:attachment":[{"href":"https:\/\/primereando.com.ar\/index.php\/wp-json\/wp\/v2\/media?parent=124810"}],"wp:term":[{"taxonomy":"category","embeddable":true,"href":"https:\/\/primereando.com.ar\/index.php\/wp-json\/wp\/v2\/categories?post=124810"},{"taxonomy":"post_tag","embeddable":true,"href":"https:\/\/primereando.com.ar\/index.php\/wp-json\/wp\/v2\/tags?post=124810"}],"curies":[{"name":"wp","href":"https:\/\/api.w.org\/{rel}","templated":true}]}}