{"id":124828,"date":"2026-04-29T09:14:40","date_gmt":"2026-04-29T12:14:40","guid":{"rendered":"https:\/\/primereando.com.ar\/?p=124828"},"modified":"2026-04-29T09:14:40","modified_gmt":"2026-04-29T12:14:40","slug":"caso-adorni-la-justicia-detecto-mas-viajes-esta-vez-a-rio-de-janeiro","status":"publish","type":"post","link":"https:\/\/primereando.com.ar\/index.php\/2026\/04\/29\/caso-adorni-la-justicia-detecto-mas-viajes-esta-vez-a-rio-de-janeiro\/124828\/","title":{"rendered":"Caso Adorni: la Justicia detect\u00f3 m\u00e1s viajes, esta vez a R\u00edo de Janeiro"},"content":{"rendered":"\n<h2 class=\"wp-block-heading\">El esc\u00e1ndalo que sacude al Gobierno sigue sumando cap\u00edtulos y, lejos de apaciguarse, incorpora nuevos elementos que profundizan las sospechas sobre el jefe de Gabinete, Manuel Adorni. La investigaci\u00f3n judicial por presunto enriquecimiento il\u00edcito avanza con foco en detalles cada vez m\u00e1s precisos de su patrimonio y sus movimientos. <\/h2>\n\n\n\n<p class=\"wp-block-paragraph\">En las \u00faltimas horas, la causa que instruye el <strong>fiscal federal Gerardo Pollicita<\/strong> puso la lupa sobre un <strong>viaje a R\u00edo de Janeiro realizado en julio de 2024, cuando Adorni a\u00fan se desempe\u00f1aba como vocero presidencial. <\/strong>Seg\u00fan consta en el expediente, <strong>el funcionario habr\u00eda permanecido en la ciudad brasile\u00f1a entre el 12 y el 23 de ese mes, en coincidencia con el receso invernal, acompa\u00f1ado por su pareja, Bettina Angeletti, y otros familiares.<\/strong><\/p>\n\n\n\n<p class=\"wp-block-paragraph\">La fiscal\u00eda confirm\u00f3 el desplazamiento a trav\u00e9s de registros oficiales de Migraciones y ahora busca reconstruir con precisi\u00f3n cada aspecto de la estad\u00eda: <strong>qui\u00e9n financi\u00f3 los pasajes<\/strong>, d\u00f3nde se hospedaron, <strong>cu\u00e1nto se gast\u00f3 en total y bajo qu\u00e9 modalidad se efectuaron los pagos<\/strong>. Este punto aparece como uno de los ejes m\u00e1s sensibles de la investigaci\u00f3n.<\/p>\n\n\n\n<p class=\"wp-block-paragraph\">El objetivo central es <strong>determinar si esos gastos \u2014y otras operaciones patrimoniales bajo an\u00e1lisis\u2014 guardan coherencia con los ingresos que Adorni declar\u00f3 ante la Oficina Anticorrupci\u00f3n<\/strong>. En ese marco, surgi\u00f3 otro dato que encendi\u00f3 alertas: un patr\u00f3n de viajes que, para los investigadores, resulta llamativo.<\/p>\n\n\n\n<p class=\"wp-block-paragraph\">De acuerdo con documentaci\u00f3n de la Direcci\u00f3n Nacional de Migraciones, <strong>Adorni y su entorno familiar habr\u00edan realizado al menos 17 viajes desde 2022 hasta la actualidad.<\/strong> Este volumen de desplazamientos fue incorporado al expediente como parte de un <strong>relevamiento m\u00e1s amplio sobre su nivel de gastos y estilo de vida.<\/strong><\/p>\n\n\n\n<p class=\"has-medium-font-size wp-block-paragraph\"><strong>Adorni suma millas en destinos internacionales<\/strong><\/p>\n\n\n\n<p class=\"wp-block-paragraph\"><strong>El viaje a Brasil, as\u00ed, deja de ser un hecho aislado y pasa a formar parte de un esquema m\u00e1s amplio que incluye destinos internacionales como Punta Cana, Canc\u00fan y Aruba<\/strong>, adem\u00e1s de m\u00faltiples traslados dentro del pa\u00eds. La fiscal\u00eda intenta ahora <strong>trazar un mapa completo de estos movimientos para evaluar si existe correspondencia con la evoluci\u00f3n patrimonial declarada<\/strong> por el funcionario desde su ingreso a la funci\u00f3n p\u00fablica.<\/p>\n\n\n\n<p class=\"wp-block-paragraph\">Para avanzar en esa reconstrucci\u00f3n, <strong>Pollicita solicit\u00f3 informaci\u00f3n detallada a organismos del sector aerocomercial, entre ellos la ANAC, EANA y distintas aerol\u00edneas.<\/strong> Los pedidos apuntan a obtener datos sobre vuelos, rutas, escalas, horarios y, especialmente, las formas de pago utilizadas.<\/p>\n\n\n\n<p class=\"wp-block-paragraph\">Con cada nueva medida, la causa suma volumen y complejidad, y refuerza la presi\u00f3n pol\u00edtica sobre el oficialismo en un escenario donde las revelaciones contin\u00faan acumul\u00e1ndose.<\/p>\n","protected":false},"excerpt":{"rendered":"<p>El esc\u00e1ndalo que sacude al Gobierno sigue sumando cap\u00edtulos y, lejos de apaciguarse, incorpora nuevos elementos que profundizan las sospechas sobre el jefe de Gabinete, Manuel Adorni. La investigaci\u00f3n judicial por presunto enriquecimiento il\u00edcito avanza con foco en detalles cada vez m\u00e1s precisos de su patrimonio y sus movimientos. En las \u00faltimas horas, la causa [&hellip;]<\/p>\n","protected":false},"author":8,"featured_media":124830,"comment_status":"closed","ping_status":"closed","sticky":false,"template":"","format":"standard","meta":{"footnotes":""},"categories":[5],"tags":[],"class_list":["post-124828","post","type-post","status-publish","format-standard","has-post-thumbnail","hentry","category-actualidad"],"yoast_head":"<!-- This site is optimized with the Yoast SEO plugin v28.4 - https:\/\/yoast.com\/product\/yoast-seo-wordpress\/ -->\n<title>Caso Adorni: la Justicia detect\u00f3 m\u00e1s viajes, esta vez a R\u00edo de Janeiro - Primereando<\/title>\n<meta name=\"robots\" content=\"index, follow, max-snippet:-1, max-image-preview:large, max-video-preview:-1\" \/>\n<link rel=\"canonical\" href=\"https:\/\/primereando.com.ar\/index.php\/2026\/04\/29\/caso-adorni-la-justicia-detecto-mas-viajes-esta-vez-a-rio-de-janeiro\/124828\/\" \/>\n<meta property=\"og:locale\" content=\"es_ES\" \/>\n<meta property=\"og:type\" content=\"article\" \/>\n<meta property=\"og:title\" content=\"Caso Adorni: la Justicia detect\u00f3 m\u00e1s viajes, esta vez a R\u00edo de Janeiro - Primereando\" \/>\n<meta property=\"og:description\" content=\"El esc\u00e1ndalo que sacude al Gobierno sigue sumando cap\u00edtulos y, lejos de apaciguarse, incorpora nuevos elementos que profundizan las sospechas sobre el jefe de Gabinete, Manuel Adorni. La investigaci\u00f3n judicial por presunto enriquecimiento il\u00edcito avanza con foco en detalles cada vez m\u00e1s precisos de su patrimonio y sus movimientos. En las \u00faltimas horas, la causa [&hellip;]\" \/>\n<meta property=\"og:url\" content=\"https:\/\/primereando.com.ar\/index.php\/2026\/04\/29\/caso-adorni-la-justicia-detecto-mas-viajes-esta-vez-a-rio-de-janeiro\/124828\/\" \/>\n<meta property=\"og:site_name\" content=\"Primereando\" \/>\n<meta property=\"article:published_time\" content=\"2026-04-29T12:14:40+00:00\" \/>\n<meta property=\"og:image\" content=\"https:\/\/primereando.com.ar\/wp-content\/uploads\/2026\/04\/Adorni-corrupcion-2026.jpg\" \/>\n\t<meta property=\"og:image:width\" content=\"768\" \/>\n\t<meta property=\"og:image:height\" content=\"432\" \/>\n\t<meta property=\"og:image:type\" content=\"image\/jpeg\" \/>\n<meta name=\"author\" content=\"ignacio corsario\" \/>\n<meta name=\"twitter:card\" content=\"summary_large_image\" \/>\n<meta name=\"twitter:label1\" content=\"Escrito por\" \/>\n\t<meta name=\"twitter:data1\" content=\"ignacio corsario\" \/>\n\t<meta name=\"twitter:label2\" content=\"Tiempo de lectura\" \/>\n\t<meta name=\"twitter:data2\" content=\"3 minutos\" \/>\n<script type=\"application\/ld+json\" class=\"yoast-schema-graph\">{\"@context\":\"https:\\\/\\\/schema.org\",\"@graph\":[{\"@type\":\"Article\",\"@id\":\"https:\\\/\\\/primereando.com.ar\\\/index.php\\\/2026\\\/04\\\/29\\\/caso-adorni-la-justicia-detecto-mas-viajes-esta-vez-a-rio-de-janeiro\\\/124828\\\/#article\",\"isPartOf\":{\"@id\":\"https:\\\/\\\/primereando.com.ar\\\/index.php\\\/2026\\\/04\\\/29\\\/caso-adorni-la-justicia-detecto-mas-viajes-esta-vez-a-rio-de-janeiro\\\/124828\\\/\"},\"author\":{\"name\":\"ignacio corsario\",\"@id\":\"https:\\\/\\\/primereando.com.ar\\\/#\\\/schema\\\/person\\\/163ed2710eec4fd8173e5e51bb8b23ee\"},\"headline\":\"Caso Adorni: la Justicia detect\u00f3 m\u00e1s viajes, esta vez a R\u00edo de Janeiro\",\"datePublished\":\"2026-04-29T12:14:40+00:00\",\"mainEntityOfPage\":{\"@id\":\"https:\\\/\\\/primereando.com.ar\\\/index.php\\\/2026\\\/04\\\/29\\\/caso-adorni-la-justicia-detecto-mas-viajes-esta-vez-a-rio-de-janeiro\\\/124828\\\/\"},\"wordCount\":468,\"publisher\":{\"@id\":\"https:\\\/\\\/primereando.com.ar\\\/#organization\"},\"image\":{\"@id\":\"https:\\\/\\\/primereando.com.ar\\\/index.php\\\/2026\\\/04\\\/29\\\/caso-adorni-la-justicia-detecto-mas-viajes-esta-vez-a-rio-de-janeiro\\\/124828\\\/#primaryimage\"},\"thumbnailUrl\":\"https:\\\/\\\/primereando.com.ar\\\/wp-content\\\/uploads\\\/2026\\\/04\\\/Adorni-corrupcion-2026.jpg\",\"articleSection\":[\"Actualidad\"],\"inLanguage\":\"es-AR\"},{\"@type\":\"WebPage\",\"@id\":\"https:\\\/\\\/primereando.com.ar\\\/index.php\\\/2026\\\/04\\\/29\\\/caso-adorni-la-justicia-detecto-mas-viajes-esta-vez-a-rio-de-janeiro\\\/124828\\\/\",\"url\":\"https:\\\/\\\/primereando.com.ar\\\/index.php\\\/2026\\\/04\\\/29\\\/caso-adorni-la-justicia-detecto-mas-viajes-esta-vez-a-rio-de-janeiro\\\/124828\\\/\",\"name\":\"Caso Adorni: la Justicia detect\u00f3 m\u00e1s viajes, esta vez a R\u00edo de Janeiro - Primereando\",\"isPartOf\":{\"@id\":\"https:\\\/\\\/primereando.com.ar\\\/#website\"},\"primaryImageOfPage\":{\"@id\":\"https:\\\/\\\/primereando.com.ar\\\/index.php\\\/2026\\\/04\\\/29\\\/caso-adorni-la-justicia-detecto-mas-viajes-esta-vez-a-rio-de-janeiro\\\/124828\\\/#primaryimage\"},\"image\":{\"@id\":\"https:\\\/\\\/primereando.com.ar\\\/index.php\\\/2026\\\/04\\\/29\\\/caso-adorni-la-justicia-detecto-mas-viajes-esta-vez-a-rio-de-janeiro\\\/124828\\\/#primaryimage\"},\"thumbnailUrl\":\"https:\\\/\\\/primereando.com.ar\\\/wp-content\\\/uploads\\\/2026\\\/04\\\/Adorni-corrupcion-2026.jpg\",\"datePublished\":\"2026-04-29T12:14:40+00:00\",\"breadcrumb\":{\"@id\":\"https:\\\/\\\/primereando.com.ar\\\/index.php\\\/2026\\\/04\\\/29\\\/caso-adorni-la-justicia-detecto-mas-viajes-esta-vez-a-rio-de-janeiro\\\/124828\\\/#breadcrumb\"},\"inLanguage\":\"es-AR\",\"potentialAction\":[{\"@type\":\"ReadAction\",\"target\":[\"https:\\\/\\\/primereando.com.ar\\\/index.php\\\/2026\\\/04\\\/29\\\/caso-adorni-la-justicia-detecto-mas-viajes-esta-vez-a-rio-de-janeiro\\\/124828\\\/\"]}]},{\"@type\":\"ImageObject\",\"inLanguage\":\"es-AR\",\"@id\":\"https:\\\/\\\/primereando.com.ar\\\/index.php\\\/2026\\\/04\\\/29\\\/caso-adorni-la-justicia-detecto-mas-viajes-esta-vez-a-rio-de-janeiro\\\/124828\\\/#primaryimage\",\"url\":\"https:\\\/\\\/primereando.com.ar\\\/wp-content\\\/uploads\\\/2026\\\/04\\\/Adorni-corrupcion-2026.jpg\",\"contentUrl\":\"https:\\\/\\\/primereando.com.ar\\\/wp-content\\\/uploads\\\/2026\\\/04\\\/Adorni-corrupcion-2026.jpg\",\"width\":768,\"height\":432},{\"@type\":\"BreadcrumbList\",\"@id\":\"https:\\\/\\\/primereando.com.ar\\\/index.php\\\/2026\\\/04\\\/29\\\/caso-adorni-la-justicia-detecto-mas-viajes-esta-vez-a-rio-de-janeiro\\\/124828\\\/#breadcrumb\",\"itemListElement\":[{\"@type\":\"ListItem\",\"position\":1,\"name\":\"Inicio\",\"item\":\"https:\\\/\\\/primereando.com.ar\\\/\"},{\"@type\":\"ListItem\",\"position\":2,\"name\":\"Caso Adorni: la Justicia detect\u00f3 m\u00e1s viajes, esta vez a R\u00edo de Janeiro\"}]},{\"@type\":\"WebSite\",\"@id\":\"https:\\\/\\\/primereando.com.ar\\\/#website\",\"url\":\"https:\\\/\\\/primereando.com.ar\\\/\",\"name\":\"Primereando\",\"description\":\"Portal de noticias de la Provincia de Buenos Aires\",\"publisher\":{\"@id\":\"https:\\\/\\\/primereando.com.ar\\\/#organization\"},\"potentialAction\":[{\"@type\":\"SearchAction\",\"target\":{\"@type\":\"EntryPoint\",\"urlTemplate\":\"https:\\\/\\\/primereando.com.ar\\\/?s={search_term_string}\"},\"query-input\":{\"@type\":\"PropertyValueSpecification\",\"valueRequired\":true,\"valueName\":\"search_term_string\"}}],\"inLanguage\":\"es-AR\"},{\"@type\":\"Organization\",\"@id\":\"https:\\\/\\\/primereando.com.ar\\\/#organization\",\"name\":\"Primereando\",\"url\":\"https:\\\/\\\/primereando.com.ar\\\/\",\"logo\":{\"@type\":\"ImageObject\",\"inLanguage\":\"es-AR\",\"@id\":\"https:\\\/\\\/primereando.com.ar\\\/#\\\/schema\\\/logo\\\/image\\\/\",\"url\":\"https:\\\/\\\/primereando.com.ar\\\/wp-content\\\/uploads\\\/2021\\\/12\\\/primereando-logo.png\",\"contentUrl\":\"https:\\\/\\\/primereando.com.ar\\\/wp-content\\\/uploads\\\/2021\\\/12\\\/primereando-logo.png\",\"width\":360,\"height\":96,\"caption\":\"Primereando\"},\"image\":{\"@id\":\"https:\\\/\\\/primereando.com.ar\\\/#\\\/schema\\\/logo\\\/image\\\/\"}},{\"@type\":\"Person\",\"@id\":\"https:\\\/\\\/primereando.com.ar\\\/#\\\/schema\\\/person\\\/163ed2710eec4fd8173e5e51bb8b23ee\",\"name\":\"ignacio corsario\",\"image\":{\"@type\":\"ImageObject\",\"inLanguage\":\"es-AR\",\"@id\":\"https:\\\/\\\/secure.gravatar.com\\\/avatar\\\/88fd77b01053dd79091962d2e6ed54169fabbaefae7619405afc209b70ff06d2?s=96&d=blank&r=g\",\"url\":\"https:\\\/\\\/secure.gravatar.com\\\/avatar\\\/88fd77b01053dd79091962d2e6ed54169fabbaefae7619405afc209b70ff06d2?s=96&d=blank&r=g\",\"contentUrl\":\"https:\\\/\\\/secure.gravatar.com\\\/avatar\\\/88fd77b01053dd79091962d2e6ed54169fabbaefae7619405afc209b70ff06d2?s=96&d=blank&r=g\",\"caption\":\"ignacio corsario\"},\"url\":\"https:\\\/\\\/primereando.com.ar\\\/index.php\\\/author\\\/ignaciocorsario\\\/\"}]}<\/script>\n<!-- \/ Yoast SEO plugin. -->","yoast_head_json":{"title":"Caso Adorni: la Justicia detect\u00f3 m\u00e1s viajes, esta vez a R\u00edo de Janeiro - Primereando","robots":{"index":"index","follow":"follow","max-snippet":"max-snippet:-1","max-image-preview":"max-image-preview:large","max-video-preview":"max-video-preview:-1"},"canonical":"https:\/\/primereando.com.ar\/index.php\/2026\/04\/29\/caso-adorni-la-justicia-detecto-mas-viajes-esta-vez-a-rio-de-janeiro\/124828\/","og_locale":"es_ES","og_type":"article","og_title":"Caso Adorni: la Justicia detect\u00f3 m\u00e1s viajes, esta vez a R\u00edo de Janeiro - Primereando","og_description":"El esc\u00e1ndalo que sacude al Gobierno sigue sumando cap\u00edtulos y, lejos de apaciguarse, incorpora nuevos elementos que profundizan las sospechas sobre el jefe de Gabinete, Manuel Adorni. La investigaci\u00f3n judicial por presunto enriquecimiento il\u00edcito avanza con foco en detalles cada vez m\u00e1s precisos de su patrimonio y sus movimientos. En las \u00faltimas horas, la causa [&hellip;]","og_url":"https:\/\/primereando.com.ar\/index.php\/2026\/04\/29\/caso-adorni-la-justicia-detecto-mas-viajes-esta-vez-a-rio-de-janeiro\/124828\/","og_site_name":"Primereando","article_published_time":"2026-04-29T12:14:40+00:00","og_image":[{"width":768,"height":432,"url":"https:\/\/primereando.com.ar\/wp-content\/uploads\/2026\/04\/Adorni-corrupcion-2026.jpg","type":"image\/jpeg"}],"author":"ignacio corsario","twitter_card":"summary_large_image","twitter_misc":{"Escrito por":"ignacio corsario","Tiempo de lectura":"3 minutos"},"schema":{"@context":"https:\/\/schema.org","@graph":[{"@type":"Article","@id":"https:\/\/primereando.com.ar\/index.php\/2026\/04\/29\/caso-adorni-la-justicia-detecto-mas-viajes-esta-vez-a-rio-de-janeiro\/124828\/#article","isPartOf":{"@id":"https:\/\/primereando.com.ar\/index.php\/2026\/04\/29\/caso-adorni-la-justicia-detecto-mas-viajes-esta-vez-a-rio-de-janeiro\/124828\/"},"author":{"name":"ignacio corsario","@id":"https:\/\/primereando.com.ar\/#\/schema\/person\/163ed2710eec4fd8173e5e51bb8b23ee"},"headline":"Caso Adorni: la Justicia detect\u00f3 m\u00e1s viajes, esta vez a R\u00edo de Janeiro","datePublished":"2026-04-29T12:14:40+00:00","mainEntityOfPage":{"@id":"https:\/\/primereando.com.ar\/index.php\/2026\/04\/29\/caso-adorni-la-justicia-detecto-mas-viajes-esta-vez-a-rio-de-janeiro\/124828\/"},"wordCount":468,"publisher":{"@id":"https:\/\/primereando.com.ar\/#organization"},"image":{"@id":"https:\/\/primereando.com.ar\/index.php\/2026\/04\/29\/caso-adorni-la-justicia-detecto-mas-viajes-esta-vez-a-rio-de-janeiro\/124828\/#primaryimage"},"thumbnailUrl":"https:\/\/primereando.com.ar\/wp-content\/uploads\/2026\/04\/Adorni-corrupcion-2026.jpg","articleSection":["Actualidad"],"inLanguage":"es-AR"},{"@type":"WebPage","@id":"https:\/\/primereando.com.ar\/index.php\/2026\/04\/29\/caso-adorni-la-justicia-detecto-mas-viajes-esta-vez-a-rio-de-janeiro\/124828\/","url":"https:\/\/primereando.com.ar\/index.php\/2026\/04\/29\/caso-adorni-la-justicia-detecto-mas-viajes-esta-vez-a-rio-de-janeiro\/124828\/","name":"Caso Adorni: la Justicia detect\u00f3 m\u00e1s viajes, esta vez a R\u00edo de Janeiro - Primereando","isPartOf":{"@id":"https:\/\/primereando.com.ar\/#website"},"primaryImageOfPage":{"@id":"https:\/\/primereando.com.ar\/index.php\/2026\/04\/29\/caso-adorni-la-justicia-detecto-mas-viajes-esta-vez-a-rio-de-janeiro\/124828\/#primaryimage"},"image":{"@id":"https:\/\/primereando.com.ar\/index.php\/2026\/04\/29\/caso-adorni-la-justicia-detecto-mas-viajes-esta-vez-a-rio-de-janeiro\/124828\/#primaryimage"},"thumbnailUrl":"https:\/\/primereando.com.ar\/wp-content\/uploads\/2026\/04\/Adorni-corrupcion-2026.jpg","datePublished":"2026-04-29T12:14:40+00:00","breadcrumb":{"@id":"https:\/\/primereando.com.ar\/index.php\/2026\/04\/29\/caso-adorni-la-justicia-detecto-mas-viajes-esta-vez-a-rio-de-janeiro\/124828\/#breadcrumb"},"inLanguage":"es-AR","potentialAction":[{"@type":"ReadAction","target":["https:\/\/primereando.com.ar\/index.php\/2026\/04\/29\/caso-adorni-la-justicia-detecto-mas-viajes-esta-vez-a-rio-de-janeiro\/124828\/"]}]},{"@type":"ImageObject","inLanguage":"es-AR","@id":"https:\/\/primereando.com.ar\/index.php\/2026\/04\/29\/caso-adorni-la-justicia-detecto-mas-viajes-esta-vez-a-rio-de-janeiro\/124828\/#primaryimage","url":"https:\/\/primereando.com.ar\/wp-content\/uploads\/2026\/04\/Adorni-corrupcion-2026.jpg","contentUrl":"https:\/\/primereando.com.ar\/wp-content\/uploads\/2026\/04\/Adorni-corrupcion-2026.jpg","width":768,"height":432},{"@type":"BreadcrumbList","@id":"https:\/\/primereando.com.ar\/index.php\/2026\/04\/29\/caso-adorni-la-justicia-detecto-mas-viajes-esta-vez-a-rio-de-janeiro\/124828\/#breadcrumb","itemListElement":[{"@type":"ListItem","position":1,"name":"Inicio","item":"https:\/\/primereando.com.ar\/"},{"@type":"ListItem","position":2,"name":"Caso Adorni: la Justicia detect\u00f3 m\u00e1s viajes, esta vez a R\u00edo de Janeiro"}]},{"@type":"WebSite","@id":"https:\/\/primereando.com.ar\/#website","url":"https:\/\/primereando.com.ar\/","name":"Primereando","description":"Portal de noticias de la Provincia de Buenos Aires","publisher":{"@id":"https:\/\/primereando.com.ar\/#organization"},"potentialAction":[{"@type":"SearchAction","target":{"@type":"EntryPoint","urlTemplate":"https:\/\/primereando.com.ar\/?s={search_term_string}"},"query-input":{"@type":"PropertyValueSpecification","valueRequired":true,"valueName":"search_term_string"}}],"inLanguage":"es-AR"},{"@type":"Organization","@id":"https:\/\/primereando.com.ar\/#organization","name":"Primereando","url":"https:\/\/primereando.com.ar\/","logo":{"@type":"ImageObject","inLanguage":"es-AR","@id":"https:\/\/primereando.com.ar\/#\/schema\/logo\/image\/","url":"https:\/\/primereando.com.ar\/wp-content\/uploads\/2021\/12\/primereando-logo.png","contentUrl":"https:\/\/primereando.com.ar\/wp-content\/uploads\/2021\/12\/primereando-logo.png","width":360,"height":96,"caption":"Primereando"},"image":{"@id":"https:\/\/primereando.com.ar\/#\/schema\/logo\/image\/"}},{"@type":"Person","@id":"https:\/\/primereando.com.ar\/#\/schema\/person\/163ed2710eec4fd8173e5e51bb8b23ee","name":"ignacio corsario","image":{"@type":"ImageObject","inLanguage":"es-AR","@id":"https:\/\/secure.gravatar.com\/avatar\/88fd77b01053dd79091962d2e6ed54169fabbaefae7619405afc209b70ff06d2?s=96&d=blank&r=g","url":"https:\/\/secure.gravatar.com\/avatar\/88fd77b01053dd79091962d2e6ed54169fabbaefae7619405afc209b70ff06d2?s=96&d=blank&r=g","contentUrl":"https:\/\/secure.gravatar.com\/avatar\/88fd77b01053dd79091962d2e6ed54169fabbaefae7619405afc209b70ff06d2?s=96&d=blank&r=g","caption":"ignacio corsario"},"url":"https:\/\/primereando.com.ar\/index.php\/author\/ignaciocorsario\/"}]}},"_links":{"self":[{"href":"https:\/\/primereando.com.ar\/index.php\/wp-json\/wp\/v2\/posts\/124828","targetHints":{"allow":["GET"]}}],"collection":[{"href":"https:\/\/primereando.com.ar\/index.php\/wp-json\/wp\/v2\/posts"}],"about":[{"href":"https:\/\/primereando.com.ar\/index.php\/wp-json\/wp\/v2\/types\/post"}],"author":[{"embeddable":true,"href":"https:\/\/primereando.com.ar\/index.php\/wp-json\/wp\/v2\/users\/8"}],"replies":[{"embeddable":true,"href":"https:\/\/primereando.com.ar\/index.php\/wp-json\/wp\/v2\/comments?post=124828"}],"version-history":[{"count":1,"href":"https:\/\/primereando.com.ar\/index.php\/wp-json\/wp\/v2\/posts\/124828\/revisions"}],"predecessor-version":[{"id":124831,"href":"https:\/\/primereando.com.ar\/index.php\/wp-json\/wp\/v2\/posts\/124828\/revisions\/124831"}],"wp:featuredmedia":[{"embeddable":true,"href":"https:\/\/primereando.com.ar\/index.php\/wp-json\/wp\/v2\/media\/124830"}],"wp:attachment":[{"href":"https:\/\/primereando.com.ar\/index.php\/wp-json\/wp\/v2\/media?parent=124828"}],"wp:term":[{"taxonomy":"category","embeddable":true,"href":"https:\/\/primereando.com.ar\/index.php\/wp-json\/wp\/v2\/categories?post=124828"},{"taxonomy":"post_tag","embeddable":true,"href":"https:\/\/primereando.com.ar\/index.php\/wp-json\/wp\/v2\/tags?post=124828"}],"curies":[{"name":"wp","href":"https:\/\/api.w.org\/{rel}","templated":true}]}}