{"id":124835,"date":"2026-04-29T09:29:16","date_gmt":"2026-04-29T12:29:16","guid":{"rendered":"https:\/\/primereando.com.ar\/?p=124835"},"modified":"2026-04-29T09:29:17","modified_gmt":"2026-04-29T12:29:17","slug":"rocca-se-reunio-con-macri-y-explora-una-alternativa-a-milei-de-derecha-mas-racional","status":"publish","type":"post","link":"https:\/\/primereando.com.ar\/index.php\/2026\/04\/29\/rocca-se-reunio-con-macri-y-explora-una-alternativa-a-milei-de-derecha-mas-racional\/124835\/","title":{"rendered":"Rocca se reuni\u00f3 con Macri y explora una alternativa a Milei de &#8220;derecha m\u00e1s racional&#8221;"},"content":{"rendered":"\n<p class=\"wp-block-paragraph\"><strong>Una reuni\u00f3n entre Paolo Rocca y Mauricio Macri que se mantuvo en reserva durante d\u00edas \u2014sin fotos y sin comunicado oficial\u2014 encendi\u00f3 las alarmas en el entorno del presidente Javier Milei cuando los detalles comenzaron a trascender. <\/strong><\/p>\n\n\n\n<p class=\"wp-block-paragraph\">El encuentro se celebr\u00f3 en la residencia del CEO del Grupo Techint e incluy\u00f3 un an\u00e1lisis de la situaci\u00f3n econ\u00f3mica del pa\u00eds y del rumbo pol\u00edtico del Gobierno nacional. Seg\u00fan versiones coincidentes, Rocca fue directo: <strong>le pregunt\u00f3 a Macri si exist\u00eda alguna posibilidad de tener una alternativa m\u00e1s racional en la presidencia de cara a 2027<\/strong>. <\/p>\n\n\n\n<p class=\"wp-block-paragraph\">El planteo del due\u00f1o de Techint no se limit\u00f3 a los intereses de su propio grupo empresarial, sino que habl\u00f3 en nombre de un sector m\u00e1s amplio del empresariado industrial, transmitiendo una preocupaci\u00f3n compartida sobre el futuro. El malestar tiene historia: los choques entre Rocca y Milei se acumularon a lo largo de los \u00faltimos meses, desde que el gobierno adjudic\u00f3 a la firma india Welspun el suministro de tubos para el gasoducto entre Vaca Muerta y R\u00edo Negro, hasta que el propio presidente calific\u00f3 p\u00fablicamente al empresario de &#8220;don chatarr\u00edn&#8221; y lo acus\u00f3 de haber apostado al fracaso electoral de La Libertad Avanza. <\/p>\n\n\n\n<p class=\"wp-block-paragraph\">Mientras la miner\u00eda y el campo traccionan hacia arriba, la industria y el comercio siguen en retroceso, una asimetr\u00eda que alimenta el distanciamiento entre el Gobierno y los grandes grupos manufactureros.<\/p>\n\n\n\n<p class=\"wp-block-paragraph\">Macri respondi\u00f3 que estaba trabajando en un proyecto superador y que buscaba que el PRO creciera y pudiera presentar una alternativa, sin descartar encabezarlo \u00e9l mismo aunque hablando en plural. La conversaci\u00f3n se inscribe en un momento en que la relaci\u00f3n entre Milei y parte del denominado &#8220;c\u00edrculo rojo&#8221; muestra se\u00f1ales crecientes de tensi\u00f3n, y en el que el expresidente lleva adelante una serie de encuentros reservados con figuras de la econom\u00eda y la pol\u00edtica que reconfiguran el mapa opositor no peronista. <\/p>\n\n\n\n<p class=\"wp-block-paragraph\">Cuando Milei vio circular la foto del encuentro entre ambos, su reacci\u00f3n fue un silencio que quienes lo rodeaban describieron como &#8220;atronador&#8221;. La imagen condensa algo m\u00e1s que una reuni\u00f3n entre dos figuras del poder: refleja el movimiento subterr\u00e1neo de un sector empresarial que, sin pronunciarse p\u00fablicamente contra el Gobierno, empieza a explorar alternativas para el ciclo pol\u00edtico que se abre en 2027. El planteo de Rocca suma presi\u00f3n concreta para que el macrismo defina su rol en los pr\u00f3ximos a\u00f1os, en un escenario donde el apoyo del &#8220;c\u00edrculo rojo&#8221; ya no puede darse por garantizado. <\/p>\n","protected":false},"excerpt":{"rendered":"<p>Una reuni\u00f3n entre Paolo Rocca y Mauricio Macri que se mantuvo en reserva durante d\u00edas \u2014sin fotos y sin comunicado oficial\u2014 encendi\u00f3 las alarmas en el entorno del presidente Javier Milei cuando los detalles comenzaron a trascender. El encuentro se celebr\u00f3 en la residencia del CEO del Grupo Techint e incluy\u00f3 un an\u00e1lisis de la [&hellip;]<\/p>\n","protected":false},"author":4,"featured_media":121030,"comment_status":"closed","ping_status":"closed","sticky":false,"template":"","format":"standard","meta":{"footnotes":""},"categories":[5],"tags":[],"class_list":["post-124835","post","type-post","status-publish","format-standard","has-post-thumbnail","hentry","category-actualidad"],"yoast_head":"<!-- This site is optimized with the Yoast SEO plugin v28.4 - https:\/\/yoast.com\/product\/yoast-seo-wordpress\/ -->\n<title>Rocca se reuni\u00f3 con Macri y explora una alternativa a Milei de &quot;derecha m\u00e1s racional&quot; - Primereando<\/title>\n<meta name=\"robots\" content=\"index, follow, max-snippet:-1, max-image-preview:large, max-video-preview:-1\" \/>\n<link rel=\"canonical\" href=\"https:\/\/primereando.com.ar\/index.php\/2026\/04\/29\/rocca-se-reunio-con-macri-y-explora-una-alternativa-a-milei-de-derecha-mas-racional\/124835\/\" \/>\n<meta property=\"og:locale\" content=\"es_ES\" \/>\n<meta property=\"og:type\" content=\"article\" \/>\n<meta property=\"og:title\" content=\"Rocca se reuni\u00f3 con Macri y explora una alternativa a Milei de &quot;derecha m\u00e1s racional&quot; - Primereando\" \/>\n<meta property=\"og:description\" content=\"Una reuni\u00f3n entre Paolo Rocca y Mauricio Macri que se mantuvo en reserva durante d\u00edas \u2014sin fotos y sin comunicado oficial\u2014 encendi\u00f3 las alarmas en el entorno del presidente Javier Milei cuando los detalles comenzaron a trascender. El encuentro se celebr\u00f3 en la residencia del CEO del Grupo Techint e incluy\u00f3 un an\u00e1lisis de la [&hellip;]\" \/>\n<meta property=\"og:url\" content=\"https:\/\/primereando.com.ar\/index.php\/2026\/04\/29\/rocca-se-reunio-con-macri-y-explora-una-alternativa-a-milei-de-derecha-mas-racional\/124835\/\" \/>\n<meta property=\"og:site_name\" content=\"Primereando\" \/>\n<meta property=\"article:published_time\" content=\"2026-04-29T12:29:16+00:00\" \/>\n<meta property=\"article:modified_time\" content=\"2026-04-29T12:29:17+00:00\" \/>\n<meta property=\"og:image\" content=\"https:\/\/primereando.com.ar\/wp-content\/uploads\/2025\/08\/rocca-techint.jpeg\" \/>\n\t<meta property=\"og:image:width\" content=\"1600\" \/>\n\t<meta property=\"og:image:height\" content=\"1066\" \/>\n\t<meta property=\"og:image:type\" content=\"image\/jpeg\" \/>\n<meta name=\"author\" content=\"Quique\" \/>\n<meta name=\"twitter:card\" content=\"summary_large_image\" \/>\n<meta name=\"twitter:label1\" content=\"Escrito por\" \/>\n\t<meta name=\"twitter:data1\" content=\"Quique\" \/>\n\t<meta name=\"twitter:label2\" content=\"Tiempo de lectura\" \/>\n\t<meta name=\"twitter:data2\" content=\"3 minutos\" \/>\n<script type=\"application\/ld+json\" class=\"yoast-schema-graph\">{\"@context\":\"https:\\\/\\\/schema.org\",\"@graph\":[{\"@type\":\"Article\",\"@id\":\"https:\\\/\\\/primereando.com.ar\\\/index.php\\\/2026\\\/04\\\/29\\\/rocca-se-reunio-con-macri-y-explora-una-alternativa-a-milei-de-derecha-mas-racional\\\/124835\\\/#article\",\"isPartOf\":{\"@id\":\"https:\\\/\\\/primereando.com.ar\\\/index.php\\\/2026\\\/04\\\/29\\\/rocca-se-reunio-con-macri-y-explora-una-alternativa-a-milei-de-derecha-mas-racional\\\/124835\\\/\"},\"author\":{\"name\":\"Quique\",\"@id\":\"https:\\\/\\\/primereando.com.ar\\\/#\\\/schema\\\/person\\\/4e63931e01f10f9b83b868233258d3d3\"},\"headline\":\"Rocca se reuni\u00f3 con Macri y explora una alternativa a Milei de &#8220;derecha m\u00e1s racional&#8221;\",\"datePublished\":\"2026-04-29T12:29:16+00:00\",\"dateModified\":\"2026-04-29T12:29:17+00:00\",\"mainEntityOfPage\":{\"@id\":\"https:\\\/\\\/primereando.com.ar\\\/index.php\\\/2026\\\/04\\\/29\\\/rocca-se-reunio-con-macri-y-explora-una-alternativa-a-milei-de-derecha-mas-racional\\\/124835\\\/\"},\"wordCount\":455,\"publisher\":{\"@id\":\"https:\\\/\\\/primereando.com.ar\\\/#organization\"},\"image\":{\"@id\":\"https:\\\/\\\/primereando.com.ar\\\/index.php\\\/2026\\\/04\\\/29\\\/rocca-se-reunio-con-macri-y-explora-una-alternativa-a-milei-de-derecha-mas-racional\\\/124835\\\/#primaryimage\"},\"thumbnailUrl\":\"https:\\\/\\\/primereando.com.ar\\\/wp-content\\\/uploads\\\/2025\\\/08\\\/rocca-techint.jpeg\",\"articleSection\":[\"Actualidad\"],\"inLanguage\":\"es-AR\"},{\"@type\":\"WebPage\",\"@id\":\"https:\\\/\\\/primereando.com.ar\\\/index.php\\\/2026\\\/04\\\/29\\\/rocca-se-reunio-con-macri-y-explora-una-alternativa-a-milei-de-derecha-mas-racional\\\/124835\\\/\",\"url\":\"https:\\\/\\\/primereando.com.ar\\\/index.php\\\/2026\\\/04\\\/29\\\/rocca-se-reunio-con-macri-y-explora-una-alternativa-a-milei-de-derecha-mas-racional\\\/124835\\\/\",\"name\":\"Rocca se reuni\u00f3 con Macri y explora una alternativa a Milei de \\\"derecha m\u00e1s racional\\\" - Primereando\",\"isPartOf\":{\"@id\":\"https:\\\/\\\/primereando.com.ar\\\/#website\"},\"primaryImageOfPage\":{\"@id\":\"https:\\\/\\\/primereando.com.ar\\\/index.php\\\/2026\\\/04\\\/29\\\/rocca-se-reunio-con-macri-y-explora-una-alternativa-a-milei-de-derecha-mas-racional\\\/124835\\\/#primaryimage\"},\"image\":{\"@id\":\"https:\\\/\\\/primereando.com.ar\\\/index.php\\\/2026\\\/04\\\/29\\\/rocca-se-reunio-con-macri-y-explora-una-alternativa-a-milei-de-derecha-mas-racional\\\/124835\\\/#primaryimage\"},\"thumbnailUrl\":\"https:\\\/\\\/primereando.com.ar\\\/wp-content\\\/uploads\\\/2025\\\/08\\\/rocca-techint.jpeg\",\"datePublished\":\"2026-04-29T12:29:16+00:00\",\"dateModified\":\"2026-04-29T12:29:17+00:00\",\"breadcrumb\":{\"@id\":\"https:\\\/\\\/primereando.com.ar\\\/index.php\\\/2026\\\/04\\\/29\\\/rocca-se-reunio-con-macri-y-explora-una-alternativa-a-milei-de-derecha-mas-racional\\\/124835\\\/#breadcrumb\"},\"inLanguage\":\"es-AR\",\"potentialAction\":[{\"@type\":\"ReadAction\",\"target\":[\"https:\\\/\\\/primereando.com.ar\\\/index.php\\\/2026\\\/04\\\/29\\\/rocca-se-reunio-con-macri-y-explora-una-alternativa-a-milei-de-derecha-mas-racional\\\/124835\\\/\"]}]},{\"@type\":\"ImageObject\",\"inLanguage\":\"es-AR\",\"@id\":\"https:\\\/\\\/primereando.com.ar\\\/index.php\\\/2026\\\/04\\\/29\\\/rocca-se-reunio-con-macri-y-explora-una-alternativa-a-milei-de-derecha-mas-racional\\\/124835\\\/#primaryimage\",\"url\":\"https:\\\/\\\/primereando.com.ar\\\/wp-content\\\/uploads\\\/2025\\\/08\\\/rocca-techint.jpeg\",\"contentUrl\":\"https:\\\/\\\/primereando.com.ar\\\/wp-content\\\/uploads\\\/2025\\\/08\\\/rocca-techint.jpeg\",\"width\":1600,\"height\":1066},{\"@type\":\"BreadcrumbList\",\"@id\":\"https:\\\/\\\/primereando.com.ar\\\/index.php\\\/2026\\\/04\\\/29\\\/rocca-se-reunio-con-macri-y-explora-una-alternativa-a-milei-de-derecha-mas-racional\\\/124835\\\/#breadcrumb\",\"itemListElement\":[{\"@type\":\"ListItem\",\"position\":1,\"name\":\"Inicio\",\"item\":\"https:\\\/\\\/primereando.com.ar\\\/\"},{\"@type\":\"ListItem\",\"position\":2,\"name\":\"Rocca se reuni\u00f3 con Macri y explora una alternativa a Milei de &#8220;derecha m\u00e1s racional&#8221;\"}]},{\"@type\":\"WebSite\",\"@id\":\"https:\\\/\\\/primereando.com.ar\\\/#website\",\"url\":\"https:\\\/\\\/primereando.com.ar\\\/\",\"name\":\"Primereando\",\"description\":\"Portal de noticias de la Provincia de Buenos Aires\",\"publisher\":{\"@id\":\"https:\\\/\\\/primereando.com.ar\\\/#organization\"},\"potentialAction\":[{\"@type\":\"SearchAction\",\"target\":{\"@type\":\"EntryPoint\",\"urlTemplate\":\"https:\\\/\\\/primereando.com.ar\\\/?s={search_term_string}\"},\"query-input\":{\"@type\":\"PropertyValueSpecification\",\"valueRequired\":true,\"valueName\":\"search_term_string\"}}],\"inLanguage\":\"es-AR\"},{\"@type\":\"Organization\",\"@id\":\"https:\\\/\\\/primereando.com.ar\\\/#organization\",\"name\":\"Primereando\",\"url\":\"https:\\\/\\\/primereando.com.ar\\\/\",\"logo\":{\"@type\":\"ImageObject\",\"inLanguage\":\"es-AR\",\"@id\":\"https:\\\/\\\/primereando.com.ar\\\/#\\\/schema\\\/logo\\\/image\\\/\",\"url\":\"https:\\\/\\\/primereando.com.ar\\\/wp-content\\\/uploads\\\/2021\\\/12\\\/primereando-logo.png\",\"contentUrl\":\"https:\\\/\\\/primereando.com.ar\\\/wp-content\\\/uploads\\\/2021\\\/12\\\/primereando-logo.png\",\"width\":360,\"height\":96,\"caption\":\"Primereando\"},\"image\":{\"@id\":\"https:\\\/\\\/primereando.com.ar\\\/#\\\/schema\\\/logo\\\/image\\\/\"}},{\"@type\":\"Person\",\"@id\":\"https:\\\/\\\/primereando.com.ar\\\/#\\\/schema\\\/person\\\/4e63931e01f10f9b83b868233258d3d3\",\"name\":\"Quique\",\"image\":{\"@type\":\"ImageObject\",\"inLanguage\":\"es-AR\",\"@id\":\"https:\\\/\\\/secure.gravatar.com\\\/avatar\\\/b59b9a051963473b9167e1994f9d9bceb0bfcf81b12fa216e38bdbf315e58be9?s=96&d=blank&r=g\",\"url\":\"https:\\\/\\\/secure.gravatar.com\\\/avatar\\\/b59b9a051963473b9167e1994f9d9bceb0bfcf81b12fa216e38bdbf315e58be9?s=96&d=blank&r=g\",\"contentUrl\":\"https:\\\/\\\/secure.gravatar.com\\\/avatar\\\/b59b9a051963473b9167e1994f9d9bceb0bfcf81b12fa216e38bdbf315e58be9?s=96&d=blank&r=g\",\"caption\":\"Quique\"},\"url\":\"https:\\\/\\\/primereando.com.ar\\\/index.php\\\/author\\\/quique\\\/\"}]}<\/script>\n<!-- \/ Yoast SEO plugin. -->","yoast_head_json":{"title":"Rocca se reuni\u00f3 con Macri y explora una alternativa a Milei de \"derecha m\u00e1s racional\" - Primereando","robots":{"index":"index","follow":"follow","max-snippet":"max-snippet:-1","max-image-preview":"max-image-preview:large","max-video-preview":"max-video-preview:-1"},"canonical":"https:\/\/primereando.com.ar\/index.php\/2026\/04\/29\/rocca-se-reunio-con-macri-y-explora-una-alternativa-a-milei-de-derecha-mas-racional\/124835\/","og_locale":"es_ES","og_type":"article","og_title":"Rocca se reuni\u00f3 con Macri y explora una alternativa a Milei de \"derecha m\u00e1s racional\" - Primereando","og_description":"Una reuni\u00f3n entre Paolo Rocca y Mauricio Macri que se mantuvo en reserva durante d\u00edas \u2014sin fotos y sin comunicado oficial\u2014 encendi\u00f3 las alarmas en el entorno del presidente Javier Milei cuando los detalles comenzaron a trascender. El encuentro se celebr\u00f3 en la residencia del CEO del Grupo Techint e incluy\u00f3 un an\u00e1lisis de la [&hellip;]","og_url":"https:\/\/primereando.com.ar\/index.php\/2026\/04\/29\/rocca-se-reunio-con-macri-y-explora-una-alternativa-a-milei-de-derecha-mas-racional\/124835\/","og_site_name":"Primereando","article_published_time":"2026-04-29T12:29:16+00:00","article_modified_time":"2026-04-29T12:29:17+00:00","og_image":[{"width":1600,"height":1066,"url":"https:\/\/primereando.com.ar\/wp-content\/uploads\/2025\/08\/rocca-techint.jpeg","type":"image\/jpeg"}],"author":"Quique","twitter_card":"summary_large_image","twitter_misc":{"Escrito por":"Quique","Tiempo de lectura":"3 minutos"},"schema":{"@context":"https:\/\/schema.org","@graph":[{"@type":"Article","@id":"https:\/\/primereando.com.ar\/index.php\/2026\/04\/29\/rocca-se-reunio-con-macri-y-explora-una-alternativa-a-milei-de-derecha-mas-racional\/124835\/#article","isPartOf":{"@id":"https:\/\/primereando.com.ar\/index.php\/2026\/04\/29\/rocca-se-reunio-con-macri-y-explora-una-alternativa-a-milei-de-derecha-mas-racional\/124835\/"},"author":{"name":"Quique","@id":"https:\/\/primereando.com.ar\/#\/schema\/person\/4e63931e01f10f9b83b868233258d3d3"},"headline":"Rocca se reuni\u00f3 con Macri y explora una alternativa a Milei de &#8220;derecha m\u00e1s racional&#8221;","datePublished":"2026-04-29T12:29:16+00:00","dateModified":"2026-04-29T12:29:17+00:00","mainEntityOfPage":{"@id":"https:\/\/primereando.com.ar\/index.php\/2026\/04\/29\/rocca-se-reunio-con-macri-y-explora-una-alternativa-a-milei-de-derecha-mas-racional\/124835\/"},"wordCount":455,"publisher":{"@id":"https:\/\/primereando.com.ar\/#organization"},"image":{"@id":"https:\/\/primereando.com.ar\/index.php\/2026\/04\/29\/rocca-se-reunio-con-macri-y-explora-una-alternativa-a-milei-de-derecha-mas-racional\/124835\/#primaryimage"},"thumbnailUrl":"https:\/\/primereando.com.ar\/wp-content\/uploads\/2025\/08\/rocca-techint.jpeg","articleSection":["Actualidad"],"inLanguage":"es-AR"},{"@type":"WebPage","@id":"https:\/\/primereando.com.ar\/index.php\/2026\/04\/29\/rocca-se-reunio-con-macri-y-explora-una-alternativa-a-milei-de-derecha-mas-racional\/124835\/","url":"https:\/\/primereando.com.ar\/index.php\/2026\/04\/29\/rocca-se-reunio-con-macri-y-explora-una-alternativa-a-milei-de-derecha-mas-racional\/124835\/","name":"Rocca se reuni\u00f3 con Macri y explora una alternativa a Milei de \"derecha m\u00e1s racional\" - Primereando","isPartOf":{"@id":"https:\/\/primereando.com.ar\/#website"},"primaryImageOfPage":{"@id":"https:\/\/primereando.com.ar\/index.php\/2026\/04\/29\/rocca-se-reunio-con-macri-y-explora-una-alternativa-a-milei-de-derecha-mas-racional\/124835\/#primaryimage"},"image":{"@id":"https:\/\/primereando.com.ar\/index.php\/2026\/04\/29\/rocca-se-reunio-con-macri-y-explora-una-alternativa-a-milei-de-derecha-mas-racional\/124835\/#primaryimage"},"thumbnailUrl":"https:\/\/primereando.com.ar\/wp-content\/uploads\/2025\/08\/rocca-techint.jpeg","datePublished":"2026-04-29T12:29:16+00:00","dateModified":"2026-04-29T12:29:17+00:00","breadcrumb":{"@id":"https:\/\/primereando.com.ar\/index.php\/2026\/04\/29\/rocca-se-reunio-con-macri-y-explora-una-alternativa-a-milei-de-derecha-mas-racional\/124835\/#breadcrumb"},"inLanguage":"es-AR","potentialAction":[{"@type":"ReadAction","target":["https:\/\/primereando.com.ar\/index.php\/2026\/04\/29\/rocca-se-reunio-con-macri-y-explora-una-alternativa-a-milei-de-derecha-mas-racional\/124835\/"]}]},{"@type":"ImageObject","inLanguage":"es-AR","@id":"https:\/\/primereando.com.ar\/index.php\/2026\/04\/29\/rocca-se-reunio-con-macri-y-explora-una-alternativa-a-milei-de-derecha-mas-racional\/124835\/#primaryimage","url":"https:\/\/primereando.com.ar\/wp-content\/uploads\/2025\/08\/rocca-techint.jpeg","contentUrl":"https:\/\/primereando.com.ar\/wp-content\/uploads\/2025\/08\/rocca-techint.jpeg","width":1600,"height":1066},{"@type":"BreadcrumbList","@id":"https:\/\/primereando.com.ar\/index.php\/2026\/04\/29\/rocca-se-reunio-con-macri-y-explora-una-alternativa-a-milei-de-derecha-mas-racional\/124835\/#breadcrumb","itemListElement":[{"@type":"ListItem","position":1,"name":"Inicio","item":"https:\/\/primereando.com.ar\/"},{"@type":"ListItem","position":2,"name":"Rocca se reuni\u00f3 con Macri y explora una alternativa a Milei de &#8220;derecha m\u00e1s racional&#8221;"}]},{"@type":"WebSite","@id":"https:\/\/primereando.com.ar\/#website","url":"https:\/\/primereando.com.ar\/","name":"Primereando","description":"Portal de noticias de la Provincia de Buenos Aires","publisher":{"@id":"https:\/\/primereando.com.ar\/#organization"},"potentialAction":[{"@type":"SearchAction","target":{"@type":"EntryPoint","urlTemplate":"https:\/\/primereando.com.ar\/?s={search_term_string}"},"query-input":{"@type":"PropertyValueSpecification","valueRequired":true,"valueName":"search_term_string"}}],"inLanguage":"es-AR"},{"@type":"Organization","@id":"https:\/\/primereando.com.ar\/#organization","name":"Primereando","url":"https:\/\/primereando.com.ar\/","logo":{"@type":"ImageObject","inLanguage":"es-AR","@id":"https:\/\/primereando.com.ar\/#\/schema\/logo\/image\/","url":"https:\/\/primereando.com.ar\/wp-content\/uploads\/2021\/12\/primereando-logo.png","contentUrl":"https:\/\/primereando.com.ar\/wp-content\/uploads\/2021\/12\/primereando-logo.png","width":360,"height":96,"caption":"Primereando"},"image":{"@id":"https:\/\/primereando.com.ar\/#\/schema\/logo\/image\/"}},{"@type":"Person","@id":"https:\/\/primereando.com.ar\/#\/schema\/person\/4e63931e01f10f9b83b868233258d3d3","name":"Quique","image":{"@type":"ImageObject","inLanguage":"es-AR","@id":"https:\/\/secure.gravatar.com\/avatar\/b59b9a051963473b9167e1994f9d9bceb0bfcf81b12fa216e38bdbf315e58be9?s=96&d=blank&r=g","url":"https:\/\/secure.gravatar.com\/avatar\/b59b9a051963473b9167e1994f9d9bceb0bfcf81b12fa216e38bdbf315e58be9?s=96&d=blank&r=g","contentUrl":"https:\/\/secure.gravatar.com\/avatar\/b59b9a051963473b9167e1994f9d9bceb0bfcf81b12fa216e38bdbf315e58be9?s=96&d=blank&r=g","caption":"Quique"},"url":"https:\/\/primereando.com.ar\/index.php\/author\/quique\/"}]}},"_links":{"self":[{"href":"https:\/\/primereando.com.ar\/index.php\/wp-json\/wp\/v2\/posts\/124835","targetHints":{"allow":["GET"]}}],"collection":[{"href":"https:\/\/primereando.com.ar\/index.php\/wp-json\/wp\/v2\/posts"}],"about":[{"href":"https:\/\/primereando.com.ar\/index.php\/wp-json\/wp\/v2\/types\/post"}],"author":[{"embeddable":true,"href":"https:\/\/primereando.com.ar\/index.php\/wp-json\/wp\/v2\/users\/4"}],"replies":[{"embeddable":true,"href":"https:\/\/primereando.com.ar\/index.php\/wp-json\/wp\/v2\/comments?post=124835"}],"version-history":[{"count":1,"href":"https:\/\/primereando.com.ar\/index.php\/wp-json\/wp\/v2\/posts\/124835\/revisions"}],"predecessor-version":[{"id":124836,"href":"https:\/\/primereando.com.ar\/index.php\/wp-json\/wp\/v2\/posts\/124835\/revisions\/124836"}],"wp:featuredmedia":[{"embeddable":true,"href":"https:\/\/primereando.com.ar\/index.php\/wp-json\/wp\/v2\/media\/121030"}],"wp:attachment":[{"href":"https:\/\/primereando.com.ar\/index.php\/wp-json\/wp\/v2\/media?parent=124835"}],"wp:term":[{"taxonomy":"category","embeddable":true,"href":"https:\/\/primereando.com.ar\/index.php\/wp-json\/wp\/v2\/categories?post=124835"},{"taxonomy":"post_tag","embeddable":true,"href":"https:\/\/primereando.com.ar\/index.php\/wp-json\/wp\/v2\/tags?post=124835"}],"curies":[{"name":"wp","href":"https:\/\/api.w.org\/{rel}","templated":true}]}}