{"id":124995,"date":"2026-05-12T11:21:50","date_gmt":"2026-05-12T14:21:50","guid":{"rendered":"https:\/\/primereando.com.ar\/?p=124995"},"modified":"2026-05-12T11:21:50","modified_gmt":"2026-05-12T14:21:50","slug":"ahora-macri-hace-trascender-que-el-pro-votara-para-echar-a-adorni","status":"publish","type":"post","link":"https:\/\/primereando.com.ar\/index.php\/2026\/05\/12\/ahora-macri-hace-trascender-que-el-pro-votara-para-echar-a-adorni\/124995\/","title":{"rendered":"Ahora Macri hace trascender que el PRO votar\u00e1 para echar a Adorni"},"content":{"rendered":"\n<p class=\"wp-block-paragraph\">Mauricio Macri parece decidido a tomar distancia de Javier Milei. Esta semana, el PRO, su fuerza pol\u00edtica, sac\u00f3 un duro comunicado contra el gobierno y en el macrismo hicieron trascender que sus diputados van a votar la moci\u00f3n de censura contra Manuel Adorni en caso de que llegue a tratarse en el recinto. Adorni est\u00e1 implicado en varias causas de corrupci\u00f3n.<\/p>\n\n\n\n<p class=\"wp-block-paragraph\">En el macrismo ven encuestas y se entusiasman con volver al ruedo. \u00bfCandidato otra vez? Fuentes del partido amarillo revelaron que van a seguir tomando distancia del oficialismo en temas sensibles en la opini\u00f3n p\u00fablica. En ese sentido, Adorni le deja servido el tema al PRO ya que el esc\u00e1ndalo es muy evidente. No hay modo que el jefe de gabinete pueda explicar un crecimiento descomunal de su patrimonio. <\/p>\n\n\n\n<p class=\"wp-block-paragraph\">Sin embargo, a Macri se le plantea algunos problemas en esa estrategia de ruptura con Milei porque muchos dirigentes del PRO mantienen buen di\u00e1logo con La Libertad Avanza y no est\u00e1n dispuesto a romper con el oficialismo. <\/p>\n","protected":false},"excerpt":{"rendered":"<p>Mauricio Macri parece decidido a tomar distancia de Javier Milei. Esta semana, el PRO, su fuerza pol\u00edtica, sac\u00f3 un duro comunicado contra el gobierno y en el macrismo hicieron trascender que sus diputados van a votar la moci\u00f3n de censura contra Manuel Adorni en caso de que llegue a tratarse en el recinto. Adorni est\u00e1 [&hellip;]<\/p>\n","protected":false},"author":4,"featured_media":121106,"comment_status":"closed","ping_status":"closed","sticky":false,"template":"","format":"standard","meta":{"footnotes":""},"categories":[5],"tags":[],"class_list":["post-124995","post","type-post","status-publish","format-standard","has-post-thumbnail","hentry","category-actualidad"],"yoast_head":"<!-- This site is optimized with the Yoast SEO plugin v28.4 - https:\/\/yoast.com\/product\/yoast-seo-wordpress\/ -->\n<title>Ahora Macri hace trascender que el PRO votar\u00e1 para echar a Adorni - Primereando<\/title>\n<meta name=\"robots\" content=\"index, follow, max-snippet:-1, max-image-preview:large, max-video-preview:-1\" \/>\n<link rel=\"canonical\" href=\"https:\/\/primereando.com.ar\/index.php\/2026\/05\/12\/ahora-macri-hace-trascender-que-el-pro-votara-para-echar-a-adorni\/124995\/\" \/>\n<meta property=\"og:locale\" content=\"es_ES\" \/>\n<meta property=\"og:type\" content=\"article\" \/>\n<meta property=\"og:title\" content=\"Ahora Macri hace trascender que el PRO votar\u00e1 para echar a Adorni - Primereando\" \/>\n<meta property=\"og:description\" content=\"Mauricio Macri parece decidido a tomar distancia de Javier Milei. Esta semana, el PRO, su fuerza pol\u00edtica, sac\u00f3 un duro comunicado contra el gobierno y en el macrismo hicieron trascender que sus diputados van a votar la moci\u00f3n de censura contra Manuel Adorni en caso de que llegue a tratarse en el recinto. Adorni est\u00e1 [&hellip;]\" \/>\n<meta property=\"og:url\" content=\"https:\/\/primereando.com.ar\/index.php\/2026\/05\/12\/ahora-macri-hace-trascender-que-el-pro-votara-para-echar-a-adorni\/124995\/\" \/>\n<meta property=\"og:site_name\" content=\"Primereando\" \/>\n<meta property=\"article:published_time\" content=\"2026-05-12T14:21:50+00:00\" \/>\n<meta property=\"og:image\" content=\"https:\/\/primereando.com.ar\/wp-content\/uploads\/2025\/08\/Macri-domador-de-reposeras.jpg\" \/>\n\t<meta property=\"og:image:width\" content=\"1024\" \/>\n\t<meta property=\"og:image:height\" content=\"768\" \/>\n\t<meta property=\"og:image:type\" content=\"image\/jpeg\" \/>\n<meta name=\"author\" content=\"Quique\" \/>\n<meta name=\"twitter:card\" content=\"summary_large_image\" \/>\n<meta name=\"twitter:label1\" content=\"Escrito por\" \/>\n\t<meta name=\"twitter:data1\" content=\"Quique\" \/>\n\t<meta name=\"twitter:label2\" content=\"Tiempo de lectura\" \/>\n\t<meta name=\"twitter:data2\" content=\"1 minuto\" \/>\n<script type=\"application\/ld+json\" class=\"yoast-schema-graph\">{\"@context\":\"https:\\\/\\\/schema.org\",\"@graph\":[{\"@type\":\"Article\",\"@id\":\"https:\\\/\\\/primereando.com.ar\\\/index.php\\\/2026\\\/05\\\/12\\\/ahora-macri-hace-trascender-que-el-pro-votara-para-echar-a-adorni\\\/124995\\\/#article\",\"isPartOf\":{\"@id\":\"https:\\\/\\\/primereando.com.ar\\\/index.php\\\/2026\\\/05\\\/12\\\/ahora-macri-hace-trascender-que-el-pro-votara-para-echar-a-adorni\\\/124995\\\/\"},\"author\":{\"name\":\"Quique\",\"@id\":\"https:\\\/\\\/primereando.com.ar\\\/#\\\/schema\\\/person\\\/4e63931e01f10f9b83b868233258d3d3\"},\"headline\":\"Ahora Macri hace trascender que el PRO votar\u00e1 para echar a Adorni\",\"datePublished\":\"2026-05-12T14:21:50+00:00\",\"mainEntityOfPage\":{\"@id\":\"https:\\\/\\\/primereando.com.ar\\\/index.php\\\/2026\\\/05\\\/12\\\/ahora-macri-hace-trascender-que-el-pro-votara-para-echar-a-adorni\\\/124995\\\/\"},\"wordCount\":187,\"publisher\":{\"@id\":\"https:\\\/\\\/primereando.com.ar\\\/#organization\"},\"image\":{\"@id\":\"https:\\\/\\\/primereando.com.ar\\\/index.php\\\/2026\\\/05\\\/12\\\/ahora-macri-hace-trascender-que-el-pro-votara-para-echar-a-adorni\\\/124995\\\/#primaryimage\"},\"thumbnailUrl\":\"https:\\\/\\\/primereando.com.ar\\\/wp-content\\\/uploads\\\/2025\\\/08\\\/Macri-domador-de-reposeras.jpg\",\"articleSection\":[\"Actualidad\"],\"inLanguage\":\"es-AR\"},{\"@type\":\"WebPage\",\"@id\":\"https:\\\/\\\/primereando.com.ar\\\/index.php\\\/2026\\\/05\\\/12\\\/ahora-macri-hace-trascender-que-el-pro-votara-para-echar-a-adorni\\\/124995\\\/\",\"url\":\"https:\\\/\\\/primereando.com.ar\\\/index.php\\\/2026\\\/05\\\/12\\\/ahora-macri-hace-trascender-que-el-pro-votara-para-echar-a-adorni\\\/124995\\\/\",\"name\":\"Ahora Macri hace trascender que el PRO votar\u00e1 para echar a Adorni - Primereando\",\"isPartOf\":{\"@id\":\"https:\\\/\\\/primereando.com.ar\\\/#website\"},\"primaryImageOfPage\":{\"@id\":\"https:\\\/\\\/primereando.com.ar\\\/index.php\\\/2026\\\/05\\\/12\\\/ahora-macri-hace-trascender-que-el-pro-votara-para-echar-a-adorni\\\/124995\\\/#primaryimage\"},\"image\":{\"@id\":\"https:\\\/\\\/primereando.com.ar\\\/index.php\\\/2026\\\/05\\\/12\\\/ahora-macri-hace-trascender-que-el-pro-votara-para-echar-a-adorni\\\/124995\\\/#primaryimage\"},\"thumbnailUrl\":\"https:\\\/\\\/primereando.com.ar\\\/wp-content\\\/uploads\\\/2025\\\/08\\\/Macri-domador-de-reposeras.jpg\",\"datePublished\":\"2026-05-12T14:21:50+00:00\",\"breadcrumb\":{\"@id\":\"https:\\\/\\\/primereando.com.ar\\\/index.php\\\/2026\\\/05\\\/12\\\/ahora-macri-hace-trascender-que-el-pro-votara-para-echar-a-adorni\\\/124995\\\/#breadcrumb\"},\"inLanguage\":\"es-AR\",\"potentialAction\":[{\"@type\":\"ReadAction\",\"target\":[\"https:\\\/\\\/primereando.com.ar\\\/index.php\\\/2026\\\/05\\\/12\\\/ahora-macri-hace-trascender-que-el-pro-votara-para-echar-a-adorni\\\/124995\\\/\"]}]},{\"@type\":\"ImageObject\",\"inLanguage\":\"es-AR\",\"@id\":\"https:\\\/\\\/primereando.com.ar\\\/index.php\\\/2026\\\/05\\\/12\\\/ahora-macri-hace-trascender-que-el-pro-votara-para-echar-a-adorni\\\/124995\\\/#primaryimage\",\"url\":\"https:\\\/\\\/primereando.com.ar\\\/wp-content\\\/uploads\\\/2025\\\/08\\\/Macri-domador-de-reposeras.jpg\",\"contentUrl\":\"https:\\\/\\\/primereando.com.ar\\\/wp-content\\\/uploads\\\/2025\\\/08\\\/Macri-domador-de-reposeras.jpg\",\"width\":1024,\"height\":768},{\"@type\":\"BreadcrumbList\",\"@id\":\"https:\\\/\\\/primereando.com.ar\\\/index.php\\\/2026\\\/05\\\/12\\\/ahora-macri-hace-trascender-que-el-pro-votara-para-echar-a-adorni\\\/124995\\\/#breadcrumb\",\"itemListElement\":[{\"@type\":\"ListItem\",\"position\":1,\"name\":\"Inicio\",\"item\":\"https:\\\/\\\/primereando.com.ar\\\/\"},{\"@type\":\"ListItem\",\"position\":2,\"name\":\"Ahora Macri hace trascender que el PRO votar\u00e1 para echar a Adorni\"}]},{\"@type\":\"WebSite\",\"@id\":\"https:\\\/\\\/primereando.com.ar\\\/#website\",\"url\":\"https:\\\/\\\/primereando.com.ar\\\/\",\"name\":\"Primereando\",\"description\":\"Portal de noticias de la Provincia de Buenos Aires\",\"publisher\":{\"@id\":\"https:\\\/\\\/primereando.com.ar\\\/#organization\"},\"potentialAction\":[{\"@type\":\"SearchAction\",\"target\":{\"@type\":\"EntryPoint\",\"urlTemplate\":\"https:\\\/\\\/primereando.com.ar\\\/?s={search_term_string}\"},\"query-input\":{\"@type\":\"PropertyValueSpecification\",\"valueRequired\":true,\"valueName\":\"search_term_string\"}}],\"inLanguage\":\"es-AR\"},{\"@type\":\"Organization\",\"@id\":\"https:\\\/\\\/primereando.com.ar\\\/#organization\",\"name\":\"Primereando\",\"url\":\"https:\\\/\\\/primereando.com.ar\\\/\",\"logo\":{\"@type\":\"ImageObject\",\"inLanguage\":\"es-AR\",\"@id\":\"https:\\\/\\\/primereando.com.ar\\\/#\\\/schema\\\/logo\\\/image\\\/\",\"url\":\"https:\\\/\\\/primereando.com.ar\\\/wp-content\\\/uploads\\\/2021\\\/12\\\/primereando-logo.png\",\"contentUrl\":\"https:\\\/\\\/primereando.com.ar\\\/wp-content\\\/uploads\\\/2021\\\/12\\\/primereando-logo.png\",\"width\":360,\"height\":96,\"caption\":\"Primereando\"},\"image\":{\"@id\":\"https:\\\/\\\/primereando.com.ar\\\/#\\\/schema\\\/logo\\\/image\\\/\"}},{\"@type\":\"Person\",\"@id\":\"https:\\\/\\\/primereando.com.ar\\\/#\\\/schema\\\/person\\\/4e63931e01f10f9b83b868233258d3d3\",\"name\":\"Quique\",\"image\":{\"@type\":\"ImageObject\",\"inLanguage\":\"es-AR\",\"@id\":\"https:\\\/\\\/secure.gravatar.com\\\/avatar\\\/b59b9a051963473b9167e1994f9d9bceb0bfcf81b12fa216e38bdbf315e58be9?s=96&d=blank&r=g\",\"url\":\"https:\\\/\\\/secure.gravatar.com\\\/avatar\\\/b59b9a051963473b9167e1994f9d9bceb0bfcf81b12fa216e38bdbf315e58be9?s=96&d=blank&r=g\",\"contentUrl\":\"https:\\\/\\\/secure.gravatar.com\\\/avatar\\\/b59b9a051963473b9167e1994f9d9bceb0bfcf81b12fa216e38bdbf315e58be9?s=96&d=blank&r=g\",\"caption\":\"Quique\"},\"url\":\"https:\\\/\\\/primereando.com.ar\\\/index.php\\\/author\\\/quique\\\/\"}]}<\/script>\n<!-- \/ Yoast SEO plugin. -->","yoast_head_json":{"title":"Ahora Macri hace trascender que el PRO votar\u00e1 para echar a Adorni - Primereando","robots":{"index":"index","follow":"follow","max-snippet":"max-snippet:-1","max-image-preview":"max-image-preview:large","max-video-preview":"max-video-preview:-1"},"canonical":"https:\/\/primereando.com.ar\/index.php\/2026\/05\/12\/ahora-macri-hace-trascender-que-el-pro-votara-para-echar-a-adorni\/124995\/","og_locale":"es_ES","og_type":"article","og_title":"Ahora Macri hace trascender que el PRO votar\u00e1 para echar a Adorni - Primereando","og_description":"Mauricio Macri parece decidido a tomar distancia de Javier Milei. Esta semana, el PRO, su fuerza pol\u00edtica, sac\u00f3 un duro comunicado contra el gobierno y en el macrismo hicieron trascender que sus diputados van a votar la moci\u00f3n de censura contra Manuel Adorni en caso de que llegue a tratarse en el recinto. Adorni est\u00e1 [&hellip;]","og_url":"https:\/\/primereando.com.ar\/index.php\/2026\/05\/12\/ahora-macri-hace-trascender-que-el-pro-votara-para-echar-a-adorni\/124995\/","og_site_name":"Primereando","article_published_time":"2026-05-12T14:21:50+00:00","og_image":[{"width":1024,"height":768,"url":"https:\/\/primereando.com.ar\/wp-content\/uploads\/2025\/08\/Macri-domador-de-reposeras.jpg","type":"image\/jpeg"}],"author":"Quique","twitter_card":"summary_large_image","twitter_misc":{"Escrito por":"Quique","Tiempo de lectura":"1 minuto"},"schema":{"@context":"https:\/\/schema.org","@graph":[{"@type":"Article","@id":"https:\/\/primereando.com.ar\/index.php\/2026\/05\/12\/ahora-macri-hace-trascender-que-el-pro-votara-para-echar-a-adorni\/124995\/#article","isPartOf":{"@id":"https:\/\/primereando.com.ar\/index.php\/2026\/05\/12\/ahora-macri-hace-trascender-que-el-pro-votara-para-echar-a-adorni\/124995\/"},"author":{"name":"Quique","@id":"https:\/\/primereando.com.ar\/#\/schema\/person\/4e63931e01f10f9b83b868233258d3d3"},"headline":"Ahora Macri hace trascender que el PRO votar\u00e1 para echar a Adorni","datePublished":"2026-05-12T14:21:50+00:00","mainEntityOfPage":{"@id":"https:\/\/primereando.com.ar\/index.php\/2026\/05\/12\/ahora-macri-hace-trascender-que-el-pro-votara-para-echar-a-adorni\/124995\/"},"wordCount":187,"publisher":{"@id":"https:\/\/primereando.com.ar\/#organization"},"image":{"@id":"https:\/\/primereando.com.ar\/index.php\/2026\/05\/12\/ahora-macri-hace-trascender-que-el-pro-votara-para-echar-a-adorni\/124995\/#primaryimage"},"thumbnailUrl":"https:\/\/primereando.com.ar\/wp-content\/uploads\/2025\/08\/Macri-domador-de-reposeras.jpg","articleSection":["Actualidad"],"inLanguage":"es-AR"},{"@type":"WebPage","@id":"https:\/\/primereando.com.ar\/index.php\/2026\/05\/12\/ahora-macri-hace-trascender-que-el-pro-votara-para-echar-a-adorni\/124995\/","url":"https:\/\/primereando.com.ar\/index.php\/2026\/05\/12\/ahora-macri-hace-trascender-que-el-pro-votara-para-echar-a-adorni\/124995\/","name":"Ahora Macri hace trascender que el PRO votar\u00e1 para echar a Adorni - Primereando","isPartOf":{"@id":"https:\/\/primereando.com.ar\/#website"},"primaryImageOfPage":{"@id":"https:\/\/primereando.com.ar\/index.php\/2026\/05\/12\/ahora-macri-hace-trascender-que-el-pro-votara-para-echar-a-adorni\/124995\/#primaryimage"},"image":{"@id":"https:\/\/primereando.com.ar\/index.php\/2026\/05\/12\/ahora-macri-hace-trascender-que-el-pro-votara-para-echar-a-adorni\/124995\/#primaryimage"},"thumbnailUrl":"https:\/\/primereando.com.ar\/wp-content\/uploads\/2025\/08\/Macri-domador-de-reposeras.jpg","datePublished":"2026-05-12T14:21:50+00:00","breadcrumb":{"@id":"https:\/\/primereando.com.ar\/index.php\/2026\/05\/12\/ahora-macri-hace-trascender-que-el-pro-votara-para-echar-a-adorni\/124995\/#breadcrumb"},"inLanguage":"es-AR","potentialAction":[{"@type":"ReadAction","target":["https:\/\/primereando.com.ar\/index.php\/2026\/05\/12\/ahora-macri-hace-trascender-que-el-pro-votara-para-echar-a-adorni\/124995\/"]}]},{"@type":"ImageObject","inLanguage":"es-AR","@id":"https:\/\/primereando.com.ar\/index.php\/2026\/05\/12\/ahora-macri-hace-trascender-que-el-pro-votara-para-echar-a-adorni\/124995\/#primaryimage","url":"https:\/\/primereando.com.ar\/wp-content\/uploads\/2025\/08\/Macri-domador-de-reposeras.jpg","contentUrl":"https:\/\/primereando.com.ar\/wp-content\/uploads\/2025\/08\/Macri-domador-de-reposeras.jpg","width":1024,"height":768},{"@type":"BreadcrumbList","@id":"https:\/\/primereando.com.ar\/index.php\/2026\/05\/12\/ahora-macri-hace-trascender-que-el-pro-votara-para-echar-a-adorni\/124995\/#breadcrumb","itemListElement":[{"@type":"ListItem","position":1,"name":"Inicio","item":"https:\/\/primereando.com.ar\/"},{"@type":"ListItem","position":2,"name":"Ahora Macri hace trascender que el PRO votar\u00e1 para echar a Adorni"}]},{"@type":"WebSite","@id":"https:\/\/primereando.com.ar\/#website","url":"https:\/\/primereando.com.ar\/","name":"Primereando","description":"Portal de noticias de la Provincia de Buenos Aires","publisher":{"@id":"https:\/\/primereando.com.ar\/#organization"},"potentialAction":[{"@type":"SearchAction","target":{"@type":"EntryPoint","urlTemplate":"https:\/\/primereando.com.ar\/?s={search_term_string}"},"query-input":{"@type":"PropertyValueSpecification","valueRequired":true,"valueName":"search_term_string"}}],"inLanguage":"es-AR"},{"@type":"Organization","@id":"https:\/\/primereando.com.ar\/#organization","name":"Primereando","url":"https:\/\/primereando.com.ar\/","logo":{"@type":"ImageObject","inLanguage":"es-AR","@id":"https:\/\/primereando.com.ar\/#\/schema\/logo\/image\/","url":"https:\/\/primereando.com.ar\/wp-content\/uploads\/2021\/12\/primereando-logo.png","contentUrl":"https:\/\/primereando.com.ar\/wp-content\/uploads\/2021\/12\/primereando-logo.png","width":360,"height":96,"caption":"Primereando"},"image":{"@id":"https:\/\/primereando.com.ar\/#\/schema\/logo\/image\/"}},{"@type":"Person","@id":"https:\/\/primereando.com.ar\/#\/schema\/person\/4e63931e01f10f9b83b868233258d3d3","name":"Quique","image":{"@type":"ImageObject","inLanguage":"es-AR","@id":"https:\/\/secure.gravatar.com\/avatar\/b59b9a051963473b9167e1994f9d9bceb0bfcf81b12fa216e38bdbf315e58be9?s=96&d=blank&r=g","url":"https:\/\/secure.gravatar.com\/avatar\/b59b9a051963473b9167e1994f9d9bceb0bfcf81b12fa216e38bdbf315e58be9?s=96&d=blank&r=g","contentUrl":"https:\/\/secure.gravatar.com\/avatar\/b59b9a051963473b9167e1994f9d9bceb0bfcf81b12fa216e38bdbf315e58be9?s=96&d=blank&r=g","caption":"Quique"},"url":"https:\/\/primereando.com.ar\/index.php\/author\/quique\/"}]}},"_links":{"self":[{"href":"https:\/\/primereando.com.ar\/index.php\/wp-json\/wp\/v2\/posts\/124995","targetHints":{"allow":["GET"]}}],"collection":[{"href":"https:\/\/primereando.com.ar\/index.php\/wp-json\/wp\/v2\/posts"}],"about":[{"href":"https:\/\/primereando.com.ar\/index.php\/wp-json\/wp\/v2\/types\/post"}],"author":[{"embeddable":true,"href":"https:\/\/primereando.com.ar\/index.php\/wp-json\/wp\/v2\/users\/4"}],"replies":[{"embeddable":true,"href":"https:\/\/primereando.com.ar\/index.php\/wp-json\/wp\/v2\/comments?post=124995"}],"version-history":[{"count":1,"href":"https:\/\/primereando.com.ar\/index.php\/wp-json\/wp\/v2\/posts\/124995\/revisions"}],"predecessor-version":[{"id":124999,"href":"https:\/\/primereando.com.ar\/index.php\/wp-json\/wp\/v2\/posts\/124995\/revisions\/124999"}],"wp:featuredmedia":[{"embeddable":true,"href":"https:\/\/primereando.com.ar\/index.php\/wp-json\/wp\/v2\/media\/121106"}],"wp:attachment":[{"href":"https:\/\/primereando.com.ar\/index.php\/wp-json\/wp\/v2\/media?parent=124995"}],"wp:term":[{"taxonomy":"category","embeddable":true,"href":"https:\/\/primereando.com.ar\/index.php\/wp-json\/wp\/v2\/categories?post=124995"},{"taxonomy":"post_tag","embeddable":true,"href":"https:\/\/primereando.com.ar\/index.php\/wp-json\/wp\/v2\/tags?post=124995"}],"curies":[{"name":"wp","href":"https:\/\/api.w.org\/{rel}","templated":true}]}}