{"id":125217,"date":"2026-05-27T13:11:34","date_gmt":"2026-05-27T16:11:34","guid":{"rendered":"https:\/\/primereando.com.ar\/?p=125217"},"modified":"2026-05-27T13:11:34","modified_gmt":"2026-05-27T16:11:34","slug":"otro-relato-que-se-cae-argentina-ultima-en-inversion-extranjera","status":"publish","type":"post","link":"https:\/\/primereando.com.ar\/index.php\/2026\/05\/27\/otro-relato-que-se-cae-argentina-ultima-en-inversion-extranjera\/125217\/","title":{"rendered":"Otro relato que se cae: Argentina, \u00faltima en inversi\u00f3n extranjera"},"content":{"rendered":"\n<p class=\"wp-block-paragraph\">Seg\u00fan datos de la OCDE, el pa\u00eds capt\u00f3 apenas USD 3.134 millones de inversi\u00f3n extranjera directa en 2025, el nivel m\u00e1s bajo entre las principales econom\u00edas de Am\u00e9rica Latina, pese al r\u00e9gimen de incentivos impulsado por el gobierno de Milei.<\/p>\n\n\n\n<p class=\"wp-block-paragraph\">Seg\u00fan datos de la Organizaci\u00f3n para la Cooperaci\u00f3n y el Desarrollo Econ\u00f3micos (OCDE), la Argentina registr\u00f3 en 2025 el nivel m\u00e1s bajo de inversi\u00f3n extranjera directa (IED) entre las principales econom\u00edas de Am\u00e9rica Latina, captando apenas USD 3.134 millones. El resultado expone una de las principales contradicciones del modelo econ\u00f3mico de Javier Milei: un gobierno que hizo de la atracci\u00f3n de capitales su bandera central, pero que no logra traducir ese discurso en flujos concretos de inversi\u00f3n productiva.<\/p>\n\n\n\n<p class=\"wp-block-paragraph\">La brecha con los l\u00edderes de la regi\u00f3n es abismal: Argentina recibi\u00f3 menos del 5% de lo que capt\u00f3 Brasil, y qued\u00f3 incluso por debajo de econom\u00edas considerablemente m\u00e1s peque\u00f1as como Costa Rica. A casi un a\u00f1o de la aprobaci\u00f3n del RIGI, las inversiones efectivamente realizadas representan menos del 5% de los montos comprometidos por las empresas que se presentaron al r\u00e9gimen, seg\u00fan un informe de Misi\u00f3n Productiva elaborado en base a estad\u00edsticas de la OCDE.<\/p>\n\n\n\n<p class=\"wp-block-paragraph\">Entre los principales factores que explican el mal desempe\u00f1o argentino, el informe se\u00f1ala la fuerte ca\u00edda del consumo y de la demanda interna, la paralizaci\u00f3n de la obra p\u00fablica, la escasez de cr\u00e9dito productivo, la apreciaci\u00f3n cambiaria y el deterioro de la competitividad de sectores transables. El propio an\u00e1lisis subraya que la capacidad de atraer inversiones no depende solo de beneficios fiscales o regulatorios, sino del funcionamiento general de la econom\u00eda: nivel de actividad, acceso al cr\u00e9dito y estabilidad de largo plazo.<\/p>\n\n\n\n<p class=\"wp-block-paragraph\">Tras la difusi\u00f3n del informe, el ministro Luis Caputo sali\u00f3 al cruce de las cr\u00edticas y asegur\u00f3 que existen proyectos por USD 140.000 millones en carpeta. Sin embargo, la distancia entre los compromisos anunciados y las inversiones efectivamente ejecutadas sigue siendo el tal\u00f3n de Aquiles del modelo. La OCDE, por su parte, proyecta un crecimiento del PBI del 5,2% para Argentina en 2025, destacando las reformas regulatorias impulsadas por el gobierno. El contraste entre el optimismo macroecon\u00f3mico del organismo y los magros n\u00fameros de IED resume el dilema argentino: crecer sin inversi\u00f3n genuina es una apuesta de alto riesgo.<\/p>\n","protected":false},"excerpt":{"rendered":"<p>Seg\u00fan datos de la OCDE, el pa\u00eds capt\u00f3 apenas USD 3.134 millones de inversi\u00f3n extranjera directa en 2025, el nivel m\u00e1s bajo entre las principales econom\u00edas de Am\u00e9rica Latina, pese al r\u00e9gimen de incentivos impulsado por el gobierno de Milei. Seg\u00fan datos de la Organizaci\u00f3n para la Cooperaci\u00f3n y el Desarrollo Econ\u00f3micos (OCDE), la Argentina [&hellip;]<\/p>\n","protected":false},"author":4,"featured_media":124468,"comment_status":"closed","ping_status":"closed","sticky":false,"template":"","format":"standard","meta":{"footnotes":""},"categories":[5],"tags":[],"class_list":["post-125217","post","type-post","status-publish","format-standard","has-post-thumbnail","hentry","category-actualidad"],"yoast_head":"<!-- This site is optimized with the Yoast SEO plugin v28.4 - https:\/\/yoast.com\/product\/yoast-seo-wordpress\/ -->\n<title>Otro relato que se cae: Argentina, \u00faltima en inversi\u00f3n extranjera - Primereando<\/title>\n<meta name=\"robots\" content=\"index, follow, max-snippet:-1, max-image-preview:large, max-video-preview:-1\" \/>\n<link rel=\"canonical\" href=\"https:\/\/primereando.com.ar\/index.php\/2026\/05\/27\/otro-relato-que-se-cae-argentina-ultima-en-inversion-extranjera\/125217\/\" \/>\n<meta property=\"og:locale\" content=\"es_ES\" \/>\n<meta property=\"og:type\" content=\"article\" \/>\n<meta property=\"og:title\" content=\"Otro relato que se cae: Argentina, \u00faltima en inversi\u00f3n extranjera - Primereando\" \/>\n<meta property=\"og:description\" content=\"Seg\u00fan datos de la OCDE, el pa\u00eds capt\u00f3 apenas USD 3.134 millones de inversi\u00f3n extranjera directa en 2025, el nivel m\u00e1s bajo entre las principales econom\u00edas de Am\u00e9rica Latina, pese al r\u00e9gimen de incentivos impulsado por el gobierno de Milei. Seg\u00fan datos de la Organizaci\u00f3n para la Cooperaci\u00f3n y el Desarrollo Econ\u00f3micos (OCDE), la Argentina [&hellip;]\" \/>\n<meta property=\"og:url\" content=\"https:\/\/primereando.com.ar\/index.php\/2026\/05\/27\/otro-relato-que-se-cae-argentina-ultima-en-inversion-extranjera\/125217\/\" \/>\n<meta property=\"og:site_name\" content=\"Primereando\" \/>\n<meta property=\"article:published_time\" content=\"2026-05-27T16:11:34+00:00\" \/>\n<meta property=\"og:image\" content=\"https:\/\/primereando.com.ar\/wp-content\/uploads\/2026\/04\/Milei-coimas-clonazepam.jpg\" \/>\n\t<meta property=\"og:image:width\" content=\"1080\" \/>\n\t<meta property=\"og:image:height\" content=\"884\" \/>\n\t<meta property=\"og:image:type\" content=\"image\/jpeg\" \/>\n<meta name=\"author\" content=\"Quique\" \/>\n<meta name=\"twitter:card\" content=\"summary_large_image\" \/>\n<meta name=\"twitter:label1\" content=\"Escrito por\" \/>\n\t<meta name=\"twitter:data1\" content=\"Quique\" \/>\n\t<meta name=\"twitter:label2\" content=\"Tiempo de lectura\" \/>\n\t<meta name=\"twitter:data2\" content=\"2 minutos\" \/>\n<script type=\"application\/ld+json\" class=\"yoast-schema-graph\">{\"@context\":\"https:\\\/\\\/schema.org\",\"@graph\":[{\"@type\":\"Article\",\"@id\":\"https:\\\/\\\/primereando.com.ar\\\/index.php\\\/2026\\\/05\\\/27\\\/otro-relato-que-se-cae-argentina-ultima-en-inversion-extranjera\\\/125217\\\/#article\",\"isPartOf\":{\"@id\":\"https:\\\/\\\/primereando.com.ar\\\/index.php\\\/2026\\\/05\\\/27\\\/otro-relato-que-se-cae-argentina-ultima-en-inversion-extranjera\\\/125217\\\/\"},\"author\":{\"name\":\"Quique\",\"@id\":\"https:\\\/\\\/primereando.com.ar\\\/#\\\/schema\\\/person\\\/4e63931e01f10f9b83b868233258d3d3\"},\"headline\":\"Otro relato que se cae: Argentina, \u00faltima en inversi\u00f3n extranjera\",\"datePublished\":\"2026-05-27T16:11:34+00:00\",\"mainEntityOfPage\":{\"@id\":\"https:\\\/\\\/primereando.com.ar\\\/index.php\\\/2026\\\/05\\\/27\\\/otro-relato-que-se-cae-argentina-ultima-en-inversion-extranjera\\\/125217\\\/\"},\"wordCount\":422,\"publisher\":{\"@id\":\"https:\\\/\\\/primereando.com.ar\\\/#organization\"},\"image\":{\"@id\":\"https:\\\/\\\/primereando.com.ar\\\/index.php\\\/2026\\\/05\\\/27\\\/otro-relato-que-se-cae-argentina-ultima-en-inversion-extranjera\\\/125217\\\/#primaryimage\"},\"thumbnailUrl\":\"https:\\\/\\\/primereando.com.ar\\\/wp-content\\\/uploads\\\/2026\\\/04\\\/Milei-coimas-clonazepam.jpg\",\"articleSection\":[\"Actualidad\"],\"inLanguage\":\"es-AR\"},{\"@type\":\"WebPage\",\"@id\":\"https:\\\/\\\/primereando.com.ar\\\/index.php\\\/2026\\\/05\\\/27\\\/otro-relato-que-se-cae-argentina-ultima-en-inversion-extranjera\\\/125217\\\/\",\"url\":\"https:\\\/\\\/primereando.com.ar\\\/index.php\\\/2026\\\/05\\\/27\\\/otro-relato-que-se-cae-argentina-ultima-en-inversion-extranjera\\\/125217\\\/\",\"name\":\"Otro relato que se cae: Argentina, \u00faltima en inversi\u00f3n extranjera - Primereando\",\"isPartOf\":{\"@id\":\"https:\\\/\\\/primereando.com.ar\\\/#website\"},\"primaryImageOfPage\":{\"@id\":\"https:\\\/\\\/primereando.com.ar\\\/index.php\\\/2026\\\/05\\\/27\\\/otro-relato-que-se-cae-argentina-ultima-en-inversion-extranjera\\\/125217\\\/#primaryimage\"},\"image\":{\"@id\":\"https:\\\/\\\/primereando.com.ar\\\/index.php\\\/2026\\\/05\\\/27\\\/otro-relato-que-se-cae-argentina-ultima-en-inversion-extranjera\\\/125217\\\/#primaryimage\"},\"thumbnailUrl\":\"https:\\\/\\\/primereando.com.ar\\\/wp-content\\\/uploads\\\/2026\\\/04\\\/Milei-coimas-clonazepam.jpg\",\"datePublished\":\"2026-05-27T16:11:34+00:00\",\"breadcrumb\":{\"@id\":\"https:\\\/\\\/primereando.com.ar\\\/index.php\\\/2026\\\/05\\\/27\\\/otro-relato-que-se-cae-argentina-ultima-en-inversion-extranjera\\\/125217\\\/#breadcrumb\"},\"inLanguage\":\"es-AR\",\"potentialAction\":[{\"@type\":\"ReadAction\",\"target\":[\"https:\\\/\\\/primereando.com.ar\\\/index.php\\\/2026\\\/05\\\/27\\\/otro-relato-que-se-cae-argentina-ultima-en-inversion-extranjera\\\/125217\\\/\"]}]},{\"@type\":\"ImageObject\",\"inLanguage\":\"es-AR\",\"@id\":\"https:\\\/\\\/primereando.com.ar\\\/index.php\\\/2026\\\/05\\\/27\\\/otro-relato-que-se-cae-argentina-ultima-en-inversion-extranjera\\\/125217\\\/#primaryimage\",\"url\":\"https:\\\/\\\/primereando.com.ar\\\/wp-content\\\/uploads\\\/2026\\\/04\\\/Milei-coimas-clonazepam.jpg\",\"contentUrl\":\"https:\\\/\\\/primereando.com.ar\\\/wp-content\\\/uploads\\\/2026\\\/04\\\/Milei-coimas-clonazepam.jpg\",\"width\":1080,\"height\":884},{\"@type\":\"BreadcrumbList\",\"@id\":\"https:\\\/\\\/primereando.com.ar\\\/index.php\\\/2026\\\/05\\\/27\\\/otro-relato-que-se-cae-argentina-ultima-en-inversion-extranjera\\\/125217\\\/#breadcrumb\",\"itemListElement\":[{\"@type\":\"ListItem\",\"position\":1,\"name\":\"Inicio\",\"item\":\"https:\\\/\\\/primereando.com.ar\\\/\"},{\"@type\":\"ListItem\",\"position\":2,\"name\":\"Otro relato que se cae: Argentina, \u00faltima en inversi\u00f3n extranjera\"}]},{\"@type\":\"WebSite\",\"@id\":\"https:\\\/\\\/primereando.com.ar\\\/#website\",\"url\":\"https:\\\/\\\/primereando.com.ar\\\/\",\"name\":\"Primereando\",\"description\":\"Portal de noticias de la Provincia de Buenos Aires\",\"publisher\":{\"@id\":\"https:\\\/\\\/primereando.com.ar\\\/#organization\"},\"potentialAction\":[{\"@type\":\"SearchAction\",\"target\":{\"@type\":\"EntryPoint\",\"urlTemplate\":\"https:\\\/\\\/primereando.com.ar\\\/?s={search_term_string}\"},\"query-input\":{\"@type\":\"PropertyValueSpecification\",\"valueRequired\":true,\"valueName\":\"search_term_string\"}}],\"inLanguage\":\"es-AR\"},{\"@type\":\"Organization\",\"@id\":\"https:\\\/\\\/primereando.com.ar\\\/#organization\",\"name\":\"Primereando\",\"url\":\"https:\\\/\\\/primereando.com.ar\\\/\",\"logo\":{\"@type\":\"ImageObject\",\"inLanguage\":\"es-AR\",\"@id\":\"https:\\\/\\\/primereando.com.ar\\\/#\\\/schema\\\/logo\\\/image\\\/\",\"url\":\"https:\\\/\\\/primereando.com.ar\\\/wp-content\\\/uploads\\\/2021\\\/12\\\/primereando-logo.png\",\"contentUrl\":\"https:\\\/\\\/primereando.com.ar\\\/wp-content\\\/uploads\\\/2021\\\/12\\\/primereando-logo.png\",\"width\":360,\"height\":96,\"caption\":\"Primereando\"},\"image\":{\"@id\":\"https:\\\/\\\/primereando.com.ar\\\/#\\\/schema\\\/logo\\\/image\\\/\"}},{\"@type\":\"Person\",\"@id\":\"https:\\\/\\\/primereando.com.ar\\\/#\\\/schema\\\/person\\\/4e63931e01f10f9b83b868233258d3d3\",\"name\":\"Quique\",\"image\":{\"@type\":\"ImageObject\",\"inLanguage\":\"es-AR\",\"@id\":\"https:\\\/\\\/secure.gravatar.com\\\/avatar\\\/b59b9a051963473b9167e1994f9d9bceb0bfcf81b12fa216e38bdbf315e58be9?s=96&d=blank&r=g\",\"url\":\"https:\\\/\\\/secure.gravatar.com\\\/avatar\\\/b59b9a051963473b9167e1994f9d9bceb0bfcf81b12fa216e38bdbf315e58be9?s=96&d=blank&r=g\",\"contentUrl\":\"https:\\\/\\\/secure.gravatar.com\\\/avatar\\\/b59b9a051963473b9167e1994f9d9bceb0bfcf81b12fa216e38bdbf315e58be9?s=96&d=blank&r=g\",\"caption\":\"Quique\"},\"url\":\"https:\\\/\\\/primereando.com.ar\\\/index.php\\\/author\\\/quique\\\/\"}]}<\/script>\n<!-- \/ Yoast SEO plugin. -->","yoast_head_json":{"title":"Otro relato que se cae: Argentina, \u00faltima en inversi\u00f3n extranjera - Primereando","robots":{"index":"index","follow":"follow","max-snippet":"max-snippet:-1","max-image-preview":"max-image-preview:large","max-video-preview":"max-video-preview:-1"},"canonical":"https:\/\/primereando.com.ar\/index.php\/2026\/05\/27\/otro-relato-que-se-cae-argentina-ultima-en-inversion-extranjera\/125217\/","og_locale":"es_ES","og_type":"article","og_title":"Otro relato que se cae: Argentina, \u00faltima en inversi\u00f3n extranjera - Primereando","og_description":"Seg\u00fan datos de la OCDE, el pa\u00eds capt\u00f3 apenas USD 3.134 millones de inversi\u00f3n extranjera directa en 2025, el nivel m\u00e1s bajo entre las principales econom\u00edas de Am\u00e9rica Latina, pese al r\u00e9gimen de incentivos impulsado por el gobierno de Milei. Seg\u00fan datos de la Organizaci\u00f3n para la Cooperaci\u00f3n y el Desarrollo Econ\u00f3micos (OCDE), la Argentina [&hellip;]","og_url":"https:\/\/primereando.com.ar\/index.php\/2026\/05\/27\/otro-relato-que-se-cae-argentina-ultima-en-inversion-extranjera\/125217\/","og_site_name":"Primereando","article_published_time":"2026-05-27T16:11:34+00:00","og_image":[{"width":1080,"height":884,"url":"https:\/\/primereando.com.ar\/wp-content\/uploads\/2026\/04\/Milei-coimas-clonazepam.jpg","type":"image\/jpeg"}],"author":"Quique","twitter_card":"summary_large_image","twitter_misc":{"Escrito por":"Quique","Tiempo de lectura":"2 minutos"},"schema":{"@context":"https:\/\/schema.org","@graph":[{"@type":"Article","@id":"https:\/\/primereando.com.ar\/index.php\/2026\/05\/27\/otro-relato-que-se-cae-argentina-ultima-en-inversion-extranjera\/125217\/#article","isPartOf":{"@id":"https:\/\/primereando.com.ar\/index.php\/2026\/05\/27\/otro-relato-que-se-cae-argentina-ultima-en-inversion-extranjera\/125217\/"},"author":{"name":"Quique","@id":"https:\/\/primereando.com.ar\/#\/schema\/person\/4e63931e01f10f9b83b868233258d3d3"},"headline":"Otro relato que se cae: Argentina, \u00faltima en inversi\u00f3n extranjera","datePublished":"2026-05-27T16:11:34+00:00","mainEntityOfPage":{"@id":"https:\/\/primereando.com.ar\/index.php\/2026\/05\/27\/otro-relato-que-se-cae-argentina-ultima-en-inversion-extranjera\/125217\/"},"wordCount":422,"publisher":{"@id":"https:\/\/primereando.com.ar\/#organization"},"image":{"@id":"https:\/\/primereando.com.ar\/index.php\/2026\/05\/27\/otro-relato-que-se-cae-argentina-ultima-en-inversion-extranjera\/125217\/#primaryimage"},"thumbnailUrl":"https:\/\/primereando.com.ar\/wp-content\/uploads\/2026\/04\/Milei-coimas-clonazepam.jpg","articleSection":["Actualidad"],"inLanguage":"es-AR"},{"@type":"WebPage","@id":"https:\/\/primereando.com.ar\/index.php\/2026\/05\/27\/otro-relato-que-se-cae-argentina-ultima-en-inversion-extranjera\/125217\/","url":"https:\/\/primereando.com.ar\/index.php\/2026\/05\/27\/otro-relato-que-se-cae-argentina-ultima-en-inversion-extranjera\/125217\/","name":"Otro relato que se cae: Argentina, \u00faltima en inversi\u00f3n extranjera - Primereando","isPartOf":{"@id":"https:\/\/primereando.com.ar\/#website"},"primaryImageOfPage":{"@id":"https:\/\/primereando.com.ar\/index.php\/2026\/05\/27\/otro-relato-que-se-cae-argentina-ultima-en-inversion-extranjera\/125217\/#primaryimage"},"image":{"@id":"https:\/\/primereando.com.ar\/index.php\/2026\/05\/27\/otro-relato-que-se-cae-argentina-ultima-en-inversion-extranjera\/125217\/#primaryimage"},"thumbnailUrl":"https:\/\/primereando.com.ar\/wp-content\/uploads\/2026\/04\/Milei-coimas-clonazepam.jpg","datePublished":"2026-05-27T16:11:34+00:00","breadcrumb":{"@id":"https:\/\/primereando.com.ar\/index.php\/2026\/05\/27\/otro-relato-que-se-cae-argentina-ultima-en-inversion-extranjera\/125217\/#breadcrumb"},"inLanguage":"es-AR","potentialAction":[{"@type":"ReadAction","target":["https:\/\/primereando.com.ar\/index.php\/2026\/05\/27\/otro-relato-que-se-cae-argentina-ultima-en-inversion-extranjera\/125217\/"]}]},{"@type":"ImageObject","inLanguage":"es-AR","@id":"https:\/\/primereando.com.ar\/index.php\/2026\/05\/27\/otro-relato-que-se-cae-argentina-ultima-en-inversion-extranjera\/125217\/#primaryimage","url":"https:\/\/primereando.com.ar\/wp-content\/uploads\/2026\/04\/Milei-coimas-clonazepam.jpg","contentUrl":"https:\/\/primereando.com.ar\/wp-content\/uploads\/2026\/04\/Milei-coimas-clonazepam.jpg","width":1080,"height":884},{"@type":"BreadcrumbList","@id":"https:\/\/primereando.com.ar\/index.php\/2026\/05\/27\/otro-relato-que-se-cae-argentina-ultima-en-inversion-extranjera\/125217\/#breadcrumb","itemListElement":[{"@type":"ListItem","position":1,"name":"Inicio","item":"https:\/\/primereando.com.ar\/"},{"@type":"ListItem","position":2,"name":"Otro relato que se cae: Argentina, \u00faltima en inversi\u00f3n extranjera"}]},{"@type":"WebSite","@id":"https:\/\/primereando.com.ar\/#website","url":"https:\/\/primereando.com.ar\/","name":"Primereando","description":"Portal de noticias de la Provincia de Buenos Aires","publisher":{"@id":"https:\/\/primereando.com.ar\/#organization"},"potentialAction":[{"@type":"SearchAction","target":{"@type":"EntryPoint","urlTemplate":"https:\/\/primereando.com.ar\/?s={search_term_string}"},"query-input":{"@type":"PropertyValueSpecification","valueRequired":true,"valueName":"search_term_string"}}],"inLanguage":"es-AR"},{"@type":"Organization","@id":"https:\/\/primereando.com.ar\/#organization","name":"Primereando","url":"https:\/\/primereando.com.ar\/","logo":{"@type":"ImageObject","inLanguage":"es-AR","@id":"https:\/\/primereando.com.ar\/#\/schema\/logo\/image\/","url":"https:\/\/primereando.com.ar\/wp-content\/uploads\/2021\/12\/primereando-logo.png","contentUrl":"https:\/\/primereando.com.ar\/wp-content\/uploads\/2021\/12\/primereando-logo.png","width":360,"height":96,"caption":"Primereando"},"image":{"@id":"https:\/\/primereando.com.ar\/#\/schema\/logo\/image\/"}},{"@type":"Person","@id":"https:\/\/primereando.com.ar\/#\/schema\/person\/4e63931e01f10f9b83b868233258d3d3","name":"Quique","image":{"@type":"ImageObject","inLanguage":"es-AR","@id":"https:\/\/secure.gravatar.com\/avatar\/b59b9a051963473b9167e1994f9d9bceb0bfcf81b12fa216e38bdbf315e58be9?s=96&d=blank&r=g","url":"https:\/\/secure.gravatar.com\/avatar\/b59b9a051963473b9167e1994f9d9bceb0bfcf81b12fa216e38bdbf315e58be9?s=96&d=blank&r=g","contentUrl":"https:\/\/secure.gravatar.com\/avatar\/b59b9a051963473b9167e1994f9d9bceb0bfcf81b12fa216e38bdbf315e58be9?s=96&d=blank&r=g","caption":"Quique"},"url":"https:\/\/primereando.com.ar\/index.php\/author\/quique\/"}]}},"_links":{"self":[{"href":"https:\/\/primereando.com.ar\/index.php\/wp-json\/wp\/v2\/posts\/125217","targetHints":{"allow":["GET"]}}],"collection":[{"href":"https:\/\/primereando.com.ar\/index.php\/wp-json\/wp\/v2\/posts"}],"about":[{"href":"https:\/\/primereando.com.ar\/index.php\/wp-json\/wp\/v2\/types\/post"}],"author":[{"embeddable":true,"href":"https:\/\/primereando.com.ar\/index.php\/wp-json\/wp\/v2\/users\/4"}],"replies":[{"embeddable":true,"href":"https:\/\/primereando.com.ar\/index.php\/wp-json\/wp\/v2\/comments?post=125217"}],"version-history":[{"count":1,"href":"https:\/\/primereando.com.ar\/index.php\/wp-json\/wp\/v2\/posts\/125217\/revisions"}],"predecessor-version":[{"id":125218,"href":"https:\/\/primereando.com.ar\/index.php\/wp-json\/wp\/v2\/posts\/125217\/revisions\/125218"}],"wp:featuredmedia":[{"embeddable":true,"href":"https:\/\/primereando.com.ar\/index.php\/wp-json\/wp\/v2\/media\/124468"}],"wp:attachment":[{"href":"https:\/\/primereando.com.ar\/index.php\/wp-json\/wp\/v2\/media?parent=125217"}],"wp:term":[{"taxonomy":"category","embeddable":true,"href":"https:\/\/primereando.com.ar\/index.php\/wp-json\/wp\/v2\/categories?post=125217"},{"taxonomy":"post_tag","embeddable":true,"href":"https:\/\/primereando.com.ar\/index.php\/wp-json\/wp\/v2\/tags?post=125217"}],"curies":[{"name":"wp","href":"https:\/\/api.w.org\/{rel}","templated":true}]}}