{"id":125304,"date":"2026-06-04T09:06:08","date_gmt":"2026-06-04T12:06:08","guid":{"rendered":"https:\/\/primereando.com.ar\/?p=125304"},"modified":"2026-06-04T09:06:08","modified_gmt":"2026-06-04T12:06:08","slug":"la-igj-quiere-saber-quien-financia-a-la-fundacion-faro","status":"publish","type":"post","link":"https:\/\/primereando.com.ar\/index.php\/2026\/06\/04\/la-igj-quiere-saber-quien-financia-a-la-fundacion-faro\/125304\/","title":{"rendered":"La IGJ quiere saber qui\u00e9n financia a la Fundaci\u00f3n Faro"},"content":{"rendered":"\n<h2 class=\"wp-block-heading\">La decisi\u00f3n de la Inspecci\u00f3n General de Justicia (IGJ) de exigirle a la Fundaci\u00f3n Faro que revele la identidad de sus principales aportantes fue le\u00edda dentro del oficialismo como un nuevo movimiento de Karina Milei en la creciente disputa de poder que atraviesa al Gobierno. <\/h2>\n\n\n\n<p class=\"wp-block-paragraph\">El organismo que conduce el Ministerio de Justicia notific\u00f3 a<strong> la fundaci\u00f3n encabezada por Agust\u00edn Laje y vinculada al entorno de Santiago Caputo<\/strong> para que informe qui\u00e9nes realizaron las donaciones millonarias que recibi\u00f3 durante 2024. <strong>La presentaci\u00f3n deber\u00e1 realizarse en un plazo de diez d\u00edas h\u00e1biles bajo amenaza de sanciones econ\u00f3micas que podr\u00edan alcanzar varios millones de pesos.<\/strong><\/p>\n\n\n\n<p class=\"wp-block-paragraph\">La exigencia surgi\u00f3<strong> luego de que Faro declarara ingresos por casi 5.000 millones de pesos bajo el rubro &#8220;Donaciones, cursos, talleres y prevenci\u00f3n&#8221;<\/strong>, una cifra que <strong>multiplic\u00f3 por m\u00e1s de cien los recursos informados el a\u00f1o anterior y que despert\u00f3 la atenci\u00f3n de la IGJ<\/strong>. El organismo reclama ahora precisiones sobre el origen de esos fondos, la identidad de los aportantes y las circunstancias en las que se realizaron los desembolsos. <\/p>\n\n\n\n<p class=\"has-medium-font-size wp-block-paragraph\"><strong>La sombra de Karina Milei<\/strong><\/p>\n\n\n\n<p class=\"wp-block-paragraph\">Pero la lectura pol\u00edtica dentro de La Libertad Avanza va mucho m\u00e1s all\u00e1 de una cuesti\u00f3n contable. Faro se transform\u00f3 en los \u00faltimos meses en una estructura de peso dentro del ecosistema libertario.<strong> Con Agust\u00edn Laje como referencia intelectual y Francisco Caputo \u2014hermano del principal asesor presidencial\u2014 como uno de sus armadores, la fundaci\u00f3n comenz\u00f3 a consolidarse como un polo de influencia propio dentro del oficialismo.<\/strong><\/p>\n\n\n\n<p class=\"wp-block-paragraph\"><strong>Por eso, la decisi\u00f3n de la IGJ fue interpretada por varios dirigentes como un mensaje dirigido al sector de Santiago Caputo<\/strong>. La sospecha se alimenta por el hecho de que <strong>el organismo responde pol\u00edticamente al ministro de Justicia, una de las \u00e1reas donde Karina Milei <\/strong>logr\u00f3 desplazar la influencia del asesor presidencial para fortalecer su propio esquema de control.<\/p>\n\n\n\n<p class=\"wp-block-paragraph\"><strong>La ofensiva sobre Faro coincidi\u00f3 adem\u00e1s con otro gesto que en la Casa Rosada fue le\u00eddo en clave interna. Horas despu\u00e9s de conocerse el requerimiento de la IGJ, Manuel Adorni anunci\u00f3 la apertura del registro para que talleres mec\u00e1nicos particulares puedan realizar la Revisi\u00f3n T\u00e9cnica Obligatoria (RTO), una medida que impacta sobre uno de los negocios hist\u00f3ricamente vinculados a grupos empresarios cercanos al c\u00edrculo de Santiago Caputo.<\/strong><\/p>\n\n\n\n<p class=\"wp-block-paragraph\">La simultaneidad de ambos movimientos <strong>aliment\u00f3 la percepci\u00f3n de que Karina Milei busca recuperar iniciativa pol\u00edtica luego de varios episodios que fortalecieron la posici\u00f3n de Caputo frente al Presidente<\/strong>. En el karinismo observan con preocupaci\u00f3n el creciente v\u00ednculo entre Javier Milei y su principal asesor, mientras que <strong>tambi\u00e9n siguen de cerca los movimientos de Patricia Bullrich, quien comenz\u00f3 a exhibir se\u00f1ales de autonom\u00eda que incomodan a la secretaria general.<\/strong><\/p>\n\n\n\n<p class=\"wp-block-paragraph\">En ese contexto, el pedido de informaci\u00f3n a Fundaci\u00f3n Faro dej\u00f3 de ser un expediente administrativo para convertirse en una pieza m\u00e1s de la guerra silenciosa que se desarrolla en el coraz\u00f3n del poder libertario. Una disputa donde los movimientos burocr\u00e1ticos, los anuncios de gesti\u00f3n y las decisiones regulatorias aparecen cada vez m\u00e1s atravesados por la pelea por la sucesi\u00f3n y el control pol\u00edtico del proyecto de gobierno.<\/p>\n","protected":false},"excerpt":{"rendered":"<p>La decisi\u00f3n de la Inspecci\u00f3n General de Justicia (IGJ) de exigirle a la Fundaci\u00f3n Faro que revele la identidad de sus principales aportantes fue le\u00edda dentro del oficialismo como un nuevo movimiento de Karina Milei en la creciente disputa de poder que atraviesa al Gobierno. El organismo que conduce el Ministerio de Justicia notific\u00f3 a [&hellip;]<\/p>\n","protected":false},"author":8,"featured_media":125306,"comment_status":"closed","ping_status":"closed","sticky":false,"template":"","format":"standard","meta":{"footnotes":""},"categories":[5],"tags":[],"class_list":["post-125304","post","type-post","status-publish","format-standard","has-post-thumbnail","hentry","category-actualidad"],"yoast_head":"<!-- This site is optimized with the Yoast SEO plugin v28.4 - https:\/\/yoast.com\/product\/yoast-seo-wordpress\/ -->\n<title>La IGJ quiere saber qui\u00e9n financia a la Fundaci\u00f3n Faro - Primereando<\/title>\n<meta name=\"robots\" content=\"index, follow, max-snippet:-1, max-image-preview:large, max-video-preview:-1\" \/>\n<link rel=\"canonical\" href=\"https:\/\/primereando.com.ar\/index.php\/2026\/06\/04\/la-igj-quiere-saber-quien-financia-a-la-fundacion-faro\/125304\/\" \/>\n<meta property=\"og:locale\" content=\"es_ES\" \/>\n<meta property=\"og:type\" content=\"article\" \/>\n<meta property=\"og:title\" content=\"La IGJ quiere saber qui\u00e9n financia a la Fundaci\u00f3n Faro - Primereando\" \/>\n<meta property=\"og:description\" content=\"La decisi\u00f3n de la Inspecci\u00f3n General de Justicia (IGJ) de exigirle a la Fundaci\u00f3n Faro que revele la identidad de sus principales aportantes fue le\u00edda dentro del oficialismo como un nuevo movimiento de Karina Milei en la creciente disputa de poder que atraviesa al Gobierno. El organismo que conduce el Ministerio de Justicia notific\u00f3 a [&hellip;]\" \/>\n<meta property=\"og:url\" content=\"https:\/\/primereando.com.ar\/index.php\/2026\/06\/04\/la-igj-quiere-saber-quien-financia-a-la-fundacion-faro\/125304\/\" \/>\n<meta property=\"og:site_name\" content=\"Primereando\" \/>\n<meta property=\"article:published_time\" content=\"2026-06-04T12:06:08+00:00\" \/>\n<meta property=\"og:image\" content=\"https:\/\/primereando.com.ar\/wp-content\/uploads\/2026\/06\/fundacion-faro-corrupcion-fondos.webp\" \/>\n\t<meta property=\"og:image:width\" content=\"790\" \/>\n\t<meta property=\"og:image:height\" content=\"448\" \/>\n\t<meta property=\"og:image:type\" content=\"image\/webp\" \/>\n<meta name=\"author\" content=\"ignacio corsario\" \/>\n<meta name=\"twitter:card\" content=\"summary_large_image\" \/>\n<meta name=\"twitter:label1\" content=\"Escrito por\" \/>\n\t<meta name=\"twitter:data1\" content=\"ignacio corsario\" \/>\n\t<meta name=\"twitter:label2\" content=\"Tiempo de lectura\" \/>\n\t<meta name=\"twitter:data2\" content=\"3 minutos\" \/>\n<script type=\"application\/ld+json\" class=\"yoast-schema-graph\">{\"@context\":\"https:\\\/\\\/schema.org\",\"@graph\":[{\"@type\":\"Article\",\"@id\":\"https:\\\/\\\/primereando.com.ar\\\/index.php\\\/2026\\\/06\\\/04\\\/la-igj-quiere-saber-quien-financia-a-la-fundacion-faro\\\/125304\\\/#article\",\"isPartOf\":{\"@id\":\"https:\\\/\\\/primereando.com.ar\\\/index.php\\\/2026\\\/06\\\/04\\\/la-igj-quiere-saber-quien-financia-a-la-fundacion-faro\\\/125304\\\/\"},\"author\":{\"name\":\"ignacio corsario\",\"@id\":\"https:\\\/\\\/primereando.com.ar\\\/#\\\/schema\\\/person\\\/163ed2710eec4fd8173e5e51bb8b23ee\"},\"headline\":\"La IGJ quiere saber qui\u00e9n financia a la Fundaci\u00f3n Faro\",\"datePublished\":\"2026-06-04T12:06:08+00:00\",\"mainEntityOfPage\":{\"@id\":\"https:\\\/\\\/primereando.com.ar\\\/index.php\\\/2026\\\/06\\\/04\\\/la-igj-quiere-saber-quien-financia-a-la-fundacion-faro\\\/125304\\\/\"},\"wordCount\":566,\"publisher\":{\"@id\":\"https:\\\/\\\/primereando.com.ar\\\/#organization\"},\"image\":{\"@id\":\"https:\\\/\\\/primereando.com.ar\\\/index.php\\\/2026\\\/06\\\/04\\\/la-igj-quiere-saber-quien-financia-a-la-fundacion-faro\\\/125304\\\/#primaryimage\"},\"thumbnailUrl\":\"https:\\\/\\\/primereando.com.ar\\\/wp-content\\\/uploads\\\/2026\\\/06\\\/fundacion-faro-corrupcion-fondos.webp\",\"articleSection\":[\"Actualidad\"],\"inLanguage\":\"es-AR\"},{\"@type\":\"WebPage\",\"@id\":\"https:\\\/\\\/primereando.com.ar\\\/index.php\\\/2026\\\/06\\\/04\\\/la-igj-quiere-saber-quien-financia-a-la-fundacion-faro\\\/125304\\\/\",\"url\":\"https:\\\/\\\/primereando.com.ar\\\/index.php\\\/2026\\\/06\\\/04\\\/la-igj-quiere-saber-quien-financia-a-la-fundacion-faro\\\/125304\\\/\",\"name\":\"La IGJ quiere saber qui\u00e9n financia a la Fundaci\u00f3n Faro - Primereando\",\"isPartOf\":{\"@id\":\"https:\\\/\\\/primereando.com.ar\\\/#website\"},\"primaryImageOfPage\":{\"@id\":\"https:\\\/\\\/primereando.com.ar\\\/index.php\\\/2026\\\/06\\\/04\\\/la-igj-quiere-saber-quien-financia-a-la-fundacion-faro\\\/125304\\\/#primaryimage\"},\"image\":{\"@id\":\"https:\\\/\\\/primereando.com.ar\\\/index.php\\\/2026\\\/06\\\/04\\\/la-igj-quiere-saber-quien-financia-a-la-fundacion-faro\\\/125304\\\/#primaryimage\"},\"thumbnailUrl\":\"https:\\\/\\\/primereando.com.ar\\\/wp-content\\\/uploads\\\/2026\\\/06\\\/fundacion-faro-corrupcion-fondos.webp\",\"datePublished\":\"2026-06-04T12:06:08+00:00\",\"breadcrumb\":{\"@id\":\"https:\\\/\\\/primereando.com.ar\\\/index.php\\\/2026\\\/06\\\/04\\\/la-igj-quiere-saber-quien-financia-a-la-fundacion-faro\\\/125304\\\/#breadcrumb\"},\"inLanguage\":\"es-AR\",\"potentialAction\":[{\"@type\":\"ReadAction\",\"target\":[\"https:\\\/\\\/primereando.com.ar\\\/index.php\\\/2026\\\/06\\\/04\\\/la-igj-quiere-saber-quien-financia-a-la-fundacion-faro\\\/125304\\\/\"]}]},{\"@type\":\"ImageObject\",\"inLanguage\":\"es-AR\",\"@id\":\"https:\\\/\\\/primereando.com.ar\\\/index.php\\\/2026\\\/06\\\/04\\\/la-igj-quiere-saber-quien-financia-a-la-fundacion-faro\\\/125304\\\/#primaryimage\",\"url\":\"https:\\\/\\\/primereando.com.ar\\\/wp-content\\\/uploads\\\/2026\\\/06\\\/fundacion-faro-corrupcion-fondos.webp\",\"contentUrl\":\"https:\\\/\\\/primereando.com.ar\\\/wp-content\\\/uploads\\\/2026\\\/06\\\/fundacion-faro-corrupcion-fondos.webp\",\"width\":790,\"height\":448},{\"@type\":\"BreadcrumbList\",\"@id\":\"https:\\\/\\\/primereando.com.ar\\\/index.php\\\/2026\\\/06\\\/04\\\/la-igj-quiere-saber-quien-financia-a-la-fundacion-faro\\\/125304\\\/#breadcrumb\",\"itemListElement\":[{\"@type\":\"ListItem\",\"position\":1,\"name\":\"Inicio\",\"item\":\"https:\\\/\\\/primereando.com.ar\\\/\"},{\"@type\":\"ListItem\",\"position\":2,\"name\":\"La IGJ quiere saber qui\u00e9n financia a la Fundaci\u00f3n Faro\"}]},{\"@type\":\"WebSite\",\"@id\":\"https:\\\/\\\/primereando.com.ar\\\/#website\",\"url\":\"https:\\\/\\\/primereando.com.ar\\\/\",\"name\":\"Primereando\",\"description\":\"Portal de noticias de la Provincia de Buenos Aires\",\"publisher\":{\"@id\":\"https:\\\/\\\/primereando.com.ar\\\/#organization\"},\"potentialAction\":[{\"@type\":\"SearchAction\",\"target\":{\"@type\":\"EntryPoint\",\"urlTemplate\":\"https:\\\/\\\/primereando.com.ar\\\/?s={search_term_string}\"},\"query-input\":{\"@type\":\"PropertyValueSpecification\",\"valueRequired\":true,\"valueName\":\"search_term_string\"}}],\"inLanguage\":\"es-AR\"},{\"@type\":\"Organization\",\"@id\":\"https:\\\/\\\/primereando.com.ar\\\/#organization\",\"name\":\"Primereando\",\"url\":\"https:\\\/\\\/primereando.com.ar\\\/\",\"logo\":{\"@type\":\"ImageObject\",\"inLanguage\":\"es-AR\",\"@id\":\"https:\\\/\\\/primereando.com.ar\\\/#\\\/schema\\\/logo\\\/image\\\/\",\"url\":\"https:\\\/\\\/primereando.com.ar\\\/wp-content\\\/uploads\\\/2021\\\/12\\\/primereando-logo.png\",\"contentUrl\":\"https:\\\/\\\/primereando.com.ar\\\/wp-content\\\/uploads\\\/2021\\\/12\\\/primereando-logo.png\",\"width\":360,\"height\":96,\"caption\":\"Primereando\"},\"image\":{\"@id\":\"https:\\\/\\\/primereando.com.ar\\\/#\\\/schema\\\/logo\\\/image\\\/\"}},{\"@type\":\"Person\",\"@id\":\"https:\\\/\\\/primereando.com.ar\\\/#\\\/schema\\\/person\\\/163ed2710eec4fd8173e5e51bb8b23ee\",\"name\":\"ignacio corsario\",\"image\":{\"@type\":\"ImageObject\",\"inLanguage\":\"es-AR\",\"@id\":\"https:\\\/\\\/secure.gravatar.com\\\/avatar\\\/88fd77b01053dd79091962d2e6ed54169fabbaefae7619405afc209b70ff06d2?s=96&d=blank&r=g\",\"url\":\"https:\\\/\\\/secure.gravatar.com\\\/avatar\\\/88fd77b01053dd79091962d2e6ed54169fabbaefae7619405afc209b70ff06d2?s=96&d=blank&r=g\",\"contentUrl\":\"https:\\\/\\\/secure.gravatar.com\\\/avatar\\\/88fd77b01053dd79091962d2e6ed54169fabbaefae7619405afc209b70ff06d2?s=96&d=blank&r=g\",\"caption\":\"ignacio corsario\"},\"url\":\"https:\\\/\\\/primereando.com.ar\\\/index.php\\\/author\\\/ignaciocorsario\\\/\"}]}<\/script>\n<!-- \/ Yoast SEO plugin. -->","yoast_head_json":{"title":"La IGJ quiere saber qui\u00e9n financia a la Fundaci\u00f3n Faro - Primereando","robots":{"index":"index","follow":"follow","max-snippet":"max-snippet:-1","max-image-preview":"max-image-preview:large","max-video-preview":"max-video-preview:-1"},"canonical":"https:\/\/primereando.com.ar\/index.php\/2026\/06\/04\/la-igj-quiere-saber-quien-financia-a-la-fundacion-faro\/125304\/","og_locale":"es_ES","og_type":"article","og_title":"La IGJ quiere saber qui\u00e9n financia a la Fundaci\u00f3n Faro - Primereando","og_description":"La decisi\u00f3n de la Inspecci\u00f3n General de Justicia (IGJ) de exigirle a la Fundaci\u00f3n Faro que revele la identidad de sus principales aportantes fue le\u00edda dentro del oficialismo como un nuevo movimiento de Karina Milei en la creciente disputa de poder que atraviesa al Gobierno. El organismo que conduce el Ministerio de Justicia notific\u00f3 a [&hellip;]","og_url":"https:\/\/primereando.com.ar\/index.php\/2026\/06\/04\/la-igj-quiere-saber-quien-financia-a-la-fundacion-faro\/125304\/","og_site_name":"Primereando","article_published_time":"2026-06-04T12:06:08+00:00","og_image":[{"width":790,"height":448,"url":"https:\/\/primereando.com.ar\/wp-content\/uploads\/2026\/06\/fundacion-faro-corrupcion-fondos.webp","type":"image\/webp"}],"author":"ignacio corsario","twitter_card":"summary_large_image","twitter_misc":{"Escrito por":"ignacio corsario","Tiempo de lectura":"3 minutos"},"schema":{"@context":"https:\/\/schema.org","@graph":[{"@type":"Article","@id":"https:\/\/primereando.com.ar\/index.php\/2026\/06\/04\/la-igj-quiere-saber-quien-financia-a-la-fundacion-faro\/125304\/#article","isPartOf":{"@id":"https:\/\/primereando.com.ar\/index.php\/2026\/06\/04\/la-igj-quiere-saber-quien-financia-a-la-fundacion-faro\/125304\/"},"author":{"name":"ignacio corsario","@id":"https:\/\/primereando.com.ar\/#\/schema\/person\/163ed2710eec4fd8173e5e51bb8b23ee"},"headline":"La IGJ quiere saber qui\u00e9n financia a la Fundaci\u00f3n Faro","datePublished":"2026-06-04T12:06:08+00:00","mainEntityOfPage":{"@id":"https:\/\/primereando.com.ar\/index.php\/2026\/06\/04\/la-igj-quiere-saber-quien-financia-a-la-fundacion-faro\/125304\/"},"wordCount":566,"publisher":{"@id":"https:\/\/primereando.com.ar\/#organization"},"image":{"@id":"https:\/\/primereando.com.ar\/index.php\/2026\/06\/04\/la-igj-quiere-saber-quien-financia-a-la-fundacion-faro\/125304\/#primaryimage"},"thumbnailUrl":"https:\/\/primereando.com.ar\/wp-content\/uploads\/2026\/06\/fundacion-faro-corrupcion-fondos.webp","articleSection":["Actualidad"],"inLanguage":"es-AR"},{"@type":"WebPage","@id":"https:\/\/primereando.com.ar\/index.php\/2026\/06\/04\/la-igj-quiere-saber-quien-financia-a-la-fundacion-faro\/125304\/","url":"https:\/\/primereando.com.ar\/index.php\/2026\/06\/04\/la-igj-quiere-saber-quien-financia-a-la-fundacion-faro\/125304\/","name":"La IGJ quiere saber qui\u00e9n financia a la Fundaci\u00f3n Faro - Primereando","isPartOf":{"@id":"https:\/\/primereando.com.ar\/#website"},"primaryImageOfPage":{"@id":"https:\/\/primereando.com.ar\/index.php\/2026\/06\/04\/la-igj-quiere-saber-quien-financia-a-la-fundacion-faro\/125304\/#primaryimage"},"image":{"@id":"https:\/\/primereando.com.ar\/index.php\/2026\/06\/04\/la-igj-quiere-saber-quien-financia-a-la-fundacion-faro\/125304\/#primaryimage"},"thumbnailUrl":"https:\/\/primereando.com.ar\/wp-content\/uploads\/2026\/06\/fundacion-faro-corrupcion-fondos.webp","datePublished":"2026-06-04T12:06:08+00:00","breadcrumb":{"@id":"https:\/\/primereando.com.ar\/index.php\/2026\/06\/04\/la-igj-quiere-saber-quien-financia-a-la-fundacion-faro\/125304\/#breadcrumb"},"inLanguage":"es-AR","potentialAction":[{"@type":"ReadAction","target":["https:\/\/primereando.com.ar\/index.php\/2026\/06\/04\/la-igj-quiere-saber-quien-financia-a-la-fundacion-faro\/125304\/"]}]},{"@type":"ImageObject","inLanguage":"es-AR","@id":"https:\/\/primereando.com.ar\/index.php\/2026\/06\/04\/la-igj-quiere-saber-quien-financia-a-la-fundacion-faro\/125304\/#primaryimage","url":"https:\/\/primereando.com.ar\/wp-content\/uploads\/2026\/06\/fundacion-faro-corrupcion-fondos.webp","contentUrl":"https:\/\/primereando.com.ar\/wp-content\/uploads\/2026\/06\/fundacion-faro-corrupcion-fondos.webp","width":790,"height":448},{"@type":"BreadcrumbList","@id":"https:\/\/primereando.com.ar\/index.php\/2026\/06\/04\/la-igj-quiere-saber-quien-financia-a-la-fundacion-faro\/125304\/#breadcrumb","itemListElement":[{"@type":"ListItem","position":1,"name":"Inicio","item":"https:\/\/primereando.com.ar\/"},{"@type":"ListItem","position":2,"name":"La IGJ quiere saber qui\u00e9n financia a la Fundaci\u00f3n Faro"}]},{"@type":"WebSite","@id":"https:\/\/primereando.com.ar\/#website","url":"https:\/\/primereando.com.ar\/","name":"Primereando","description":"Portal de noticias de la Provincia de Buenos Aires","publisher":{"@id":"https:\/\/primereando.com.ar\/#organization"},"potentialAction":[{"@type":"SearchAction","target":{"@type":"EntryPoint","urlTemplate":"https:\/\/primereando.com.ar\/?s={search_term_string}"},"query-input":{"@type":"PropertyValueSpecification","valueRequired":true,"valueName":"search_term_string"}}],"inLanguage":"es-AR"},{"@type":"Organization","@id":"https:\/\/primereando.com.ar\/#organization","name":"Primereando","url":"https:\/\/primereando.com.ar\/","logo":{"@type":"ImageObject","inLanguage":"es-AR","@id":"https:\/\/primereando.com.ar\/#\/schema\/logo\/image\/","url":"https:\/\/primereando.com.ar\/wp-content\/uploads\/2021\/12\/primereando-logo.png","contentUrl":"https:\/\/primereando.com.ar\/wp-content\/uploads\/2021\/12\/primereando-logo.png","width":360,"height":96,"caption":"Primereando"},"image":{"@id":"https:\/\/primereando.com.ar\/#\/schema\/logo\/image\/"}},{"@type":"Person","@id":"https:\/\/primereando.com.ar\/#\/schema\/person\/163ed2710eec4fd8173e5e51bb8b23ee","name":"ignacio corsario","image":{"@type":"ImageObject","inLanguage":"es-AR","@id":"https:\/\/secure.gravatar.com\/avatar\/88fd77b01053dd79091962d2e6ed54169fabbaefae7619405afc209b70ff06d2?s=96&d=blank&r=g","url":"https:\/\/secure.gravatar.com\/avatar\/88fd77b01053dd79091962d2e6ed54169fabbaefae7619405afc209b70ff06d2?s=96&d=blank&r=g","contentUrl":"https:\/\/secure.gravatar.com\/avatar\/88fd77b01053dd79091962d2e6ed54169fabbaefae7619405afc209b70ff06d2?s=96&d=blank&r=g","caption":"ignacio corsario"},"url":"https:\/\/primereando.com.ar\/index.php\/author\/ignaciocorsario\/"}]}},"_links":{"self":[{"href":"https:\/\/primereando.com.ar\/index.php\/wp-json\/wp\/v2\/posts\/125304","targetHints":{"allow":["GET"]}}],"collection":[{"href":"https:\/\/primereando.com.ar\/index.php\/wp-json\/wp\/v2\/posts"}],"about":[{"href":"https:\/\/primereando.com.ar\/index.php\/wp-json\/wp\/v2\/types\/post"}],"author":[{"embeddable":true,"href":"https:\/\/primereando.com.ar\/index.php\/wp-json\/wp\/v2\/users\/8"}],"replies":[{"embeddable":true,"href":"https:\/\/primereando.com.ar\/index.php\/wp-json\/wp\/v2\/comments?post=125304"}],"version-history":[{"count":1,"href":"https:\/\/primereando.com.ar\/index.php\/wp-json\/wp\/v2\/posts\/125304\/revisions"}],"predecessor-version":[{"id":125307,"href":"https:\/\/primereando.com.ar\/index.php\/wp-json\/wp\/v2\/posts\/125304\/revisions\/125307"}],"wp:featuredmedia":[{"embeddable":true,"href":"https:\/\/primereando.com.ar\/index.php\/wp-json\/wp\/v2\/media\/125306"}],"wp:attachment":[{"href":"https:\/\/primereando.com.ar\/index.php\/wp-json\/wp\/v2\/media?parent=125304"}],"wp:term":[{"taxonomy":"category","embeddable":true,"href":"https:\/\/primereando.com.ar\/index.php\/wp-json\/wp\/v2\/categories?post=125304"},{"taxonomy":"post_tag","embeddable":true,"href":"https:\/\/primereando.com.ar\/index.php\/wp-json\/wp\/v2\/tags?post=125304"}],"curies":[{"name":"wp","href":"https:\/\/api.w.org\/{rel}","templated":true}]}}