{"id":125310,"date":"2026-06-04T09:40:10","date_gmt":"2026-06-04T12:40:10","guid":{"rendered":"https:\/\/primereando.com.ar\/?p=125310"},"modified":"2026-06-04T09:40:10","modified_gmt":"2026-06-04T12:40:10","slug":"caso-andis-el-gobierno-volvio-a-beneficiar-a-la-polemica-drogueria-suizo-argentina","status":"publish","type":"post","link":"https:\/\/primereando.com.ar\/index.php\/2026\/06\/04\/caso-andis-el-gobierno-volvio-a-beneficiar-a-la-polemica-drogueria-suizo-argentina\/125310\/","title":{"rendered":"Caso ANDIS: el Gobierno volvi\u00f3 a beneficiar a la pol\u00e9mica droguer\u00eda Suizo Argentina\u00a0"},"content":{"rendered":"\n<h2 class=\"wp-block-heading\">Mientras la Justicia profundiza la investigaci\u00f3n por presuntas coimas, direccionamiento de contrataciones y desv\u00edo de fondos en la Agencia Nacional de Discapacidad (ANDIS), el Gobierno nacional volvi\u00f3 a otorgar beneficios a empresas vinculadas al expediente judicial, entre ellas la cuestionada Droguer\u00eda Suizo Argentina, controlada por la familia Kovalivker.<\/h2>\n\n\n\n<p class=\"wp-block-paragraph\">La firma, que qued\u00f3 bajo la lupa tras la difusi\u00f3n de los audios que comprometen al ex titular de ANDIS, <strong>Diego Spagnuolo<\/strong>, y por su presunta participaci\u00f3n en un <strong>entramado de contrataciones irregulares dentro del organismo, reaparece ahora en una millonaria licitaci\u00f3n del Ministerio de Salud para la provisi\u00f3n de medicamentos oncol\u00f3gicos.<\/strong><\/p>\n\n\n\n<p class=\"wp-block-paragraph\">La resoluci\u00f3n, firmada por <strong>la cartera que conduce Mario Lugones, adjudic\u00f3 compras por casi 15.000 millones de pesos a un grupo de empresas entre las que tambi\u00e9n figuran Ortopedia Alemana del Norte y la droguer\u00eda DISVAL, ambas mencionadas en las actuaciones judiciales que investigan el manejo de fondos destinados a prestaciones para personas con discapacidad.<\/strong><\/p>\n\n\n\n<p class=\"wp-block-paragraph\">La situaci\u00f3n resulta particularmente llamativa porque,<strong> tras el esc\u00e1ndalo de ANDIS, la participaci\u00f3n de Suizo Argentina en las contrataciones estatales pareci\u00f3 reducirse dr\u00e1sticamente<\/strong>. Sin embargo, <strong>detr\u00e1s de esa aparente retirada se produjeron movimientos societarios y comerciales que hoy vuelven a colocar a la empresa en el centro de la escena.<\/strong><\/p>\n\n\n\n<p class=\"wp-block-paragraph\">En diciembre pasado, Emmanuel Kovalivker renunci\u00f3 sorpresivamente a la vicepresidencia de la compa\u00f1\u00eda durante una asamblea extraordinaria. Desde entonces, <strong>la presidencia qued\u00f3 en manos de Jonathan Kovalivker, acompa\u00f1ado por un directorio integrado por figuras estrechamente vinculadas a la estructura empresarial de la familia<\/strong>, entre ellos Pablo Ariel Viner y Sebasti\u00e1n Nuner Uner, se\u00f1alado en la causa judicial como uno de los hombres de mayor influencia dentro de la droguer\u00eda.<\/p>\n\n\n\n<p class=\"wp-block-paragraph\">La investigaci\u00f3n del <strong>fiscal Franco Picardi <\/strong>busca determinar el funcionamiento de una compleja red de sociedades vinculadas a los Kovalivker, que abarca empresas de los sectores farmac\u00e9utico, financiero, inmobiliario y de servicios. Nombres como los hermanos Viner aparecen repetidamente en directorios de <strong>compa\u00f1\u00edas relacionadas con Suizo Argentina, varias de ellas bajo investigaci\u00f3n.<\/strong><\/p>\n\n\n\n<p class=\"wp-block-paragraph\"><strong>En su dictamen, Picardi tambi\u00e9n puso el foco sobre Sebasti\u00e1n Nuner Uner, considerado el n\u00famero dos de la droguer\u00eda<\/strong>. Seg\u00fan testimonios incorporados a la causa, Nuner Uner manten\u00eda v\u00ednculos directos con funcionarios y operadores involucrados en las contrataciones investigadas y habr\u00eda tenido capacidad de influencia sobre la incorporaci\u00f3n de proveedores al sistema de compras de ANDIS.<\/p>\n\n\n\n<p class=\"wp-block-paragraph\"><strong>A pesar de estos antecedentes, la empresa contin\u00faa participando de procesos de contrataci\u00f3n p\u00fablica. De hecho, seg\u00fan registros oficiales, Suizo Argentina present\u00f3 este a\u00f1o una oferta por m\u00e1s de 142 millones de pesos para proveer insumos destinados al Hospital Posadas,<\/strong> tr\u00e1mite que a\u00fan permanece pendiente de adjudicaci\u00f3n.<\/p>\n\n\n\n<p class=\"wp-block-paragraph\"><strong>La reaparici\u00f3n de la droguer\u00eda en licitaciones estatales vuelve a generar interrogantes sobre los mecanismos de control y transparencia aplicados por el Gobierno,<\/strong> especialmente cuando se trata de empresas cuyos principales directivos y operadores aparecen mencionados en investigaciones judiciales por presuntos hechos de corrupci\u00f3n vinculados al manejo de recursos p\u00fablicos.<\/p>\n","protected":false},"excerpt":{"rendered":"<p>Mientras la Justicia profundiza la investigaci\u00f3n por presuntas coimas, direccionamiento de contrataciones y desv\u00edo de fondos en la Agencia Nacional de Discapacidad (ANDIS), el Gobierno nacional volvi\u00f3 a otorgar beneficios a empresas vinculadas al expediente judicial, entre ellas la cuestionada Droguer\u00eda Suizo Argentina, controlada por la familia Kovalivker. La firma, que qued\u00f3 bajo la lupa [&hellip;]<\/p>\n","protected":false},"author":8,"featured_media":123622,"comment_status":"closed","ping_status":"closed","sticky":false,"template":"","format":"standard","meta":{"footnotes":""},"categories":[5],"tags":[],"class_list":["post-125310","post","type-post","status-publish","format-standard","has-post-thumbnail","hentry","category-actualidad"],"yoast_head":"<!-- This site is optimized with the Yoast SEO plugin v28.4 - https:\/\/yoast.com\/product\/yoast-seo-wordpress\/ -->\n<title>Caso ANDIS: el Gobierno volvi\u00f3 a beneficiar a la pol\u00e9mica droguer\u00eda Suizo Argentina\u00a0 - Primereando<\/title>\n<meta name=\"robots\" content=\"index, follow, max-snippet:-1, max-image-preview:large, max-video-preview:-1\" \/>\n<link rel=\"canonical\" href=\"https:\/\/primereando.com.ar\/index.php\/2026\/06\/04\/caso-andis-el-gobierno-volvio-a-beneficiar-a-la-polemica-drogueria-suizo-argentina\/125310\/\" \/>\n<meta property=\"og:locale\" content=\"es_ES\" \/>\n<meta property=\"og:type\" content=\"article\" \/>\n<meta property=\"og:title\" content=\"Caso ANDIS: el Gobierno volvi\u00f3 a beneficiar a la pol\u00e9mica droguer\u00eda Suizo Argentina\u00a0 - Primereando\" \/>\n<meta property=\"og:description\" content=\"Mientras la Justicia profundiza la investigaci\u00f3n por presuntas coimas, direccionamiento de contrataciones y desv\u00edo de fondos en la Agencia Nacional de Discapacidad (ANDIS), el Gobierno nacional volvi\u00f3 a otorgar beneficios a empresas vinculadas al expediente judicial, entre ellas la cuestionada Droguer\u00eda Suizo Argentina, controlada por la familia Kovalivker. La firma, que qued\u00f3 bajo la lupa [&hellip;]\" \/>\n<meta property=\"og:url\" content=\"https:\/\/primereando.com.ar\/index.php\/2026\/06\/04\/caso-andis-el-gobierno-volvio-a-beneficiar-a-la-polemica-drogueria-suizo-argentina\/125310\/\" \/>\n<meta property=\"og:site_name\" content=\"Primereando\" \/>\n<meta property=\"article:published_time\" content=\"2026-06-04T12:40:10+00:00\" \/>\n<meta property=\"og:image\" content=\"https:\/\/primereando.com.ar\/wp-content\/uploads\/2026\/02\/image-7.png\" \/>\n\t<meta property=\"og:image:width\" content=\"1280\" \/>\n\t<meta property=\"og:image:height\" content=\"720\" \/>\n\t<meta property=\"og:image:type\" content=\"image\/png\" \/>\n<meta name=\"author\" content=\"ignacio corsario\" \/>\n<meta name=\"twitter:card\" content=\"summary_large_image\" \/>\n<meta name=\"twitter:label1\" content=\"Escrito por\" \/>\n\t<meta name=\"twitter:data1\" content=\"ignacio corsario\" \/>\n\t<meta name=\"twitter:label2\" content=\"Tiempo de lectura\" \/>\n\t<meta name=\"twitter:data2\" content=\"3 minutos\" \/>\n<script type=\"application\/ld+json\" class=\"yoast-schema-graph\">{\"@context\":\"https:\\\/\\\/schema.org\",\"@graph\":[{\"@type\":\"Article\",\"@id\":\"https:\\\/\\\/primereando.com.ar\\\/index.php\\\/2026\\\/06\\\/04\\\/caso-andis-el-gobierno-volvio-a-beneficiar-a-la-polemica-drogueria-suizo-argentina\\\/125310\\\/#article\",\"isPartOf\":{\"@id\":\"https:\\\/\\\/primereando.com.ar\\\/index.php\\\/2026\\\/06\\\/04\\\/caso-andis-el-gobierno-volvio-a-beneficiar-a-la-polemica-drogueria-suizo-argentina\\\/125310\\\/\"},\"author\":{\"name\":\"ignacio corsario\",\"@id\":\"https:\\\/\\\/primereando.com.ar\\\/#\\\/schema\\\/person\\\/163ed2710eec4fd8173e5e51bb8b23ee\"},\"headline\":\"Caso ANDIS: el Gobierno volvi\u00f3 a beneficiar a la pol\u00e9mica droguer\u00eda Suizo Argentina\u00a0\",\"datePublished\":\"2026-06-04T12:40:10+00:00\",\"mainEntityOfPage\":{\"@id\":\"https:\\\/\\\/primereando.com.ar\\\/index.php\\\/2026\\\/06\\\/04\\\/caso-andis-el-gobierno-volvio-a-beneficiar-a-la-polemica-drogueria-suizo-argentina\\\/125310\\\/\"},\"wordCount\":539,\"publisher\":{\"@id\":\"https:\\\/\\\/primereando.com.ar\\\/#organization\"},\"image\":{\"@id\":\"https:\\\/\\\/primereando.com.ar\\\/index.php\\\/2026\\\/06\\\/04\\\/caso-andis-el-gobierno-volvio-a-beneficiar-a-la-polemica-drogueria-suizo-argentina\\\/125310\\\/#primaryimage\"},\"thumbnailUrl\":\"https:\\\/\\\/primereando.com.ar\\\/wp-content\\\/uploads\\\/2026\\\/02\\\/image-7.png\",\"articleSection\":[\"Actualidad\"],\"inLanguage\":\"es-AR\"},{\"@type\":\"WebPage\",\"@id\":\"https:\\\/\\\/primereando.com.ar\\\/index.php\\\/2026\\\/06\\\/04\\\/caso-andis-el-gobierno-volvio-a-beneficiar-a-la-polemica-drogueria-suizo-argentina\\\/125310\\\/\",\"url\":\"https:\\\/\\\/primereando.com.ar\\\/index.php\\\/2026\\\/06\\\/04\\\/caso-andis-el-gobierno-volvio-a-beneficiar-a-la-polemica-drogueria-suizo-argentina\\\/125310\\\/\",\"name\":\"Caso ANDIS: el Gobierno volvi\u00f3 a beneficiar a la pol\u00e9mica droguer\u00eda Suizo Argentina\u00a0 - Primereando\",\"isPartOf\":{\"@id\":\"https:\\\/\\\/primereando.com.ar\\\/#website\"},\"primaryImageOfPage\":{\"@id\":\"https:\\\/\\\/primereando.com.ar\\\/index.php\\\/2026\\\/06\\\/04\\\/caso-andis-el-gobierno-volvio-a-beneficiar-a-la-polemica-drogueria-suizo-argentina\\\/125310\\\/#primaryimage\"},\"image\":{\"@id\":\"https:\\\/\\\/primereando.com.ar\\\/index.php\\\/2026\\\/06\\\/04\\\/caso-andis-el-gobierno-volvio-a-beneficiar-a-la-polemica-drogueria-suizo-argentina\\\/125310\\\/#primaryimage\"},\"thumbnailUrl\":\"https:\\\/\\\/primereando.com.ar\\\/wp-content\\\/uploads\\\/2026\\\/02\\\/image-7.png\",\"datePublished\":\"2026-06-04T12:40:10+00:00\",\"breadcrumb\":{\"@id\":\"https:\\\/\\\/primereando.com.ar\\\/index.php\\\/2026\\\/06\\\/04\\\/caso-andis-el-gobierno-volvio-a-beneficiar-a-la-polemica-drogueria-suizo-argentina\\\/125310\\\/#breadcrumb\"},\"inLanguage\":\"es-AR\",\"potentialAction\":[{\"@type\":\"ReadAction\",\"target\":[\"https:\\\/\\\/primereando.com.ar\\\/index.php\\\/2026\\\/06\\\/04\\\/caso-andis-el-gobierno-volvio-a-beneficiar-a-la-polemica-drogueria-suizo-argentina\\\/125310\\\/\"]}]},{\"@type\":\"ImageObject\",\"inLanguage\":\"es-AR\",\"@id\":\"https:\\\/\\\/primereando.com.ar\\\/index.php\\\/2026\\\/06\\\/04\\\/caso-andis-el-gobierno-volvio-a-beneficiar-a-la-polemica-drogueria-suizo-argentina\\\/125310\\\/#primaryimage\",\"url\":\"https:\\\/\\\/primereando.com.ar\\\/wp-content\\\/uploads\\\/2026\\\/02\\\/image-7.png\",\"contentUrl\":\"https:\\\/\\\/primereando.com.ar\\\/wp-content\\\/uploads\\\/2026\\\/02\\\/image-7.png\",\"width\":1280,\"height\":720},{\"@type\":\"BreadcrumbList\",\"@id\":\"https:\\\/\\\/primereando.com.ar\\\/index.php\\\/2026\\\/06\\\/04\\\/caso-andis-el-gobierno-volvio-a-beneficiar-a-la-polemica-drogueria-suizo-argentina\\\/125310\\\/#breadcrumb\",\"itemListElement\":[{\"@type\":\"ListItem\",\"position\":1,\"name\":\"Inicio\",\"item\":\"https:\\\/\\\/primereando.com.ar\\\/\"},{\"@type\":\"ListItem\",\"position\":2,\"name\":\"Caso ANDIS: el Gobierno volvi\u00f3 a beneficiar a la pol\u00e9mica droguer\u00eda Suizo Argentina\u00a0\"}]},{\"@type\":\"WebSite\",\"@id\":\"https:\\\/\\\/primereando.com.ar\\\/#website\",\"url\":\"https:\\\/\\\/primereando.com.ar\\\/\",\"name\":\"Primereando\",\"description\":\"Portal de noticias de la Provincia de Buenos Aires\",\"publisher\":{\"@id\":\"https:\\\/\\\/primereando.com.ar\\\/#organization\"},\"potentialAction\":[{\"@type\":\"SearchAction\",\"target\":{\"@type\":\"EntryPoint\",\"urlTemplate\":\"https:\\\/\\\/primereando.com.ar\\\/?s={search_term_string}\"},\"query-input\":{\"@type\":\"PropertyValueSpecification\",\"valueRequired\":true,\"valueName\":\"search_term_string\"}}],\"inLanguage\":\"es-AR\"},{\"@type\":\"Organization\",\"@id\":\"https:\\\/\\\/primereando.com.ar\\\/#organization\",\"name\":\"Primereando\",\"url\":\"https:\\\/\\\/primereando.com.ar\\\/\",\"logo\":{\"@type\":\"ImageObject\",\"inLanguage\":\"es-AR\",\"@id\":\"https:\\\/\\\/primereando.com.ar\\\/#\\\/schema\\\/logo\\\/image\\\/\",\"url\":\"https:\\\/\\\/primereando.com.ar\\\/wp-content\\\/uploads\\\/2021\\\/12\\\/primereando-logo.png\",\"contentUrl\":\"https:\\\/\\\/primereando.com.ar\\\/wp-content\\\/uploads\\\/2021\\\/12\\\/primereando-logo.png\",\"width\":360,\"height\":96,\"caption\":\"Primereando\"},\"image\":{\"@id\":\"https:\\\/\\\/primereando.com.ar\\\/#\\\/schema\\\/logo\\\/image\\\/\"}},{\"@type\":\"Person\",\"@id\":\"https:\\\/\\\/primereando.com.ar\\\/#\\\/schema\\\/person\\\/163ed2710eec4fd8173e5e51bb8b23ee\",\"name\":\"ignacio corsario\",\"image\":{\"@type\":\"ImageObject\",\"inLanguage\":\"es-AR\",\"@id\":\"https:\\\/\\\/secure.gravatar.com\\\/avatar\\\/88fd77b01053dd79091962d2e6ed54169fabbaefae7619405afc209b70ff06d2?s=96&d=blank&r=g\",\"url\":\"https:\\\/\\\/secure.gravatar.com\\\/avatar\\\/88fd77b01053dd79091962d2e6ed54169fabbaefae7619405afc209b70ff06d2?s=96&d=blank&r=g\",\"contentUrl\":\"https:\\\/\\\/secure.gravatar.com\\\/avatar\\\/88fd77b01053dd79091962d2e6ed54169fabbaefae7619405afc209b70ff06d2?s=96&d=blank&r=g\",\"caption\":\"ignacio corsario\"},\"url\":\"https:\\\/\\\/primereando.com.ar\\\/index.php\\\/author\\\/ignaciocorsario\\\/\"}]}<\/script>\n<!-- \/ Yoast SEO plugin. -->","yoast_head_json":{"title":"Caso ANDIS: el Gobierno volvi\u00f3 a beneficiar a la pol\u00e9mica droguer\u00eda Suizo Argentina\u00a0 - Primereando","robots":{"index":"index","follow":"follow","max-snippet":"max-snippet:-1","max-image-preview":"max-image-preview:large","max-video-preview":"max-video-preview:-1"},"canonical":"https:\/\/primereando.com.ar\/index.php\/2026\/06\/04\/caso-andis-el-gobierno-volvio-a-beneficiar-a-la-polemica-drogueria-suizo-argentina\/125310\/","og_locale":"es_ES","og_type":"article","og_title":"Caso ANDIS: el Gobierno volvi\u00f3 a beneficiar a la pol\u00e9mica droguer\u00eda Suizo Argentina\u00a0 - Primereando","og_description":"Mientras la Justicia profundiza la investigaci\u00f3n por presuntas coimas, direccionamiento de contrataciones y desv\u00edo de fondos en la Agencia Nacional de Discapacidad (ANDIS), el Gobierno nacional volvi\u00f3 a otorgar beneficios a empresas vinculadas al expediente judicial, entre ellas la cuestionada Droguer\u00eda Suizo Argentina, controlada por la familia Kovalivker. La firma, que qued\u00f3 bajo la lupa [&hellip;]","og_url":"https:\/\/primereando.com.ar\/index.php\/2026\/06\/04\/caso-andis-el-gobierno-volvio-a-beneficiar-a-la-polemica-drogueria-suizo-argentina\/125310\/","og_site_name":"Primereando","article_published_time":"2026-06-04T12:40:10+00:00","og_image":[{"width":1280,"height":720,"url":"https:\/\/primereando.com.ar\/wp-content\/uploads\/2026\/02\/image-7.png","type":"image\/png"}],"author":"ignacio corsario","twitter_card":"summary_large_image","twitter_misc":{"Escrito por":"ignacio corsario","Tiempo de lectura":"3 minutos"},"schema":{"@context":"https:\/\/schema.org","@graph":[{"@type":"Article","@id":"https:\/\/primereando.com.ar\/index.php\/2026\/06\/04\/caso-andis-el-gobierno-volvio-a-beneficiar-a-la-polemica-drogueria-suizo-argentina\/125310\/#article","isPartOf":{"@id":"https:\/\/primereando.com.ar\/index.php\/2026\/06\/04\/caso-andis-el-gobierno-volvio-a-beneficiar-a-la-polemica-drogueria-suizo-argentina\/125310\/"},"author":{"name":"ignacio corsario","@id":"https:\/\/primereando.com.ar\/#\/schema\/person\/163ed2710eec4fd8173e5e51bb8b23ee"},"headline":"Caso ANDIS: el Gobierno volvi\u00f3 a beneficiar a la pol\u00e9mica droguer\u00eda Suizo Argentina\u00a0","datePublished":"2026-06-04T12:40:10+00:00","mainEntityOfPage":{"@id":"https:\/\/primereando.com.ar\/index.php\/2026\/06\/04\/caso-andis-el-gobierno-volvio-a-beneficiar-a-la-polemica-drogueria-suizo-argentina\/125310\/"},"wordCount":539,"publisher":{"@id":"https:\/\/primereando.com.ar\/#organization"},"image":{"@id":"https:\/\/primereando.com.ar\/index.php\/2026\/06\/04\/caso-andis-el-gobierno-volvio-a-beneficiar-a-la-polemica-drogueria-suizo-argentina\/125310\/#primaryimage"},"thumbnailUrl":"https:\/\/primereando.com.ar\/wp-content\/uploads\/2026\/02\/image-7.png","articleSection":["Actualidad"],"inLanguage":"es-AR"},{"@type":"WebPage","@id":"https:\/\/primereando.com.ar\/index.php\/2026\/06\/04\/caso-andis-el-gobierno-volvio-a-beneficiar-a-la-polemica-drogueria-suizo-argentina\/125310\/","url":"https:\/\/primereando.com.ar\/index.php\/2026\/06\/04\/caso-andis-el-gobierno-volvio-a-beneficiar-a-la-polemica-drogueria-suizo-argentina\/125310\/","name":"Caso ANDIS: el Gobierno volvi\u00f3 a beneficiar a la pol\u00e9mica droguer\u00eda Suizo Argentina\u00a0 - Primereando","isPartOf":{"@id":"https:\/\/primereando.com.ar\/#website"},"primaryImageOfPage":{"@id":"https:\/\/primereando.com.ar\/index.php\/2026\/06\/04\/caso-andis-el-gobierno-volvio-a-beneficiar-a-la-polemica-drogueria-suizo-argentina\/125310\/#primaryimage"},"image":{"@id":"https:\/\/primereando.com.ar\/index.php\/2026\/06\/04\/caso-andis-el-gobierno-volvio-a-beneficiar-a-la-polemica-drogueria-suizo-argentina\/125310\/#primaryimage"},"thumbnailUrl":"https:\/\/primereando.com.ar\/wp-content\/uploads\/2026\/02\/image-7.png","datePublished":"2026-06-04T12:40:10+00:00","breadcrumb":{"@id":"https:\/\/primereando.com.ar\/index.php\/2026\/06\/04\/caso-andis-el-gobierno-volvio-a-beneficiar-a-la-polemica-drogueria-suizo-argentina\/125310\/#breadcrumb"},"inLanguage":"es-AR","potentialAction":[{"@type":"ReadAction","target":["https:\/\/primereando.com.ar\/index.php\/2026\/06\/04\/caso-andis-el-gobierno-volvio-a-beneficiar-a-la-polemica-drogueria-suizo-argentina\/125310\/"]}]},{"@type":"ImageObject","inLanguage":"es-AR","@id":"https:\/\/primereando.com.ar\/index.php\/2026\/06\/04\/caso-andis-el-gobierno-volvio-a-beneficiar-a-la-polemica-drogueria-suizo-argentina\/125310\/#primaryimage","url":"https:\/\/primereando.com.ar\/wp-content\/uploads\/2026\/02\/image-7.png","contentUrl":"https:\/\/primereando.com.ar\/wp-content\/uploads\/2026\/02\/image-7.png","width":1280,"height":720},{"@type":"BreadcrumbList","@id":"https:\/\/primereando.com.ar\/index.php\/2026\/06\/04\/caso-andis-el-gobierno-volvio-a-beneficiar-a-la-polemica-drogueria-suizo-argentina\/125310\/#breadcrumb","itemListElement":[{"@type":"ListItem","position":1,"name":"Inicio","item":"https:\/\/primereando.com.ar\/"},{"@type":"ListItem","position":2,"name":"Caso ANDIS: el Gobierno volvi\u00f3 a beneficiar a la pol\u00e9mica droguer\u00eda Suizo Argentina\u00a0"}]},{"@type":"WebSite","@id":"https:\/\/primereando.com.ar\/#website","url":"https:\/\/primereando.com.ar\/","name":"Primereando","description":"Portal de noticias de la Provincia de Buenos Aires","publisher":{"@id":"https:\/\/primereando.com.ar\/#organization"},"potentialAction":[{"@type":"SearchAction","target":{"@type":"EntryPoint","urlTemplate":"https:\/\/primereando.com.ar\/?s={search_term_string}"},"query-input":{"@type":"PropertyValueSpecification","valueRequired":true,"valueName":"search_term_string"}}],"inLanguage":"es-AR"},{"@type":"Organization","@id":"https:\/\/primereando.com.ar\/#organization","name":"Primereando","url":"https:\/\/primereando.com.ar\/","logo":{"@type":"ImageObject","inLanguage":"es-AR","@id":"https:\/\/primereando.com.ar\/#\/schema\/logo\/image\/","url":"https:\/\/primereando.com.ar\/wp-content\/uploads\/2021\/12\/primereando-logo.png","contentUrl":"https:\/\/primereando.com.ar\/wp-content\/uploads\/2021\/12\/primereando-logo.png","width":360,"height":96,"caption":"Primereando"},"image":{"@id":"https:\/\/primereando.com.ar\/#\/schema\/logo\/image\/"}},{"@type":"Person","@id":"https:\/\/primereando.com.ar\/#\/schema\/person\/163ed2710eec4fd8173e5e51bb8b23ee","name":"ignacio corsario","image":{"@type":"ImageObject","inLanguage":"es-AR","@id":"https:\/\/secure.gravatar.com\/avatar\/88fd77b01053dd79091962d2e6ed54169fabbaefae7619405afc209b70ff06d2?s=96&d=blank&r=g","url":"https:\/\/secure.gravatar.com\/avatar\/88fd77b01053dd79091962d2e6ed54169fabbaefae7619405afc209b70ff06d2?s=96&d=blank&r=g","contentUrl":"https:\/\/secure.gravatar.com\/avatar\/88fd77b01053dd79091962d2e6ed54169fabbaefae7619405afc209b70ff06d2?s=96&d=blank&r=g","caption":"ignacio corsario"},"url":"https:\/\/primereando.com.ar\/index.php\/author\/ignaciocorsario\/"}]}},"_links":{"self":[{"href":"https:\/\/primereando.com.ar\/index.php\/wp-json\/wp\/v2\/posts\/125310","targetHints":{"allow":["GET"]}}],"collection":[{"href":"https:\/\/primereando.com.ar\/index.php\/wp-json\/wp\/v2\/posts"}],"about":[{"href":"https:\/\/primereando.com.ar\/index.php\/wp-json\/wp\/v2\/types\/post"}],"author":[{"embeddable":true,"href":"https:\/\/primereando.com.ar\/index.php\/wp-json\/wp\/v2\/users\/8"}],"replies":[{"embeddable":true,"href":"https:\/\/primereando.com.ar\/index.php\/wp-json\/wp\/v2\/comments?post=125310"}],"version-history":[{"count":1,"href":"https:\/\/primereando.com.ar\/index.php\/wp-json\/wp\/v2\/posts\/125310\/revisions"}],"predecessor-version":[{"id":125311,"href":"https:\/\/primereando.com.ar\/index.php\/wp-json\/wp\/v2\/posts\/125310\/revisions\/125311"}],"wp:featuredmedia":[{"embeddable":true,"href":"https:\/\/primereando.com.ar\/index.php\/wp-json\/wp\/v2\/media\/123622"}],"wp:attachment":[{"href":"https:\/\/primereando.com.ar\/index.php\/wp-json\/wp\/v2\/media?parent=125310"}],"wp:term":[{"taxonomy":"category","embeddable":true,"href":"https:\/\/primereando.com.ar\/index.php\/wp-json\/wp\/v2\/categories?post=125310"},{"taxonomy":"post_tag","embeddable":true,"href":"https:\/\/primereando.com.ar\/index.php\/wp-json\/wp\/v2\/tags?post=125310"}],"curies":[{"name":"wp","href":"https:\/\/api.w.org\/{rel}","templated":true}]}}