{"id":125852,"date":"2026-07-15T10:56:01","date_gmt":"2026-07-15T13:56:01","guid":{"rendered":"https:\/\/primereando.com.ar\/?p=125852"},"modified":"2026-07-15T10:56:02","modified_gmt":"2026-07-15T13:56:02","slug":"cuando-milei-elogio-a-thatcher-la-responsable-del-hundimiento-del-general-belgrano-era-brillante","status":"publish","type":"post","link":"https:\/\/primereando.com.ar\/index.php\/2026\/07\/15\/cuando-milei-elogio-a-thatcher-la-responsable-del-hundimiento-del-general-belgrano-era-brillante\/125852\/","title":{"rendered":"Cuando Milei elogi\u00f3 a Thatcher, la responsable del hundimiento del General Belgrano: &#8220;Era brillante&#8221;"},"content":{"rendered":"\n<p class=\"wp-block-paragraph\">Con la semifinal del mundial entre Argentina e Inglaterra por delante y toda la pasi\u00f3n que ese partido despierta por la historia previa entre los dos pa\u00edses, muchos argentinos volvieron a recordar las indignantes frases de Javier Milei sobre Margaret Thatcher, quien fue la responsable de hundir al crucero General Belgrano, donde murieron 300 soldados argentinos.  <\/p>\n\n\n\n<p class=\"wp-block-paragraph\">En una entrevista con la BBC, el presidente Milei lleg\u00f3 a llenar de elogios a la ex primera ministra brit\u00e1nica. &#8220;Criticar a alguien por su nacionalidad o raza es muy intelectualmente precario. He escuchado muchos discursos de Margaret Thatcher. Ella era brillante. Entonces, \u00bfCu\u00e1l es el problema?&#8221;, dijo. <\/p>\n\n\n\n<p class=\"wp-block-paragraph\">En la campa\u00f1a electoral de 2023, Milei volvi\u00f3 a insistir con su &#8220;admiraci\u00f3n&#8221; con Thatcher y ahora el gobierno nacional acept\u00f3 que los hinchas argentinos no puedan vestir remeras o llevar banderas con inscripciones referidas a las islas Malvinas. <\/p>\n","protected":false},"excerpt":{"rendered":"<p>Con la semifinal del mundial entre Argentina e Inglaterra por delante y toda la pasi\u00f3n que ese partido despierta por la historia previa entre los dos pa\u00edses, muchos argentinos volvieron a recordar las indignantes frases de Javier Milei sobre Margaret Thatcher, quien fue la responsable de hundir al crucero General Belgrano, donde murieron 300 soldados [&hellip;]<\/p>\n","protected":false},"author":4,"featured_media":124391,"comment_status":"closed","ping_status":"closed","sticky":false,"template":"","format":"standard","meta":{"footnotes":""},"categories":[5],"tags":[],"class_list":["post-125852","post","type-post","status-publish","format-standard","has-post-thumbnail","hentry","category-actualidad"],"yoast_head":"<!-- This site is optimized with the Yoast SEO plugin v28.4 - https:\/\/yoast.com\/product\/yoast-seo-wordpress\/ -->\n<title>Cuando Milei elogi\u00f3 a Thatcher, la responsable del hundimiento del General Belgrano: &quot;Era brillante&quot; - Primereando<\/title>\n<meta name=\"robots\" content=\"index, follow, max-snippet:-1, max-image-preview:large, max-video-preview:-1\" \/>\n<link rel=\"canonical\" href=\"https:\/\/primereando.com.ar\/index.php\/2026\/07\/15\/cuando-milei-elogio-a-thatcher-la-responsable-del-hundimiento-del-general-belgrano-era-brillante\/125852\/\" \/>\n<meta property=\"og:locale\" content=\"es_ES\" \/>\n<meta property=\"og:type\" content=\"article\" \/>\n<meta property=\"og:title\" content=\"Cuando Milei elogi\u00f3 a Thatcher, la responsable del hundimiento del General Belgrano: &quot;Era brillante&quot; - Primereando\" \/>\n<meta property=\"og:description\" content=\"Con la semifinal del mundial entre Argentina e Inglaterra por delante y toda la pasi\u00f3n que ese partido despierta por la historia previa entre los dos pa\u00edses, muchos argentinos volvieron a recordar las indignantes frases de Javier Milei sobre Margaret Thatcher, quien fue la responsable de hundir al crucero General Belgrano, donde murieron 300 soldados [&hellip;]\" \/>\n<meta property=\"og:url\" content=\"https:\/\/primereando.com.ar\/index.php\/2026\/07\/15\/cuando-milei-elogio-a-thatcher-la-responsable-del-hundimiento-del-general-belgrano-era-brillante\/125852\/\" \/>\n<meta property=\"og:site_name\" content=\"Primereando\" \/>\n<meta property=\"article:published_time\" content=\"2026-07-15T13:56:01+00:00\" \/>\n<meta property=\"article:modified_time\" content=\"2026-07-15T13:56:02+00:00\" \/>\n<meta property=\"og:image\" content=\"https:\/\/primereando.com.ar\/wp-content\/uploads\/2026\/03\/milei.jpg\" \/>\n\t<meta property=\"og:image:width\" content=\"612\" \/>\n\t<meta property=\"og:image:height\" content=\"407\" \/>\n\t<meta property=\"og:image:type\" content=\"image\/jpeg\" \/>\n<meta name=\"author\" content=\"Quique\" \/>\n<meta name=\"twitter:card\" content=\"summary_large_image\" \/>\n<meta name=\"twitter:label1\" content=\"Escrito por\" \/>\n\t<meta name=\"twitter:data1\" content=\"Quique\" \/>\n\t<meta name=\"twitter:label2\" content=\"Tiempo de lectura\" \/>\n\t<meta name=\"twitter:data2\" content=\"1 minuto\" \/>\n<script type=\"application\/ld+json\" class=\"yoast-schema-graph\">{\"@context\":\"https:\\\/\\\/schema.org\",\"@graph\":[{\"@type\":\"Article\",\"@id\":\"https:\\\/\\\/primereando.com.ar\\\/index.php\\\/2026\\\/07\\\/15\\\/cuando-milei-elogio-a-thatcher-la-responsable-del-hundimiento-del-general-belgrano-era-brillante\\\/125852\\\/#article\",\"isPartOf\":{\"@id\":\"https:\\\/\\\/primereando.com.ar\\\/index.php\\\/2026\\\/07\\\/15\\\/cuando-milei-elogio-a-thatcher-la-responsable-del-hundimiento-del-general-belgrano-era-brillante\\\/125852\\\/\"},\"author\":{\"name\":\"Quique\",\"@id\":\"https:\\\/\\\/primereando.com.ar\\\/#\\\/schema\\\/person\\\/4e63931e01f10f9b83b868233258d3d3\"},\"headline\":\"Cuando Milei elogi\u00f3 a Thatcher, la responsable del hundimiento del General Belgrano: &#8220;Era brillante&#8221;\",\"datePublished\":\"2026-07-15T13:56:01+00:00\",\"dateModified\":\"2026-07-15T13:56:02+00:00\",\"mainEntityOfPage\":{\"@id\":\"https:\\\/\\\/primereando.com.ar\\\/index.php\\\/2026\\\/07\\\/15\\\/cuando-milei-elogio-a-thatcher-la-responsable-del-hundimiento-del-general-belgrano-era-brillante\\\/125852\\\/\"},\"wordCount\":161,\"publisher\":{\"@id\":\"https:\\\/\\\/primereando.com.ar\\\/#organization\"},\"image\":{\"@id\":\"https:\\\/\\\/primereando.com.ar\\\/index.php\\\/2026\\\/07\\\/15\\\/cuando-milei-elogio-a-thatcher-la-responsable-del-hundimiento-del-general-belgrano-era-brillante\\\/125852\\\/#primaryimage\"},\"thumbnailUrl\":\"https:\\\/\\\/primereando.com.ar\\\/wp-content\\\/uploads\\\/2026\\\/03\\\/milei.jpg\",\"articleSection\":[\"Actualidad\"],\"inLanguage\":\"es-AR\"},{\"@type\":\"WebPage\",\"@id\":\"https:\\\/\\\/primereando.com.ar\\\/index.php\\\/2026\\\/07\\\/15\\\/cuando-milei-elogio-a-thatcher-la-responsable-del-hundimiento-del-general-belgrano-era-brillante\\\/125852\\\/\",\"url\":\"https:\\\/\\\/primereando.com.ar\\\/index.php\\\/2026\\\/07\\\/15\\\/cuando-milei-elogio-a-thatcher-la-responsable-del-hundimiento-del-general-belgrano-era-brillante\\\/125852\\\/\",\"name\":\"Cuando Milei elogi\u00f3 a Thatcher, la responsable del hundimiento del General Belgrano: \\\"Era brillante\\\" - Primereando\",\"isPartOf\":{\"@id\":\"https:\\\/\\\/primereando.com.ar\\\/#website\"},\"primaryImageOfPage\":{\"@id\":\"https:\\\/\\\/primereando.com.ar\\\/index.php\\\/2026\\\/07\\\/15\\\/cuando-milei-elogio-a-thatcher-la-responsable-del-hundimiento-del-general-belgrano-era-brillante\\\/125852\\\/#primaryimage\"},\"image\":{\"@id\":\"https:\\\/\\\/primereando.com.ar\\\/index.php\\\/2026\\\/07\\\/15\\\/cuando-milei-elogio-a-thatcher-la-responsable-del-hundimiento-del-general-belgrano-era-brillante\\\/125852\\\/#primaryimage\"},\"thumbnailUrl\":\"https:\\\/\\\/primereando.com.ar\\\/wp-content\\\/uploads\\\/2026\\\/03\\\/milei.jpg\",\"datePublished\":\"2026-07-15T13:56:01+00:00\",\"dateModified\":\"2026-07-15T13:56:02+00:00\",\"breadcrumb\":{\"@id\":\"https:\\\/\\\/primereando.com.ar\\\/index.php\\\/2026\\\/07\\\/15\\\/cuando-milei-elogio-a-thatcher-la-responsable-del-hundimiento-del-general-belgrano-era-brillante\\\/125852\\\/#breadcrumb\"},\"inLanguage\":\"es-AR\",\"potentialAction\":[{\"@type\":\"ReadAction\",\"target\":[\"https:\\\/\\\/primereando.com.ar\\\/index.php\\\/2026\\\/07\\\/15\\\/cuando-milei-elogio-a-thatcher-la-responsable-del-hundimiento-del-general-belgrano-era-brillante\\\/125852\\\/\"]}]},{\"@type\":\"ImageObject\",\"inLanguage\":\"es-AR\",\"@id\":\"https:\\\/\\\/primereando.com.ar\\\/index.php\\\/2026\\\/07\\\/15\\\/cuando-milei-elogio-a-thatcher-la-responsable-del-hundimiento-del-general-belgrano-era-brillante\\\/125852\\\/#primaryimage\",\"url\":\"https:\\\/\\\/primereando.com.ar\\\/wp-content\\\/uploads\\\/2026\\\/03\\\/milei.jpg\",\"contentUrl\":\"https:\\\/\\\/primereando.com.ar\\\/wp-content\\\/uploads\\\/2026\\\/03\\\/milei.jpg\",\"width\":612,\"height\":407,\"caption\":\"Argentine congressman and presidential pre-candidate for La Libertad Avanza Alliance Javier Milei delivers a speech during the closing of his campaign for the August 13 primary elections, at the Movistar Arena in Buenos Aires on August 7, 2023. Argentina holds primary elections on August 13 and the first round of the presidential vote on October 22. (Photo by Luis ROBAYO \\\/ AFP) (Photo by LUIS ROBAYO\\\/AFP via Getty Images)\"},{\"@type\":\"BreadcrumbList\",\"@id\":\"https:\\\/\\\/primereando.com.ar\\\/index.php\\\/2026\\\/07\\\/15\\\/cuando-milei-elogio-a-thatcher-la-responsable-del-hundimiento-del-general-belgrano-era-brillante\\\/125852\\\/#breadcrumb\",\"itemListElement\":[{\"@type\":\"ListItem\",\"position\":1,\"name\":\"Inicio\",\"item\":\"https:\\\/\\\/primereando.com.ar\\\/\"},{\"@type\":\"ListItem\",\"position\":2,\"name\":\"Cuando Milei elogi\u00f3 a Thatcher, la responsable del hundimiento del General Belgrano: &#8220;Era brillante&#8221;\"}]},{\"@type\":\"WebSite\",\"@id\":\"https:\\\/\\\/primereando.com.ar\\\/#website\",\"url\":\"https:\\\/\\\/primereando.com.ar\\\/\",\"name\":\"Primereando\",\"description\":\"Portal de noticias de la Provincia de Buenos Aires\",\"publisher\":{\"@id\":\"https:\\\/\\\/primereando.com.ar\\\/#organization\"},\"potentialAction\":[{\"@type\":\"SearchAction\",\"target\":{\"@type\":\"EntryPoint\",\"urlTemplate\":\"https:\\\/\\\/primereando.com.ar\\\/?s={search_term_string}\"},\"query-input\":{\"@type\":\"PropertyValueSpecification\",\"valueRequired\":true,\"valueName\":\"search_term_string\"}}],\"inLanguage\":\"es-AR\"},{\"@type\":\"Organization\",\"@id\":\"https:\\\/\\\/primereando.com.ar\\\/#organization\",\"name\":\"Primereando\",\"url\":\"https:\\\/\\\/primereando.com.ar\\\/\",\"logo\":{\"@type\":\"ImageObject\",\"inLanguage\":\"es-AR\",\"@id\":\"https:\\\/\\\/primereando.com.ar\\\/#\\\/schema\\\/logo\\\/image\\\/\",\"url\":\"https:\\\/\\\/primereando.com.ar\\\/wp-content\\\/uploads\\\/2021\\\/12\\\/primereando-logo.png\",\"contentUrl\":\"https:\\\/\\\/primereando.com.ar\\\/wp-content\\\/uploads\\\/2021\\\/12\\\/primereando-logo.png\",\"width\":360,\"height\":96,\"caption\":\"Primereando\"},\"image\":{\"@id\":\"https:\\\/\\\/primereando.com.ar\\\/#\\\/schema\\\/logo\\\/image\\\/\"}},{\"@type\":\"Person\",\"@id\":\"https:\\\/\\\/primereando.com.ar\\\/#\\\/schema\\\/person\\\/4e63931e01f10f9b83b868233258d3d3\",\"name\":\"Quique\",\"image\":{\"@type\":\"ImageObject\",\"inLanguage\":\"es-AR\",\"@id\":\"https:\\\/\\\/secure.gravatar.com\\\/avatar\\\/b59b9a051963473b9167e1994f9d9bceb0bfcf81b12fa216e38bdbf315e58be9?s=96&d=blank&r=g\",\"url\":\"https:\\\/\\\/secure.gravatar.com\\\/avatar\\\/b59b9a051963473b9167e1994f9d9bceb0bfcf81b12fa216e38bdbf315e58be9?s=96&d=blank&r=g\",\"contentUrl\":\"https:\\\/\\\/secure.gravatar.com\\\/avatar\\\/b59b9a051963473b9167e1994f9d9bceb0bfcf81b12fa216e38bdbf315e58be9?s=96&d=blank&r=g\",\"caption\":\"Quique\"},\"url\":\"https:\\\/\\\/primereando.com.ar\\\/index.php\\\/author\\\/quique\\\/\"}]}<\/script>\n<!-- \/ Yoast SEO plugin. -->","yoast_head_json":{"title":"Cuando Milei elogi\u00f3 a Thatcher, la responsable del hundimiento del General Belgrano: \"Era brillante\" - Primereando","robots":{"index":"index","follow":"follow","max-snippet":"max-snippet:-1","max-image-preview":"max-image-preview:large","max-video-preview":"max-video-preview:-1"},"canonical":"https:\/\/primereando.com.ar\/index.php\/2026\/07\/15\/cuando-milei-elogio-a-thatcher-la-responsable-del-hundimiento-del-general-belgrano-era-brillante\/125852\/","og_locale":"es_ES","og_type":"article","og_title":"Cuando Milei elogi\u00f3 a Thatcher, la responsable del hundimiento del General Belgrano: \"Era brillante\" - Primereando","og_description":"Con la semifinal del mundial entre Argentina e Inglaterra por delante y toda la pasi\u00f3n que ese partido despierta por la historia previa entre los dos pa\u00edses, muchos argentinos volvieron a recordar las indignantes frases de Javier Milei sobre Margaret Thatcher, quien fue la responsable de hundir al crucero General Belgrano, donde murieron 300 soldados [&hellip;]","og_url":"https:\/\/primereando.com.ar\/index.php\/2026\/07\/15\/cuando-milei-elogio-a-thatcher-la-responsable-del-hundimiento-del-general-belgrano-era-brillante\/125852\/","og_site_name":"Primereando","article_published_time":"2026-07-15T13:56:01+00:00","article_modified_time":"2026-07-15T13:56:02+00:00","og_image":[{"width":612,"height":407,"url":"https:\/\/primereando.com.ar\/wp-content\/uploads\/2026\/03\/milei.jpg","type":"image\/jpeg"}],"author":"Quique","twitter_card":"summary_large_image","twitter_misc":{"Escrito por":"Quique","Tiempo de lectura":"1 minuto"},"schema":{"@context":"https:\/\/schema.org","@graph":[{"@type":"Article","@id":"https:\/\/primereando.com.ar\/index.php\/2026\/07\/15\/cuando-milei-elogio-a-thatcher-la-responsable-del-hundimiento-del-general-belgrano-era-brillante\/125852\/#article","isPartOf":{"@id":"https:\/\/primereando.com.ar\/index.php\/2026\/07\/15\/cuando-milei-elogio-a-thatcher-la-responsable-del-hundimiento-del-general-belgrano-era-brillante\/125852\/"},"author":{"name":"Quique","@id":"https:\/\/primereando.com.ar\/#\/schema\/person\/4e63931e01f10f9b83b868233258d3d3"},"headline":"Cuando Milei elogi\u00f3 a Thatcher, la responsable del hundimiento del General Belgrano: &#8220;Era brillante&#8221;","datePublished":"2026-07-15T13:56:01+00:00","dateModified":"2026-07-15T13:56:02+00:00","mainEntityOfPage":{"@id":"https:\/\/primereando.com.ar\/index.php\/2026\/07\/15\/cuando-milei-elogio-a-thatcher-la-responsable-del-hundimiento-del-general-belgrano-era-brillante\/125852\/"},"wordCount":161,"publisher":{"@id":"https:\/\/primereando.com.ar\/#organization"},"image":{"@id":"https:\/\/primereando.com.ar\/index.php\/2026\/07\/15\/cuando-milei-elogio-a-thatcher-la-responsable-del-hundimiento-del-general-belgrano-era-brillante\/125852\/#primaryimage"},"thumbnailUrl":"https:\/\/primereando.com.ar\/wp-content\/uploads\/2026\/03\/milei.jpg","articleSection":["Actualidad"],"inLanguage":"es-AR"},{"@type":"WebPage","@id":"https:\/\/primereando.com.ar\/index.php\/2026\/07\/15\/cuando-milei-elogio-a-thatcher-la-responsable-del-hundimiento-del-general-belgrano-era-brillante\/125852\/","url":"https:\/\/primereando.com.ar\/index.php\/2026\/07\/15\/cuando-milei-elogio-a-thatcher-la-responsable-del-hundimiento-del-general-belgrano-era-brillante\/125852\/","name":"Cuando Milei elogi\u00f3 a Thatcher, la responsable del hundimiento del General Belgrano: \"Era brillante\" - Primereando","isPartOf":{"@id":"https:\/\/primereando.com.ar\/#website"},"primaryImageOfPage":{"@id":"https:\/\/primereando.com.ar\/index.php\/2026\/07\/15\/cuando-milei-elogio-a-thatcher-la-responsable-del-hundimiento-del-general-belgrano-era-brillante\/125852\/#primaryimage"},"image":{"@id":"https:\/\/primereando.com.ar\/index.php\/2026\/07\/15\/cuando-milei-elogio-a-thatcher-la-responsable-del-hundimiento-del-general-belgrano-era-brillante\/125852\/#primaryimage"},"thumbnailUrl":"https:\/\/primereando.com.ar\/wp-content\/uploads\/2026\/03\/milei.jpg","datePublished":"2026-07-15T13:56:01+00:00","dateModified":"2026-07-15T13:56:02+00:00","breadcrumb":{"@id":"https:\/\/primereando.com.ar\/index.php\/2026\/07\/15\/cuando-milei-elogio-a-thatcher-la-responsable-del-hundimiento-del-general-belgrano-era-brillante\/125852\/#breadcrumb"},"inLanguage":"es-AR","potentialAction":[{"@type":"ReadAction","target":["https:\/\/primereando.com.ar\/index.php\/2026\/07\/15\/cuando-milei-elogio-a-thatcher-la-responsable-del-hundimiento-del-general-belgrano-era-brillante\/125852\/"]}]},{"@type":"ImageObject","inLanguage":"es-AR","@id":"https:\/\/primereando.com.ar\/index.php\/2026\/07\/15\/cuando-milei-elogio-a-thatcher-la-responsable-del-hundimiento-del-general-belgrano-era-brillante\/125852\/#primaryimage","url":"https:\/\/primereando.com.ar\/wp-content\/uploads\/2026\/03\/milei.jpg","contentUrl":"https:\/\/primereando.com.ar\/wp-content\/uploads\/2026\/03\/milei.jpg","width":612,"height":407,"caption":"Argentine congressman and presidential pre-candidate for La Libertad Avanza Alliance Javier Milei delivers a speech during the closing of his campaign for the August 13 primary elections, at the Movistar Arena in Buenos Aires on August 7, 2023. Argentina holds primary elections on August 13 and the first round of the presidential vote on October 22. (Photo by Luis ROBAYO \/ AFP) (Photo by LUIS ROBAYO\/AFP via Getty Images)"},{"@type":"BreadcrumbList","@id":"https:\/\/primereando.com.ar\/index.php\/2026\/07\/15\/cuando-milei-elogio-a-thatcher-la-responsable-del-hundimiento-del-general-belgrano-era-brillante\/125852\/#breadcrumb","itemListElement":[{"@type":"ListItem","position":1,"name":"Inicio","item":"https:\/\/primereando.com.ar\/"},{"@type":"ListItem","position":2,"name":"Cuando Milei elogi\u00f3 a Thatcher, la responsable del hundimiento del General Belgrano: &#8220;Era brillante&#8221;"}]},{"@type":"WebSite","@id":"https:\/\/primereando.com.ar\/#website","url":"https:\/\/primereando.com.ar\/","name":"Primereando","description":"Portal de noticias de la Provincia de Buenos Aires","publisher":{"@id":"https:\/\/primereando.com.ar\/#organization"},"potentialAction":[{"@type":"SearchAction","target":{"@type":"EntryPoint","urlTemplate":"https:\/\/primereando.com.ar\/?s={search_term_string}"},"query-input":{"@type":"PropertyValueSpecification","valueRequired":true,"valueName":"search_term_string"}}],"inLanguage":"es-AR"},{"@type":"Organization","@id":"https:\/\/primereando.com.ar\/#organization","name":"Primereando","url":"https:\/\/primereando.com.ar\/","logo":{"@type":"ImageObject","inLanguage":"es-AR","@id":"https:\/\/primereando.com.ar\/#\/schema\/logo\/image\/","url":"https:\/\/primereando.com.ar\/wp-content\/uploads\/2021\/12\/primereando-logo.png","contentUrl":"https:\/\/primereando.com.ar\/wp-content\/uploads\/2021\/12\/primereando-logo.png","width":360,"height":96,"caption":"Primereando"},"image":{"@id":"https:\/\/primereando.com.ar\/#\/schema\/logo\/image\/"}},{"@type":"Person","@id":"https:\/\/primereando.com.ar\/#\/schema\/person\/4e63931e01f10f9b83b868233258d3d3","name":"Quique","image":{"@type":"ImageObject","inLanguage":"es-AR","@id":"https:\/\/secure.gravatar.com\/avatar\/b59b9a051963473b9167e1994f9d9bceb0bfcf81b12fa216e38bdbf315e58be9?s=96&d=blank&r=g","url":"https:\/\/secure.gravatar.com\/avatar\/b59b9a051963473b9167e1994f9d9bceb0bfcf81b12fa216e38bdbf315e58be9?s=96&d=blank&r=g","contentUrl":"https:\/\/secure.gravatar.com\/avatar\/b59b9a051963473b9167e1994f9d9bceb0bfcf81b12fa216e38bdbf315e58be9?s=96&d=blank&r=g","caption":"Quique"},"url":"https:\/\/primereando.com.ar\/index.php\/author\/quique\/"}]}},"_links":{"self":[{"href":"https:\/\/primereando.com.ar\/index.php\/wp-json\/wp\/v2\/posts\/125852","targetHints":{"allow":["GET"]}}],"collection":[{"href":"https:\/\/primereando.com.ar\/index.php\/wp-json\/wp\/v2\/posts"}],"about":[{"href":"https:\/\/primereando.com.ar\/index.php\/wp-json\/wp\/v2\/types\/post"}],"author":[{"embeddable":true,"href":"https:\/\/primereando.com.ar\/index.php\/wp-json\/wp\/v2\/users\/4"}],"replies":[{"embeddable":true,"href":"https:\/\/primereando.com.ar\/index.php\/wp-json\/wp\/v2\/comments?post=125852"}],"version-history":[{"count":1,"href":"https:\/\/primereando.com.ar\/index.php\/wp-json\/wp\/v2\/posts\/125852\/revisions"}],"predecessor-version":[{"id":125854,"href":"https:\/\/primereando.com.ar\/index.php\/wp-json\/wp\/v2\/posts\/125852\/revisions\/125854"}],"wp:featuredmedia":[{"embeddable":true,"href":"https:\/\/primereando.com.ar\/index.php\/wp-json\/wp\/v2\/media\/124391"}],"wp:attachment":[{"href":"https:\/\/primereando.com.ar\/index.php\/wp-json\/wp\/v2\/media?parent=125852"}],"wp:term":[{"taxonomy":"category","embeddable":true,"href":"https:\/\/primereando.com.ar\/index.php\/wp-json\/wp\/v2\/categories?post=125852"},{"taxonomy":"post_tag","embeddable":true,"href":"https:\/\/primereando.com.ar\/index.php\/wp-json\/wp\/v2\/tags?post=125852"}],"curies":[{"name":"wp","href":"https:\/\/api.w.org\/{rel}","templated":true}]}}