{"id":125863,"date":"2026-07-16T10:07:49","date_gmt":"2026-07-16T13:07:49","guid":{"rendered":"https:\/\/primereando.com.ar\/?p=125863"},"modified":"2026-07-16T10:07:50","modified_gmt":"2026-07-16T13:07:50","slug":"milei-cuestiono-la-bandera-de-malvinas-de-la-scaloneta-patrioterismo-barato","status":"publish","type":"post","link":"https:\/\/primereando.com.ar\/index.php\/2026\/07\/16\/milei-cuestiono-la-bandera-de-malvinas-de-la-scaloneta-patrioterismo-barato\/125863\/","title":{"rendered":"Milei cuestion\u00f3 la bandera de Malvinas de la Scaloneta: &#8220;Patrioterismo barato&#8221;"},"content":{"rendered":"\n<p class=\"wp-block-paragraph\">El presidente Javier Milei habl\u00f3 luego del triunfo \u00e9pico de Argentina sobre Inglaterra y se refiri\u00f3 a la pol\u00e9mica por la ausencia de banderas con inscripciones referidas a las Malvinas, algo exigido por la FIFA y respaldado por el propio gobierno argentino. Despu\u00e9s del triunfo, los jugadores de la Scaloneta muestran una bandera que dec\u00eda &#8220;Las Malvinas son argentinas&#8221;. <\/p>\n\n\n\n<p class=\"wp-block-paragraph\">&#8220;La recuperaci\u00f3n de las Malvinas se logran con una diplomacia sabia y no con gestos de patrioterismo baratos, berretas&#8221;, asegur\u00f3 Milei sobre el debate. &#8220;Esos gestos, si se llevan al debate internacional son verdaderamente de caracter\u00edsticas pobres y muy malas&#8221;, insisti\u00f3. <\/p>\n\n\n\n<p class=\"wp-block-paragraph\">Es evidente que al gobierno lo dej\u00f3 inc\u00f3modo la actitud de la scaloneta que decidi\u00f3 hacerse cargo de un reclamo hist\u00f3rico del pueblo argentino en torno a las Malvinas, algo que el propio oficialismo quiso evitar a toda cosa. <\/p>\n\n\n\n<p class=\"wp-block-paragraph\"> <a href=\"https:\/\/www.eldestapeweb.com\/politica\/milei-festejo-triunfo-argentina-cuestiono-reclamo-popular-islas-malvinas-patrioterismo-barato-202671520278\" target=\"_blank\" rel=\"noreferrer noopener\"><\/a><\/p>\n","protected":false},"excerpt":{"rendered":"<p>El presidente Javier Milei habl\u00f3 luego del triunfo \u00e9pico de Argentina sobre Inglaterra y se refiri\u00f3 a la pol\u00e9mica por la ausencia de banderas con inscripciones referidas a las Malvinas, algo exigido por la FIFA y respaldado por el propio gobierno argentino. Despu\u00e9s del triunfo, los jugadores de la Scaloneta muestran una bandera que dec\u00eda [&hellip;]<\/p>\n","protected":false},"author":4,"featured_media":125858,"comment_status":"closed","ping_status":"closed","sticky":false,"template":"","format":"standard","meta":{"footnotes":""},"categories":[5],"tags":[],"class_list":["post-125863","post","type-post","status-publish","format-standard","has-post-thumbnail","hentry","category-actualidad"],"yoast_head":"<!-- This site is optimized with the Yoast SEO plugin v28.4 - https:\/\/yoast.com\/product\/yoast-seo-wordpress\/ -->\n<title>Milei cuestion\u00f3 la bandera de Malvinas de la Scaloneta: &quot;Patrioterismo barato&quot; - Primereando<\/title>\n<meta name=\"robots\" content=\"index, follow, max-snippet:-1, max-image-preview:large, max-video-preview:-1\" \/>\n<link rel=\"canonical\" href=\"https:\/\/primereando.com.ar\/index.php\/2026\/07\/16\/milei-cuestiono-la-bandera-de-malvinas-de-la-scaloneta-patrioterismo-barato\/125863\/\" \/>\n<meta property=\"og:locale\" content=\"es_ES\" \/>\n<meta property=\"og:type\" content=\"article\" \/>\n<meta property=\"og:title\" content=\"Milei cuestion\u00f3 la bandera de Malvinas de la Scaloneta: &quot;Patrioterismo barato&quot; - Primereando\" \/>\n<meta property=\"og:description\" content=\"El presidente Javier Milei habl\u00f3 luego del triunfo \u00e9pico de Argentina sobre Inglaterra y se refiri\u00f3 a la pol\u00e9mica por la ausencia de banderas con inscripciones referidas a las Malvinas, algo exigido por la FIFA y respaldado por el propio gobierno argentino. Despu\u00e9s del triunfo, los jugadores de la Scaloneta muestran una bandera que dec\u00eda [&hellip;]\" \/>\n<meta property=\"og:url\" content=\"https:\/\/primereando.com.ar\/index.php\/2026\/07\/16\/milei-cuestiono-la-bandera-de-malvinas-de-la-scaloneta-patrioterismo-barato\/125863\/\" \/>\n<meta property=\"og:site_name\" content=\"Primereando\" \/>\n<meta property=\"article:published_time\" content=\"2026-07-16T13:07:49+00:00\" \/>\n<meta property=\"article:modified_time\" content=\"2026-07-16T13:07:50+00:00\" \/>\n<meta property=\"og:image\" content=\"https:\/\/primereando.com.ar\/wp-content\/uploads\/2026\/07\/image-7.png\" \/>\n\t<meta property=\"og:image:width\" content=\"1097\" \/>\n\t<meta property=\"og:image:height\" content=\"723\" \/>\n\t<meta property=\"og:image:type\" content=\"image\/png\" \/>\n<meta name=\"author\" content=\"Quique\" \/>\n<meta name=\"twitter:card\" content=\"summary_large_image\" \/>\n<meta name=\"twitter:label1\" content=\"Escrito por\" \/>\n\t<meta name=\"twitter:data1\" content=\"Quique\" \/>\n\t<meta name=\"twitter:label2\" content=\"Tiempo de lectura\" \/>\n\t<meta name=\"twitter:data2\" content=\"1 minuto\" \/>\n<script type=\"application\/ld+json\" class=\"yoast-schema-graph\">{\"@context\":\"https:\\\/\\\/schema.org\",\"@graph\":[{\"@type\":\"Article\",\"@id\":\"https:\\\/\\\/primereando.com.ar\\\/index.php\\\/2026\\\/07\\\/16\\\/milei-cuestiono-la-bandera-de-malvinas-de-la-scaloneta-patrioterismo-barato\\\/125863\\\/#article\",\"isPartOf\":{\"@id\":\"https:\\\/\\\/primereando.com.ar\\\/index.php\\\/2026\\\/07\\\/16\\\/milei-cuestiono-la-bandera-de-malvinas-de-la-scaloneta-patrioterismo-barato\\\/125863\\\/\"},\"author\":{\"name\":\"Quique\",\"@id\":\"https:\\\/\\\/primereando.com.ar\\\/#\\\/schema\\\/person\\\/4e63931e01f10f9b83b868233258d3d3\"},\"headline\":\"Milei cuestion\u00f3 la bandera de Malvinas de la Scaloneta: &#8220;Patrioterismo barato&#8221;\",\"datePublished\":\"2026-07-16T13:07:49+00:00\",\"dateModified\":\"2026-07-16T13:07:50+00:00\",\"mainEntityOfPage\":{\"@id\":\"https:\\\/\\\/primereando.com.ar\\\/index.php\\\/2026\\\/07\\\/16\\\/milei-cuestiono-la-bandera-de-malvinas-de-la-scaloneta-patrioterismo-barato\\\/125863\\\/\"},\"wordCount\":157,\"publisher\":{\"@id\":\"https:\\\/\\\/primereando.com.ar\\\/#organization\"},\"image\":{\"@id\":\"https:\\\/\\\/primereando.com.ar\\\/index.php\\\/2026\\\/07\\\/16\\\/milei-cuestiono-la-bandera-de-malvinas-de-la-scaloneta-patrioterismo-barato\\\/125863\\\/#primaryimage\"},\"thumbnailUrl\":\"https:\\\/\\\/primereando.com.ar\\\/wp-content\\\/uploads\\\/2026\\\/07\\\/image-7.png\",\"articleSection\":[\"Actualidad\"],\"inLanguage\":\"es-AR\"},{\"@type\":\"WebPage\",\"@id\":\"https:\\\/\\\/primereando.com.ar\\\/index.php\\\/2026\\\/07\\\/16\\\/milei-cuestiono-la-bandera-de-malvinas-de-la-scaloneta-patrioterismo-barato\\\/125863\\\/\",\"url\":\"https:\\\/\\\/primereando.com.ar\\\/index.php\\\/2026\\\/07\\\/16\\\/milei-cuestiono-la-bandera-de-malvinas-de-la-scaloneta-patrioterismo-barato\\\/125863\\\/\",\"name\":\"Milei cuestion\u00f3 la bandera de Malvinas de la Scaloneta: \\\"Patrioterismo barato\\\" - Primereando\",\"isPartOf\":{\"@id\":\"https:\\\/\\\/primereando.com.ar\\\/#website\"},\"primaryImageOfPage\":{\"@id\":\"https:\\\/\\\/primereando.com.ar\\\/index.php\\\/2026\\\/07\\\/16\\\/milei-cuestiono-la-bandera-de-malvinas-de-la-scaloneta-patrioterismo-barato\\\/125863\\\/#primaryimage\"},\"image\":{\"@id\":\"https:\\\/\\\/primereando.com.ar\\\/index.php\\\/2026\\\/07\\\/16\\\/milei-cuestiono-la-bandera-de-malvinas-de-la-scaloneta-patrioterismo-barato\\\/125863\\\/#primaryimage\"},\"thumbnailUrl\":\"https:\\\/\\\/primereando.com.ar\\\/wp-content\\\/uploads\\\/2026\\\/07\\\/image-7.png\",\"datePublished\":\"2026-07-16T13:07:49+00:00\",\"dateModified\":\"2026-07-16T13:07:50+00:00\",\"breadcrumb\":{\"@id\":\"https:\\\/\\\/primereando.com.ar\\\/index.php\\\/2026\\\/07\\\/16\\\/milei-cuestiono-la-bandera-de-malvinas-de-la-scaloneta-patrioterismo-barato\\\/125863\\\/#breadcrumb\"},\"inLanguage\":\"es-AR\",\"potentialAction\":[{\"@type\":\"ReadAction\",\"target\":[\"https:\\\/\\\/primereando.com.ar\\\/index.php\\\/2026\\\/07\\\/16\\\/milei-cuestiono-la-bandera-de-malvinas-de-la-scaloneta-patrioterismo-barato\\\/125863\\\/\"]}]},{\"@type\":\"ImageObject\",\"inLanguage\":\"es-AR\",\"@id\":\"https:\\\/\\\/primereando.com.ar\\\/index.php\\\/2026\\\/07\\\/16\\\/milei-cuestiono-la-bandera-de-malvinas-de-la-scaloneta-patrioterismo-barato\\\/125863\\\/#primaryimage\",\"url\":\"https:\\\/\\\/primereando.com.ar\\\/wp-content\\\/uploads\\\/2026\\\/07\\\/image-7.png\",\"contentUrl\":\"https:\\\/\\\/primereando.com.ar\\\/wp-content\\\/uploads\\\/2026\\\/07\\\/image-7.png\",\"width\":1097,\"height\":723},{\"@type\":\"BreadcrumbList\",\"@id\":\"https:\\\/\\\/primereando.com.ar\\\/index.php\\\/2026\\\/07\\\/16\\\/milei-cuestiono-la-bandera-de-malvinas-de-la-scaloneta-patrioterismo-barato\\\/125863\\\/#breadcrumb\",\"itemListElement\":[{\"@type\":\"ListItem\",\"position\":1,\"name\":\"Inicio\",\"item\":\"https:\\\/\\\/primereando.com.ar\\\/\"},{\"@type\":\"ListItem\",\"position\":2,\"name\":\"Milei cuestion\u00f3 la bandera de Malvinas de la Scaloneta: &#8220;Patrioterismo barato&#8221;\"}]},{\"@type\":\"WebSite\",\"@id\":\"https:\\\/\\\/primereando.com.ar\\\/#website\",\"url\":\"https:\\\/\\\/primereando.com.ar\\\/\",\"name\":\"Primereando\",\"description\":\"Portal de noticias de la Provincia de Buenos Aires\",\"publisher\":{\"@id\":\"https:\\\/\\\/primereando.com.ar\\\/#organization\"},\"potentialAction\":[{\"@type\":\"SearchAction\",\"target\":{\"@type\":\"EntryPoint\",\"urlTemplate\":\"https:\\\/\\\/primereando.com.ar\\\/?s={search_term_string}\"},\"query-input\":{\"@type\":\"PropertyValueSpecification\",\"valueRequired\":true,\"valueName\":\"search_term_string\"}}],\"inLanguage\":\"es-AR\"},{\"@type\":\"Organization\",\"@id\":\"https:\\\/\\\/primereando.com.ar\\\/#organization\",\"name\":\"Primereando\",\"url\":\"https:\\\/\\\/primereando.com.ar\\\/\",\"logo\":{\"@type\":\"ImageObject\",\"inLanguage\":\"es-AR\",\"@id\":\"https:\\\/\\\/primereando.com.ar\\\/#\\\/schema\\\/logo\\\/image\\\/\",\"url\":\"https:\\\/\\\/primereando.com.ar\\\/wp-content\\\/uploads\\\/2021\\\/12\\\/primereando-logo.png\",\"contentUrl\":\"https:\\\/\\\/primereando.com.ar\\\/wp-content\\\/uploads\\\/2021\\\/12\\\/primereando-logo.png\",\"width\":360,\"height\":96,\"caption\":\"Primereando\"},\"image\":{\"@id\":\"https:\\\/\\\/primereando.com.ar\\\/#\\\/schema\\\/logo\\\/image\\\/\"}},{\"@type\":\"Person\",\"@id\":\"https:\\\/\\\/primereando.com.ar\\\/#\\\/schema\\\/person\\\/4e63931e01f10f9b83b868233258d3d3\",\"name\":\"Quique\",\"image\":{\"@type\":\"ImageObject\",\"inLanguage\":\"es-AR\",\"@id\":\"https:\\\/\\\/secure.gravatar.com\\\/avatar\\\/b59b9a051963473b9167e1994f9d9bceb0bfcf81b12fa216e38bdbf315e58be9?s=96&d=blank&r=g\",\"url\":\"https:\\\/\\\/secure.gravatar.com\\\/avatar\\\/b59b9a051963473b9167e1994f9d9bceb0bfcf81b12fa216e38bdbf315e58be9?s=96&d=blank&r=g\",\"contentUrl\":\"https:\\\/\\\/secure.gravatar.com\\\/avatar\\\/b59b9a051963473b9167e1994f9d9bceb0bfcf81b12fa216e38bdbf315e58be9?s=96&d=blank&r=g\",\"caption\":\"Quique\"},\"url\":\"https:\\\/\\\/primereando.com.ar\\\/index.php\\\/author\\\/quique\\\/\"}]}<\/script>\n<!-- \/ Yoast SEO plugin. -->","yoast_head_json":{"title":"Milei cuestion\u00f3 la bandera de Malvinas de la Scaloneta: \"Patrioterismo barato\" - Primereando","robots":{"index":"index","follow":"follow","max-snippet":"max-snippet:-1","max-image-preview":"max-image-preview:large","max-video-preview":"max-video-preview:-1"},"canonical":"https:\/\/primereando.com.ar\/index.php\/2026\/07\/16\/milei-cuestiono-la-bandera-de-malvinas-de-la-scaloneta-patrioterismo-barato\/125863\/","og_locale":"es_ES","og_type":"article","og_title":"Milei cuestion\u00f3 la bandera de Malvinas de la Scaloneta: \"Patrioterismo barato\" - Primereando","og_description":"El presidente Javier Milei habl\u00f3 luego del triunfo \u00e9pico de Argentina sobre Inglaterra y se refiri\u00f3 a la pol\u00e9mica por la ausencia de banderas con inscripciones referidas a las Malvinas, algo exigido por la FIFA y respaldado por el propio gobierno argentino. Despu\u00e9s del triunfo, los jugadores de la Scaloneta muestran una bandera que dec\u00eda [&hellip;]","og_url":"https:\/\/primereando.com.ar\/index.php\/2026\/07\/16\/milei-cuestiono-la-bandera-de-malvinas-de-la-scaloneta-patrioterismo-barato\/125863\/","og_site_name":"Primereando","article_published_time":"2026-07-16T13:07:49+00:00","article_modified_time":"2026-07-16T13:07:50+00:00","og_image":[{"width":1097,"height":723,"url":"https:\/\/primereando.com.ar\/wp-content\/uploads\/2026\/07\/image-7.png","type":"image\/png"}],"author":"Quique","twitter_card":"summary_large_image","twitter_misc":{"Escrito por":"Quique","Tiempo de lectura":"1 minuto"},"schema":{"@context":"https:\/\/schema.org","@graph":[{"@type":"Article","@id":"https:\/\/primereando.com.ar\/index.php\/2026\/07\/16\/milei-cuestiono-la-bandera-de-malvinas-de-la-scaloneta-patrioterismo-barato\/125863\/#article","isPartOf":{"@id":"https:\/\/primereando.com.ar\/index.php\/2026\/07\/16\/milei-cuestiono-la-bandera-de-malvinas-de-la-scaloneta-patrioterismo-barato\/125863\/"},"author":{"name":"Quique","@id":"https:\/\/primereando.com.ar\/#\/schema\/person\/4e63931e01f10f9b83b868233258d3d3"},"headline":"Milei cuestion\u00f3 la bandera de Malvinas de la Scaloneta: &#8220;Patrioterismo barato&#8221;","datePublished":"2026-07-16T13:07:49+00:00","dateModified":"2026-07-16T13:07:50+00:00","mainEntityOfPage":{"@id":"https:\/\/primereando.com.ar\/index.php\/2026\/07\/16\/milei-cuestiono-la-bandera-de-malvinas-de-la-scaloneta-patrioterismo-barato\/125863\/"},"wordCount":157,"publisher":{"@id":"https:\/\/primereando.com.ar\/#organization"},"image":{"@id":"https:\/\/primereando.com.ar\/index.php\/2026\/07\/16\/milei-cuestiono-la-bandera-de-malvinas-de-la-scaloneta-patrioterismo-barato\/125863\/#primaryimage"},"thumbnailUrl":"https:\/\/primereando.com.ar\/wp-content\/uploads\/2026\/07\/image-7.png","articleSection":["Actualidad"],"inLanguage":"es-AR"},{"@type":"WebPage","@id":"https:\/\/primereando.com.ar\/index.php\/2026\/07\/16\/milei-cuestiono-la-bandera-de-malvinas-de-la-scaloneta-patrioterismo-barato\/125863\/","url":"https:\/\/primereando.com.ar\/index.php\/2026\/07\/16\/milei-cuestiono-la-bandera-de-malvinas-de-la-scaloneta-patrioterismo-barato\/125863\/","name":"Milei cuestion\u00f3 la bandera de Malvinas de la Scaloneta: \"Patrioterismo barato\" - Primereando","isPartOf":{"@id":"https:\/\/primereando.com.ar\/#website"},"primaryImageOfPage":{"@id":"https:\/\/primereando.com.ar\/index.php\/2026\/07\/16\/milei-cuestiono-la-bandera-de-malvinas-de-la-scaloneta-patrioterismo-barato\/125863\/#primaryimage"},"image":{"@id":"https:\/\/primereando.com.ar\/index.php\/2026\/07\/16\/milei-cuestiono-la-bandera-de-malvinas-de-la-scaloneta-patrioterismo-barato\/125863\/#primaryimage"},"thumbnailUrl":"https:\/\/primereando.com.ar\/wp-content\/uploads\/2026\/07\/image-7.png","datePublished":"2026-07-16T13:07:49+00:00","dateModified":"2026-07-16T13:07:50+00:00","breadcrumb":{"@id":"https:\/\/primereando.com.ar\/index.php\/2026\/07\/16\/milei-cuestiono-la-bandera-de-malvinas-de-la-scaloneta-patrioterismo-barato\/125863\/#breadcrumb"},"inLanguage":"es-AR","potentialAction":[{"@type":"ReadAction","target":["https:\/\/primereando.com.ar\/index.php\/2026\/07\/16\/milei-cuestiono-la-bandera-de-malvinas-de-la-scaloneta-patrioterismo-barato\/125863\/"]}]},{"@type":"ImageObject","inLanguage":"es-AR","@id":"https:\/\/primereando.com.ar\/index.php\/2026\/07\/16\/milei-cuestiono-la-bandera-de-malvinas-de-la-scaloneta-patrioterismo-barato\/125863\/#primaryimage","url":"https:\/\/primereando.com.ar\/wp-content\/uploads\/2026\/07\/image-7.png","contentUrl":"https:\/\/primereando.com.ar\/wp-content\/uploads\/2026\/07\/image-7.png","width":1097,"height":723},{"@type":"BreadcrumbList","@id":"https:\/\/primereando.com.ar\/index.php\/2026\/07\/16\/milei-cuestiono-la-bandera-de-malvinas-de-la-scaloneta-patrioterismo-barato\/125863\/#breadcrumb","itemListElement":[{"@type":"ListItem","position":1,"name":"Inicio","item":"https:\/\/primereando.com.ar\/"},{"@type":"ListItem","position":2,"name":"Milei cuestion\u00f3 la bandera de Malvinas de la Scaloneta: &#8220;Patrioterismo barato&#8221;"}]},{"@type":"WebSite","@id":"https:\/\/primereando.com.ar\/#website","url":"https:\/\/primereando.com.ar\/","name":"Primereando","description":"Portal de noticias de la Provincia de Buenos Aires","publisher":{"@id":"https:\/\/primereando.com.ar\/#organization"},"potentialAction":[{"@type":"SearchAction","target":{"@type":"EntryPoint","urlTemplate":"https:\/\/primereando.com.ar\/?s={search_term_string}"},"query-input":{"@type":"PropertyValueSpecification","valueRequired":true,"valueName":"search_term_string"}}],"inLanguage":"es-AR"},{"@type":"Organization","@id":"https:\/\/primereando.com.ar\/#organization","name":"Primereando","url":"https:\/\/primereando.com.ar\/","logo":{"@type":"ImageObject","inLanguage":"es-AR","@id":"https:\/\/primereando.com.ar\/#\/schema\/logo\/image\/","url":"https:\/\/primereando.com.ar\/wp-content\/uploads\/2021\/12\/primereando-logo.png","contentUrl":"https:\/\/primereando.com.ar\/wp-content\/uploads\/2021\/12\/primereando-logo.png","width":360,"height":96,"caption":"Primereando"},"image":{"@id":"https:\/\/primereando.com.ar\/#\/schema\/logo\/image\/"}},{"@type":"Person","@id":"https:\/\/primereando.com.ar\/#\/schema\/person\/4e63931e01f10f9b83b868233258d3d3","name":"Quique","image":{"@type":"ImageObject","inLanguage":"es-AR","@id":"https:\/\/secure.gravatar.com\/avatar\/b59b9a051963473b9167e1994f9d9bceb0bfcf81b12fa216e38bdbf315e58be9?s=96&d=blank&r=g","url":"https:\/\/secure.gravatar.com\/avatar\/b59b9a051963473b9167e1994f9d9bceb0bfcf81b12fa216e38bdbf315e58be9?s=96&d=blank&r=g","contentUrl":"https:\/\/secure.gravatar.com\/avatar\/b59b9a051963473b9167e1994f9d9bceb0bfcf81b12fa216e38bdbf315e58be9?s=96&d=blank&r=g","caption":"Quique"},"url":"https:\/\/primereando.com.ar\/index.php\/author\/quique\/"}]}},"_links":{"self":[{"href":"https:\/\/primereando.com.ar\/index.php\/wp-json\/wp\/v2\/posts\/125863","targetHints":{"allow":["GET"]}}],"collection":[{"href":"https:\/\/primereando.com.ar\/index.php\/wp-json\/wp\/v2\/posts"}],"about":[{"href":"https:\/\/primereando.com.ar\/index.php\/wp-json\/wp\/v2\/types\/post"}],"author":[{"embeddable":true,"href":"https:\/\/primereando.com.ar\/index.php\/wp-json\/wp\/v2\/users\/4"}],"replies":[{"embeddable":true,"href":"https:\/\/primereando.com.ar\/index.php\/wp-json\/wp\/v2\/comments?post=125863"}],"version-history":[{"count":1,"href":"https:\/\/primereando.com.ar\/index.php\/wp-json\/wp\/v2\/posts\/125863\/revisions"}],"predecessor-version":[{"id":125866,"href":"https:\/\/primereando.com.ar\/index.php\/wp-json\/wp\/v2\/posts\/125863\/revisions\/125866"}],"wp:featuredmedia":[{"embeddable":true,"href":"https:\/\/primereando.com.ar\/index.php\/wp-json\/wp\/v2\/media\/125858"}],"wp:attachment":[{"href":"https:\/\/primereando.com.ar\/index.php\/wp-json\/wp\/v2\/media?parent=125863"}],"wp:term":[{"taxonomy":"category","embeddable":true,"href":"https:\/\/primereando.com.ar\/index.php\/wp-json\/wp\/v2\/categories?post=125863"},{"taxonomy":"post_tag","embeddable":true,"href":"https:\/\/primereando.com.ar\/index.php\/wp-json\/wp\/v2\/tags?post=125863"}],"curies":[{"name":"wp","href":"https:\/\/api.w.org\/{rel}","templated":true}]}}