{"id":126470,"date":"2026-08-31T08:37:54","date_gmt":"2026-08-31T11:37:54","guid":{"rendered":"https:\/\/primereando.com.ar\/?p=126470"},"modified":"2026-08-31T08:37:55","modified_gmt":"2026-08-31T11:37:55","slug":"mientras-las-familias-se-endeudan-para-sobrevivir-el-patrimonio-de-milei-crecio-43-y-el-de-karina-se-disparo-221","status":"publish","type":"post","link":"https:\/\/primereando.com.ar\/index.php\/2026\/08\/31\/mientras-las-familias-se-endeudan-para-sobrevivir-el-patrimonio-de-milei-crecio-43-y-el-de-karina-se-disparo-221\/126470\/","title":{"rendered":"Mientras las familias se endeudan para sobrevivir, el patrimonio de Milei creci\u00f3 43% y el de Karina se dispar\u00f3 221%"},"content":{"rendered":"\n<h2 class=\"wp-block-heading\">El Presidente declar\u00f3 bienes por $295 millones al cierre de 2025, frente a los $206 millones del a\u00f1o anterior. Su hermana Karina Milei tuvo un incremento patrimonial todav\u00eda mayor, del 221%. Los fuertes aumentos se producen mientras el Gobierno profundiza el ajuste y millones de hogares enfrentan p\u00e9rdida de poder adquisitivo y mayor endeudamiento. <\/h2>\n\n\n\n<p class=\"wp-block-paragraph\"><strong>El patrimonio de<\/strong> <strong>Javier Milei aument\u00f3 un 43,3% durante su segundo a\u00f1o de gesti\u00f3n<\/strong>, de acuerdo con la declaraci\u00f3n jurada presentada ante la <strong>Oficina Anticorrupci\u00f3n<\/strong>. El Presidente <strong>pas\u00f3 de declarar bienes por<\/strong> <strong>$206 millones a $295 millones<\/strong>, en un contexto marcado por el ajuste econ\u00f3mico, el recorte del gasto y las crecientes dificultades de las familias para llegar a fin de mes.<\/p>\n\n\n\n<p class=\"wp-block-paragraph\"><strong>El dato adquiere particular relevancia por el contraste con la situaci\u00f3n de buena parte de la sociedad<\/strong>. Mientras el Gobierno sostiene que el esfuerzo y el ajuste son necesarios para alcanzar el equilibrio de las cuentas p\u00fablicas, los hogares enfrentan aumentos de servicios, p\u00e9rdida de capacidad de consumo y un creciente recurso al cr\u00e9dito para afrontar gastos cotidianos.<\/p>\n\n\n\n<p class=\"wp-block-paragraph\">La evoluci\u00f3n patrimonial no fue exclusiva del jefe de Estado. <strong>Karina Milei, secretaria General de la Presidencia, declar\u00f3 un incremento de su patrimonio del 221% durante 2025<\/strong>, muy por encima del registrado por su hermano. Su patrimonio alcanz\u00f3 los <strong>$35,3 millones<\/strong>, <strong>unos $23,9 millones m\u00e1s que a comienzos del a\u00f1o.<\/strong><\/p>\n\n\n\n<h3 class=\"wp-block-heading has-medium-font-size\">El patrimonio de Javier Milei<\/h3>\n\n\n\n<p class=\"wp-block-paragraph\">Seg\u00fan la declaraci\u00f3n presentada por el Presidente, Milei mantiene los mismos bienes que cuando asumi\u00f3 la Presidencia en diciembre de 2023 y el fuerte crecimiento de su patrimonio responde principalmente a la <strong>revaluaci\u00f3n de algunos de sus activos<\/strong>.<\/p>\n\n\n\n<p class=\"wp-block-paragraph\">La principal modificaci\u00f3n aparece en su vivienda en la Ciudad de Buenos Aires.<strong> El inmueble pas\u00f3 de estar valuado en $38,4 millones a $73,6 millones, un incremento del 91,5% en apenas un a\u00f1o.<\/strong><\/p>\n\n\n\n<p class=\"wp-block-paragraph\">Tambi\u00e9n <strong>aumentaron significativamente sus fondos en moneda nacional.<\/strong> Entre efectivo y cajas de ahorro, Milei pas\u00f3 de declarar <strong>$20,9 millones a $39,4 millones<\/strong>.<\/p>\n\n\n\n<p class=\"wp-block-paragraph\">En d\u00f3lares, en cambio, la variaci\u00f3n fue m\u00ednima. El mandatario declar\u00f3 una caja de ahorro con <strong>US$65.542 en 2024<\/strong>, que pas\u00f3 a <strong>US$65.562<\/strong> un a\u00f1o despu\u00e9s: apenas US$20 m\u00e1s. Adem\u00e1s, inform\u00f3 otros <strong>US$20.000 en efectivo<\/strong>.<\/p>\n\n\n\n<p class=\"wp-block-paragraph\">Durante 2025, Milei declar\u00f3 ingresos por <strong>$81,8 millones<\/strong> y gastos por <strong>$66,3 millones<\/strong>. Tambi\u00e9n inform\u00f3 una deuda de <strong>$586.357 con el Banco Supervielle<\/strong>.<\/p>\n\n\n\n<p class=\"wp-block-paragraph\">A esto se suman <strong>$16,9 millones en cr\u00e9ditos fiscales<\/strong> correspondientes a retenciones del Impuesto a las Ganancias y otros <strong>$5,2 millones en bienes del hogar<\/strong>.<\/p>\n\n\n\n<h3 class=\"wp-block-heading has-medium-font-size\">Karina Milei, con un salto patrimonial mucho mayor<\/h3>\n\n\n\n<p class=\"wp-block-paragraph\"><strong>La evoluci\u00f3n de la declaraci\u00f3n jurada de Karina Milei resulta todav\u00eda m\u00e1s llamativa.<\/strong> Su patrimonio <strong>creci\u00f3<\/strong> <strong>221% durante 2025<\/strong>, impulsado fundamentalmente por la <strong>fuerte revaluaci\u00f3n de sus bienes.<\/strong><\/p>\n\n\n\n<p class=\"wp-block-paragraph\">Entre ellos se encuentra un departamento de 150 metros cuadrados con cochera en Vicente L\u00f3pez, que posee desde 2011. El inmueble, que originalmente hab\u00eda sido declarado por $3,99 millones, pas\u00f3 a estar valuado en <strong>$28,16 millones<\/strong>.<\/p>\n\n\n\n<p class=\"wp-block-paragraph\">Al cierre de 2025, la secretaria General de la Presidencia declar\u00f3 un patrimonio total de <strong>$35,31 millones<\/strong>, mantuvo seis cajas de ahorro activas y sum\u00f3 una cuenta de pago en una billetera virtual con <strong>$3,85 millones<\/strong>.<\/p>\n\n\n\n<h3 class=\"wp-block-heading has-medium-font-size\">El contraste con el ajuste sobre los hogares<\/h3>\n\n\n\n<p class=\"wp-block-paragraph\">Los n\u00fameros de las declaraciones juradas aparecen en un escenario econ\u00f3mico particularmente sensible. <strong>Mientras el Gobierno exige a la sociedad atravesar un fuerte ajuste para sostener el equilibrio fiscal, los patrimonios declarados por el Presidente y su hermana registraron importantes incrementos.<\/strong><\/p>\n\n\n\n<p class=\"wp-block-paragraph\">El contraste se vuelve todav\u00eda m\u00e1s fuerte frente a un fen\u00f3meno que atraviesa a millones de familias: la necesidad de recurrir a <strong>tarjetas de cr\u00e9dito, pr\u00e9stamos y otras formas de financiamiento para cubrir gastos corrientes<\/strong>.<\/p>\n\n\n\n<p class=\"wp-block-paragraph\">As\u00ed, en el segundo a\u00f1o de la gesti\u00f3n libertaria, las declaraciones patrimoniales de Javier y Karina Milei muestran aumentos significativos, al mismo tiempo que el costo del ajuste contin\u00faa recayendo sobre los hogares. <strong>La brecha entre quienes pueden preservar o incrementar su patrimonio y quienes deben endeudarse para sostener su consumo vuelve a quedar expuesta.<\/strong><\/p>\n","protected":false},"excerpt":{"rendered":"<p>El Presidente declar\u00f3 bienes por $295 millones al cierre de 2025, frente a los $206 millones del a\u00f1o anterior. Su hermana Karina Milei tuvo un incremento patrimonial todav\u00eda mayor, del 221%. Los fuertes aumentos se producen mientras el Gobierno profundiza el ajuste y millones de hogares enfrentan p\u00e9rdida de poder adquisitivo y mayor endeudamiento. El [&hellip;]<\/p>\n","protected":false},"author":8,"featured_media":103411,"comment_status":"closed","ping_status":"closed","sticky":false,"template":"","format":"standard","meta":{"footnotes":""},"categories":[5],"tags":[],"class_list":["post-126470","post","type-post","status-publish","format-standard","has-post-thumbnail","hentry","category-actualidad"],"yoast_head":"<!-- This site is optimized with the Yoast SEO plugin v28.3 - https:\/\/yoast.com\/product\/yoast-seo-wordpress\/ -->\n<title>Mientras las familias se endeudan para sobrevivir, el patrimonio de Milei creci\u00f3 43% y el de Karina se dispar\u00f3 221% - Primereando<\/title>\n<meta name=\"robots\" content=\"index, follow, max-snippet:-1, max-image-preview:large, max-video-preview:-1\" \/>\n<link rel=\"canonical\" href=\"https:\/\/primereando.com.ar\/index.php\/2026\/08\/31\/mientras-las-familias-se-endeudan-para-sobrevivir-el-patrimonio-de-milei-crecio-43-y-el-de-karina-se-disparo-221\/126470\/\" \/>\n<meta property=\"og:locale\" content=\"es_ES\" \/>\n<meta property=\"og:type\" content=\"article\" \/>\n<meta property=\"og:title\" content=\"Mientras las familias se endeudan para sobrevivir, el patrimonio de Milei creci\u00f3 43% y el de Karina se dispar\u00f3 221% - Primereando\" \/>\n<meta property=\"og:description\" content=\"El Presidente declar\u00f3 bienes por $295 millones al cierre de 2025, frente a los $206 millones del a\u00f1o anterior. Su hermana Karina Milei tuvo un incremento patrimonial todav\u00eda mayor, del 221%. Los fuertes aumentos se producen mientras el Gobierno profundiza el ajuste y millones de hogares enfrentan p\u00e9rdida de poder adquisitivo y mayor endeudamiento. El [&hellip;]\" \/>\n<meta property=\"og:url\" content=\"https:\/\/primereando.com.ar\/index.php\/2026\/08\/31\/mientras-las-familias-se-endeudan-para-sobrevivir-el-patrimonio-de-milei-crecio-43-y-el-de-karina-se-disparo-221\/126470\/\" \/>\n<meta property=\"og:site_name\" content=\"Primereando\" \/>\n<meta property=\"article:published_time\" content=\"2026-08-31T11:37:54+00:00\" \/>\n<meta property=\"article:modified_time\" content=\"2026-08-31T11:37:55+00:00\" \/>\n<meta property=\"og:image\" content=\"https:\/\/primereando.com.ar\/wp-content\/uploads\/2023\/11\/javier-milei-y-su-hermana-karina-foto-afp_648973061_760x520.jpg\" \/>\n\t<meta property=\"og:image:width\" content=\"760\" \/>\n\t<meta property=\"og:image:height\" content=\"520\" \/>\n\t<meta property=\"og:image:type\" content=\"image\/jpeg\" \/>\n<meta name=\"author\" content=\"ignacio corsario\" \/>\n<meta name=\"twitter:card\" content=\"summary_large_image\" \/>\n<meta name=\"twitter:label1\" content=\"Escrito por\" \/>\n\t<meta name=\"twitter:data1\" content=\"ignacio corsario\" \/>\n\t<meta name=\"twitter:label2\" content=\"Tiempo de lectura\" \/>\n\t<meta name=\"twitter:data2\" content=\"4 minutos\" \/>\n<script type=\"application\/ld+json\" class=\"yoast-schema-graph\">{\"@context\":\"https:\\\/\\\/schema.org\",\"@graph\":[{\"@type\":\"Article\",\"@id\":\"https:\\\/\\\/primereando.com.ar\\\/index.php\\\/2026\\\/08\\\/31\\\/mientras-las-familias-se-endeudan-para-sobrevivir-el-patrimonio-de-milei-crecio-43-y-el-de-karina-se-disparo-221\\\/126470\\\/#article\",\"isPartOf\":{\"@id\":\"https:\\\/\\\/primereando.com.ar\\\/index.php\\\/2026\\\/08\\\/31\\\/mientras-las-familias-se-endeudan-para-sobrevivir-el-patrimonio-de-milei-crecio-43-y-el-de-karina-se-disparo-221\\\/126470\\\/\"},\"author\":{\"name\":\"ignacio corsario\",\"@id\":\"https:\\\/\\\/primereando.com.ar\\\/#\\\/schema\\\/person\\\/163ed2710eec4fd8173e5e51bb8b23ee\"},\"headline\":\"Mientras las familias se endeudan para sobrevivir, el patrimonio de Milei creci\u00f3 43% y el de Karina se dispar\u00f3 221%\",\"datePublished\":\"2026-08-31T11:37:54+00:00\",\"dateModified\":\"2026-08-31T11:37:55+00:00\",\"mainEntityOfPage\":{\"@id\":\"https:\\\/\\\/primereando.com.ar\\\/index.php\\\/2026\\\/08\\\/31\\\/mientras-las-familias-se-endeudan-para-sobrevivir-el-patrimonio-de-milei-crecio-43-y-el-de-karina-se-disparo-221\\\/126470\\\/\"},\"wordCount\":685,\"publisher\":{\"@id\":\"https:\\\/\\\/primereando.com.ar\\\/#organization\"},\"image\":{\"@id\":\"https:\\\/\\\/primereando.com.ar\\\/index.php\\\/2026\\\/08\\\/31\\\/mientras-las-familias-se-endeudan-para-sobrevivir-el-patrimonio-de-milei-crecio-43-y-el-de-karina-se-disparo-221\\\/126470\\\/#primaryimage\"},\"thumbnailUrl\":\"https:\\\/\\\/primereando.com.ar\\\/wp-content\\\/uploads\\\/2023\\\/11\\\/javier-milei-y-su-hermana-karina-foto-afp_648973061_760x520.jpg\",\"articleSection\":[\"Actualidad\"],\"inLanguage\":\"es-AR\"},{\"@type\":\"WebPage\",\"@id\":\"https:\\\/\\\/primereando.com.ar\\\/index.php\\\/2026\\\/08\\\/31\\\/mientras-las-familias-se-endeudan-para-sobrevivir-el-patrimonio-de-milei-crecio-43-y-el-de-karina-se-disparo-221\\\/126470\\\/\",\"url\":\"https:\\\/\\\/primereando.com.ar\\\/index.php\\\/2026\\\/08\\\/31\\\/mientras-las-familias-se-endeudan-para-sobrevivir-el-patrimonio-de-milei-crecio-43-y-el-de-karina-se-disparo-221\\\/126470\\\/\",\"name\":\"Mientras las familias se endeudan para sobrevivir, el patrimonio de Milei creci\u00f3 43% y el de Karina se dispar\u00f3 221% - Primereando\",\"isPartOf\":{\"@id\":\"https:\\\/\\\/primereando.com.ar\\\/#website\"},\"primaryImageOfPage\":{\"@id\":\"https:\\\/\\\/primereando.com.ar\\\/index.php\\\/2026\\\/08\\\/31\\\/mientras-las-familias-se-endeudan-para-sobrevivir-el-patrimonio-de-milei-crecio-43-y-el-de-karina-se-disparo-221\\\/126470\\\/#primaryimage\"},\"image\":{\"@id\":\"https:\\\/\\\/primereando.com.ar\\\/index.php\\\/2026\\\/08\\\/31\\\/mientras-las-familias-se-endeudan-para-sobrevivir-el-patrimonio-de-milei-crecio-43-y-el-de-karina-se-disparo-221\\\/126470\\\/#primaryimage\"},\"thumbnailUrl\":\"https:\\\/\\\/primereando.com.ar\\\/wp-content\\\/uploads\\\/2023\\\/11\\\/javier-milei-y-su-hermana-karina-foto-afp_648973061_760x520.jpg\",\"datePublished\":\"2026-08-31T11:37:54+00:00\",\"dateModified\":\"2026-08-31T11:37:55+00:00\",\"breadcrumb\":{\"@id\":\"https:\\\/\\\/primereando.com.ar\\\/index.php\\\/2026\\\/08\\\/31\\\/mientras-las-familias-se-endeudan-para-sobrevivir-el-patrimonio-de-milei-crecio-43-y-el-de-karina-se-disparo-221\\\/126470\\\/#breadcrumb\"},\"inLanguage\":\"es-AR\",\"potentialAction\":[{\"@type\":\"ReadAction\",\"target\":[\"https:\\\/\\\/primereando.com.ar\\\/index.php\\\/2026\\\/08\\\/31\\\/mientras-las-familias-se-endeudan-para-sobrevivir-el-patrimonio-de-milei-crecio-43-y-el-de-karina-se-disparo-221\\\/126470\\\/\"]}]},{\"@type\":\"ImageObject\",\"inLanguage\":\"es-AR\",\"@id\":\"https:\\\/\\\/primereando.com.ar\\\/index.php\\\/2026\\\/08\\\/31\\\/mientras-las-familias-se-endeudan-para-sobrevivir-el-patrimonio-de-milei-crecio-43-y-el-de-karina-se-disparo-221\\\/126470\\\/#primaryimage\",\"url\":\"https:\\\/\\\/primereando.com.ar\\\/wp-content\\\/uploads\\\/2023\\\/11\\\/javier-milei-y-su-hermana-karina-foto-afp_648973061_760x520.jpg\",\"contentUrl\":\"https:\\\/\\\/primereando.com.ar\\\/wp-content\\\/uploads\\\/2023\\\/11\\\/javier-milei-y-su-hermana-karina-foto-afp_648973061_760x520.jpg\",\"width\":760,\"height\":520},{\"@type\":\"BreadcrumbList\",\"@id\":\"https:\\\/\\\/primereando.com.ar\\\/index.php\\\/2026\\\/08\\\/31\\\/mientras-las-familias-se-endeudan-para-sobrevivir-el-patrimonio-de-milei-crecio-43-y-el-de-karina-se-disparo-221\\\/126470\\\/#breadcrumb\",\"itemListElement\":[{\"@type\":\"ListItem\",\"position\":1,\"name\":\"Inicio\",\"item\":\"https:\\\/\\\/primereando.com.ar\\\/\"},{\"@type\":\"ListItem\",\"position\":2,\"name\":\"Mientras las familias se endeudan para sobrevivir, el patrimonio de Milei creci\u00f3 43% y el de Karina se dispar\u00f3 221%\"}]},{\"@type\":\"WebSite\",\"@id\":\"https:\\\/\\\/primereando.com.ar\\\/#website\",\"url\":\"https:\\\/\\\/primereando.com.ar\\\/\",\"name\":\"Primereando\",\"description\":\"Portal de noticias de la Provincia de Buenos Aires\",\"publisher\":{\"@id\":\"https:\\\/\\\/primereando.com.ar\\\/#organization\"},\"potentialAction\":[{\"@type\":\"SearchAction\",\"target\":{\"@type\":\"EntryPoint\",\"urlTemplate\":\"https:\\\/\\\/primereando.com.ar\\\/?s={search_term_string}\"},\"query-input\":{\"@type\":\"PropertyValueSpecification\",\"valueRequired\":true,\"valueName\":\"search_term_string\"}}],\"inLanguage\":\"es-AR\"},{\"@type\":\"Organization\",\"@id\":\"https:\\\/\\\/primereando.com.ar\\\/#organization\",\"name\":\"Primereando\",\"url\":\"https:\\\/\\\/primereando.com.ar\\\/\",\"logo\":{\"@type\":\"ImageObject\",\"inLanguage\":\"es-AR\",\"@id\":\"https:\\\/\\\/primereando.com.ar\\\/#\\\/schema\\\/logo\\\/image\\\/\",\"url\":\"https:\\\/\\\/primereando.com.ar\\\/wp-content\\\/uploads\\\/2021\\\/12\\\/primereando-logo.png\",\"contentUrl\":\"https:\\\/\\\/primereando.com.ar\\\/wp-content\\\/uploads\\\/2021\\\/12\\\/primereando-logo.png\",\"width\":360,\"height\":96,\"caption\":\"Primereando\"},\"image\":{\"@id\":\"https:\\\/\\\/primereando.com.ar\\\/#\\\/schema\\\/logo\\\/image\\\/\"}},{\"@type\":\"Person\",\"@id\":\"https:\\\/\\\/primereando.com.ar\\\/#\\\/schema\\\/person\\\/163ed2710eec4fd8173e5e51bb8b23ee\",\"name\":\"ignacio corsario\",\"image\":{\"@type\":\"ImageObject\",\"inLanguage\":\"es-AR\",\"@id\":\"https:\\\/\\\/secure.gravatar.com\\\/avatar\\\/88fd77b01053dd79091962d2e6ed54169fabbaefae7619405afc209b70ff06d2?s=96&d=blank&r=g\",\"url\":\"https:\\\/\\\/secure.gravatar.com\\\/avatar\\\/88fd77b01053dd79091962d2e6ed54169fabbaefae7619405afc209b70ff06d2?s=96&d=blank&r=g\",\"contentUrl\":\"https:\\\/\\\/secure.gravatar.com\\\/avatar\\\/88fd77b01053dd79091962d2e6ed54169fabbaefae7619405afc209b70ff06d2?s=96&d=blank&r=g\",\"caption\":\"ignacio corsario\"},\"url\":\"https:\\\/\\\/primereando.com.ar\\\/index.php\\\/author\\\/ignaciocorsario\\\/\"}]}<\/script>\n<!-- \/ Yoast SEO plugin. -->","yoast_head_json":{"title":"Mientras las familias se endeudan para sobrevivir, el patrimonio de Milei creci\u00f3 43% y el de Karina se dispar\u00f3 221% - Primereando","robots":{"index":"index","follow":"follow","max-snippet":"max-snippet:-1","max-image-preview":"max-image-preview:large","max-video-preview":"max-video-preview:-1"},"canonical":"https:\/\/primereando.com.ar\/index.php\/2026\/08\/31\/mientras-las-familias-se-endeudan-para-sobrevivir-el-patrimonio-de-milei-crecio-43-y-el-de-karina-se-disparo-221\/126470\/","og_locale":"es_ES","og_type":"article","og_title":"Mientras las familias se endeudan para sobrevivir, el patrimonio de Milei creci\u00f3 43% y el de Karina se dispar\u00f3 221% - Primereando","og_description":"El Presidente declar\u00f3 bienes por $295 millones al cierre de 2025, frente a los $206 millones del a\u00f1o anterior. Su hermana Karina Milei tuvo un incremento patrimonial todav\u00eda mayor, del 221%. Los fuertes aumentos se producen mientras el Gobierno profundiza el ajuste y millones de hogares enfrentan p\u00e9rdida de poder adquisitivo y mayor endeudamiento. El [&hellip;]","og_url":"https:\/\/primereando.com.ar\/index.php\/2026\/08\/31\/mientras-las-familias-se-endeudan-para-sobrevivir-el-patrimonio-de-milei-crecio-43-y-el-de-karina-se-disparo-221\/126470\/","og_site_name":"Primereando","article_published_time":"2026-08-31T11:37:54+00:00","article_modified_time":"2026-08-31T11:37:55+00:00","og_image":[{"width":760,"height":520,"url":"https:\/\/primereando.com.ar\/wp-content\/uploads\/2023\/11\/javier-milei-y-su-hermana-karina-foto-afp_648973061_760x520.jpg","type":"image\/jpeg"}],"author":"ignacio corsario","twitter_card":"summary_large_image","twitter_misc":{"Escrito por":"ignacio corsario","Tiempo de lectura":"4 minutos"},"schema":{"@context":"https:\/\/schema.org","@graph":[{"@type":"Article","@id":"https:\/\/primereando.com.ar\/index.php\/2026\/08\/31\/mientras-las-familias-se-endeudan-para-sobrevivir-el-patrimonio-de-milei-crecio-43-y-el-de-karina-se-disparo-221\/126470\/#article","isPartOf":{"@id":"https:\/\/primereando.com.ar\/index.php\/2026\/08\/31\/mientras-las-familias-se-endeudan-para-sobrevivir-el-patrimonio-de-milei-crecio-43-y-el-de-karina-se-disparo-221\/126470\/"},"author":{"name":"ignacio corsario","@id":"https:\/\/primereando.com.ar\/#\/schema\/person\/163ed2710eec4fd8173e5e51bb8b23ee"},"headline":"Mientras las familias se endeudan para sobrevivir, el patrimonio de Milei creci\u00f3 43% y el de Karina se dispar\u00f3 221%","datePublished":"2026-08-31T11:37:54+00:00","dateModified":"2026-08-31T11:37:55+00:00","mainEntityOfPage":{"@id":"https:\/\/primereando.com.ar\/index.php\/2026\/08\/31\/mientras-las-familias-se-endeudan-para-sobrevivir-el-patrimonio-de-milei-crecio-43-y-el-de-karina-se-disparo-221\/126470\/"},"wordCount":685,"publisher":{"@id":"https:\/\/primereando.com.ar\/#organization"},"image":{"@id":"https:\/\/primereando.com.ar\/index.php\/2026\/08\/31\/mientras-las-familias-se-endeudan-para-sobrevivir-el-patrimonio-de-milei-crecio-43-y-el-de-karina-se-disparo-221\/126470\/#primaryimage"},"thumbnailUrl":"https:\/\/primereando.com.ar\/wp-content\/uploads\/2023\/11\/javier-milei-y-su-hermana-karina-foto-afp_648973061_760x520.jpg","articleSection":["Actualidad"],"inLanguage":"es-AR"},{"@type":"WebPage","@id":"https:\/\/primereando.com.ar\/index.php\/2026\/08\/31\/mientras-las-familias-se-endeudan-para-sobrevivir-el-patrimonio-de-milei-crecio-43-y-el-de-karina-se-disparo-221\/126470\/","url":"https:\/\/primereando.com.ar\/index.php\/2026\/08\/31\/mientras-las-familias-se-endeudan-para-sobrevivir-el-patrimonio-de-milei-crecio-43-y-el-de-karina-se-disparo-221\/126470\/","name":"Mientras las familias se endeudan para sobrevivir, el patrimonio de Milei creci\u00f3 43% y el de Karina se dispar\u00f3 221% - Primereando","isPartOf":{"@id":"https:\/\/primereando.com.ar\/#website"},"primaryImageOfPage":{"@id":"https:\/\/primereando.com.ar\/index.php\/2026\/08\/31\/mientras-las-familias-se-endeudan-para-sobrevivir-el-patrimonio-de-milei-crecio-43-y-el-de-karina-se-disparo-221\/126470\/#primaryimage"},"image":{"@id":"https:\/\/primereando.com.ar\/index.php\/2026\/08\/31\/mientras-las-familias-se-endeudan-para-sobrevivir-el-patrimonio-de-milei-crecio-43-y-el-de-karina-se-disparo-221\/126470\/#primaryimage"},"thumbnailUrl":"https:\/\/primereando.com.ar\/wp-content\/uploads\/2023\/11\/javier-milei-y-su-hermana-karina-foto-afp_648973061_760x520.jpg","datePublished":"2026-08-31T11:37:54+00:00","dateModified":"2026-08-31T11:37:55+00:00","breadcrumb":{"@id":"https:\/\/primereando.com.ar\/index.php\/2026\/08\/31\/mientras-las-familias-se-endeudan-para-sobrevivir-el-patrimonio-de-milei-crecio-43-y-el-de-karina-se-disparo-221\/126470\/#breadcrumb"},"inLanguage":"es-AR","potentialAction":[{"@type":"ReadAction","target":["https:\/\/primereando.com.ar\/index.php\/2026\/08\/31\/mientras-las-familias-se-endeudan-para-sobrevivir-el-patrimonio-de-milei-crecio-43-y-el-de-karina-se-disparo-221\/126470\/"]}]},{"@type":"ImageObject","inLanguage":"es-AR","@id":"https:\/\/primereando.com.ar\/index.php\/2026\/08\/31\/mientras-las-familias-se-endeudan-para-sobrevivir-el-patrimonio-de-milei-crecio-43-y-el-de-karina-se-disparo-221\/126470\/#primaryimage","url":"https:\/\/primereando.com.ar\/wp-content\/uploads\/2023\/11\/javier-milei-y-su-hermana-karina-foto-afp_648973061_760x520.jpg","contentUrl":"https:\/\/primereando.com.ar\/wp-content\/uploads\/2023\/11\/javier-milei-y-su-hermana-karina-foto-afp_648973061_760x520.jpg","width":760,"height":520},{"@type":"BreadcrumbList","@id":"https:\/\/primereando.com.ar\/index.php\/2026\/08\/31\/mientras-las-familias-se-endeudan-para-sobrevivir-el-patrimonio-de-milei-crecio-43-y-el-de-karina-se-disparo-221\/126470\/#breadcrumb","itemListElement":[{"@type":"ListItem","position":1,"name":"Inicio","item":"https:\/\/primereando.com.ar\/"},{"@type":"ListItem","position":2,"name":"Mientras las familias se endeudan para sobrevivir, el patrimonio de Milei creci\u00f3 43% y el de Karina se dispar\u00f3 221%"}]},{"@type":"WebSite","@id":"https:\/\/primereando.com.ar\/#website","url":"https:\/\/primereando.com.ar\/","name":"Primereando","description":"Portal de noticias de la Provincia de Buenos Aires","publisher":{"@id":"https:\/\/primereando.com.ar\/#organization"},"potentialAction":[{"@type":"SearchAction","target":{"@type":"EntryPoint","urlTemplate":"https:\/\/primereando.com.ar\/?s={search_term_string}"},"query-input":{"@type":"PropertyValueSpecification","valueRequired":true,"valueName":"search_term_string"}}],"inLanguage":"es-AR"},{"@type":"Organization","@id":"https:\/\/primereando.com.ar\/#organization","name":"Primereando","url":"https:\/\/primereando.com.ar\/","logo":{"@type":"ImageObject","inLanguage":"es-AR","@id":"https:\/\/primereando.com.ar\/#\/schema\/logo\/image\/","url":"https:\/\/primereando.com.ar\/wp-content\/uploads\/2021\/12\/primereando-logo.png","contentUrl":"https:\/\/primereando.com.ar\/wp-content\/uploads\/2021\/12\/primereando-logo.png","width":360,"height":96,"caption":"Primereando"},"image":{"@id":"https:\/\/primereando.com.ar\/#\/schema\/logo\/image\/"}},{"@type":"Person","@id":"https:\/\/primereando.com.ar\/#\/schema\/person\/163ed2710eec4fd8173e5e51bb8b23ee","name":"ignacio corsario","image":{"@type":"ImageObject","inLanguage":"es-AR","@id":"https:\/\/secure.gravatar.com\/avatar\/88fd77b01053dd79091962d2e6ed54169fabbaefae7619405afc209b70ff06d2?s=96&d=blank&r=g","url":"https:\/\/secure.gravatar.com\/avatar\/88fd77b01053dd79091962d2e6ed54169fabbaefae7619405afc209b70ff06d2?s=96&d=blank&r=g","contentUrl":"https:\/\/secure.gravatar.com\/avatar\/88fd77b01053dd79091962d2e6ed54169fabbaefae7619405afc209b70ff06d2?s=96&d=blank&r=g","caption":"ignacio corsario"},"url":"https:\/\/primereando.com.ar\/index.php\/author\/ignaciocorsario\/"}]}},"_links":{"self":[{"href":"https:\/\/primereando.com.ar\/index.php\/wp-json\/wp\/v2\/posts\/126470","targetHints":{"allow":["GET"]}}],"collection":[{"href":"https:\/\/primereando.com.ar\/index.php\/wp-json\/wp\/v2\/posts"}],"about":[{"href":"https:\/\/primereando.com.ar\/index.php\/wp-json\/wp\/v2\/types\/post"}],"author":[{"embeddable":true,"href":"https:\/\/primereando.com.ar\/index.php\/wp-json\/wp\/v2\/users\/8"}],"replies":[{"embeddable":true,"href":"https:\/\/primereando.com.ar\/index.php\/wp-json\/wp\/v2\/comments?post=126470"}],"version-history":[{"count":1,"href":"https:\/\/primereando.com.ar\/index.php\/wp-json\/wp\/v2\/posts\/126470\/revisions"}],"predecessor-version":[{"id":126471,"href":"https:\/\/primereando.com.ar\/index.php\/wp-json\/wp\/v2\/posts\/126470\/revisions\/126471"}],"wp:featuredmedia":[{"embeddable":true,"href":"https:\/\/primereando.com.ar\/index.php\/wp-json\/wp\/v2\/media\/103411"}],"wp:attachment":[{"href":"https:\/\/primereando.com.ar\/index.php\/wp-json\/wp\/v2\/media?parent=126470"}],"wp:term":[{"taxonomy":"category","embeddable":true,"href":"https:\/\/primereando.com.ar\/index.php\/wp-json\/wp\/v2\/categories?post=126470"},{"taxonomy":"post_tag","embeddable":true,"href":"https:\/\/primereando.com.ar\/index.php\/wp-json\/wp\/v2\/tags?post=126470"}],"curies":[{"name":"wp","href":"https:\/\/api.w.org\/{rel}","templated":true}]}}