{"id":126476,"date":"2026-08-31T10:46:49","date_gmt":"2026-08-31T13:46:49","guid":{"rendered":"https:\/\/primereando.com.ar\/?p=126476"},"modified":"2026-08-31T10:46:51","modified_gmt":"2026-08-31T13:46:51","slug":"mujeres-peronistas-se-reunieron-en-catamarca-y-reclamaron-por-la-libertad-de-cristina-kirchner","status":"publish","type":"post","link":"https:\/\/primereando.com.ar\/index.php\/2026\/08\/31\/mujeres-peronistas-se-reunieron-en-catamarca-y-reclamaron-por-la-libertad-de-cristina-kirchner\/126476\/","title":{"rendered":"Mujeres peronistas se reunieron en Catamarca y reclamaron por la libertad de Cristina Kirchner"},"content":{"rendered":"\n<p class=\"wp-block-paragraph\"><strong>M\u00e1s de 1.000 militantes de distintos puntos del pa\u00eds participaron de un encuentro convocado para debatir propuestas frente a la crisis econ\u00f3mica y social. Tambi\u00e9n cuestionaron las pol\u00edticas del gobierno de Javier Milei y advirtieron que la proscripci\u00f3n de la expresidenta afecta la democracia.<\/strong><\/p>\n\n\n\n<p class=\"wp-block-paragraph\">M\u00e1s de 1.000 mujeres peronistas participaron en Valle Viejo, Catamarca, del Encuentro Federal de Mujeres Peronistas, una jornada destinada a debatir propuestas y construir una agenda com\u00fan frente al escenario econ\u00f3mico y social que atraviesa el pa\u00eds.<\/p>\n\n\n\n<p class=\"wp-block-paragraph\">La actividad fue impulsada por la vicepresidenta del Partido Justicialista Nacional y presidenta del PJ Catamarca, Luc\u00eda Corpacci. Durante el encuentro se conformaron mesas de trabajo sobre Inteligencia Artificial, soberan\u00eda econ\u00f3mica, deuda externa, endeudamiento familiar y el retroceso de las pol\u00edticas de g\u00e9nero durante el gobierno de Javier Milei.<\/p>\n\n\n\n<p class=\"wp-block-paragraph\">Uno de los ejes pol\u00edticos de la jornada fue la situaci\u00f3n de <strong>Cristina Kirchner<\/strong>. A pocos d\u00edas de cumplirse el cuarto aniversario del intento de magnicidio contra la expresidenta, las participantes reclamaron nuevamente por su libertad y cuestionaron su proscripci\u00f3n electoral.<\/p>\n\n\n\n<p class=\"wp-block-paragraph\">Desde el encuentro sostuvieron que la imposibilidad de que Cristina Kirchner pueda ser candidata tambi\u00e9n afecta a millones de mujeres peronistas que no pueden elegirla y representa, seg\u00fan plantearon, un l\u00edmite para la democracia.<\/p>\n\n\n\n<h3 class=\"wp-block-heading\">El llamado a reconstruir el peronismo<\/h3>\n\n\n\n<p class=\"wp-block-paragraph\">Corpacci destac\u00f3 la participaci\u00f3n de mujeres provenientes de distintas corrientes del peronismo y plante\u00f3 la necesidad de recuperar espacios de discusi\u00f3n y construcci\u00f3n pol\u00edtica.<\/p>\n\n\n\n<p class=\"wp-block-paragraph\">La dirigente sostuvo que el desaf\u00edo es <strong>\u201creconstruir confianza entre las mujeres del peronismo\u201d<\/strong>, en un contexto en el que, seg\u00fan se\u00f1al\u00f3, la sociedad atraviesa fuertes dificultades.<\/p>\n\n\n\n<p class=\"wp-block-paragraph\">Tambi\u00e9n destac\u00f3 la participaci\u00f3n de distintas generaciones y llam\u00f3 a fortalecer la formaci\u00f3n de nuevos cuadros pol\u00edticos. En ese sentido, remarc\u00f3 la necesidad de que los sectores m\u00e1s j\u00f3venes comiencen a ocupar espacios de responsabilidad y se preparen para asumir futuras funciones de gobierno.<\/p>\n\n\n\n<p class=\"wp-block-paragraph\">Del encuentro participaron dirigentes y militantes de distintos puntos del pa\u00eds, entre ellas Paula Penacca, Teresa Garc\u00eda, Juliana Di Tullio, Luc\u00eda C\u00e1mpora, Cecilia Moreau, Jimena L\u00f3pez, Julia Strada, Florencia L\u00f3pez, Gabriela Pedralli, Magdalena Sierra, Estela D\u00edaz, Kelly Olmos y Estela Neder.<\/p>\n","protected":false},"excerpt":{"rendered":"<p>M\u00e1s de 1.000 militantes de distintos puntos del pa\u00eds participaron de un encuentro convocado para debatir propuestas frente a la crisis econ\u00f3mica y social. Tambi\u00e9n cuestionaron las pol\u00edticas del gobierno de Javier Milei y advirtieron que la proscripci\u00f3n de la expresidenta afecta la democracia. M\u00e1s de 1.000 mujeres peronistas participaron en Valle Viejo, Catamarca, del [&hellip;]<\/p>\n","protected":false},"author":7,"featured_media":126477,"comment_status":"closed","ping_status":"closed","sticky":false,"template":"","format":"standard","meta":{"footnotes":""},"categories":[22],"tags":[],"class_list":["post-126476","post","type-post","status-publish","format-standard","has-post-thumbnail","hentry","category-sociedad"],"yoast_head":"<!-- This site is optimized with the Yoast SEO plugin v28.3 - https:\/\/yoast.com\/product\/yoast-seo-wordpress\/ -->\n<title>Mujeres peronistas se reunieron en Catamarca y reclamaron por la libertad de Cristina Kirchner - Primereando<\/title>\n<meta name=\"robots\" content=\"index, follow, max-snippet:-1, max-image-preview:large, max-video-preview:-1\" \/>\n<link rel=\"canonical\" href=\"https:\/\/primereando.com.ar\/index.php\/2026\/08\/31\/mujeres-peronistas-se-reunieron-en-catamarca-y-reclamaron-por-la-libertad-de-cristina-kirchner\/126476\/\" \/>\n<meta property=\"og:locale\" content=\"es_ES\" \/>\n<meta property=\"og:type\" content=\"article\" \/>\n<meta property=\"og:title\" content=\"Mujeres peronistas se reunieron en Catamarca y reclamaron por la libertad de Cristina Kirchner - Primereando\" \/>\n<meta property=\"og:description\" content=\"M\u00e1s de 1.000 militantes de distintos puntos del pa\u00eds participaron de un encuentro convocado para debatir propuestas frente a la crisis econ\u00f3mica y social. Tambi\u00e9n cuestionaron las pol\u00edticas del gobierno de Javier Milei y advirtieron que la proscripci\u00f3n de la expresidenta afecta la democracia. M\u00e1s de 1.000 mujeres peronistas participaron en Valle Viejo, Catamarca, del [&hellip;]\" \/>\n<meta property=\"og:url\" content=\"https:\/\/primereando.com.ar\/index.php\/2026\/08\/31\/mujeres-peronistas-se-reunieron-en-catamarca-y-reclamaron-por-la-libertad-de-cristina-kirchner\/126476\/\" \/>\n<meta property=\"og:site_name\" content=\"Primereando\" \/>\n<meta property=\"article:published_time\" content=\"2026-08-31T13:46:49+00:00\" \/>\n<meta property=\"article:modified_time\" content=\"2026-08-31T13:46:51+00:00\" \/>\n<meta property=\"og:image\" content=\"https:\/\/primereando.com.ar\/wp-content\/uploads\/2026\/08\/Mujeres-peronistas.jpg\" \/>\n\t<meta property=\"og:image:width\" content=\"1280\" \/>\n\t<meta property=\"og:image:height\" content=\"960\" \/>\n\t<meta property=\"og:image:type\" content=\"image\/jpeg\" \/>\n<meta name=\"author\" content=\"Riso\" \/>\n<meta name=\"twitter:card\" content=\"summary_large_image\" \/>\n<meta name=\"twitter:label1\" content=\"Escrito por\" \/>\n\t<meta name=\"twitter:data1\" content=\"Riso\" \/>\n\t<meta name=\"twitter:label2\" content=\"Tiempo de lectura\" \/>\n\t<meta name=\"twitter:data2\" content=\"2 minutos\" \/>\n<script type=\"application\/ld+json\" class=\"yoast-schema-graph\">{\"@context\":\"https:\\\/\\\/schema.org\",\"@graph\":[{\"@type\":\"Article\",\"@id\":\"https:\\\/\\\/primereando.com.ar\\\/index.php\\\/2026\\\/08\\\/31\\\/mujeres-peronistas-se-reunieron-en-catamarca-y-reclamaron-por-la-libertad-de-cristina-kirchner\\\/126476\\\/#article\",\"isPartOf\":{\"@id\":\"https:\\\/\\\/primereando.com.ar\\\/index.php\\\/2026\\\/08\\\/31\\\/mujeres-peronistas-se-reunieron-en-catamarca-y-reclamaron-por-la-libertad-de-cristina-kirchner\\\/126476\\\/\"},\"author\":{\"name\":\"Riso\",\"@id\":\"https:\\\/\\\/primereando.com.ar\\\/#\\\/schema\\\/person\\\/067c4b82d8a22080e3d78cb85a73986d\"},\"headline\":\"Mujeres peronistas se reunieron en Catamarca y reclamaron por la libertad de Cristina Kirchner\",\"datePublished\":\"2026-08-31T13:46:49+00:00\",\"dateModified\":\"2026-08-31T13:46:51+00:00\",\"mainEntityOfPage\":{\"@id\":\"https:\\\/\\\/primereando.com.ar\\\/index.php\\\/2026\\\/08\\\/31\\\/mujeres-peronistas-se-reunieron-en-catamarca-y-reclamaron-por-la-libertad-de-cristina-kirchner\\\/126476\\\/\"},\"wordCount\":401,\"publisher\":{\"@id\":\"https:\\\/\\\/primereando.com.ar\\\/#organization\"},\"image\":{\"@id\":\"https:\\\/\\\/primereando.com.ar\\\/index.php\\\/2026\\\/08\\\/31\\\/mujeres-peronistas-se-reunieron-en-catamarca-y-reclamaron-por-la-libertad-de-cristina-kirchner\\\/126476\\\/#primaryimage\"},\"thumbnailUrl\":\"https:\\\/\\\/primereando.com.ar\\\/wp-content\\\/uploads\\\/2026\\\/08\\\/Mujeres-peronistas.jpg\",\"articleSection\":[\"Sociedad\"],\"inLanguage\":\"es-AR\"},{\"@type\":\"WebPage\",\"@id\":\"https:\\\/\\\/primereando.com.ar\\\/index.php\\\/2026\\\/08\\\/31\\\/mujeres-peronistas-se-reunieron-en-catamarca-y-reclamaron-por-la-libertad-de-cristina-kirchner\\\/126476\\\/\",\"url\":\"https:\\\/\\\/primereando.com.ar\\\/index.php\\\/2026\\\/08\\\/31\\\/mujeres-peronistas-se-reunieron-en-catamarca-y-reclamaron-por-la-libertad-de-cristina-kirchner\\\/126476\\\/\",\"name\":\"Mujeres peronistas se reunieron en Catamarca y reclamaron por la libertad de Cristina Kirchner - Primereando\",\"isPartOf\":{\"@id\":\"https:\\\/\\\/primereando.com.ar\\\/#website\"},\"primaryImageOfPage\":{\"@id\":\"https:\\\/\\\/primereando.com.ar\\\/index.php\\\/2026\\\/08\\\/31\\\/mujeres-peronistas-se-reunieron-en-catamarca-y-reclamaron-por-la-libertad-de-cristina-kirchner\\\/126476\\\/#primaryimage\"},\"image\":{\"@id\":\"https:\\\/\\\/primereando.com.ar\\\/index.php\\\/2026\\\/08\\\/31\\\/mujeres-peronistas-se-reunieron-en-catamarca-y-reclamaron-por-la-libertad-de-cristina-kirchner\\\/126476\\\/#primaryimage\"},\"thumbnailUrl\":\"https:\\\/\\\/primereando.com.ar\\\/wp-content\\\/uploads\\\/2026\\\/08\\\/Mujeres-peronistas.jpg\",\"datePublished\":\"2026-08-31T13:46:49+00:00\",\"dateModified\":\"2026-08-31T13:46:51+00:00\",\"breadcrumb\":{\"@id\":\"https:\\\/\\\/primereando.com.ar\\\/index.php\\\/2026\\\/08\\\/31\\\/mujeres-peronistas-se-reunieron-en-catamarca-y-reclamaron-por-la-libertad-de-cristina-kirchner\\\/126476\\\/#breadcrumb\"},\"inLanguage\":\"es-AR\",\"potentialAction\":[{\"@type\":\"ReadAction\",\"target\":[\"https:\\\/\\\/primereando.com.ar\\\/index.php\\\/2026\\\/08\\\/31\\\/mujeres-peronistas-se-reunieron-en-catamarca-y-reclamaron-por-la-libertad-de-cristina-kirchner\\\/126476\\\/\"]}]},{\"@type\":\"ImageObject\",\"inLanguage\":\"es-AR\",\"@id\":\"https:\\\/\\\/primereando.com.ar\\\/index.php\\\/2026\\\/08\\\/31\\\/mujeres-peronistas-se-reunieron-en-catamarca-y-reclamaron-por-la-libertad-de-cristina-kirchner\\\/126476\\\/#primaryimage\",\"url\":\"https:\\\/\\\/primereando.com.ar\\\/wp-content\\\/uploads\\\/2026\\\/08\\\/Mujeres-peronistas.jpg\",\"contentUrl\":\"https:\\\/\\\/primereando.com.ar\\\/wp-content\\\/uploads\\\/2026\\\/08\\\/Mujeres-peronistas.jpg\",\"width\":1280,\"height\":960},{\"@type\":\"BreadcrumbList\",\"@id\":\"https:\\\/\\\/primereando.com.ar\\\/index.php\\\/2026\\\/08\\\/31\\\/mujeres-peronistas-se-reunieron-en-catamarca-y-reclamaron-por-la-libertad-de-cristina-kirchner\\\/126476\\\/#breadcrumb\",\"itemListElement\":[{\"@type\":\"ListItem\",\"position\":1,\"name\":\"Inicio\",\"item\":\"https:\\\/\\\/primereando.com.ar\\\/\"},{\"@type\":\"ListItem\",\"position\":2,\"name\":\"Mujeres peronistas se reunieron en Catamarca y reclamaron por la libertad de Cristina Kirchner\"}]},{\"@type\":\"WebSite\",\"@id\":\"https:\\\/\\\/primereando.com.ar\\\/#website\",\"url\":\"https:\\\/\\\/primereando.com.ar\\\/\",\"name\":\"Primereando\",\"description\":\"Portal de noticias de la Provincia de Buenos Aires\",\"publisher\":{\"@id\":\"https:\\\/\\\/primereando.com.ar\\\/#organization\"},\"potentialAction\":[{\"@type\":\"SearchAction\",\"target\":{\"@type\":\"EntryPoint\",\"urlTemplate\":\"https:\\\/\\\/primereando.com.ar\\\/?s={search_term_string}\"},\"query-input\":{\"@type\":\"PropertyValueSpecification\",\"valueRequired\":true,\"valueName\":\"search_term_string\"}}],\"inLanguage\":\"es-AR\"},{\"@type\":\"Organization\",\"@id\":\"https:\\\/\\\/primereando.com.ar\\\/#organization\",\"name\":\"Primereando\",\"url\":\"https:\\\/\\\/primereando.com.ar\\\/\",\"logo\":{\"@type\":\"ImageObject\",\"inLanguage\":\"es-AR\",\"@id\":\"https:\\\/\\\/primereando.com.ar\\\/#\\\/schema\\\/logo\\\/image\\\/\",\"url\":\"https:\\\/\\\/primereando.com.ar\\\/wp-content\\\/uploads\\\/2021\\\/12\\\/primereando-logo.png\",\"contentUrl\":\"https:\\\/\\\/primereando.com.ar\\\/wp-content\\\/uploads\\\/2021\\\/12\\\/primereando-logo.png\",\"width\":360,\"height\":96,\"caption\":\"Primereando\"},\"image\":{\"@id\":\"https:\\\/\\\/primereando.com.ar\\\/#\\\/schema\\\/logo\\\/image\\\/\"}},{\"@type\":\"Person\",\"@id\":\"https:\\\/\\\/primereando.com.ar\\\/#\\\/schema\\\/person\\\/067c4b82d8a22080e3d78cb85a73986d\",\"name\":\"Riso\",\"image\":{\"@type\":\"ImageObject\",\"inLanguage\":\"es-AR\",\"@id\":\"https:\\\/\\\/secure.gravatar.com\\\/avatar\\\/b8a29b1cb80c18109fbc4f4f76150b29d5a28fa492bc41c870351ccfbbabbeef?s=96&d=blank&r=g\",\"url\":\"https:\\\/\\\/secure.gravatar.com\\\/avatar\\\/b8a29b1cb80c18109fbc4f4f76150b29d5a28fa492bc41c870351ccfbbabbeef?s=96&d=blank&r=g\",\"contentUrl\":\"https:\\\/\\\/secure.gravatar.com\\\/avatar\\\/b8a29b1cb80c18109fbc4f4f76150b29d5a28fa492bc41c870351ccfbbabbeef?s=96&d=blank&r=g\",\"caption\":\"Riso\"},\"url\":\"https:\\\/\\\/primereando.com.ar\\\/index.php\\\/author\\\/riso\\\/\"}]}<\/script>\n<!-- \/ Yoast SEO plugin. -->","yoast_head_json":{"title":"Mujeres peronistas se reunieron en Catamarca y reclamaron por la libertad de Cristina Kirchner - Primereando","robots":{"index":"index","follow":"follow","max-snippet":"max-snippet:-1","max-image-preview":"max-image-preview:large","max-video-preview":"max-video-preview:-1"},"canonical":"https:\/\/primereando.com.ar\/index.php\/2026\/08\/31\/mujeres-peronistas-se-reunieron-en-catamarca-y-reclamaron-por-la-libertad-de-cristina-kirchner\/126476\/","og_locale":"es_ES","og_type":"article","og_title":"Mujeres peronistas se reunieron en Catamarca y reclamaron por la libertad de Cristina Kirchner - Primereando","og_description":"M\u00e1s de 1.000 militantes de distintos puntos del pa\u00eds participaron de un encuentro convocado para debatir propuestas frente a la crisis econ\u00f3mica y social. Tambi\u00e9n cuestionaron las pol\u00edticas del gobierno de Javier Milei y advirtieron que la proscripci\u00f3n de la expresidenta afecta la democracia. M\u00e1s de 1.000 mujeres peronistas participaron en Valle Viejo, Catamarca, del [&hellip;]","og_url":"https:\/\/primereando.com.ar\/index.php\/2026\/08\/31\/mujeres-peronistas-se-reunieron-en-catamarca-y-reclamaron-por-la-libertad-de-cristina-kirchner\/126476\/","og_site_name":"Primereando","article_published_time":"2026-08-31T13:46:49+00:00","article_modified_time":"2026-08-31T13:46:51+00:00","og_image":[{"width":1280,"height":960,"url":"https:\/\/primereando.com.ar\/wp-content\/uploads\/2026\/08\/Mujeres-peronistas.jpg","type":"image\/jpeg"}],"author":"Riso","twitter_card":"summary_large_image","twitter_misc":{"Escrito por":"Riso","Tiempo de lectura":"2 minutos"},"schema":{"@context":"https:\/\/schema.org","@graph":[{"@type":"Article","@id":"https:\/\/primereando.com.ar\/index.php\/2026\/08\/31\/mujeres-peronistas-se-reunieron-en-catamarca-y-reclamaron-por-la-libertad-de-cristina-kirchner\/126476\/#article","isPartOf":{"@id":"https:\/\/primereando.com.ar\/index.php\/2026\/08\/31\/mujeres-peronistas-se-reunieron-en-catamarca-y-reclamaron-por-la-libertad-de-cristina-kirchner\/126476\/"},"author":{"name":"Riso","@id":"https:\/\/primereando.com.ar\/#\/schema\/person\/067c4b82d8a22080e3d78cb85a73986d"},"headline":"Mujeres peronistas se reunieron en Catamarca y reclamaron por la libertad de Cristina Kirchner","datePublished":"2026-08-31T13:46:49+00:00","dateModified":"2026-08-31T13:46:51+00:00","mainEntityOfPage":{"@id":"https:\/\/primereando.com.ar\/index.php\/2026\/08\/31\/mujeres-peronistas-se-reunieron-en-catamarca-y-reclamaron-por-la-libertad-de-cristina-kirchner\/126476\/"},"wordCount":401,"publisher":{"@id":"https:\/\/primereando.com.ar\/#organization"},"image":{"@id":"https:\/\/primereando.com.ar\/index.php\/2026\/08\/31\/mujeres-peronistas-se-reunieron-en-catamarca-y-reclamaron-por-la-libertad-de-cristina-kirchner\/126476\/#primaryimage"},"thumbnailUrl":"https:\/\/primereando.com.ar\/wp-content\/uploads\/2026\/08\/Mujeres-peronistas.jpg","articleSection":["Sociedad"],"inLanguage":"es-AR"},{"@type":"WebPage","@id":"https:\/\/primereando.com.ar\/index.php\/2026\/08\/31\/mujeres-peronistas-se-reunieron-en-catamarca-y-reclamaron-por-la-libertad-de-cristina-kirchner\/126476\/","url":"https:\/\/primereando.com.ar\/index.php\/2026\/08\/31\/mujeres-peronistas-se-reunieron-en-catamarca-y-reclamaron-por-la-libertad-de-cristina-kirchner\/126476\/","name":"Mujeres peronistas se reunieron en Catamarca y reclamaron por la libertad de Cristina Kirchner - Primereando","isPartOf":{"@id":"https:\/\/primereando.com.ar\/#website"},"primaryImageOfPage":{"@id":"https:\/\/primereando.com.ar\/index.php\/2026\/08\/31\/mujeres-peronistas-se-reunieron-en-catamarca-y-reclamaron-por-la-libertad-de-cristina-kirchner\/126476\/#primaryimage"},"image":{"@id":"https:\/\/primereando.com.ar\/index.php\/2026\/08\/31\/mujeres-peronistas-se-reunieron-en-catamarca-y-reclamaron-por-la-libertad-de-cristina-kirchner\/126476\/#primaryimage"},"thumbnailUrl":"https:\/\/primereando.com.ar\/wp-content\/uploads\/2026\/08\/Mujeres-peronistas.jpg","datePublished":"2026-08-31T13:46:49+00:00","dateModified":"2026-08-31T13:46:51+00:00","breadcrumb":{"@id":"https:\/\/primereando.com.ar\/index.php\/2026\/08\/31\/mujeres-peronistas-se-reunieron-en-catamarca-y-reclamaron-por-la-libertad-de-cristina-kirchner\/126476\/#breadcrumb"},"inLanguage":"es-AR","potentialAction":[{"@type":"ReadAction","target":["https:\/\/primereando.com.ar\/index.php\/2026\/08\/31\/mujeres-peronistas-se-reunieron-en-catamarca-y-reclamaron-por-la-libertad-de-cristina-kirchner\/126476\/"]}]},{"@type":"ImageObject","inLanguage":"es-AR","@id":"https:\/\/primereando.com.ar\/index.php\/2026\/08\/31\/mujeres-peronistas-se-reunieron-en-catamarca-y-reclamaron-por-la-libertad-de-cristina-kirchner\/126476\/#primaryimage","url":"https:\/\/primereando.com.ar\/wp-content\/uploads\/2026\/08\/Mujeres-peronistas.jpg","contentUrl":"https:\/\/primereando.com.ar\/wp-content\/uploads\/2026\/08\/Mujeres-peronistas.jpg","width":1280,"height":960},{"@type":"BreadcrumbList","@id":"https:\/\/primereando.com.ar\/index.php\/2026\/08\/31\/mujeres-peronistas-se-reunieron-en-catamarca-y-reclamaron-por-la-libertad-de-cristina-kirchner\/126476\/#breadcrumb","itemListElement":[{"@type":"ListItem","position":1,"name":"Inicio","item":"https:\/\/primereando.com.ar\/"},{"@type":"ListItem","position":2,"name":"Mujeres peronistas se reunieron en Catamarca y reclamaron por la libertad de Cristina Kirchner"}]},{"@type":"WebSite","@id":"https:\/\/primereando.com.ar\/#website","url":"https:\/\/primereando.com.ar\/","name":"Primereando","description":"Portal de noticias de la Provincia de Buenos Aires","publisher":{"@id":"https:\/\/primereando.com.ar\/#organization"},"potentialAction":[{"@type":"SearchAction","target":{"@type":"EntryPoint","urlTemplate":"https:\/\/primereando.com.ar\/?s={search_term_string}"},"query-input":{"@type":"PropertyValueSpecification","valueRequired":true,"valueName":"search_term_string"}}],"inLanguage":"es-AR"},{"@type":"Organization","@id":"https:\/\/primereando.com.ar\/#organization","name":"Primereando","url":"https:\/\/primereando.com.ar\/","logo":{"@type":"ImageObject","inLanguage":"es-AR","@id":"https:\/\/primereando.com.ar\/#\/schema\/logo\/image\/","url":"https:\/\/primereando.com.ar\/wp-content\/uploads\/2021\/12\/primereando-logo.png","contentUrl":"https:\/\/primereando.com.ar\/wp-content\/uploads\/2021\/12\/primereando-logo.png","width":360,"height":96,"caption":"Primereando"},"image":{"@id":"https:\/\/primereando.com.ar\/#\/schema\/logo\/image\/"}},{"@type":"Person","@id":"https:\/\/primereando.com.ar\/#\/schema\/person\/067c4b82d8a22080e3d78cb85a73986d","name":"Riso","image":{"@type":"ImageObject","inLanguage":"es-AR","@id":"https:\/\/secure.gravatar.com\/avatar\/b8a29b1cb80c18109fbc4f4f76150b29d5a28fa492bc41c870351ccfbbabbeef?s=96&d=blank&r=g","url":"https:\/\/secure.gravatar.com\/avatar\/b8a29b1cb80c18109fbc4f4f76150b29d5a28fa492bc41c870351ccfbbabbeef?s=96&d=blank&r=g","contentUrl":"https:\/\/secure.gravatar.com\/avatar\/b8a29b1cb80c18109fbc4f4f76150b29d5a28fa492bc41c870351ccfbbabbeef?s=96&d=blank&r=g","caption":"Riso"},"url":"https:\/\/primereando.com.ar\/index.php\/author\/riso\/"}]}},"_links":{"self":[{"href":"https:\/\/primereando.com.ar\/index.php\/wp-json\/wp\/v2\/posts\/126476","targetHints":{"allow":["GET"]}}],"collection":[{"href":"https:\/\/primereando.com.ar\/index.php\/wp-json\/wp\/v2\/posts"}],"about":[{"href":"https:\/\/primereando.com.ar\/index.php\/wp-json\/wp\/v2\/types\/post"}],"author":[{"embeddable":true,"href":"https:\/\/primereando.com.ar\/index.php\/wp-json\/wp\/v2\/users\/7"}],"replies":[{"embeddable":true,"href":"https:\/\/primereando.com.ar\/index.php\/wp-json\/wp\/v2\/comments?post=126476"}],"version-history":[{"count":1,"href":"https:\/\/primereando.com.ar\/index.php\/wp-json\/wp\/v2\/posts\/126476\/revisions"}],"predecessor-version":[{"id":126478,"href":"https:\/\/primereando.com.ar\/index.php\/wp-json\/wp\/v2\/posts\/126476\/revisions\/126478"}],"wp:featuredmedia":[{"embeddable":true,"href":"https:\/\/primereando.com.ar\/index.php\/wp-json\/wp\/v2\/media\/126477"}],"wp:attachment":[{"href":"https:\/\/primereando.com.ar\/index.php\/wp-json\/wp\/v2\/media?parent=126476"}],"wp:term":[{"taxonomy":"category","embeddable":true,"href":"https:\/\/primereando.com.ar\/index.php\/wp-json\/wp\/v2\/categories?post=126476"},{"taxonomy":"post_tag","embeddable":true,"href":"https:\/\/primereando.com.ar\/index.php\/wp-json\/wp\/v2\/tags?post=126476"}],"curies":[{"name":"wp","href":"https:\/\/api.w.org\/{rel}","templated":true}]}}