{"id":126479,"date":"2026-08-31T12:23:12","date_gmt":"2026-08-31T15:23:12","guid":{"rendered":"https:\/\/primereando.com.ar\/?p=126479"},"modified":"2026-08-31T13:31:47","modified_gmt":"2026-08-31T16:31:47","slug":"con-una-emotiva-carta-messi-se-retiro-de-la-seleccion","status":"publish","type":"post","link":"https:\/\/primereando.com.ar\/index.php\/2026\/08\/31\/con-una-emotiva-carta-messi-se-retiro-de-la-seleccion\/126479\/","title":{"rendered":"Con una emotiva carta, Messi se retir\u00f3 de la Selecci\u00f3n"},"content":{"rendered":"\n<h2 class=\"wp-block-heading\">El crack mundial Lionel Messi anunci\u00f3 en sus redes sociales, mediante una emotiva carta, que decidi\u00f3 retirarse de la selecci\u00f3n argentina luego de m\u00e1s de 20 a\u00f1os y habiendo logrado t\u00edtulos muy trascendentes como una copa del Mundo, un Juego Ol\u00edmpico y dos copas Am\u00e9rica, entre otros reconocimiento. El adi\u00f3s a un grande. <\/h2>\n\n\n\n<p class=\"wp-block-paragraph\">La carta completa de Messi: <\/p>\n\n\n\n<p class=\"wp-block-paragraph\">&#8220;Despu\u00e9s de este tiempo que pas\u00f3 desde la final, pens\u00e1ndolo mucho, quiero comunicarles a todos que me retiro de la Selecci\u00f3n\u2026<\/p>\n\n\n\n<p class=\"wp-block-paragraph\">Fue una decisi\u00f3n que doli\u00f3 y duele en el alma pero entiendo que es el momento. Les juro que siempre dej\u00e9 todo, no solo los \u00faltimos a\u00f1os que se gan\u00f3 todo antes tambi\u00e9n y siempre pele\u00e9 y me dej\u00e9 todo por esta camiseta, por darles alegr\u00edas y hacer que se sientan orgullosos de ser argentinos a trav\u00e9s del f\u00fatbol.<\/p>\n\n\n\n<p class=\"wp-block-paragraph\">Queda poco y se van cerrando etapas y esta es una que me duele mucho. Amo, am\u00e9 y amar\u00e9 siempre estar en la Selecci\u00f3n. Me vaci\u00e9, ya no tengo m\u00e1s para dar y aparte vienen chicos muy grandes atr\u00e1s que merecen estar.<\/p>\n\n\n\n<p class=\"wp-block-paragraph\">Gracias por todo el cari\u00f1o de estos 20 a\u00f1os. Voy a extra\u00f1ar mucho escucharlos desde adentro. Ahora voy a ser uno m\u00e1s de ustedes, alentando y bancando siempre desde afuera (en las buenas y en las malas, mucho m\u00e1s).<\/p>\n\n\n\n<figure class=\"wp-block-image size-full\"><img loading=\"lazy\" decoding=\"async\" width=\"992\" height=\"724\" src=\"https:\/\/primereando.com.ar\/wp-content\/uploads\/2026\/08\/image-18.png\" alt=\"\" class=\"wp-image-126486\" srcset=\"https:\/\/primereando.com.ar\/wp-content\/uploads\/2026\/08\/image-18.png 992w, https:\/\/primereando.com.ar\/wp-content\/uploads\/2026\/08\/image-18-300x219.png 300w, https:\/\/primereando.com.ar\/wp-content\/uploads\/2026\/08\/image-18-768x561.png 768w\" sizes=\"auto, (max-width: 992px) 100vw, 992px\" \/><\/figure>\n\n\n\n<p class=\"wp-block-paragraph\">Gracias a mi familia por estar siempre, por acompa\u00f1arme en este viaje tan hermoso pero dif\u00edcil. Gracias a cada uno de entrenadores, compa\u00f1eros y dirigentes que me toc\u00f3 compartir. Me llevo recuerdos y momentos inolvidables vividos.<\/p>\n\n\n\n<p class=\"wp-block-paragraph\">Me voy con la tranquilidad y el orgullo de haberles regalado, juntos con mis compa\u00f1eros, momentos so\u00f1ados. Fue una locura haberlo vivido con ustedes. \u00a1Los quiero!<\/p>\n\n\n\n<p class=\"wp-block-paragraph\">Gracias Dios por hacerme argentino.<\/p>\n\n\n\n<p class=\"wp-block-paragraph\">\u00a1Vamos Argentina!<\/p>\n\n\n\n<p class=\"wp-block-paragraph\">*Estas palabras las escrib\u00ed el 21 de julio, dos d\u00edas despu\u00e9s de la final. Hoy despu\u00e9s de l de mi pap\u00e1, estoy m\u00e1s convencido que antes&#8221;<\/p>\n\n\n\n<p class=\"wp-block-paragraph\"><\/p>\n","protected":false},"excerpt":{"rendered":"<p>El crack mundial Lionel Messi anunci\u00f3 en sus redes sociales, mediante una emotiva carta, que decidi\u00f3 retirarse de la selecci\u00f3n argentina luego de m\u00e1s de 20 a\u00f1os y habiendo logrado t\u00edtulos muy trascendentes como una copa del Mundo, un Juego Ol\u00edmpico y dos copas Am\u00e9rica, entre otros reconocimiento. El adi\u00f3s a un grande. La carta [&hellip;]<\/p>\n","protected":false},"author":4,"featured_media":101005,"comment_status":"closed","ping_status":"closed","sticky":false,"template":"","format":"standard","meta":{"footnotes":""},"categories":[22],"tags":[],"class_list":["post-126479","post","type-post","status-publish","format-standard","has-post-thumbnail","hentry","category-sociedad"],"yoast_head":"<!-- This site is optimized with the Yoast SEO plugin v28.3 - https:\/\/yoast.com\/product\/yoast-seo-wordpress\/ -->\n<title>Con una emotiva carta, Messi se retir\u00f3 de la Selecci\u00f3n - Primereando<\/title>\n<meta name=\"robots\" content=\"index, follow, max-snippet:-1, max-image-preview:large, max-video-preview:-1\" \/>\n<link rel=\"canonical\" href=\"https:\/\/primereando.com.ar\/index.php\/2026\/08\/31\/con-una-emotiva-carta-messi-se-retiro-de-la-seleccion\/126479\/\" \/>\n<meta property=\"og:locale\" content=\"es_ES\" \/>\n<meta property=\"og:type\" content=\"article\" \/>\n<meta property=\"og:title\" content=\"Con una emotiva carta, Messi se retir\u00f3 de la Selecci\u00f3n - Primereando\" \/>\n<meta property=\"og:description\" content=\"El crack mundial Lionel Messi anunci\u00f3 en sus redes sociales, mediante una emotiva carta, que decidi\u00f3 retirarse de la selecci\u00f3n argentina luego de m\u00e1s de 20 a\u00f1os y habiendo logrado t\u00edtulos muy trascendentes como una copa del Mundo, un Juego Ol\u00edmpico y dos copas Am\u00e9rica, entre otros reconocimiento. El adi\u00f3s a un grande. La carta [&hellip;]\" \/>\n<meta property=\"og:url\" content=\"https:\/\/primereando.com.ar\/index.php\/2026\/08\/31\/con-una-emotiva-carta-messi-se-retiro-de-la-seleccion\/126479\/\" \/>\n<meta property=\"og:site_name\" content=\"Primereando\" \/>\n<meta property=\"article:published_time\" content=\"2026-08-31T15:23:12+00:00\" \/>\n<meta property=\"article:modified_time\" content=\"2026-08-31T16:31:47+00:00\" \/>\n<meta property=\"og:image\" content=\"https:\/\/primereando.com.ar\/wp-content\/uploads\/2023\/10\/Messi-Mundial-scaled.webp\" \/>\n\t<meta property=\"og:image:width\" content=\"2560\" \/>\n\t<meta property=\"og:image:height\" content=\"1440\" \/>\n\t<meta property=\"og:image:type\" content=\"image\/webp\" \/>\n<meta name=\"author\" content=\"Quique\" \/>\n<meta name=\"twitter:card\" content=\"summary_large_image\" \/>\n<meta name=\"twitter:label1\" content=\"Escrito por\" \/>\n\t<meta name=\"twitter:data1\" content=\"Quique\" \/>\n\t<meta name=\"twitter:label2\" content=\"Tiempo de lectura\" \/>\n\t<meta name=\"twitter:data2\" content=\"2 minutos\" \/>\n<script type=\"application\/ld+json\" class=\"yoast-schema-graph\">{\"@context\":\"https:\\\/\\\/schema.org\",\"@graph\":[{\"@type\":\"Article\",\"@id\":\"https:\\\/\\\/primereando.com.ar\\\/index.php\\\/2026\\\/08\\\/31\\\/con-una-emotiva-carta-messi-se-retiro-de-la-seleccion\\\/126479\\\/#article\",\"isPartOf\":{\"@id\":\"https:\\\/\\\/primereando.com.ar\\\/index.php\\\/2026\\\/08\\\/31\\\/con-una-emotiva-carta-messi-se-retiro-de-la-seleccion\\\/126479\\\/\"},\"author\":{\"name\":\"Quique\",\"@id\":\"https:\\\/\\\/primereando.com.ar\\\/#\\\/schema\\\/person\\\/4e63931e01f10f9b83b868233258d3d3\"},\"headline\":\"Con una emotiva carta, Messi se retir\u00f3 de la Selecci\u00f3n\",\"datePublished\":\"2026-08-31T15:23:12+00:00\",\"dateModified\":\"2026-08-31T16:31:47+00:00\",\"mainEntityOfPage\":{\"@id\":\"https:\\\/\\\/primereando.com.ar\\\/index.php\\\/2026\\\/08\\\/31\\\/con-una-emotiva-carta-messi-se-retiro-de-la-seleccion\\\/126479\\\/\"},\"wordCount\":355,\"publisher\":{\"@id\":\"https:\\\/\\\/primereando.com.ar\\\/#organization\"},\"image\":{\"@id\":\"https:\\\/\\\/primereando.com.ar\\\/index.php\\\/2026\\\/08\\\/31\\\/con-una-emotiva-carta-messi-se-retiro-de-la-seleccion\\\/126479\\\/#primaryimage\"},\"thumbnailUrl\":\"https:\\\/\\\/primereando.com.ar\\\/wp-content\\\/uploads\\\/2023\\\/10\\\/Messi-Mundial-scaled.webp\",\"articleSection\":[\"Sociedad\"],\"inLanguage\":\"es-AR\"},{\"@type\":\"WebPage\",\"@id\":\"https:\\\/\\\/primereando.com.ar\\\/index.php\\\/2026\\\/08\\\/31\\\/con-una-emotiva-carta-messi-se-retiro-de-la-seleccion\\\/126479\\\/\",\"url\":\"https:\\\/\\\/primereando.com.ar\\\/index.php\\\/2026\\\/08\\\/31\\\/con-una-emotiva-carta-messi-se-retiro-de-la-seleccion\\\/126479\\\/\",\"name\":\"Con una emotiva carta, Messi se retir\u00f3 de la Selecci\u00f3n - Primereando\",\"isPartOf\":{\"@id\":\"https:\\\/\\\/primereando.com.ar\\\/#website\"},\"primaryImageOfPage\":{\"@id\":\"https:\\\/\\\/primereando.com.ar\\\/index.php\\\/2026\\\/08\\\/31\\\/con-una-emotiva-carta-messi-se-retiro-de-la-seleccion\\\/126479\\\/#primaryimage\"},\"image\":{\"@id\":\"https:\\\/\\\/primereando.com.ar\\\/index.php\\\/2026\\\/08\\\/31\\\/con-una-emotiva-carta-messi-se-retiro-de-la-seleccion\\\/126479\\\/#primaryimage\"},\"thumbnailUrl\":\"https:\\\/\\\/primereando.com.ar\\\/wp-content\\\/uploads\\\/2023\\\/10\\\/Messi-Mundial-scaled.webp\",\"datePublished\":\"2026-08-31T15:23:12+00:00\",\"dateModified\":\"2026-08-31T16:31:47+00:00\",\"breadcrumb\":{\"@id\":\"https:\\\/\\\/primereando.com.ar\\\/index.php\\\/2026\\\/08\\\/31\\\/con-una-emotiva-carta-messi-se-retiro-de-la-seleccion\\\/126479\\\/#breadcrumb\"},\"inLanguage\":\"es-AR\",\"potentialAction\":[{\"@type\":\"ReadAction\",\"target\":[\"https:\\\/\\\/primereando.com.ar\\\/index.php\\\/2026\\\/08\\\/31\\\/con-una-emotiva-carta-messi-se-retiro-de-la-seleccion\\\/126479\\\/\"]}]},{\"@type\":\"ImageObject\",\"inLanguage\":\"es-AR\",\"@id\":\"https:\\\/\\\/primereando.com.ar\\\/index.php\\\/2026\\\/08\\\/31\\\/con-una-emotiva-carta-messi-se-retiro-de-la-seleccion\\\/126479\\\/#primaryimage\",\"url\":\"https:\\\/\\\/primereando.com.ar\\\/wp-content\\\/uploads\\\/2023\\\/10\\\/Messi-Mundial-scaled.webp\",\"contentUrl\":\"https:\\\/\\\/primereando.com.ar\\\/wp-content\\\/uploads\\\/2023\\\/10\\\/Messi-Mundial-scaled.webp\",\"width\":2560,\"height\":1440},{\"@type\":\"BreadcrumbList\",\"@id\":\"https:\\\/\\\/primereando.com.ar\\\/index.php\\\/2026\\\/08\\\/31\\\/con-una-emotiva-carta-messi-se-retiro-de-la-seleccion\\\/126479\\\/#breadcrumb\",\"itemListElement\":[{\"@type\":\"ListItem\",\"position\":1,\"name\":\"Inicio\",\"item\":\"https:\\\/\\\/primereando.com.ar\\\/\"},{\"@type\":\"ListItem\",\"position\":2,\"name\":\"Con una emotiva carta, Messi se retir\u00f3 de la Selecci\u00f3n\"}]},{\"@type\":\"WebSite\",\"@id\":\"https:\\\/\\\/primereando.com.ar\\\/#website\",\"url\":\"https:\\\/\\\/primereando.com.ar\\\/\",\"name\":\"Primereando\",\"description\":\"Portal de noticias de la Provincia de Buenos Aires\",\"publisher\":{\"@id\":\"https:\\\/\\\/primereando.com.ar\\\/#organization\"},\"potentialAction\":[{\"@type\":\"SearchAction\",\"target\":{\"@type\":\"EntryPoint\",\"urlTemplate\":\"https:\\\/\\\/primereando.com.ar\\\/?s={search_term_string}\"},\"query-input\":{\"@type\":\"PropertyValueSpecification\",\"valueRequired\":true,\"valueName\":\"search_term_string\"}}],\"inLanguage\":\"es-AR\"},{\"@type\":\"Organization\",\"@id\":\"https:\\\/\\\/primereando.com.ar\\\/#organization\",\"name\":\"Primereando\",\"url\":\"https:\\\/\\\/primereando.com.ar\\\/\",\"logo\":{\"@type\":\"ImageObject\",\"inLanguage\":\"es-AR\",\"@id\":\"https:\\\/\\\/primereando.com.ar\\\/#\\\/schema\\\/logo\\\/image\\\/\",\"url\":\"https:\\\/\\\/primereando.com.ar\\\/wp-content\\\/uploads\\\/2021\\\/12\\\/primereando-logo.png\",\"contentUrl\":\"https:\\\/\\\/primereando.com.ar\\\/wp-content\\\/uploads\\\/2021\\\/12\\\/primereando-logo.png\",\"width\":360,\"height\":96,\"caption\":\"Primereando\"},\"image\":{\"@id\":\"https:\\\/\\\/primereando.com.ar\\\/#\\\/schema\\\/logo\\\/image\\\/\"}},{\"@type\":\"Person\",\"@id\":\"https:\\\/\\\/primereando.com.ar\\\/#\\\/schema\\\/person\\\/4e63931e01f10f9b83b868233258d3d3\",\"name\":\"Quique\",\"image\":{\"@type\":\"ImageObject\",\"inLanguage\":\"es-AR\",\"@id\":\"https:\\\/\\\/secure.gravatar.com\\\/avatar\\\/b59b9a051963473b9167e1994f9d9bceb0bfcf81b12fa216e38bdbf315e58be9?s=96&d=blank&r=g\",\"url\":\"https:\\\/\\\/secure.gravatar.com\\\/avatar\\\/b59b9a051963473b9167e1994f9d9bceb0bfcf81b12fa216e38bdbf315e58be9?s=96&d=blank&r=g\",\"contentUrl\":\"https:\\\/\\\/secure.gravatar.com\\\/avatar\\\/b59b9a051963473b9167e1994f9d9bceb0bfcf81b12fa216e38bdbf315e58be9?s=96&d=blank&r=g\",\"caption\":\"Quique\"},\"url\":\"https:\\\/\\\/primereando.com.ar\\\/index.php\\\/author\\\/quique\\\/\"}]}<\/script>\n<!-- \/ Yoast SEO plugin. -->","yoast_head_json":{"title":"Con una emotiva carta, Messi se retir\u00f3 de la Selecci\u00f3n - Primereando","robots":{"index":"index","follow":"follow","max-snippet":"max-snippet:-1","max-image-preview":"max-image-preview:large","max-video-preview":"max-video-preview:-1"},"canonical":"https:\/\/primereando.com.ar\/index.php\/2026\/08\/31\/con-una-emotiva-carta-messi-se-retiro-de-la-seleccion\/126479\/","og_locale":"es_ES","og_type":"article","og_title":"Con una emotiva carta, Messi se retir\u00f3 de la Selecci\u00f3n - Primereando","og_description":"El crack mundial Lionel Messi anunci\u00f3 en sus redes sociales, mediante una emotiva carta, que decidi\u00f3 retirarse de la selecci\u00f3n argentina luego de m\u00e1s de 20 a\u00f1os y habiendo logrado t\u00edtulos muy trascendentes como una copa del Mundo, un Juego Ol\u00edmpico y dos copas Am\u00e9rica, entre otros reconocimiento. El adi\u00f3s a un grande. La carta [&hellip;]","og_url":"https:\/\/primereando.com.ar\/index.php\/2026\/08\/31\/con-una-emotiva-carta-messi-se-retiro-de-la-seleccion\/126479\/","og_site_name":"Primereando","article_published_time":"2026-08-31T15:23:12+00:00","article_modified_time":"2026-08-31T16:31:47+00:00","og_image":[{"width":2560,"height":1440,"url":"https:\/\/primereando.com.ar\/wp-content\/uploads\/2023\/10\/Messi-Mundial-scaled.webp","type":"image\/webp"}],"author":"Quique","twitter_card":"summary_large_image","twitter_misc":{"Escrito por":"Quique","Tiempo de lectura":"2 minutos"},"schema":{"@context":"https:\/\/schema.org","@graph":[{"@type":"Article","@id":"https:\/\/primereando.com.ar\/index.php\/2026\/08\/31\/con-una-emotiva-carta-messi-se-retiro-de-la-seleccion\/126479\/#article","isPartOf":{"@id":"https:\/\/primereando.com.ar\/index.php\/2026\/08\/31\/con-una-emotiva-carta-messi-se-retiro-de-la-seleccion\/126479\/"},"author":{"name":"Quique","@id":"https:\/\/primereando.com.ar\/#\/schema\/person\/4e63931e01f10f9b83b868233258d3d3"},"headline":"Con una emotiva carta, Messi se retir\u00f3 de la Selecci\u00f3n","datePublished":"2026-08-31T15:23:12+00:00","dateModified":"2026-08-31T16:31:47+00:00","mainEntityOfPage":{"@id":"https:\/\/primereando.com.ar\/index.php\/2026\/08\/31\/con-una-emotiva-carta-messi-se-retiro-de-la-seleccion\/126479\/"},"wordCount":355,"publisher":{"@id":"https:\/\/primereando.com.ar\/#organization"},"image":{"@id":"https:\/\/primereando.com.ar\/index.php\/2026\/08\/31\/con-una-emotiva-carta-messi-se-retiro-de-la-seleccion\/126479\/#primaryimage"},"thumbnailUrl":"https:\/\/primereando.com.ar\/wp-content\/uploads\/2023\/10\/Messi-Mundial-scaled.webp","articleSection":["Sociedad"],"inLanguage":"es-AR"},{"@type":"WebPage","@id":"https:\/\/primereando.com.ar\/index.php\/2026\/08\/31\/con-una-emotiva-carta-messi-se-retiro-de-la-seleccion\/126479\/","url":"https:\/\/primereando.com.ar\/index.php\/2026\/08\/31\/con-una-emotiva-carta-messi-se-retiro-de-la-seleccion\/126479\/","name":"Con una emotiva carta, Messi se retir\u00f3 de la Selecci\u00f3n - Primereando","isPartOf":{"@id":"https:\/\/primereando.com.ar\/#website"},"primaryImageOfPage":{"@id":"https:\/\/primereando.com.ar\/index.php\/2026\/08\/31\/con-una-emotiva-carta-messi-se-retiro-de-la-seleccion\/126479\/#primaryimage"},"image":{"@id":"https:\/\/primereando.com.ar\/index.php\/2026\/08\/31\/con-una-emotiva-carta-messi-se-retiro-de-la-seleccion\/126479\/#primaryimage"},"thumbnailUrl":"https:\/\/primereando.com.ar\/wp-content\/uploads\/2023\/10\/Messi-Mundial-scaled.webp","datePublished":"2026-08-31T15:23:12+00:00","dateModified":"2026-08-31T16:31:47+00:00","breadcrumb":{"@id":"https:\/\/primereando.com.ar\/index.php\/2026\/08\/31\/con-una-emotiva-carta-messi-se-retiro-de-la-seleccion\/126479\/#breadcrumb"},"inLanguage":"es-AR","potentialAction":[{"@type":"ReadAction","target":["https:\/\/primereando.com.ar\/index.php\/2026\/08\/31\/con-una-emotiva-carta-messi-se-retiro-de-la-seleccion\/126479\/"]}]},{"@type":"ImageObject","inLanguage":"es-AR","@id":"https:\/\/primereando.com.ar\/index.php\/2026\/08\/31\/con-una-emotiva-carta-messi-se-retiro-de-la-seleccion\/126479\/#primaryimage","url":"https:\/\/primereando.com.ar\/wp-content\/uploads\/2023\/10\/Messi-Mundial-scaled.webp","contentUrl":"https:\/\/primereando.com.ar\/wp-content\/uploads\/2023\/10\/Messi-Mundial-scaled.webp","width":2560,"height":1440},{"@type":"BreadcrumbList","@id":"https:\/\/primereando.com.ar\/index.php\/2026\/08\/31\/con-una-emotiva-carta-messi-se-retiro-de-la-seleccion\/126479\/#breadcrumb","itemListElement":[{"@type":"ListItem","position":1,"name":"Inicio","item":"https:\/\/primereando.com.ar\/"},{"@type":"ListItem","position":2,"name":"Con una emotiva carta, Messi se retir\u00f3 de la Selecci\u00f3n"}]},{"@type":"WebSite","@id":"https:\/\/primereando.com.ar\/#website","url":"https:\/\/primereando.com.ar\/","name":"Primereando","description":"Portal de noticias de la Provincia de Buenos Aires","publisher":{"@id":"https:\/\/primereando.com.ar\/#organization"},"potentialAction":[{"@type":"SearchAction","target":{"@type":"EntryPoint","urlTemplate":"https:\/\/primereando.com.ar\/?s={search_term_string}"},"query-input":{"@type":"PropertyValueSpecification","valueRequired":true,"valueName":"search_term_string"}}],"inLanguage":"es-AR"},{"@type":"Organization","@id":"https:\/\/primereando.com.ar\/#organization","name":"Primereando","url":"https:\/\/primereando.com.ar\/","logo":{"@type":"ImageObject","inLanguage":"es-AR","@id":"https:\/\/primereando.com.ar\/#\/schema\/logo\/image\/","url":"https:\/\/primereando.com.ar\/wp-content\/uploads\/2021\/12\/primereando-logo.png","contentUrl":"https:\/\/primereando.com.ar\/wp-content\/uploads\/2021\/12\/primereando-logo.png","width":360,"height":96,"caption":"Primereando"},"image":{"@id":"https:\/\/primereando.com.ar\/#\/schema\/logo\/image\/"}},{"@type":"Person","@id":"https:\/\/primereando.com.ar\/#\/schema\/person\/4e63931e01f10f9b83b868233258d3d3","name":"Quique","image":{"@type":"ImageObject","inLanguage":"es-AR","@id":"https:\/\/secure.gravatar.com\/avatar\/b59b9a051963473b9167e1994f9d9bceb0bfcf81b12fa216e38bdbf315e58be9?s=96&d=blank&r=g","url":"https:\/\/secure.gravatar.com\/avatar\/b59b9a051963473b9167e1994f9d9bceb0bfcf81b12fa216e38bdbf315e58be9?s=96&d=blank&r=g","contentUrl":"https:\/\/secure.gravatar.com\/avatar\/b59b9a051963473b9167e1994f9d9bceb0bfcf81b12fa216e38bdbf315e58be9?s=96&d=blank&r=g","caption":"Quique"},"url":"https:\/\/primereando.com.ar\/index.php\/author\/quique\/"}]}},"_links":{"self":[{"href":"https:\/\/primereando.com.ar\/index.php\/wp-json\/wp\/v2\/posts\/126479","targetHints":{"allow":["GET"]}}],"collection":[{"href":"https:\/\/primereando.com.ar\/index.php\/wp-json\/wp\/v2\/posts"}],"about":[{"href":"https:\/\/primereando.com.ar\/index.php\/wp-json\/wp\/v2\/types\/post"}],"author":[{"embeddable":true,"href":"https:\/\/primereando.com.ar\/index.php\/wp-json\/wp\/v2\/users\/4"}],"replies":[{"embeddable":true,"href":"https:\/\/primereando.com.ar\/index.php\/wp-json\/wp\/v2\/comments?post=126479"}],"version-history":[{"count":2,"href":"https:\/\/primereando.com.ar\/index.php\/wp-json\/wp\/v2\/posts\/126479\/revisions"}],"predecessor-version":[{"id":126487,"href":"https:\/\/primereando.com.ar\/index.php\/wp-json\/wp\/v2\/posts\/126479\/revisions\/126487"}],"wp:featuredmedia":[{"embeddable":true,"href":"https:\/\/primereando.com.ar\/index.php\/wp-json\/wp\/v2\/media\/101005"}],"wp:attachment":[{"href":"https:\/\/primereando.com.ar\/index.php\/wp-json\/wp\/v2\/media?parent=126479"}],"wp:term":[{"taxonomy":"category","embeddable":true,"href":"https:\/\/primereando.com.ar\/index.php\/wp-json\/wp\/v2\/categories?post=126479"},{"taxonomy":"post_tag","embeddable":true,"href":"https:\/\/primereando.com.ar\/index.php\/wp-json\/wp\/v2\/tags?post=126479"}],"curies":[{"name":"wp","href":"https:\/\/api.w.org\/{rel}","templated":true}]}}