{"id":126480,"date":"2026-08-31T12:32:21","date_gmt":"2026-08-31T15:32:21","guid":{"rendered":"https:\/\/primereando.com.ar\/?p=126480"},"modified":"2026-08-31T12:32:22","modified_gmt":"2026-08-31T15:32:22","slug":"las-leonas-salieron-campeonas-y-cruzaron-a-javier-milei-necesitamos-mas-inversion-en-el-deporte","status":"publish","type":"post","link":"https:\/\/primereando.com.ar\/index.php\/2026\/08\/31\/las-leonas-salieron-campeonas-y-cruzaron-a-javier-milei-necesitamos-mas-inversion-en-el-deporte\/126480\/","title":{"rendered":"Las Leonas salieron campeonas y cruzaron a Javier Milei: &#8220;Necesitamos m\u00e1s inversi\u00f3n en el deporte&#8221;"},"content":{"rendered":"\n<h2 class=\"wp-block-heading\">Tras conquistar el Mundial de hockey y conseguir la tercera Copa del Mundo para la Selecci\u00f3n, Majo Granatto cuestion\u00f3 la falta de inversi\u00f3n del Gobierno de Javier Milei y reclam\u00f3 mayor respaldo para los deportistas argentinos. \u201cEl deporte es inclusi\u00f3n, es derecho, es igualdad\u201d, afirm\u00f3. <\/h2>\n\n\n\n<p class=\"wp-block-paragraph\"><strong>Las Leonas volvieron a poner a la Argentina en lo m\u00e1s alto del hockey mundial<\/strong>. El seleccionado femenino se consagr\u00f3 campe\u00f3n tras derrotar a Pa\u00edses Bajos en la final por penales y <strong>consigui\u00f3 as\u00ed su tercer t\u00edtulo mundial<\/strong>. Sin embargo, detr\u00e1s de la celebraci\u00f3n apareci\u00f3 un <strong>fuerte reclamo contra las pol\u00edticas de ajuste que atraviesa el deporte nacional.<\/strong><\/p>\n\n\n\n<p class=\"wp-block-paragraph\">Al llegar al pa\u00eds, en el aeropuerto de Ezeiza, <strong>la capitana<\/strong> <strong>Mar\u00eda Jos\u00e9 Granatto<\/strong> habl\u00f3 <strong>ante los medios y aprovech\u00f3 la ocasi\u00f3n para cuestionar la falta de inversi\u00f3n y apoyo a los atletas argentinos durante el Gobierno de Javier Milei.<\/strong><\/p>\n\n\n\n<p class=\"wp-block-paragraph\">\u201c<strong>Necesitamos mucho m\u00e1s inversi\u00f3n en el deporte. El deporte es inclusi\u00f3n, es derecho, es igualdad<\/strong>\u201d, afirm\u00f3 Granatto. Y lanz\u00f3 una frase que sintetiz\u00f3 el reclamo de las campeonas: \u201c<strong>Si esto lo hicimos con lo que tenemos, imagin\u00e1te con m\u00e1s apoyo<\/strong>\u201d.<\/p>\n\n\n\n<p class=\"wp-block-paragraph\">La capitana tambi\u00e9n destac\u00f3 el enorme sacrificio detr\u00e1s de la conquista y record\u00f3 los a\u00f1os de trabajo, esfuerzo y derrotas que atraves\u00f3 el equipo antes de volver a levantar la Copa del Mundo. <strong>\u201cTodos estos a\u00f1os de esfuerzo, a\u00f1os de so\u00f1arlo, muchas derrotas tambi\u00e9n. Muchas derrotas porque hubo que pasarlas para hoy poder levantarla\u201d<\/strong>, se\u00f1al\u00f3.<\/p>\n\n\n\n<p class=\"wp-block-paragraph\">El mensaje de Granatto expuso as\u00ed una realidad que atraviesa a buena parte del deporte argentino: <strong>los atletas contin\u00faan consiguiendo resultados internacionales pese a un escenario de menor financiamiento y dificultades crecientes para sostener sus entrenamientos y competencias<\/strong>. <\/p>\n\n\n\n<blockquote class=\"twitter-tweet\" data-media-max-width=\"560\"><p lang=\"es\" dir=\"ltr\">\u201cNecesitamos mucho m\u00e1s inversi\u00f3n en el deporte. El deporte es inclusi\u00f3n, es derecho, es igualdad. Y creo que nosotras como equipo intentamos transmitir tambi\u00e9n esos valores. Si esto lo hicimos con lo que tenemos, imaginate con m\u00e1s apoyo\u201d<br><br>\u270d\ud83c\udffb Majo Granatto, capitana. <a href=\"https:\/\/t.co\/iR05ezfuUO\">pic.twitter.com\/iR05ezfuUO<\/a><\/p>&mdash; Marian Herrera (@marianherrrera) <a href=\"https:\/\/x.com\/marianherrrera\/status\/2094397141552627731?ref_src=twsrc%5Etfw\">August 31, 2026<\/a><\/blockquote> <script async src=\"https:\/\/platform.x.com\/widgets.js\" charset=\"utf-8\"><\/script>\n\n\n\n<h2 class=\"wp-block-heading has-medium-font-size\">El fuerte ajuste sobre el deporte<\/h2>\n\n\n\n<p class=\"wp-block-paragraph\">El reclamo de Las Leonas se produce en un<strong> contexto de fuertes recortes presupuestarios en el \u00e1rea deportiva.<\/strong> El <strong>Presupuesto 2025 presentado por el Gobierno de Javier Milei<\/strong> implic\u00f3 una reducci\u00f3n significativa de los recursos destinados a distintas \u00e1reas vinculadas con el deporte nacional.<\/p>\n\n\n\n<p class=\"wp-block-paragraph\">Seg\u00fan un informe de la consultora <strong>T\u00e1ctica, laboratorio del deporte argentino<\/strong>, e<strong>l presupuesto destinado a la actividad deportiva registr\u00f3 una<\/strong> <strong>ca\u00edda del 56% en t\u00e9rminos reales respecto de 2023<\/strong>, \u00faltimo presupuesto aprobado por el Congreso de la Naci\u00f3n.<\/p>\n\n\n\n<p class=\"wp-block-paragraph\"><strong>El ajuste impacta directamente sobre las condiciones de preparaci\u00f3n de los deportistas y amenaza con profundizar la distancia respecto de las grandes potencias deportivas<\/strong>, que cuentan con mayores recursos, infraestructura y programas de apoyo al alto rendimiento.<\/p>\n\n\n\n<p class=\"wp-block-paragraph\">La advertencia es clara: <strong>los triunfos de Las Leonas no pueden ocultar las dificultades que enfrentan los atletas para representar al pa\u00eds<\/strong>. Mientras las jugadoras celebran un nuevo t\u00edtulo mundial, sus palabras funcionan como un reclamo directo al Gobierno: <strong>si con recursos limitados Argentina sigue alcanzando la cima, una mayor inversi\u00f3n podr\u00eda permitir sostener y multiplicar esos \u00e9xitos.<\/strong><\/p>\n\n\n\n<p class=\"wp-block-paragraph\">\u201c<strong>El deporte es inclusi\u00f3n, es derecho, es igualdad<\/strong>\u201d, remarc\u00f3 Granatto. Un mensaje que, desde la celebraci\u00f3n de un campeonato mundial, volvi\u00f3 a poner en el centro de la escena el impacto del ajuste sobre el deporte argentino.<\/p>\n","protected":false},"excerpt":{"rendered":"<p>Tras conquistar el Mundial de hockey y conseguir la tercera Copa del Mundo para la Selecci\u00f3n, Majo Granatto cuestion\u00f3 la falta de inversi\u00f3n del Gobierno de Javier Milei y reclam\u00f3 mayor respaldo para los deportistas argentinos. \u201cEl deporte es inclusi\u00f3n, es derecho, es igualdad\u201d, afirm\u00f3. Las Leonas volvieron a poner a la Argentina en lo [&hellip;]<\/p>\n","protected":false},"author":8,"featured_media":126483,"comment_status":"closed","ping_status":"closed","sticky":false,"template":"","format":"standard","meta":{"footnotes":""},"categories":[5],"tags":[],"class_list":["post-126480","post","type-post","status-publish","format-standard","has-post-thumbnail","hentry","category-actualidad"],"yoast_head":"<!-- This site is optimized with the Yoast SEO plugin v28.3 - https:\/\/yoast.com\/product\/yoast-seo-wordpress\/ -->\n<title>Las Leonas salieron campeonas y cruzaron a Javier Milei: &quot;Necesitamos m\u00e1s inversi\u00f3n en el deporte&quot; - Primereando<\/title>\n<meta name=\"robots\" content=\"index, follow, max-snippet:-1, max-image-preview:large, max-video-preview:-1\" \/>\n<link rel=\"canonical\" href=\"https:\/\/primereando.com.ar\/index.php\/2026\/08\/31\/las-leonas-salieron-campeonas-y-cruzaron-a-javier-milei-necesitamos-mas-inversion-en-el-deporte\/126480\/\" \/>\n<meta property=\"og:locale\" content=\"es_ES\" \/>\n<meta property=\"og:type\" content=\"article\" \/>\n<meta property=\"og:title\" content=\"Las Leonas salieron campeonas y cruzaron a Javier Milei: &quot;Necesitamos m\u00e1s inversi\u00f3n en el deporte&quot; - Primereando\" \/>\n<meta property=\"og:description\" content=\"Tras conquistar el Mundial de hockey y conseguir la tercera Copa del Mundo para la Selecci\u00f3n, Majo Granatto cuestion\u00f3 la falta de inversi\u00f3n del Gobierno de Javier Milei y reclam\u00f3 mayor respaldo para los deportistas argentinos. \u201cEl deporte es inclusi\u00f3n, es derecho, es igualdad\u201d, afirm\u00f3. Las Leonas volvieron a poner a la Argentina en lo [&hellip;]\" \/>\n<meta property=\"og:url\" content=\"https:\/\/primereando.com.ar\/index.php\/2026\/08\/31\/las-leonas-salieron-campeonas-y-cruzaron-a-javier-milei-necesitamos-mas-inversion-en-el-deporte\/126480\/\" \/>\n<meta property=\"og:site_name\" content=\"Primereando\" \/>\n<meta property=\"article:published_time\" content=\"2026-08-31T15:32:21+00:00\" \/>\n<meta property=\"article:modified_time\" content=\"2026-08-31T15:32:22+00:00\" \/>\n<meta property=\"og:image\" content=\"https:\/\/primereando.com.ar\/wp-content\/uploads\/2026\/08\/leonas-milei.jpg\" \/>\n\t<meta property=\"og:image:width\" content=\"813\" \/>\n\t<meta property=\"og:image:height\" content=\"458\" \/>\n\t<meta property=\"og:image:type\" content=\"image\/jpeg\" \/>\n<meta name=\"author\" content=\"ignacio corsario\" \/>\n<meta name=\"twitter:card\" content=\"summary_large_image\" \/>\n<meta name=\"twitter:label1\" content=\"Escrito por\" \/>\n\t<meta name=\"twitter:data1\" content=\"ignacio corsario\" \/>\n\t<meta name=\"twitter:label2\" content=\"Tiempo de lectura\" \/>\n\t<meta name=\"twitter:data2\" content=\"3 minutos\" \/>\n<script type=\"application\/ld+json\" class=\"yoast-schema-graph\">{\"@context\":\"https:\\\/\\\/schema.org\",\"@graph\":[{\"@type\":\"Article\",\"@id\":\"https:\\\/\\\/primereando.com.ar\\\/index.php\\\/2026\\\/08\\\/31\\\/las-leonas-salieron-campeonas-y-cruzaron-a-javier-milei-necesitamos-mas-inversion-en-el-deporte\\\/126480\\\/#article\",\"isPartOf\":{\"@id\":\"https:\\\/\\\/primereando.com.ar\\\/index.php\\\/2026\\\/08\\\/31\\\/las-leonas-salieron-campeonas-y-cruzaron-a-javier-milei-necesitamos-mas-inversion-en-el-deporte\\\/126480\\\/\"},\"author\":{\"name\":\"ignacio corsario\",\"@id\":\"https:\\\/\\\/primereando.com.ar\\\/#\\\/schema\\\/person\\\/163ed2710eec4fd8173e5e51bb8b23ee\"},\"headline\":\"Las Leonas salieron campeonas y cruzaron a Javier Milei: &#8220;Necesitamos m\u00e1s inversi\u00f3n en el deporte&#8221;\",\"datePublished\":\"2026-08-31T15:32:21+00:00\",\"dateModified\":\"2026-08-31T15:32:22+00:00\",\"mainEntityOfPage\":{\"@id\":\"https:\\\/\\\/primereando.com.ar\\\/index.php\\\/2026\\\/08\\\/31\\\/las-leonas-salieron-campeonas-y-cruzaron-a-javier-milei-necesitamos-mas-inversion-en-el-deporte\\\/126480\\\/\"},\"wordCount\":607,\"publisher\":{\"@id\":\"https:\\\/\\\/primereando.com.ar\\\/#organization\"},\"image\":{\"@id\":\"https:\\\/\\\/primereando.com.ar\\\/index.php\\\/2026\\\/08\\\/31\\\/las-leonas-salieron-campeonas-y-cruzaron-a-javier-milei-necesitamos-mas-inversion-en-el-deporte\\\/126480\\\/#primaryimage\"},\"thumbnailUrl\":\"https:\\\/\\\/primereando.com.ar\\\/wp-content\\\/uploads\\\/2026\\\/08\\\/leonas-milei.jpg\",\"articleSection\":[\"Actualidad\"],\"inLanguage\":\"es-AR\"},{\"@type\":\"WebPage\",\"@id\":\"https:\\\/\\\/primereando.com.ar\\\/index.php\\\/2026\\\/08\\\/31\\\/las-leonas-salieron-campeonas-y-cruzaron-a-javier-milei-necesitamos-mas-inversion-en-el-deporte\\\/126480\\\/\",\"url\":\"https:\\\/\\\/primereando.com.ar\\\/index.php\\\/2026\\\/08\\\/31\\\/las-leonas-salieron-campeonas-y-cruzaron-a-javier-milei-necesitamos-mas-inversion-en-el-deporte\\\/126480\\\/\",\"name\":\"Las Leonas salieron campeonas y cruzaron a Javier Milei: \\\"Necesitamos m\u00e1s inversi\u00f3n en el deporte\\\" - Primereando\",\"isPartOf\":{\"@id\":\"https:\\\/\\\/primereando.com.ar\\\/#website\"},\"primaryImageOfPage\":{\"@id\":\"https:\\\/\\\/primereando.com.ar\\\/index.php\\\/2026\\\/08\\\/31\\\/las-leonas-salieron-campeonas-y-cruzaron-a-javier-milei-necesitamos-mas-inversion-en-el-deporte\\\/126480\\\/#primaryimage\"},\"image\":{\"@id\":\"https:\\\/\\\/primereando.com.ar\\\/index.php\\\/2026\\\/08\\\/31\\\/las-leonas-salieron-campeonas-y-cruzaron-a-javier-milei-necesitamos-mas-inversion-en-el-deporte\\\/126480\\\/#primaryimage\"},\"thumbnailUrl\":\"https:\\\/\\\/primereando.com.ar\\\/wp-content\\\/uploads\\\/2026\\\/08\\\/leonas-milei.jpg\",\"datePublished\":\"2026-08-31T15:32:21+00:00\",\"dateModified\":\"2026-08-31T15:32:22+00:00\",\"breadcrumb\":{\"@id\":\"https:\\\/\\\/primereando.com.ar\\\/index.php\\\/2026\\\/08\\\/31\\\/las-leonas-salieron-campeonas-y-cruzaron-a-javier-milei-necesitamos-mas-inversion-en-el-deporte\\\/126480\\\/#breadcrumb\"},\"inLanguage\":\"es-AR\",\"potentialAction\":[{\"@type\":\"ReadAction\",\"target\":[\"https:\\\/\\\/primereando.com.ar\\\/index.php\\\/2026\\\/08\\\/31\\\/las-leonas-salieron-campeonas-y-cruzaron-a-javier-milei-necesitamos-mas-inversion-en-el-deporte\\\/126480\\\/\"]}]},{\"@type\":\"ImageObject\",\"inLanguage\":\"es-AR\",\"@id\":\"https:\\\/\\\/primereando.com.ar\\\/index.php\\\/2026\\\/08\\\/31\\\/las-leonas-salieron-campeonas-y-cruzaron-a-javier-milei-necesitamos-mas-inversion-en-el-deporte\\\/126480\\\/#primaryimage\",\"url\":\"https:\\\/\\\/primereando.com.ar\\\/wp-content\\\/uploads\\\/2026\\\/08\\\/leonas-milei.jpg\",\"contentUrl\":\"https:\\\/\\\/primereando.com.ar\\\/wp-content\\\/uploads\\\/2026\\\/08\\\/leonas-milei.jpg\",\"width\":813,\"height\":458},{\"@type\":\"BreadcrumbList\",\"@id\":\"https:\\\/\\\/primereando.com.ar\\\/index.php\\\/2026\\\/08\\\/31\\\/las-leonas-salieron-campeonas-y-cruzaron-a-javier-milei-necesitamos-mas-inversion-en-el-deporte\\\/126480\\\/#breadcrumb\",\"itemListElement\":[{\"@type\":\"ListItem\",\"position\":1,\"name\":\"Inicio\",\"item\":\"https:\\\/\\\/primereando.com.ar\\\/\"},{\"@type\":\"ListItem\",\"position\":2,\"name\":\"Las Leonas salieron campeonas y cruzaron a Javier Milei: &#8220;Necesitamos m\u00e1s inversi\u00f3n en el deporte&#8221;\"}]},{\"@type\":\"WebSite\",\"@id\":\"https:\\\/\\\/primereando.com.ar\\\/#website\",\"url\":\"https:\\\/\\\/primereando.com.ar\\\/\",\"name\":\"Primereando\",\"description\":\"Portal de noticias de la Provincia de Buenos Aires\",\"publisher\":{\"@id\":\"https:\\\/\\\/primereando.com.ar\\\/#organization\"},\"potentialAction\":[{\"@type\":\"SearchAction\",\"target\":{\"@type\":\"EntryPoint\",\"urlTemplate\":\"https:\\\/\\\/primereando.com.ar\\\/?s={search_term_string}\"},\"query-input\":{\"@type\":\"PropertyValueSpecification\",\"valueRequired\":true,\"valueName\":\"search_term_string\"}}],\"inLanguage\":\"es-AR\"},{\"@type\":\"Organization\",\"@id\":\"https:\\\/\\\/primereando.com.ar\\\/#organization\",\"name\":\"Primereando\",\"url\":\"https:\\\/\\\/primereando.com.ar\\\/\",\"logo\":{\"@type\":\"ImageObject\",\"inLanguage\":\"es-AR\",\"@id\":\"https:\\\/\\\/primereando.com.ar\\\/#\\\/schema\\\/logo\\\/image\\\/\",\"url\":\"https:\\\/\\\/primereando.com.ar\\\/wp-content\\\/uploads\\\/2021\\\/12\\\/primereando-logo.png\",\"contentUrl\":\"https:\\\/\\\/primereando.com.ar\\\/wp-content\\\/uploads\\\/2021\\\/12\\\/primereando-logo.png\",\"width\":360,\"height\":96,\"caption\":\"Primereando\"},\"image\":{\"@id\":\"https:\\\/\\\/primereando.com.ar\\\/#\\\/schema\\\/logo\\\/image\\\/\"}},{\"@type\":\"Person\",\"@id\":\"https:\\\/\\\/primereando.com.ar\\\/#\\\/schema\\\/person\\\/163ed2710eec4fd8173e5e51bb8b23ee\",\"name\":\"ignacio corsario\",\"image\":{\"@type\":\"ImageObject\",\"inLanguage\":\"es-AR\",\"@id\":\"https:\\\/\\\/secure.gravatar.com\\\/avatar\\\/88fd77b01053dd79091962d2e6ed54169fabbaefae7619405afc209b70ff06d2?s=96&d=blank&r=g\",\"url\":\"https:\\\/\\\/secure.gravatar.com\\\/avatar\\\/88fd77b01053dd79091962d2e6ed54169fabbaefae7619405afc209b70ff06d2?s=96&d=blank&r=g\",\"contentUrl\":\"https:\\\/\\\/secure.gravatar.com\\\/avatar\\\/88fd77b01053dd79091962d2e6ed54169fabbaefae7619405afc209b70ff06d2?s=96&d=blank&r=g\",\"caption\":\"ignacio corsario\"},\"url\":\"https:\\\/\\\/primereando.com.ar\\\/index.php\\\/author\\\/ignaciocorsario\\\/\"}]}<\/script>\n<!-- \/ Yoast SEO plugin. -->","yoast_head_json":{"title":"Las Leonas salieron campeonas y cruzaron a Javier Milei: \"Necesitamos m\u00e1s inversi\u00f3n en el deporte\" - Primereando","robots":{"index":"index","follow":"follow","max-snippet":"max-snippet:-1","max-image-preview":"max-image-preview:large","max-video-preview":"max-video-preview:-1"},"canonical":"https:\/\/primereando.com.ar\/index.php\/2026\/08\/31\/las-leonas-salieron-campeonas-y-cruzaron-a-javier-milei-necesitamos-mas-inversion-en-el-deporte\/126480\/","og_locale":"es_ES","og_type":"article","og_title":"Las Leonas salieron campeonas y cruzaron a Javier Milei: \"Necesitamos m\u00e1s inversi\u00f3n en el deporte\" - Primereando","og_description":"Tras conquistar el Mundial de hockey y conseguir la tercera Copa del Mundo para la Selecci\u00f3n, Majo Granatto cuestion\u00f3 la falta de inversi\u00f3n del Gobierno de Javier Milei y reclam\u00f3 mayor respaldo para los deportistas argentinos. \u201cEl deporte es inclusi\u00f3n, es derecho, es igualdad\u201d, afirm\u00f3. Las Leonas volvieron a poner a la Argentina en lo [&hellip;]","og_url":"https:\/\/primereando.com.ar\/index.php\/2026\/08\/31\/las-leonas-salieron-campeonas-y-cruzaron-a-javier-milei-necesitamos-mas-inversion-en-el-deporte\/126480\/","og_site_name":"Primereando","article_published_time":"2026-08-31T15:32:21+00:00","article_modified_time":"2026-08-31T15:32:22+00:00","og_image":[{"width":813,"height":458,"url":"https:\/\/primereando.com.ar\/wp-content\/uploads\/2026\/08\/leonas-milei.jpg","type":"image\/jpeg"}],"author":"ignacio corsario","twitter_card":"summary_large_image","twitter_misc":{"Escrito por":"ignacio corsario","Tiempo de lectura":"3 minutos"},"schema":{"@context":"https:\/\/schema.org","@graph":[{"@type":"Article","@id":"https:\/\/primereando.com.ar\/index.php\/2026\/08\/31\/las-leonas-salieron-campeonas-y-cruzaron-a-javier-milei-necesitamos-mas-inversion-en-el-deporte\/126480\/#article","isPartOf":{"@id":"https:\/\/primereando.com.ar\/index.php\/2026\/08\/31\/las-leonas-salieron-campeonas-y-cruzaron-a-javier-milei-necesitamos-mas-inversion-en-el-deporte\/126480\/"},"author":{"name":"ignacio corsario","@id":"https:\/\/primereando.com.ar\/#\/schema\/person\/163ed2710eec4fd8173e5e51bb8b23ee"},"headline":"Las Leonas salieron campeonas y cruzaron a Javier Milei: &#8220;Necesitamos m\u00e1s inversi\u00f3n en el deporte&#8221;","datePublished":"2026-08-31T15:32:21+00:00","dateModified":"2026-08-31T15:32:22+00:00","mainEntityOfPage":{"@id":"https:\/\/primereando.com.ar\/index.php\/2026\/08\/31\/las-leonas-salieron-campeonas-y-cruzaron-a-javier-milei-necesitamos-mas-inversion-en-el-deporte\/126480\/"},"wordCount":607,"publisher":{"@id":"https:\/\/primereando.com.ar\/#organization"},"image":{"@id":"https:\/\/primereando.com.ar\/index.php\/2026\/08\/31\/las-leonas-salieron-campeonas-y-cruzaron-a-javier-milei-necesitamos-mas-inversion-en-el-deporte\/126480\/#primaryimage"},"thumbnailUrl":"https:\/\/primereando.com.ar\/wp-content\/uploads\/2026\/08\/leonas-milei.jpg","articleSection":["Actualidad"],"inLanguage":"es-AR"},{"@type":"WebPage","@id":"https:\/\/primereando.com.ar\/index.php\/2026\/08\/31\/las-leonas-salieron-campeonas-y-cruzaron-a-javier-milei-necesitamos-mas-inversion-en-el-deporte\/126480\/","url":"https:\/\/primereando.com.ar\/index.php\/2026\/08\/31\/las-leonas-salieron-campeonas-y-cruzaron-a-javier-milei-necesitamos-mas-inversion-en-el-deporte\/126480\/","name":"Las Leonas salieron campeonas y cruzaron a Javier Milei: \"Necesitamos m\u00e1s inversi\u00f3n en el deporte\" - Primereando","isPartOf":{"@id":"https:\/\/primereando.com.ar\/#website"},"primaryImageOfPage":{"@id":"https:\/\/primereando.com.ar\/index.php\/2026\/08\/31\/las-leonas-salieron-campeonas-y-cruzaron-a-javier-milei-necesitamos-mas-inversion-en-el-deporte\/126480\/#primaryimage"},"image":{"@id":"https:\/\/primereando.com.ar\/index.php\/2026\/08\/31\/las-leonas-salieron-campeonas-y-cruzaron-a-javier-milei-necesitamos-mas-inversion-en-el-deporte\/126480\/#primaryimage"},"thumbnailUrl":"https:\/\/primereando.com.ar\/wp-content\/uploads\/2026\/08\/leonas-milei.jpg","datePublished":"2026-08-31T15:32:21+00:00","dateModified":"2026-08-31T15:32:22+00:00","breadcrumb":{"@id":"https:\/\/primereando.com.ar\/index.php\/2026\/08\/31\/las-leonas-salieron-campeonas-y-cruzaron-a-javier-milei-necesitamos-mas-inversion-en-el-deporte\/126480\/#breadcrumb"},"inLanguage":"es-AR","potentialAction":[{"@type":"ReadAction","target":["https:\/\/primereando.com.ar\/index.php\/2026\/08\/31\/las-leonas-salieron-campeonas-y-cruzaron-a-javier-milei-necesitamos-mas-inversion-en-el-deporte\/126480\/"]}]},{"@type":"ImageObject","inLanguage":"es-AR","@id":"https:\/\/primereando.com.ar\/index.php\/2026\/08\/31\/las-leonas-salieron-campeonas-y-cruzaron-a-javier-milei-necesitamos-mas-inversion-en-el-deporte\/126480\/#primaryimage","url":"https:\/\/primereando.com.ar\/wp-content\/uploads\/2026\/08\/leonas-milei.jpg","contentUrl":"https:\/\/primereando.com.ar\/wp-content\/uploads\/2026\/08\/leonas-milei.jpg","width":813,"height":458},{"@type":"BreadcrumbList","@id":"https:\/\/primereando.com.ar\/index.php\/2026\/08\/31\/las-leonas-salieron-campeonas-y-cruzaron-a-javier-milei-necesitamos-mas-inversion-en-el-deporte\/126480\/#breadcrumb","itemListElement":[{"@type":"ListItem","position":1,"name":"Inicio","item":"https:\/\/primereando.com.ar\/"},{"@type":"ListItem","position":2,"name":"Las Leonas salieron campeonas y cruzaron a Javier Milei: &#8220;Necesitamos m\u00e1s inversi\u00f3n en el deporte&#8221;"}]},{"@type":"WebSite","@id":"https:\/\/primereando.com.ar\/#website","url":"https:\/\/primereando.com.ar\/","name":"Primereando","description":"Portal de noticias de la Provincia de Buenos Aires","publisher":{"@id":"https:\/\/primereando.com.ar\/#organization"},"potentialAction":[{"@type":"SearchAction","target":{"@type":"EntryPoint","urlTemplate":"https:\/\/primereando.com.ar\/?s={search_term_string}"},"query-input":{"@type":"PropertyValueSpecification","valueRequired":true,"valueName":"search_term_string"}}],"inLanguage":"es-AR"},{"@type":"Organization","@id":"https:\/\/primereando.com.ar\/#organization","name":"Primereando","url":"https:\/\/primereando.com.ar\/","logo":{"@type":"ImageObject","inLanguage":"es-AR","@id":"https:\/\/primereando.com.ar\/#\/schema\/logo\/image\/","url":"https:\/\/primereando.com.ar\/wp-content\/uploads\/2021\/12\/primereando-logo.png","contentUrl":"https:\/\/primereando.com.ar\/wp-content\/uploads\/2021\/12\/primereando-logo.png","width":360,"height":96,"caption":"Primereando"},"image":{"@id":"https:\/\/primereando.com.ar\/#\/schema\/logo\/image\/"}},{"@type":"Person","@id":"https:\/\/primereando.com.ar\/#\/schema\/person\/163ed2710eec4fd8173e5e51bb8b23ee","name":"ignacio corsario","image":{"@type":"ImageObject","inLanguage":"es-AR","@id":"https:\/\/secure.gravatar.com\/avatar\/88fd77b01053dd79091962d2e6ed54169fabbaefae7619405afc209b70ff06d2?s=96&d=blank&r=g","url":"https:\/\/secure.gravatar.com\/avatar\/88fd77b01053dd79091962d2e6ed54169fabbaefae7619405afc209b70ff06d2?s=96&d=blank&r=g","contentUrl":"https:\/\/secure.gravatar.com\/avatar\/88fd77b01053dd79091962d2e6ed54169fabbaefae7619405afc209b70ff06d2?s=96&d=blank&r=g","caption":"ignacio corsario"},"url":"https:\/\/primereando.com.ar\/index.php\/author\/ignaciocorsario\/"}]}},"_links":{"self":[{"href":"https:\/\/primereando.com.ar\/index.php\/wp-json\/wp\/v2\/posts\/126480","targetHints":{"allow":["GET"]}}],"collection":[{"href":"https:\/\/primereando.com.ar\/index.php\/wp-json\/wp\/v2\/posts"}],"about":[{"href":"https:\/\/primereando.com.ar\/index.php\/wp-json\/wp\/v2\/types\/post"}],"author":[{"embeddable":true,"href":"https:\/\/primereando.com.ar\/index.php\/wp-json\/wp\/v2\/users\/8"}],"replies":[{"embeddable":true,"href":"https:\/\/primereando.com.ar\/index.php\/wp-json\/wp\/v2\/comments?post=126480"}],"version-history":[{"count":1,"href":"https:\/\/primereando.com.ar\/index.php\/wp-json\/wp\/v2\/posts\/126480\/revisions"}],"predecessor-version":[{"id":126484,"href":"https:\/\/primereando.com.ar\/index.php\/wp-json\/wp\/v2\/posts\/126480\/revisions\/126484"}],"wp:featuredmedia":[{"embeddable":true,"href":"https:\/\/primereando.com.ar\/index.php\/wp-json\/wp\/v2\/media\/126483"}],"wp:attachment":[{"href":"https:\/\/primereando.com.ar\/index.php\/wp-json\/wp\/v2\/media?parent=126480"}],"wp:term":[{"taxonomy":"category","embeddable":true,"href":"https:\/\/primereando.com.ar\/index.php\/wp-json\/wp\/v2\/categories?post=126480"},{"taxonomy":"post_tag","embeddable":true,"href":"https:\/\/primereando.com.ar\/index.php\/wp-json\/wp\/v2\/tags?post=126480"}],"curies":[{"name":"wp","href":"https:\/\/api.w.org\/{rel}","templated":true}]}}