{"id":126488,"date":"2026-08-31T17:41:00","date_gmt":"2026-08-31T20:41:00","guid":{"rendered":"https:\/\/primereando.com.ar\/?p=126488"},"modified":"2026-08-31T17:41:01","modified_gmt":"2026-08-31T20:41:01","slug":"se-enfria-la-maquina-digital-el-gobierno-de-milei-pierde-fuerza-en-redes-y-ya-no-logra-imponer-agenda","status":"publish","type":"post","link":"https:\/\/primereando.com.ar\/index.php\/2026\/08\/31\/se-enfria-la-maquina-digital-el-gobierno-de-milei-pierde-fuerza-en-redes-y-ya-no-logra-imponer-agenda\/126488\/","title":{"rendered":"Se enfr\u00eda la m\u00e1quina digital: el gobierno de Milei pierde fuerza en redes y ya no logra imponer agenda"},"content":{"rendered":"\n<h2 class=\"wp-block-heading\">Golpeado por esc\u00e1ndalos de corrupci\u00f3n y desconectado de los reclamos sociales, el ecosistema digital libertario registra una ca\u00edda hist\u00f3rica en sus interacciones que le impide seguir fijando los temas de debate.<\/h2>\n\n\n\n<p class=\"wp-block-paragraph\">El principal basti\u00f3n de disputa pol\u00edtica del oficialismo libertario atraviesa un acelerado proceso de desgaste. Diversos an\u00e1lisis sobre el comportamiento en plataformas digitales revelan una ca\u00edda sostenida en las menciones, comentarios y niveles de interacci\u00f3n que genera la figura de Javier Milei.<sup><\/sup> La narrativa que durante la campa\u00f1a de 2023 se consolid\u00f3 como una fuerza disruptiva pierde eficacia frente a una ciudadan\u00eda que empieza a percibir al mandatario no como un actor ajeno al sistema, sino como un pol\u00edtico tradicional m\u00e1s.<\/p>\n\n\n\n<p class=\"wp-block-paragraph\">Especialistas en comunicaci\u00f3n digital se\u00f1alan que el fen\u00f3meno obedece a una combinaci\u00f3n de fatiga social, p\u00e9rdida de empat\u00eda con la coyuntura econ\u00f3mica y el impacto de sucesivos focos de conflicto. Los se\u00f1alamientos por presuntos hechos de corrupci\u00f3n y controversias que salpicaron a figuras centrales del entorno presidencial terminaron por erosionar el perfil &#8220;anticasta&#8221;. Al mismo tiempo, la agenda discursiva que impulsa la Casa Rosada muestra dificultades para sintonizar con los problemas urgentes de la poblaci\u00f3n, relegando la capacidad del Ejecutivo para fijar los temas de debate p\u00fablico.<\/p>\n\n\n\n<p class=\"wp-block-paragraph\">A este escenario de desgaste pol\u00edtico se suman complicaciones operativas en la arquitectura digital del oficialismo. La reestructuraci\u00f3n del equipo de comunicaci\u00f3n tras el distanciamiento de operadores clave, sumada a fallas en la sincronizaci\u00f3n de redes y errores en el uso de bots para inflar la viralizaci\u00f3n, redujeron la distribuci\u00f3n org\u00e1nica del contenido.<sup><\/sup> Estas maniobras, seg\u00fan informes del sector, expusieron incluso las cuentas oficiales a penalizaciones algor\u00edtmicas que restringieron a\u00fan m\u00e1s su alcance.<\/p>\n\n\n\n<p class=\"wp-block-paragraph\">Si bien la oposici\u00f3n a\u00fan no logra capitalizar este repliegue ni desplazar al Presidente como el eje central de la discusi\u00f3n pol\u00edtica, el congelamiento del ecosistema libertario altera la din\u00e1mica de la gesti\u00f3n.<sup><\/sup> La p\u00e9rdida de esa capilaridad digital que antes le permit\u00eda al Gobierno dominar la conversaci\u00f3n p\u00fablica deja al descubierto a una administraci\u00f3n con menor margen de maniobra para imponer condiciones y capear el descontento social.<\/p>\n","protected":false},"excerpt":{"rendered":"<p>Golpeado por esc\u00e1ndalos de corrupci\u00f3n y desconectado de los reclamos sociales, el ecosistema digital libertario registra una ca\u00edda hist\u00f3rica en sus interacciones que le impide seguir fijando los temas de debate. El principal basti\u00f3n de disputa pol\u00edtica del oficialismo libertario atraviesa un acelerado proceso de desgaste. Diversos an\u00e1lisis sobre el comportamiento en plataformas digitales revelan [&hellip;]<\/p>\n","protected":false},"author":9,"featured_media":126005,"comment_status":"closed","ping_status":"closed","sticky":false,"template":"","format":"standard","meta":{"footnotes":""},"categories":[5,22],"tags":[],"class_list":["post-126488","post","type-post","status-publish","format-standard","has-post-thumbnail","hentry","category-actualidad","category-sociedad"],"yoast_head":"<!-- This site is optimized with the Yoast SEO plugin v28.3 - https:\/\/yoast.com\/product\/yoast-seo-wordpress\/ -->\n<title>Se enfr\u00eda la m\u00e1quina digital: el gobierno de Milei pierde fuerza en redes y ya no logra imponer agenda - Primereando<\/title>\n<meta name=\"robots\" content=\"index, follow, max-snippet:-1, max-image-preview:large, max-video-preview:-1\" \/>\n<link rel=\"canonical\" href=\"https:\/\/primereando.com.ar\/index.php\/2026\/08\/31\/se-enfria-la-maquina-digital-el-gobierno-de-milei-pierde-fuerza-en-redes-y-ya-no-logra-imponer-agenda\/126488\/\" \/>\n<meta property=\"og:locale\" content=\"es_ES\" \/>\n<meta property=\"og:type\" content=\"article\" \/>\n<meta property=\"og:title\" content=\"Se enfr\u00eda la m\u00e1quina digital: el gobierno de Milei pierde fuerza en redes y ya no logra imponer agenda - Primereando\" \/>\n<meta property=\"og:description\" content=\"Golpeado por esc\u00e1ndalos de corrupci\u00f3n y desconectado de los reclamos sociales, el ecosistema digital libertario registra una ca\u00edda hist\u00f3rica en sus interacciones que le impide seguir fijando los temas de debate. El principal basti\u00f3n de disputa pol\u00edtica del oficialismo libertario atraviesa un acelerado proceso de desgaste. Diversos an\u00e1lisis sobre el comportamiento en plataformas digitales revelan [&hellip;]\" \/>\n<meta property=\"og:url\" content=\"https:\/\/primereando.com.ar\/index.php\/2026\/08\/31\/se-enfria-la-maquina-digital-el-gobierno-de-milei-pierde-fuerza-en-redes-y-ya-no-logra-imponer-agenda\/126488\/\" \/>\n<meta property=\"og:site_name\" content=\"Primereando\" \/>\n<meta property=\"article:published_time\" content=\"2026-08-31T20:41:00+00:00\" \/>\n<meta property=\"article:modified_time\" content=\"2026-08-31T20:41:01+00:00\" \/>\n<meta property=\"og:image\" content=\"https:\/\/primereando.com.ar\/wp-content\/uploads\/2026\/07\/Milei-recesion-crisis-economica-industria.jpg\" \/>\n\t<meta property=\"og:image:width\" content=\"1168\" \/>\n\t<meta property=\"og:image:height\" content=\"784\" \/>\n\t<meta property=\"og:image:type\" content=\"image\/jpeg\" \/>\n<meta name=\"author\" content=\"ManuT ManuT\" \/>\n<meta name=\"twitter:card\" content=\"summary_large_image\" \/>\n<meta name=\"twitter:label1\" content=\"Escrito por\" \/>\n\t<meta name=\"twitter:data1\" content=\"ManuT ManuT\" \/>\n\t<meta name=\"twitter:label2\" content=\"Tiempo de lectura\" \/>\n\t<meta name=\"twitter:data2\" content=\"2 minutos\" \/>\n<script type=\"application\/ld+json\" class=\"yoast-schema-graph\">{\"@context\":\"https:\\\/\\\/schema.org\",\"@graph\":[{\"@type\":\"Article\",\"@id\":\"https:\\\/\\\/primereando.com.ar\\\/index.php\\\/2026\\\/08\\\/31\\\/se-enfria-la-maquina-digital-el-gobierno-de-milei-pierde-fuerza-en-redes-y-ya-no-logra-imponer-agenda\\\/126488\\\/#article\",\"isPartOf\":{\"@id\":\"https:\\\/\\\/primereando.com.ar\\\/index.php\\\/2026\\\/08\\\/31\\\/se-enfria-la-maquina-digital-el-gobierno-de-milei-pierde-fuerza-en-redes-y-ya-no-logra-imponer-agenda\\\/126488\\\/\"},\"author\":{\"name\":\"ManuT ManuT\",\"@id\":\"https:\\\/\\\/primereando.com.ar\\\/#\\\/schema\\\/person\\\/26a9348b688072442a19f1fd50b634e7\"},\"headline\":\"Se enfr\u00eda la m\u00e1quina digital: el gobierno de Milei pierde fuerza en redes y ya no logra imponer agenda\",\"datePublished\":\"2026-08-31T20:41:00+00:00\",\"dateModified\":\"2026-08-31T20:41:01+00:00\",\"mainEntityOfPage\":{\"@id\":\"https:\\\/\\\/primereando.com.ar\\\/index.php\\\/2026\\\/08\\\/31\\\/se-enfria-la-maquina-digital-el-gobierno-de-milei-pierde-fuerza-en-redes-y-ya-no-logra-imponer-agenda\\\/126488\\\/\"},\"wordCount\":406,\"publisher\":{\"@id\":\"https:\\\/\\\/primereando.com.ar\\\/#organization\"},\"image\":{\"@id\":\"https:\\\/\\\/primereando.com.ar\\\/index.php\\\/2026\\\/08\\\/31\\\/se-enfria-la-maquina-digital-el-gobierno-de-milei-pierde-fuerza-en-redes-y-ya-no-logra-imponer-agenda\\\/126488\\\/#primaryimage\"},\"thumbnailUrl\":\"https:\\\/\\\/primereando.com.ar\\\/wp-content\\\/uploads\\\/2026\\\/07\\\/Milei-recesion-crisis-economica-industria.jpg\",\"articleSection\":[\"Actualidad\",\"Sociedad\"],\"inLanguage\":\"es-AR\"},{\"@type\":\"WebPage\",\"@id\":\"https:\\\/\\\/primereando.com.ar\\\/index.php\\\/2026\\\/08\\\/31\\\/se-enfria-la-maquina-digital-el-gobierno-de-milei-pierde-fuerza-en-redes-y-ya-no-logra-imponer-agenda\\\/126488\\\/\",\"url\":\"https:\\\/\\\/primereando.com.ar\\\/index.php\\\/2026\\\/08\\\/31\\\/se-enfria-la-maquina-digital-el-gobierno-de-milei-pierde-fuerza-en-redes-y-ya-no-logra-imponer-agenda\\\/126488\\\/\",\"name\":\"Se enfr\u00eda la m\u00e1quina digital: el gobierno de Milei pierde fuerza en redes y ya no logra imponer agenda - Primereando\",\"isPartOf\":{\"@id\":\"https:\\\/\\\/primereando.com.ar\\\/#website\"},\"primaryImageOfPage\":{\"@id\":\"https:\\\/\\\/primereando.com.ar\\\/index.php\\\/2026\\\/08\\\/31\\\/se-enfria-la-maquina-digital-el-gobierno-de-milei-pierde-fuerza-en-redes-y-ya-no-logra-imponer-agenda\\\/126488\\\/#primaryimage\"},\"image\":{\"@id\":\"https:\\\/\\\/primereando.com.ar\\\/index.php\\\/2026\\\/08\\\/31\\\/se-enfria-la-maquina-digital-el-gobierno-de-milei-pierde-fuerza-en-redes-y-ya-no-logra-imponer-agenda\\\/126488\\\/#primaryimage\"},\"thumbnailUrl\":\"https:\\\/\\\/primereando.com.ar\\\/wp-content\\\/uploads\\\/2026\\\/07\\\/Milei-recesion-crisis-economica-industria.jpg\",\"datePublished\":\"2026-08-31T20:41:00+00:00\",\"dateModified\":\"2026-08-31T20:41:01+00:00\",\"breadcrumb\":{\"@id\":\"https:\\\/\\\/primereando.com.ar\\\/index.php\\\/2026\\\/08\\\/31\\\/se-enfria-la-maquina-digital-el-gobierno-de-milei-pierde-fuerza-en-redes-y-ya-no-logra-imponer-agenda\\\/126488\\\/#breadcrumb\"},\"inLanguage\":\"es-AR\",\"potentialAction\":[{\"@type\":\"ReadAction\",\"target\":[\"https:\\\/\\\/primereando.com.ar\\\/index.php\\\/2026\\\/08\\\/31\\\/se-enfria-la-maquina-digital-el-gobierno-de-milei-pierde-fuerza-en-redes-y-ya-no-logra-imponer-agenda\\\/126488\\\/\"]}]},{\"@type\":\"ImageObject\",\"inLanguage\":\"es-AR\",\"@id\":\"https:\\\/\\\/primereando.com.ar\\\/index.php\\\/2026\\\/08\\\/31\\\/se-enfria-la-maquina-digital-el-gobierno-de-milei-pierde-fuerza-en-redes-y-ya-no-logra-imponer-agenda\\\/126488\\\/#primaryimage\",\"url\":\"https:\\\/\\\/primereando.com.ar\\\/wp-content\\\/uploads\\\/2026\\\/07\\\/Milei-recesion-crisis-economica-industria.jpg\",\"contentUrl\":\"https:\\\/\\\/primereando.com.ar\\\/wp-content\\\/uploads\\\/2026\\\/07\\\/Milei-recesion-crisis-economica-industria.jpg\",\"width\":1168,\"height\":784,\"caption\":\"Signature: j458e7mC\\\/Z2om\\\/g2GWO+3UiodrA0BENG68yP\\\/GrNC6+8CAs6Z0kl0xhfPm1FRlGRj2Jy5e22dbGYzof01QzBuXzffQCz\\\/pE01yhMyz5eLOAL6RgwiPbV5EplGDKuCOqsYKwqLVUoeVymRlKDYsREx2rt96glCkw6F3c4MVL9UADy0CQMRKeEGRr79wLZssZdNIs9nUhSb+8LnrI+Mao792H52UpfFYPLkYS\\\/\\\/0VqKU+U516E+dcgkHXPTN9NtwQTb7SVVsqyqQBxqYgYE88K5mPl8ud5SY+FBbIQ3J8k1hANY2H\\\/xHnUkv25fKwboDugz\\\/3Wqkg1NvEtiPUJkfZldQam1ndCoGuJ6tqen0JDo5TtghdLc8YFGCmadzPzaT5QVpvkZf6p+C0zH\\\/7y+ghe7xjRqUBXyQ2u2GjkVz1AUWPxcmt3XbEBiVOSMUJwMHk7Tyv3W2KXB4o6EXhsjL1uQ8TsZz0FXaBqqiUKuergD5ZDoG81Dz8x2EWKmnVcAAK8yVTk9Pir462uXJQiojoj9sRjoVltMXCge+zrB0ZNIcNbZ\\\/iP3Liwg68JG2lRYNzNczvnfO4TIwkDdsZGVdtgdU\\\/LI+8+fdsVZn0OehmBTMPqdm3lE2WmA5WXzEj6mkMRBWimnPDJ2shvxuYZfcRVUPi71PXHMSF+RUAKKbP48aB7F8npPsi97PGrhZ2jHkDMzbXsLdlz3\\\/NKkdcyjXjZOyol+9hHLbd3cUjsPGZ+ooPHqSEtxlCTmXUUlOVXf6dBcGS5pTtkX06Wvud1Cob+5E2iUImFu64l7D+eqAaCDBpLtWl81Lu1E9CeOT0R4Y08vlEQWIeA6WNFDBPUJD313HyZ1a1BxMnpkSNiTAOEy5doQIiSr4LsaiIToVMjfcYTNnx+e6XaI\\\/ibJl8znfpnVcHf3ojKUZ\\\/79NyQXXhxScASyD1wEe+qx5KH\\\/Uypf632S4HpbvvtSmJfXUvlFdfDoL\\\/ykwucLOHi13UM3OIoWIk=\"},{\"@type\":\"BreadcrumbList\",\"@id\":\"https:\\\/\\\/primereando.com.ar\\\/index.php\\\/2026\\\/08\\\/31\\\/se-enfria-la-maquina-digital-el-gobierno-de-milei-pierde-fuerza-en-redes-y-ya-no-logra-imponer-agenda\\\/126488\\\/#breadcrumb\",\"itemListElement\":[{\"@type\":\"ListItem\",\"position\":1,\"name\":\"Inicio\",\"item\":\"https:\\\/\\\/primereando.com.ar\\\/\"},{\"@type\":\"ListItem\",\"position\":2,\"name\":\"Se enfr\u00eda la m\u00e1quina digital: el gobierno de Milei pierde fuerza en redes y ya no logra imponer agenda\"}]},{\"@type\":\"WebSite\",\"@id\":\"https:\\\/\\\/primereando.com.ar\\\/#website\",\"url\":\"https:\\\/\\\/primereando.com.ar\\\/\",\"name\":\"Primereando\",\"description\":\"Portal de noticias de la Provincia de Buenos Aires\",\"publisher\":{\"@id\":\"https:\\\/\\\/primereando.com.ar\\\/#organization\"},\"potentialAction\":[{\"@type\":\"SearchAction\",\"target\":{\"@type\":\"EntryPoint\",\"urlTemplate\":\"https:\\\/\\\/primereando.com.ar\\\/?s={search_term_string}\"},\"query-input\":{\"@type\":\"PropertyValueSpecification\",\"valueRequired\":true,\"valueName\":\"search_term_string\"}}],\"inLanguage\":\"es-AR\"},{\"@type\":\"Organization\",\"@id\":\"https:\\\/\\\/primereando.com.ar\\\/#organization\",\"name\":\"Primereando\",\"url\":\"https:\\\/\\\/primereando.com.ar\\\/\",\"logo\":{\"@type\":\"ImageObject\",\"inLanguage\":\"es-AR\",\"@id\":\"https:\\\/\\\/primereando.com.ar\\\/#\\\/schema\\\/logo\\\/image\\\/\",\"url\":\"https:\\\/\\\/primereando.com.ar\\\/wp-content\\\/uploads\\\/2021\\\/12\\\/primereando-logo.png\",\"contentUrl\":\"https:\\\/\\\/primereando.com.ar\\\/wp-content\\\/uploads\\\/2021\\\/12\\\/primereando-logo.png\",\"width\":360,\"height\":96,\"caption\":\"Primereando\"},\"image\":{\"@id\":\"https:\\\/\\\/primereando.com.ar\\\/#\\\/schema\\\/logo\\\/image\\\/\"}},{\"@type\":\"Person\",\"@id\":\"https:\\\/\\\/primereando.com.ar\\\/#\\\/schema\\\/person\\\/26a9348b688072442a19f1fd50b634e7\",\"name\":\"ManuT ManuT\",\"image\":{\"@type\":\"ImageObject\",\"inLanguage\":\"es-AR\",\"@id\":\"https:\\\/\\\/secure.gravatar.com\\\/avatar\\\/cfd2697e666e2ecc9ce352f0c45d54dc0b4ffd5ec09871f5ba6e5907c12ce9de?s=96&d=blank&r=g\",\"url\":\"https:\\\/\\\/secure.gravatar.com\\\/avatar\\\/cfd2697e666e2ecc9ce352f0c45d54dc0b4ffd5ec09871f5ba6e5907c12ce9de?s=96&d=blank&r=g\",\"contentUrl\":\"https:\\\/\\\/secure.gravatar.com\\\/avatar\\\/cfd2697e666e2ecc9ce352f0c45d54dc0b4ffd5ec09871f5ba6e5907c12ce9de?s=96&d=blank&r=g\",\"caption\":\"ManuT ManuT\"},\"url\":\"https:\\\/\\\/primereando.com.ar\\\/index.php\\\/author\\\/manut\\\/\"}]}<\/script>\n<!-- \/ Yoast SEO plugin. -->","yoast_head_json":{"title":"Se enfr\u00eda la m\u00e1quina digital: el gobierno de Milei pierde fuerza en redes y ya no logra imponer agenda - Primereando","robots":{"index":"index","follow":"follow","max-snippet":"max-snippet:-1","max-image-preview":"max-image-preview:large","max-video-preview":"max-video-preview:-1"},"canonical":"https:\/\/primereando.com.ar\/index.php\/2026\/08\/31\/se-enfria-la-maquina-digital-el-gobierno-de-milei-pierde-fuerza-en-redes-y-ya-no-logra-imponer-agenda\/126488\/","og_locale":"es_ES","og_type":"article","og_title":"Se enfr\u00eda la m\u00e1quina digital: el gobierno de Milei pierde fuerza en redes y ya no logra imponer agenda - Primereando","og_description":"Golpeado por esc\u00e1ndalos de corrupci\u00f3n y desconectado de los reclamos sociales, el ecosistema digital libertario registra una ca\u00edda hist\u00f3rica en sus interacciones que le impide seguir fijando los temas de debate. El principal basti\u00f3n de disputa pol\u00edtica del oficialismo libertario atraviesa un acelerado proceso de desgaste. Diversos an\u00e1lisis sobre el comportamiento en plataformas digitales revelan [&hellip;]","og_url":"https:\/\/primereando.com.ar\/index.php\/2026\/08\/31\/se-enfria-la-maquina-digital-el-gobierno-de-milei-pierde-fuerza-en-redes-y-ya-no-logra-imponer-agenda\/126488\/","og_site_name":"Primereando","article_published_time":"2026-08-31T20:41:00+00:00","article_modified_time":"2026-08-31T20:41:01+00:00","og_image":[{"width":1168,"height":784,"url":"https:\/\/primereando.com.ar\/wp-content\/uploads\/2026\/07\/Milei-recesion-crisis-economica-industria.jpg","type":"image\/jpeg"}],"author":"ManuT ManuT","twitter_card":"summary_large_image","twitter_misc":{"Escrito por":"ManuT ManuT","Tiempo de lectura":"2 minutos"},"schema":{"@context":"https:\/\/schema.org","@graph":[{"@type":"Article","@id":"https:\/\/primereando.com.ar\/index.php\/2026\/08\/31\/se-enfria-la-maquina-digital-el-gobierno-de-milei-pierde-fuerza-en-redes-y-ya-no-logra-imponer-agenda\/126488\/#article","isPartOf":{"@id":"https:\/\/primereando.com.ar\/index.php\/2026\/08\/31\/se-enfria-la-maquina-digital-el-gobierno-de-milei-pierde-fuerza-en-redes-y-ya-no-logra-imponer-agenda\/126488\/"},"author":{"name":"ManuT ManuT","@id":"https:\/\/primereando.com.ar\/#\/schema\/person\/26a9348b688072442a19f1fd50b634e7"},"headline":"Se enfr\u00eda la m\u00e1quina digital: el gobierno de Milei pierde fuerza en redes y ya no logra imponer agenda","datePublished":"2026-08-31T20:41:00+00:00","dateModified":"2026-08-31T20:41:01+00:00","mainEntityOfPage":{"@id":"https:\/\/primereando.com.ar\/index.php\/2026\/08\/31\/se-enfria-la-maquina-digital-el-gobierno-de-milei-pierde-fuerza-en-redes-y-ya-no-logra-imponer-agenda\/126488\/"},"wordCount":406,"publisher":{"@id":"https:\/\/primereando.com.ar\/#organization"},"image":{"@id":"https:\/\/primereando.com.ar\/index.php\/2026\/08\/31\/se-enfria-la-maquina-digital-el-gobierno-de-milei-pierde-fuerza-en-redes-y-ya-no-logra-imponer-agenda\/126488\/#primaryimage"},"thumbnailUrl":"https:\/\/primereando.com.ar\/wp-content\/uploads\/2026\/07\/Milei-recesion-crisis-economica-industria.jpg","articleSection":["Actualidad","Sociedad"],"inLanguage":"es-AR"},{"@type":"WebPage","@id":"https:\/\/primereando.com.ar\/index.php\/2026\/08\/31\/se-enfria-la-maquina-digital-el-gobierno-de-milei-pierde-fuerza-en-redes-y-ya-no-logra-imponer-agenda\/126488\/","url":"https:\/\/primereando.com.ar\/index.php\/2026\/08\/31\/se-enfria-la-maquina-digital-el-gobierno-de-milei-pierde-fuerza-en-redes-y-ya-no-logra-imponer-agenda\/126488\/","name":"Se enfr\u00eda la m\u00e1quina digital: el gobierno de Milei pierde fuerza en redes y ya no logra imponer agenda - Primereando","isPartOf":{"@id":"https:\/\/primereando.com.ar\/#website"},"primaryImageOfPage":{"@id":"https:\/\/primereando.com.ar\/index.php\/2026\/08\/31\/se-enfria-la-maquina-digital-el-gobierno-de-milei-pierde-fuerza-en-redes-y-ya-no-logra-imponer-agenda\/126488\/#primaryimage"},"image":{"@id":"https:\/\/primereando.com.ar\/index.php\/2026\/08\/31\/se-enfria-la-maquina-digital-el-gobierno-de-milei-pierde-fuerza-en-redes-y-ya-no-logra-imponer-agenda\/126488\/#primaryimage"},"thumbnailUrl":"https:\/\/primereando.com.ar\/wp-content\/uploads\/2026\/07\/Milei-recesion-crisis-economica-industria.jpg","datePublished":"2026-08-31T20:41:00+00:00","dateModified":"2026-08-31T20:41:01+00:00","breadcrumb":{"@id":"https:\/\/primereando.com.ar\/index.php\/2026\/08\/31\/se-enfria-la-maquina-digital-el-gobierno-de-milei-pierde-fuerza-en-redes-y-ya-no-logra-imponer-agenda\/126488\/#breadcrumb"},"inLanguage":"es-AR","potentialAction":[{"@type":"ReadAction","target":["https:\/\/primereando.com.ar\/index.php\/2026\/08\/31\/se-enfria-la-maquina-digital-el-gobierno-de-milei-pierde-fuerza-en-redes-y-ya-no-logra-imponer-agenda\/126488\/"]}]},{"@type":"ImageObject","inLanguage":"es-AR","@id":"https:\/\/primereando.com.ar\/index.php\/2026\/08\/31\/se-enfria-la-maquina-digital-el-gobierno-de-milei-pierde-fuerza-en-redes-y-ya-no-logra-imponer-agenda\/126488\/#primaryimage","url":"https:\/\/primereando.com.ar\/wp-content\/uploads\/2026\/07\/Milei-recesion-crisis-economica-industria.jpg","contentUrl":"https:\/\/primereando.com.ar\/wp-content\/uploads\/2026\/07\/Milei-recesion-crisis-economica-industria.jpg","width":1168,"height":784,"caption":"Signature: j458e7mC\/Z2om\/g2GWO+3UiodrA0BENG68yP\/GrNC6+8CAs6Z0kl0xhfPm1FRlGRj2Jy5e22dbGYzof01QzBuXzffQCz\/pE01yhMyz5eLOAL6RgwiPbV5EplGDKuCOqsYKwqLVUoeVymRlKDYsREx2rt96glCkw6F3c4MVL9UADy0CQMRKeEGRr79wLZssZdNIs9nUhSb+8LnrI+Mao792H52UpfFYPLkYS\/\/0VqKU+U516E+dcgkHXPTN9NtwQTb7SVVsqyqQBxqYgYE88K5mPl8ud5SY+FBbIQ3J8k1hANY2H\/xHnUkv25fKwboDugz\/3Wqkg1NvEtiPUJkfZldQam1ndCoGuJ6tqen0JDo5TtghdLc8YFGCmadzPzaT5QVpvkZf6p+C0zH\/7y+ghe7xjRqUBXyQ2u2GjkVz1AUWPxcmt3XbEBiVOSMUJwMHk7Tyv3W2KXB4o6EXhsjL1uQ8TsZz0FXaBqqiUKuergD5ZDoG81Dz8x2EWKmnVcAAK8yVTk9Pir462uXJQiojoj9sRjoVltMXCge+zrB0ZNIcNbZ\/iP3Liwg68JG2lRYNzNczvnfO4TIwkDdsZGVdtgdU\/LI+8+fdsVZn0OehmBTMPqdm3lE2WmA5WXzEj6mkMRBWimnPDJ2shvxuYZfcRVUPi71PXHMSF+RUAKKbP48aB7F8npPsi97PGrhZ2jHkDMzbXsLdlz3\/NKkdcyjXjZOyol+9hHLbd3cUjsPGZ+ooPHqSEtxlCTmXUUlOVXf6dBcGS5pTtkX06Wvud1Cob+5E2iUImFu64l7D+eqAaCDBpLtWl81Lu1E9CeOT0R4Y08vlEQWIeA6WNFDBPUJD313HyZ1a1BxMnpkSNiTAOEy5doQIiSr4LsaiIToVMjfcYTNnx+e6XaI\/ibJl8znfpnVcHf3ojKUZ\/79NyQXXhxScASyD1wEe+qx5KH\/Uypf632S4HpbvvtSmJfXUvlFdfDoL\/ykwucLOHi13UM3OIoWIk="},{"@type":"BreadcrumbList","@id":"https:\/\/primereando.com.ar\/index.php\/2026\/08\/31\/se-enfria-la-maquina-digital-el-gobierno-de-milei-pierde-fuerza-en-redes-y-ya-no-logra-imponer-agenda\/126488\/#breadcrumb","itemListElement":[{"@type":"ListItem","position":1,"name":"Inicio","item":"https:\/\/primereando.com.ar\/"},{"@type":"ListItem","position":2,"name":"Se enfr\u00eda la m\u00e1quina digital: el gobierno de Milei pierde fuerza en redes y ya no logra imponer agenda"}]},{"@type":"WebSite","@id":"https:\/\/primereando.com.ar\/#website","url":"https:\/\/primereando.com.ar\/","name":"Primereando","description":"Portal de noticias de la Provincia de Buenos Aires","publisher":{"@id":"https:\/\/primereando.com.ar\/#organization"},"potentialAction":[{"@type":"SearchAction","target":{"@type":"EntryPoint","urlTemplate":"https:\/\/primereando.com.ar\/?s={search_term_string}"},"query-input":{"@type":"PropertyValueSpecification","valueRequired":true,"valueName":"search_term_string"}}],"inLanguage":"es-AR"},{"@type":"Organization","@id":"https:\/\/primereando.com.ar\/#organization","name":"Primereando","url":"https:\/\/primereando.com.ar\/","logo":{"@type":"ImageObject","inLanguage":"es-AR","@id":"https:\/\/primereando.com.ar\/#\/schema\/logo\/image\/","url":"https:\/\/primereando.com.ar\/wp-content\/uploads\/2021\/12\/primereando-logo.png","contentUrl":"https:\/\/primereando.com.ar\/wp-content\/uploads\/2021\/12\/primereando-logo.png","width":360,"height":96,"caption":"Primereando"},"image":{"@id":"https:\/\/primereando.com.ar\/#\/schema\/logo\/image\/"}},{"@type":"Person","@id":"https:\/\/primereando.com.ar\/#\/schema\/person\/26a9348b688072442a19f1fd50b634e7","name":"ManuT ManuT","image":{"@type":"ImageObject","inLanguage":"es-AR","@id":"https:\/\/secure.gravatar.com\/avatar\/cfd2697e666e2ecc9ce352f0c45d54dc0b4ffd5ec09871f5ba6e5907c12ce9de?s=96&d=blank&r=g","url":"https:\/\/secure.gravatar.com\/avatar\/cfd2697e666e2ecc9ce352f0c45d54dc0b4ffd5ec09871f5ba6e5907c12ce9de?s=96&d=blank&r=g","contentUrl":"https:\/\/secure.gravatar.com\/avatar\/cfd2697e666e2ecc9ce352f0c45d54dc0b4ffd5ec09871f5ba6e5907c12ce9de?s=96&d=blank&r=g","caption":"ManuT ManuT"},"url":"https:\/\/primereando.com.ar\/index.php\/author\/manut\/"}]}},"_links":{"self":[{"href":"https:\/\/primereando.com.ar\/index.php\/wp-json\/wp\/v2\/posts\/126488","targetHints":{"allow":["GET"]}}],"collection":[{"href":"https:\/\/primereando.com.ar\/index.php\/wp-json\/wp\/v2\/posts"}],"about":[{"href":"https:\/\/primereando.com.ar\/index.php\/wp-json\/wp\/v2\/types\/post"}],"author":[{"embeddable":true,"href":"https:\/\/primereando.com.ar\/index.php\/wp-json\/wp\/v2\/users\/9"}],"replies":[{"embeddable":true,"href":"https:\/\/primereando.com.ar\/index.php\/wp-json\/wp\/v2\/comments?post=126488"}],"version-history":[{"count":1,"href":"https:\/\/primereando.com.ar\/index.php\/wp-json\/wp\/v2\/posts\/126488\/revisions"}],"predecessor-version":[{"id":126493,"href":"https:\/\/primereando.com.ar\/index.php\/wp-json\/wp\/v2\/posts\/126488\/revisions\/126493"}],"wp:featuredmedia":[{"embeddable":true,"href":"https:\/\/primereando.com.ar\/index.php\/wp-json\/wp\/v2\/media\/126005"}],"wp:attachment":[{"href":"https:\/\/primereando.com.ar\/index.php\/wp-json\/wp\/v2\/media?parent=126488"}],"wp:term":[{"taxonomy":"category","embeddable":true,"href":"https:\/\/primereando.com.ar\/index.php\/wp-json\/wp\/v2\/categories?post=126488"},{"taxonomy":"post_tag","embeddable":true,"href":"https:\/\/primereando.com.ar\/index.php\/wp-json\/wp\/v2\/tags?post=126488"}],"curies":[{"name":"wp","href":"https:\/\/api.w.org\/{rel}","templated":true}]}}