{"id":126494,"date":"2026-09-01T08:01:53","date_gmt":"2026-09-01T11:01:53","guid":{"rendered":"https:\/\/primereando.com.ar\/?p=126494"},"modified":"2026-09-01T08:01:53","modified_gmt":"2026-09-01T11:01:53","slug":"derrumbe-productivo-cerro-la-planta-de-knorr-en-mendoza-y-despidieron-a-60-trabajadores","status":"publish","type":"post","link":"https:\/\/primereando.com.ar\/index.php\/2026\/09\/01\/derrumbe-productivo-cerro-la-planta-de-knorr-en-mendoza-y-despidieron-a-60-trabajadores\/126494\/","title":{"rendered":"Derrumbe productivo: Cerr\u00f3 la planta de Knorr en Mendoza y despidieron a 60 trabajadores"},"content":{"rendered":"\n<h2 class=\"wp-block-heading\">Unilever cerr\u00f3 definitivamente su hist\u00f3rica f\u00e1brica de Rodeo de la Cruz y dej\u00f3 60 trabajadores desvinculados. El golpe tambi\u00e9n alcanza a decenas de agricultores de Mendoza y San Juan que durante d\u00e9cadas adaptaron sus producciones para abastecer a la planta y ahora perdieron a su principal cliente. <\/h2>\n\n\n\n<p class=\"wp-block-paragraph\">La crisis del mercado interno vuelve a dejar una fuerte se\u00f1al de alarma sobre el entramado productivo argentino.<strong> Unilever concret\u00f3 el cierre definitivo de su planta de Rodeo de la Cruz, en Guaymall\u00e9n, Mendoza, y puso fin a m\u00e1s de seis d\u00e9cadas de actividad vinculada al procesamiento y deshidratado de hortalizas destinadas a la marca Knorr.<\/strong><\/p>\n\n\n\n<p class=\"wp-block-paragraph\">La decisi\u00f3n implic\u00f3 <strong>60 despidos y un impacto que excede ampliamente a los trabajadores de la f\u00e1brica<\/strong>. La paralizaci\u00f3n cort\u00f3 una cadena de comercializaci\u00f3n que durante d\u00e9cadas vincul\u00f3 a la compa\u00f1\u00eda con agricultores de Mendoza y San Juan. Muchos de ellos hab\u00edan realizado inversiones y adaptado sus parcelas a las necesidades espec\u00edficas de la empresa y ahora quedaron sin su principal comprador.<\/p>\n\n\n\n<p class=\"wp-block-paragraph\"><strong>La planta procesaba alrededor de<\/strong> <strong>3.500 toneladas de hortalizas por a\u00f1o<\/strong>. All\u00ed se realizaba el tratamiento y deshidratado de las verduras que <strong>posteriormente eran enviadas al centro industrial de Unilever en Pilar, Buenos Aires,<\/strong> donde se elaboraban las sopas instant\u00e1neas y los caldos de Knorr.<\/p>\n\n\n\n<p class=\"wp-block-paragraph\">El cierre expone as\u00ed el efecto cada vez m\u00e1s profundo de la ca\u00edda del consumo sobre la producci\u00f3n. <strong>Cuando el mercado interno se achica, las consecuencias dejan de concentrarse en las g\u00f3ndolas y comienzan a sentirse en las f\u00e1bricas, el empleo, el campo y las cadenas de proveedores.<\/strong><\/p>\n\n\n\n<h3 class=\"wp-block-heading has-medium-font-size\"><strong>Ca\u00edda de las ventas y cambio de modelo<\/strong><\/h3>\n\n\n\n<p class=\"wp-block-paragraph\">Seg\u00fan explic\u00f3 Unilever, la decisi\u00f3n respondi\u00f3 al <strong>cambio en las pautas de consumo y al desplome de las ventas de sopas secas<\/strong>, un producto marcado adem\u00e1s por una fuerte estacionalidad durante los meses de invierno. Para la compa\u00f1\u00eda, sostener durante todo el a\u00f1o la infraestructura necesaria para atender una demanda concentrada en pocos meses dej\u00f3 de ser econ\u00f3micamente viable.<\/p>\n\n\n\n<p class=\"wp-block-paragraph\">La empresa justific\u00f3 el cierre como parte de una <strong>\u201cevoluci\u00f3n del negocio de alimentos\u201d<\/strong> y de una transformaci\u00f3n de su modelo operativo destinada a ganar competitividad frente a las nuevas condiciones del mercado.<\/p>\n\n\n\n<p class=\"wp-block-paragraph\">Sin embargo, detr\u00e1s de la explicaci\u00f3n empresarial queda expuesto el deterioro de una cadena productiva que hab\u00eda funcionado durante d\u00e9cadas. <strong>La decisi\u00f3n no solo elimina puestos industriales: tambi\u00e9n deja en una situaci\u00f3n cr\u00edtica a productores que construyeron su actividad alrededor de una demanda que ahora desaparece.<\/strong><\/p>\n\n\n\n<h3 class=\"wp-block-heading has-medium-font-size\"><strong>Importaciones y tercerizaci\u00f3n<\/strong><\/h3>\n\n\n\n<p class=\"wp-block-paragraph\">El nuevo esquema implica que Unilever dejar\u00e1 de procesar internamente la materia prima en Mendoza. La compa\u00f1\u00eda recurrir\u00e1 a <strong>proveedores externos y a la importaci\u00f3n de insumos<\/strong>, mientras conservar\u00e1 en Pilar las etapas de empaquetado y terminaci\u00f3n de los productos.<\/p>\n\n\n\n<p class=\"wp-block-paragraph\">El cambio representa un fuerte retroceso para la producci\u00f3n local: una parte del proceso que durante d\u00e9cadas se realizaba en Mendoza dejar\u00e1 de efectuarse all\u00ed, reduciendo el nivel de actividad industrial y debilitando el v\u00ednculo entre la gran empresa y los productores regionales.<\/p>\n\n\n\n<h3 class=\"wp-block-heading has-medium-font-size\"><strong>Una f\u00e1brica que deja de producir<\/strong><\/h3>\n\n\n\n<p class=\"wp-block-paragraph\">Unilever aclar\u00f3 que el cierre de la planta mendocina no implica la salida de Knorr del mercado argentino ni afecta la continuidad de sus restantes negocios en el pa\u00eds.<\/p>\n\n\n\n<p class=\"wp-block-paragraph\">Pero <strong>para Mendoza el impacto es concreto:<\/strong> <strong>60 trabajadores pierden sus empleos, decenas de agricultores pierden a su principal cliente y una planta con m\u00e1s de 60 a\u00f1os de historia deja de producir.<\/strong><\/p>\n\n\n\n<p class=\"wp-block-paragraph\">El caso <strong>Knorr se convierte as\u00ed en<\/strong> <strong>otra muestra del deterioro del entramado productivo nacional<\/strong>. La combinaci\u00f3n de menor consumo, ca\u00edda de ventas, reducci\u00f3n de la actividad industrial, tercerizaci\u00f3n e importaciones amenaza con profundizar el proceso de desindustrializaci\u00f3n y extender sus consecuencias mucho m\u00e1s all\u00e1 de las f\u00e1bricas.<\/p>\n\n\n\n<p class=\"wp-block-paragraph\"><strong>El cierre de Rodeo de la Cruz no es solamente la desaparici\u00f3n de una planta: es la ruptura de una cadena productiva que durante d\u00e9cadas sostuvo empleos, inversiones y producci\u00f3n agr\u00edcola en la regi\u00f3n.<\/strong><\/p>\n","protected":false},"excerpt":{"rendered":"<p>Unilever cerr\u00f3 definitivamente su hist\u00f3rica f\u00e1brica de Rodeo de la Cruz y dej\u00f3 60 trabajadores desvinculados. El golpe tambi\u00e9n alcanza a decenas de agricultores de Mendoza y San Juan que durante d\u00e9cadas adaptaron sus producciones para abastecer a la planta y ahora perdieron a su principal cliente. La crisis del mercado interno vuelve a dejar [&hellip;]<\/p>\n","protected":false},"author":8,"featured_media":126495,"comment_status":"closed","ping_status":"closed","sticky":false,"template":"","format":"standard","meta":{"footnotes":""},"categories":[5],"tags":[],"class_list":["post-126494","post","type-post","status-publish","format-standard","has-post-thumbnail","hentry","category-actualidad"],"yoast_head":"<!-- This site is optimized with the Yoast SEO plugin v28.3 - https:\/\/yoast.com\/product\/yoast-seo-wordpress\/ -->\n<title>Derrumbe productivo: Cerr\u00f3 la planta de Knorr en Mendoza y despidieron a 60 trabajadores - Primereando<\/title>\n<meta name=\"robots\" content=\"index, follow, max-snippet:-1, max-image-preview:large, max-video-preview:-1\" \/>\n<link rel=\"canonical\" href=\"https:\/\/primereando.com.ar\/index.php\/2026\/09\/01\/derrumbe-productivo-cerro-la-planta-de-knorr-en-mendoza-y-despidieron-a-60-trabajadores\/126494\/\" \/>\n<meta property=\"og:locale\" content=\"es_ES\" \/>\n<meta property=\"og:type\" content=\"article\" \/>\n<meta property=\"og:title\" content=\"Derrumbe productivo: Cerr\u00f3 la planta de Knorr en Mendoza y despidieron a 60 trabajadores - Primereando\" \/>\n<meta property=\"og:description\" content=\"Unilever cerr\u00f3 definitivamente su hist\u00f3rica f\u00e1brica de Rodeo de la Cruz y dej\u00f3 60 trabajadores desvinculados. El golpe tambi\u00e9n alcanza a decenas de agricultores de Mendoza y San Juan que durante d\u00e9cadas adaptaron sus producciones para abastecer a la planta y ahora perdieron a su principal cliente. La crisis del mercado interno vuelve a dejar [&hellip;]\" \/>\n<meta property=\"og:url\" content=\"https:\/\/primereando.com.ar\/index.php\/2026\/09\/01\/derrumbe-productivo-cerro-la-planta-de-knorr-en-mendoza-y-despidieron-a-60-trabajadores\/126494\/\" \/>\n<meta property=\"og:site_name\" content=\"Primereando\" \/>\n<meta property=\"article:published_time\" content=\"2026-09-01T11:01:53+00:00\" \/>\n<meta property=\"og:image\" content=\"https:\/\/primereando.com.ar\/wp-content\/uploads\/2026\/09\/knorr.jpg\" \/>\n\t<meta property=\"og:image:width\" content=\"610\" \/>\n\t<meta property=\"og:image:height\" content=\"368\" \/>\n\t<meta property=\"og:image:type\" content=\"image\/jpeg\" \/>\n<meta name=\"author\" content=\"ignacio corsario\" \/>\n<meta name=\"twitter:card\" content=\"summary_large_image\" \/>\n<meta name=\"twitter:label1\" content=\"Escrito por\" \/>\n\t<meta name=\"twitter:data1\" content=\"ignacio corsario\" \/>\n\t<meta name=\"twitter:label2\" content=\"Tiempo de lectura\" \/>\n\t<meta name=\"twitter:data2\" content=\"4 minutos\" \/>\n<script type=\"application\/ld+json\" class=\"yoast-schema-graph\">{\"@context\":\"https:\\\/\\\/schema.org\",\"@graph\":[{\"@type\":\"Article\",\"@id\":\"https:\\\/\\\/primereando.com.ar\\\/index.php\\\/2026\\\/09\\\/01\\\/derrumbe-productivo-cerro-la-planta-de-knorr-en-mendoza-y-despidieron-a-60-trabajadores\\\/126494\\\/#article\",\"isPartOf\":{\"@id\":\"https:\\\/\\\/primereando.com.ar\\\/index.php\\\/2026\\\/09\\\/01\\\/derrumbe-productivo-cerro-la-planta-de-knorr-en-mendoza-y-despidieron-a-60-trabajadores\\\/126494\\\/\"},\"author\":{\"name\":\"ignacio corsario\",\"@id\":\"https:\\\/\\\/primereando.com.ar\\\/#\\\/schema\\\/person\\\/163ed2710eec4fd8173e5e51bb8b23ee\"},\"headline\":\"Derrumbe productivo: Cerr\u00f3 la planta de Knorr en Mendoza y despidieron a 60 trabajadores\",\"datePublished\":\"2026-09-01T11:01:53+00:00\",\"mainEntityOfPage\":{\"@id\":\"https:\\\/\\\/primereando.com.ar\\\/index.php\\\/2026\\\/09\\\/01\\\/derrumbe-productivo-cerro-la-planta-de-knorr-en-mendoza-y-despidieron-a-60-trabajadores\\\/126494\\\/\"},\"wordCount\":711,\"publisher\":{\"@id\":\"https:\\\/\\\/primereando.com.ar\\\/#organization\"},\"image\":{\"@id\":\"https:\\\/\\\/primereando.com.ar\\\/index.php\\\/2026\\\/09\\\/01\\\/derrumbe-productivo-cerro-la-planta-de-knorr-en-mendoza-y-despidieron-a-60-trabajadores\\\/126494\\\/#primaryimage\"},\"thumbnailUrl\":\"https:\\\/\\\/primereando.com.ar\\\/wp-content\\\/uploads\\\/2026\\\/09\\\/knorr.jpg\",\"articleSection\":[\"Actualidad\"],\"inLanguage\":\"es-AR\"},{\"@type\":\"WebPage\",\"@id\":\"https:\\\/\\\/primereando.com.ar\\\/index.php\\\/2026\\\/09\\\/01\\\/derrumbe-productivo-cerro-la-planta-de-knorr-en-mendoza-y-despidieron-a-60-trabajadores\\\/126494\\\/\",\"url\":\"https:\\\/\\\/primereando.com.ar\\\/index.php\\\/2026\\\/09\\\/01\\\/derrumbe-productivo-cerro-la-planta-de-knorr-en-mendoza-y-despidieron-a-60-trabajadores\\\/126494\\\/\",\"name\":\"Derrumbe productivo: Cerr\u00f3 la planta de Knorr en Mendoza y despidieron a 60 trabajadores - Primereando\",\"isPartOf\":{\"@id\":\"https:\\\/\\\/primereando.com.ar\\\/#website\"},\"primaryImageOfPage\":{\"@id\":\"https:\\\/\\\/primereando.com.ar\\\/index.php\\\/2026\\\/09\\\/01\\\/derrumbe-productivo-cerro-la-planta-de-knorr-en-mendoza-y-despidieron-a-60-trabajadores\\\/126494\\\/#primaryimage\"},\"image\":{\"@id\":\"https:\\\/\\\/primereando.com.ar\\\/index.php\\\/2026\\\/09\\\/01\\\/derrumbe-productivo-cerro-la-planta-de-knorr-en-mendoza-y-despidieron-a-60-trabajadores\\\/126494\\\/#primaryimage\"},\"thumbnailUrl\":\"https:\\\/\\\/primereando.com.ar\\\/wp-content\\\/uploads\\\/2026\\\/09\\\/knorr.jpg\",\"datePublished\":\"2026-09-01T11:01:53+00:00\",\"breadcrumb\":{\"@id\":\"https:\\\/\\\/primereando.com.ar\\\/index.php\\\/2026\\\/09\\\/01\\\/derrumbe-productivo-cerro-la-planta-de-knorr-en-mendoza-y-despidieron-a-60-trabajadores\\\/126494\\\/#breadcrumb\"},\"inLanguage\":\"es-AR\",\"potentialAction\":[{\"@type\":\"ReadAction\",\"target\":[\"https:\\\/\\\/primereando.com.ar\\\/index.php\\\/2026\\\/09\\\/01\\\/derrumbe-productivo-cerro-la-planta-de-knorr-en-mendoza-y-despidieron-a-60-trabajadores\\\/126494\\\/\"]}]},{\"@type\":\"ImageObject\",\"inLanguage\":\"es-AR\",\"@id\":\"https:\\\/\\\/primereando.com.ar\\\/index.php\\\/2026\\\/09\\\/01\\\/derrumbe-productivo-cerro-la-planta-de-knorr-en-mendoza-y-despidieron-a-60-trabajadores\\\/126494\\\/#primaryimage\",\"url\":\"https:\\\/\\\/primereando.com.ar\\\/wp-content\\\/uploads\\\/2026\\\/09\\\/knorr.jpg\",\"contentUrl\":\"https:\\\/\\\/primereando.com.ar\\\/wp-content\\\/uploads\\\/2026\\\/09\\\/knorr.jpg\",\"width\":610,\"height\":368,\"caption\":\"CREATOR: gd-jpeg v1.0 (using IJG JPEG v80), quality = 85?\"},{\"@type\":\"BreadcrumbList\",\"@id\":\"https:\\\/\\\/primereando.com.ar\\\/index.php\\\/2026\\\/09\\\/01\\\/derrumbe-productivo-cerro-la-planta-de-knorr-en-mendoza-y-despidieron-a-60-trabajadores\\\/126494\\\/#breadcrumb\",\"itemListElement\":[{\"@type\":\"ListItem\",\"position\":1,\"name\":\"Inicio\",\"item\":\"https:\\\/\\\/primereando.com.ar\\\/\"},{\"@type\":\"ListItem\",\"position\":2,\"name\":\"Derrumbe productivo: Cerr\u00f3 la planta de Knorr en Mendoza y despidieron a 60 trabajadores\"}]},{\"@type\":\"WebSite\",\"@id\":\"https:\\\/\\\/primereando.com.ar\\\/#website\",\"url\":\"https:\\\/\\\/primereando.com.ar\\\/\",\"name\":\"Primereando\",\"description\":\"Portal de noticias de la Provincia de Buenos Aires\",\"publisher\":{\"@id\":\"https:\\\/\\\/primereando.com.ar\\\/#organization\"},\"potentialAction\":[{\"@type\":\"SearchAction\",\"target\":{\"@type\":\"EntryPoint\",\"urlTemplate\":\"https:\\\/\\\/primereando.com.ar\\\/?s={search_term_string}\"},\"query-input\":{\"@type\":\"PropertyValueSpecification\",\"valueRequired\":true,\"valueName\":\"search_term_string\"}}],\"inLanguage\":\"es-AR\"},{\"@type\":\"Organization\",\"@id\":\"https:\\\/\\\/primereando.com.ar\\\/#organization\",\"name\":\"Primereando\",\"url\":\"https:\\\/\\\/primereando.com.ar\\\/\",\"logo\":{\"@type\":\"ImageObject\",\"inLanguage\":\"es-AR\",\"@id\":\"https:\\\/\\\/primereando.com.ar\\\/#\\\/schema\\\/logo\\\/image\\\/\",\"url\":\"https:\\\/\\\/primereando.com.ar\\\/wp-content\\\/uploads\\\/2021\\\/12\\\/primereando-logo.png\",\"contentUrl\":\"https:\\\/\\\/primereando.com.ar\\\/wp-content\\\/uploads\\\/2021\\\/12\\\/primereando-logo.png\",\"width\":360,\"height\":96,\"caption\":\"Primereando\"},\"image\":{\"@id\":\"https:\\\/\\\/primereando.com.ar\\\/#\\\/schema\\\/logo\\\/image\\\/\"}},{\"@type\":\"Person\",\"@id\":\"https:\\\/\\\/primereando.com.ar\\\/#\\\/schema\\\/person\\\/163ed2710eec4fd8173e5e51bb8b23ee\",\"name\":\"ignacio corsario\",\"image\":{\"@type\":\"ImageObject\",\"inLanguage\":\"es-AR\",\"@id\":\"https:\\\/\\\/secure.gravatar.com\\\/avatar\\\/88fd77b01053dd79091962d2e6ed54169fabbaefae7619405afc209b70ff06d2?s=96&d=blank&r=g\",\"url\":\"https:\\\/\\\/secure.gravatar.com\\\/avatar\\\/88fd77b01053dd79091962d2e6ed54169fabbaefae7619405afc209b70ff06d2?s=96&d=blank&r=g\",\"contentUrl\":\"https:\\\/\\\/secure.gravatar.com\\\/avatar\\\/88fd77b01053dd79091962d2e6ed54169fabbaefae7619405afc209b70ff06d2?s=96&d=blank&r=g\",\"caption\":\"ignacio corsario\"},\"url\":\"https:\\\/\\\/primereando.com.ar\\\/index.php\\\/author\\\/ignaciocorsario\\\/\"}]}<\/script>\n<!-- \/ Yoast SEO plugin. -->","yoast_head_json":{"title":"Derrumbe productivo: Cerr\u00f3 la planta de Knorr en Mendoza y despidieron a 60 trabajadores - Primereando","robots":{"index":"index","follow":"follow","max-snippet":"max-snippet:-1","max-image-preview":"max-image-preview:large","max-video-preview":"max-video-preview:-1"},"canonical":"https:\/\/primereando.com.ar\/index.php\/2026\/09\/01\/derrumbe-productivo-cerro-la-planta-de-knorr-en-mendoza-y-despidieron-a-60-trabajadores\/126494\/","og_locale":"es_ES","og_type":"article","og_title":"Derrumbe productivo: Cerr\u00f3 la planta de Knorr en Mendoza y despidieron a 60 trabajadores - Primereando","og_description":"Unilever cerr\u00f3 definitivamente su hist\u00f3rica f\u00e1brica de Rodeo de la Cruz y dej\u00f3 60 trabajadores desvinculados. El golpe tambi\u00e9n alcanza a decenas de agricultores de Mendoza y San Juan que durante d\u00e9cadas adaptaron sus producciones para abastecer a la planta y ahora perdieron a su principal cliente. La crisis del mercado interno vuelve a dejar [&hellip;]","og_url":"https:\/\/primereando.com.ar\/index.php\/2026\/09\/01\/derrumbe-productivo-cerro-la-planta-de-knorr-en-mendoza-y-despidieron-a-60-trabajadores\/126494\/","og_site_name":"Primereando","article_published_time":"2026-09-01T11:01:53+00:00","og_image":[{"width":610,"height":368,"url":"https:\/\/primereando.com.ar\/wp-content\/uploads\/2026\/09\/knorr.jpg","type":"image\/jpeg"}],"author":"ignacio corsario","twitter_card":"summary_large_image","twitter_misc":{"Escrito por":"ignacio corsario","Tiempo de lectura":"4 minutos"},"schema":{"@context":"https:\/\/schema.org","@graph":[{"@type":"Article","@id":"https:\/\/primereando.com.ar\/index.php\/2026\/09\/01\/derrumbe-productivo-cerro-la-planta-de-knorr-en-mendoza-y-despidieron-a-60-trabajadores\/126494\/#article","isPartOf":{"@id":"https:\/\/primereando.com.ar\/index.php\/2026\/09\/01\/derrumbe-productivo-cerro-la-planta-de-knorr-en-mendoza-y-despidieron-a-60-trabajadores\/126494\/"},"author":{"name":"ignacio corsario","@id":"https:\/\/primereando.com.ar\/#\/schema\/person\/163ed2710eec4fd8173e5e51bb8b23ee"},"headline":"Derrumbe productivo: Cerr\u00f3 la planta de Knorr en Mendoza y despidieron a 60 trabajadores","datePublished":"2026-09-01T11:01:53+00:00","mainEntityOfPage":{"@id":"https:\/\/primereando.com.ar\/index.php\/2026\/09\/01\/derrumbe-productivo-cerro-la-planta-de-knorr-en-mendoza-y-despidieron-a-60-trabajadores\/126494\/"},"wordCount":711,"publisher":{"@id":"https:\/\/primereando.com.ar\/#organization"},"image":{"@id":"https:\/\/primereando.com.ar\/index.php\/2026\/09\/01\/derrumbe-productivo-cerro-la-planta-de-knorr-en-mendoza-y-despidieron-a-60-trabajadores\/126494\/#primaryimage"},"thumbnailUrl":"https:\/\/primereando.com.ar\/wp-content\/uploads\/2026\/09\/knorr.jpg","articleSection":["Actualidad"],"inLanguage":"es-AR"},{"@type":"WebPage","@id":"https:\/\/primereando.com.ar\/index.php\/2026\/09\/01\/derrumbe-productivo-cerro-la-planta-de-knorr-en-mendoza-y-despidieron-a-60-trabajadores\/126494\/","url":"https:\/\/primereando.com.ar\/index.php\/2026\/09\/01\/derrumbe-productivo-cerro-la-planta-de-knorr-en-mendoza-y-despidieron-a-60-trabajadores\/126494\/","name":"Derrumbe productivo: Cerr\u00f3 la planta de Knorr en Mendoza y despidieron a 60 trabajadores - Primereando","isPartOf":{"@id":"https:\/\/primereando.com.ar\/#website"},"primaryImageOfPage":{"@id":"https:\/\/primereando.com.ar\/index.php\/2026\/09\/01\/derrumbe-productivo-cerro-la-planta-de-knorr-en-mendoza-y-despidieron-a-60-trabajadores\/126494\/#primaryimage"},"image":{"@id":"https:\/\/primereando.com.ar\/index.php\/2026\/09\/01\/derrumbe-productivo-cerro-la-planta-de-knorr-en-mendoza-y-despidieron-a-60-trabajadores\/126494\/#primaryimage"},"thumbnailUrl":"https:\/\/primereando.com.ar\/wp-content\/uploads\/2026\/09\/knorr.jpg","datePublished":"2026-09-01T11:01:53+00:00","breadcrumb":{"@id":"https:\/\/primereando.com.ar\/index.php\/2026\/09\/01\/derrumbe-productivo-cerro-la-planta-de-knorr-en-mendoza-y-despidieron-a-60-trabajadores\/126494\/#breadcrumb"},"inLanguage":"es-AR","potentialAction":[{"@type":"ReadAction","target":["https:\/\/primereando.com.ar\/index.php\/2026\/09\/01\/derrumbe-productivo-cerro-la-planta-de-knorr-en-mendoza-y-despidieron-a-60-trabajadores\/126494\/"]}]},{"@type":"ImageObject","inLanguage":"es-AR","@id":"https:\/\/primereando.com.ar\/index.php\/2026\/09\/01\/derrumbe-productivo-cerro-la-planta-de-knorr-en-mendoza-y-despidieron-a-60-trabajadores\/126494\/#primaryimage","url":"https:\/\/primereando.com.ar\/wp-content\/uploads\/2026\/09\/knorr.jpg","contentUrl":"https:\/\/primereando.com.ar\/wp-content\/uploads\/2026\/09\/knorr.jpg","width":610,"height":368,"caption":"CREATOR: gd-jpeg v1.0 (using IJG JPEG v80), quality = 85?"},{"@type":"BreadcrumbList","@id":"https:\/\/primereando.com.ar\/index.php\/2026\/09\/01\/derrumbe-productivo-cerro-la-planta-de-knorr-en-mendoza-y-despidieron-a-60-trabajadores\/126494\/#breadcrumb","itemListElement":[{"@type":"ListItem","position":1,"name":"Inicio","item":"https:\/\/primereando.com.ar\/"},{"@type":"ListItem","position":2,"name":"Derrumbe productivo: Cerr\u00f3 la planta de Knorr en Mendoza y despidieron a 60 trabajadores"}]},{"@type":"WebSite","@id":"https:\/\/primereando.com.ar\/#website","url":"https:\/\/primereando.com.ar\/","name":"Primereando","description":"Portal de noticias de la Provincia de Buenos Aires","publisher":{"@id":"https:\/\/primereando.com.ar\/#organization"},"potentialAction":[{"@type":"SearchAction","target":{"@type":"EntryPoint","urlTemplate":"https:\/\/primereando.com.ar\/?s={search_term_string}"},"query-input":{"@type":"PropertyValueSpecification","valueRequired":true,"valueName":"search_term_string"}}],"inLanguage":"es-AR"},{"@type":"Organization","@id":"https:\/\/primereando.com.ar\/#organization","name":"Primereando","url":"https:\/\/primereando.com.ar\/","logo":{"@type":"ImageObject","inLanguage":"es-AR","@id":"https:\/\/primereando.com.ar\/#\/schema\/logo\/image\/","url":"https:\/\/primereando.com.ar\/wp-content\/uploads\/2021\/12\/primereando-logo.png","contentUrl":"https:\/\/primereando.com.ar\/wp-content\/uploads\/2021\/12\/primereando-logo.png","width":360,"height":96,"caption":"Primereando"},"image":{"@id":"https:\/\/primereando.com.ar\/#\/schema\/logo\/image\/"}},{"@type":"Person","@id":"https:\/\/primereando.com.ar\/#\/schema\/person\/163ed2710eec4fd8173e5e51bb8b23ee","name":"ignacio corsario","image":{"@type":"ImageObject","inLanguage":"es-AR","@id":"https:\/\/secure.gravatar.com\/avatar\/88fd77b01053dd79091962d2e6ed54169fabbaefae7619405afc209b70ff06d2?s=96&d=blank&r=g","url":"https:\/\/secure.gravatar.com\/avatar\/88fd77b01053dd79091962d2e6ed54169fabbaefae7619405afc209b70ff06d2?s=96&d=blank&r=g","contentUrl":"https:\/\/secure.gravatar.com\/avatar\/88fd77b01053dd79091962d2e6ed54169fabbaefae7619405afc209b70ff06d2?s=96&d=blank&r=g","caption":"ignacio corsario"},"url":"https:\/\/primereando.com.ar\/index.php\/author\/ignaciocorsario\/"}]}},"_links":{"self":[{"href":"https:\/\/primereando.com.ar\/index.php\/wp-json\/wp\/v2\/posts\/126494","targetHints":{"allow":["GET"]}}],"collection":[{"href":"https:\/\/primereando.com.ar\/index.php\/wp-json\/wp\/v2\/posts"}],"about":[{"href":"https:\/\/primereando.com.ar\/index.php\/wp-json\/wp\/v2\/types\/post"}],"author":[{"embeddable":true,"href":"https:\/\/primereando.com.ar\/index.php\/wp-json\/wp\/v2\/users\/8"}],"replies":[{"embeddable":true,"href":"https:\/\/primereando.com.ar\/index.php\/wp-json\/wp\/v2\/comments?post=126494"}],"version-history":[{"count":1,"href":"https:\/\/primereando.com.ar\/index.php\/wp-json\/wp\/v2\/posts\/126494\/revisions"}],"predecessor-version":[{"id":126496,"href":"https:\/\/primereando.com.ar\/index.php\/wp-json\/wp\/v2\/posts\/126494\/revisions\/126496"}],"wp:featuredmedia":[{"embeddable":true,"href":"https:\/\/primereando.com.ar\/index.php\/wp-json\/wp\/v2\/media\/126495"}],"wp:attachment":[{"href":"https:\/\/primereando.com.ar\/index.php\/wp-json\/wp\/v2\/media?parent=126494"}],"wp:term":[{"taxonomy":"category","embeddable":true,"href":"https:\/\/primereando.com.ar\/index.php\/wp-json\/wp\/v2\/categories?post=126494"},{"taxonomy":"post_tag","embeddable":true,"href":"https:\/\/primereando.com.ar\/index.php\/wp-json\/wp\/v2\/tags?post=126494"}],"curies":[{"name":"wp","href":"https:\/\/api.w.org\/{rel}","templated":true}]}}