{"id":126497,"date":"2026-09-01T08:18:02","date_gmt":"2026-09-01T11:18:02","guid":{"rendered":"https:\/\/primereando.com.ar\/?p=126497"},"modified":"2026-09-01T08:18:02","modified_gmt":"2026-09-01T11:18:02","slug":"insolito-jorge-macri-quiere-que-las-familias-se-hagan-cargo-de-las-obras-y-limpieza-de-las-escuelas","status":"publish","type":"post","link":"https:\/\/primereando.com.ar\/index.php\/2026\/09\/01\/insolito-jorge-macri-quiere-que-las-familias-se-hagan-cargo-de-las-obras-y-limpieza-de-las-escuelas\/126497\/","title":{"rendered":"Ins\u00f3lito: Jorge Macri quiere que las familias se hagan cargo de las obras y limpieza de las escuelas"},"content":{"rendered":"\n<h2 class=\"wp-block-heading\">Crece el rechazo al nuevo protocolo que impulsa el Gobierno de la Ciudad y que pone sobre estudiantes, padres y cooperadoras tareas que corresponden al Estado. \u201cEsto no es corresponsabilidad, es delegaci\u00f3n de responsabilidad\u201d, denuncian. <\/h2>\n\n\n\n<p class=\"wp-block-paragraph\">Lo que el Gobierno de la Ciudad present\u00f3 como un simple <strong>\u201ccambio de protocolo\u201d<\/strong> encendi\u00f3 la alarma entre las comunidades educativas porte\u00f1as. Bajo el denominado <strong>\u201cMarco general para la cultura del cuidado en establecimientos educativos\u201d<\/strong>, la gesti\u00f3n de Jorge Macri impulsa una serie de medidas que, seg\u00fan denuncian las cooperadoras, <strong>terminan trasladando a las familias y a los estudiantes responsabilidades que deber\u00edan ser asumidas por el Estado<\/strong>.<\/p>\n\n\n\n<p class=\"wp-block-paragraph\">El viernes por la noche, el <strong>Ministerio de Educaci\u00f3n porte\u00f1o, encabezado por Mercedes Miguel<\/strong>, envi\u00f3 un correo a cientos de miles de familias para anunciar las nuevas pautas. El documento plantea una serie de iniciativas destinadas a promover el cuidado de los establecimientos, pero <strong>las cooperadoras advierten que detr\u00e1s de los eufemismos existe un problema de fondo<\/strong>: <strong>el Gobierno porte\u00f1o pretende que la comunidad educativa se haga cargo de resolver parte de las deficiencias de infraestructura y mantenimiento de las escuelas<\/strong>.<\/p>\n\n\n\n<p class=\"wp-block-paragraph\"><strong>Para las familias, una cosa es colaborar con el cuidado cotidiano de los establecimientos y otra muy diferente es que esa colaboraci\u00f3n termine reemplazando las obligaciones de la administraci\u00f3n porte\u00f1a.<\/strong><\/p>\n\n\n\n<p class=\"wp-block-paragraph\">\u201c<strong>Esto es responsabilidad del Gobierno de la Ciudad<\/strong>\u201d, sostuvo Pablo Cesaroni, referente de Cooperadores en Movimiento, quien cuestion\u00f3 que <strong>mientras las cooperadoras enfrentan cada vez m\u00e1s dificultades para funcionar, el Gobierno les exige resolver una cantidad creciente de problemas.<\/strong><\/p>\n\n\n\n<p class=\"wp-block-paragraph\">Seg\u00fan denuncian las cooperadoras, el problema se vincula con una pol\u00edtica que <strong>lleva a\u00f1os de<\/strong> <strong>recortes y falta de inversi\u00f3n en infraestructura escolar<\/strong>. Cesaroni se\u00f1al\u00f3 que desde hace casi dos d\u00e9cadas las cooperadoras no reciben fondos destinados espec\u00edficamente al mantenimiento y las obras, mientras las familias contin\u00faan aportando dinero y tiempo para sostener los establecimientos.<\/p>\n\n\n\n<p class=\"wp-block-paragraph\"><strong>\u201cSi hay escuelas que tienen los techos rotos o que no tienen calefacci\u00f3n, tienen que solucionarlo. Basta de utilizar a las familias como bomberos para cubrir las cosas que el Gobierno no hace\u201d<\/strong>, reclam\u00f3.<\/p>\n\n\n\n<h3 class=\"wp-block-heading has-medium-font-size\">Un protocolo que genera pol\u00e9mica<\/h3>\n\n\n\n<p class=\"wp-block-paragraph\"><strong>Jorge Macri defendi\u00f3 la iniciativa bajo la idea de recuperar una supuesta \u201ccultura del orden\u201d<\/strong> y del respeto por las reglas. Sin embargo, la implementaci\u00f3n del nuevo esquema gener\u00f3 fuertes cuestionamientos por el alcance que tendr\u00e1n las tareas asignadas a la comunidad educativa.<\/p>\n\n\n\n<p class=\"wp-block-paragraph\">Entre las propuestas aparecen los llamados <strong>\u201cEmbajadores del cuidado\u201d<\/strong>, mediante los cuales cada curso deber\u00e1 asumir semanalmente y de manera rotativa la responsabilidad de verificar un sector de la escuela. Tambi\u00e9n se plantea destinar los \u00faltimos minutos antes de un cambio de actividad o del final de la jornada a revisar el estado del espacio utilizado.<\/p>\n\n\n\n<p class=\"wp-block-paragraph\">El protocolo incluye adem\u00e1s una <strong>\u201cEstaci\u00f3n Ambiental\u201d<\/strong> para el acopio y gesti\u00f3n de residuos con fines pedag\u00f3gicos y campa\u00f1as para retirar carteles y afiches.<\/p>\n\n\n\n<p class=\"wp-block-paragraph\">Pero el punto que m\u00e1s preocupaci\u00f3n genera es aquel que contempla que, frente a determinados da\u00f1os, <strong>la propia comunidad educativa, junto con las cooperadoras, participe de las estrategias destinadas a repararlos<\/strong>.<\/p>\n\n\n\n<p class=\"wp-block-paragraph\">Grafitis en paredes y mobiliario, bancos o puertas da\u00f1ados y deterioros en los ba\u00f1os podr\u00edan derivar en jornadas de reparaci\u00f3n y recuperaci\u00f3n con participaci\u00f3n estudiantil, siempre que no se considere necesaria una intervenci\u00f3n urgente.<\/p>\n\n\n\n<p class=\"wp-block-paragraph\">La pregunta que plantean las cooperadoras es inevitable: <strong>\u00bfd\u00f3nde termina la participaci\u00f3n comunitaria y d\u00f3nde comienza la obligaci\u00f3n del Estado?<\/strong><\/p>\n\n\n\n<h3 class=\"wp-block-heading has-medium-font-size\"><strong>\u201cEsto no es corresponsabilidad: es delegaci\u00f3n\u201d<\/strong><\/h3>\n\n\n\n<p class=\"wp-block-paragraph\"><strong>Las cooperadoras sostienen que desde hace a\u00f1os las familias ya realizan tareas de mantenimiento, colaboran con la pintura, organizan actividades y aportan recursos para cubrir necesidades que deber\u00edan ser atendidas mediante presupuesto p\u00fablico.<\/strong><\/p>\n\n\n\n<p class=\"wp-block-paragraph\">Ahora temen que el nuevo protocolo termine institucionalizando esa situaci\u00f3n.<\/p>\n\n\n\n<p class=\"wp-block-paragraph\"><strong>\u201cAdem\u00e1s de recaudar y pintar, \u00bfnos piden que hagamos \u2018gesti\u00f3n del cambio de h\u00e1bitos\u2019 para que los chicos \u2018cuiden\u2019 un edificio que el propio Ministerio no cuida?<\/strong>\u201d, cuestionaron.<\/p>\n\n\n\n<p class=\"wp-block-paragraph\">Y fueron todav\u00eda m\u00e1s contundentes: <strong>\u201cEsto no es corresponsabilidad, es delegaci\u00f3n de responsabilidad\u201d<\/strong>.<\/p>\n\n\n\n<p class=\"wp-block-paragraph\">El reclamo apunta directamente al Gobierno porte\u00f1o: las familias pueden colaborar con la vida cotidiana de una escuela, pero <strong>no deber\u00edan convertirse en responsables de garantizar su infraestructura, mantenimiento y condiciones edilicias<\/strong>.<\/p>\n\n\n\n<p class=\"wp-block-paragraph\">Una escuela con filtraciones, problemas de calefacci\u00f3n, deterioro edilicio o instalaciones que requieren reparaci\u00f3n necesita, seg\u00fan plantean las cooperadoras, <strong>una respuesta presupuestaria y de gesti\u00f3n<\/strong>, <strong>no trasladar el problema a padres y estudiantes.<\/strong><\/p>\n\n\n\n<h3 class=\"wp-block-heading has-medium-font-size\"><strong>Las cooperadoras exigen que el Estado vuelva a hacerse cargo<\/strong><\/h3>\n\n\n\n<p class=\"wp-block-paragraph\">Ante este escenario, las organizaciones reclaman un aumento del presupuesto destinado a obras, la intervenci\u00f3n de las empresas de mantenimiento y la ejecuci\u00f3n de los trabajos pendientes para garantizar establecimientos seguros.<\/p>\n\n\n\n<p class=\"wp-block-paragraph\">Tambi\u00e9n exigen que se deje de trasladar a las cooperadoras y a las familias el costo econ\u00f3mico y humano de resolver problemas que corresponden al Estado.<\/p>\n\n\n\n<p class=\"wp-block-paragraph\"><strong>Las familias, remarcan, ya cuidan las escuelas desde hace a\u00f1os. Lo hacen aportando dinero, tiempo y trabajo voluntario. Lo que reclaman ahora es que el Gobierno porte\u00f1o cumpla con su parte.<\/strong><\/p>\n\n\n\n<p class=\"wp-block-paragraph\">La pol\u00e9mica deja as\u00ed expuesta una situaci\u00f3n que genera creciente preocupaci\u00f3n en la comunidad educativa: <strong>un Gobierno que, en lugar de reforzar la inversi\u00f3n y asumir el mantenimiento de las escuelas p\u00fablicas, parece avanzar hacia un esquema en el que padres, estudiantes y cooperadoras terminan funcionando como reemplazo de las obligaciones estatales.<\/strong><\/p>\n","protected":false},"excerpt":{"rendered":"<p>Crece el rechazo al nuevo protocolo que impulsa el Gobierno de la Ciudad y que pone sobre estudiantes, padres y cooperadoras tareas que corresponden al Estado. \u201cEsto no es corresponsabilidad, es delegaci\u00f3n de responsabilidad\u201d, denuncian. Lo que el Gobierno de la Ciudad present\u00f3 como un simple \u201ccambio de protocolo\u201d encendi\u00f3 la alarma entre las comunidades [&hellip;]<\/p>\n","protected":false},"author":8,"featured_media":95378,"comment_status":"closed","ping_status":"closed","sticky":false,"template":"","format":"standard","meta":{"footnotes":""},"categories":[5],"tags":[],"class_list":["post-126497","post","type-post","status-publish","format-standard","has-post-thumbnail","hentry","category-actualidad"],"yoast_head":"<!-- This site is optimized with the Yoast SEO plugin v28.3 - https:\/\/yoast.com\/product\/yoast-seo-wordpress\/ -->\n<title>Ins\u00f3lito: Jorge Macri quiere que las familias se hagan cargo de las obras y limpieza de las escuelas - Primereando<\/title>\n<meta name=\"robots\" content=\"index, follow, max-snippet:-1, max-image-preview:large, max-video-preview:-1\" \/>\n<link rel=\"canonical\" href=\"https:\/\/primereando.com.ar\/index.php\/2026\/09\/01\/insolito-jorge-macri-quiere-que-las-familias-se-hagan-cargo-de-las-obras-y-limpieza-de-las-escuelas\/126497\/\" \/>\n<meta property=\"og:locale\" content=\"es_ES\" \/>\n<meta property=\"og:type\" content=\"article\" \/>\n<meta property=\"og:title\" content=\"Ins\u00f3lito: Jorge Macri quiere que las familias se hagan cargo de las obras y limpieza de las escuelas - Primereando\" \/>\n<meta property=\"og:description\" content=\"Crece el rechazo al nuevo protocolo que impulsa el Gobierno de la Ciudad y que pone sobre estudiantes, padres y cooperadoras tareas que corresponden al Estado. \u201cEsto no es corresponsabilidad, es delegaci\u00f3n de responsabilidad\u201d, denuncian. Lo que el Gobierno de la Ciudad present\u00f3 como un simple \u201ccambio de protocolo\u201d encendi\u00f3 la alarma entre las comunidades [&hellip;]\" \/>\n<meta property=\"og:url\" content=\"https:\/\/primereando.com.ar\/index.php\/2026\/09\/01\/insolito-jorge-macri-quiere-que-las-familias-se-hagan-cargo-de-las-obras-y-limpieza-de-las-escuelas\/126497\/\" \/>\n<meta property=\"og:site_name\" content=\"Primereando\" \/>\n<meta property=\"article:published_time\" content=\"2026-09-01T11:18:02+00:00\" \/>\n<meta property=\"og:image\" content=\"https:\/\/primereando.com.ar\/wp-content\/uploads\/2023\/06\/jorge-macrijpg.jpg\" \/>\n\t<meta property=\"og:image:width\" content=\"788\" \/>\n\t<meta property=\"og:image:height\" content=\"591\" \/>\n\t<meta property=\"og:image:type\" content=\"image\/jpeg\" \/>\n<meta name=\"author\" content=\"ignacio corsario\" \/>\n<meta name=\"twitter:card\" content=\"summary_large_image\" \/>\n<meta name=\"twitter:label1\" content=\"Escrito por\" \/>\n\t<meta name=\"twitter:data1\" content=\"ignacio corsario\" \/>\n\t<meta name=\"twitter:label2\" content=\"Tiempo de lectura\" \/>\n\t<meta name=\"twitter:data2\" content=\"5 minutos\" \/>\n<script type=\"application\/ld+json\" class=\"yoast-schema-graph\">{\"@context\":\"https:\\\/\\\/schema.org\",\"@graph\":[{\"@type\":\"Article\",\"@id\":\"https:\\\/\\\/primereando.com.ar\\\/index.php\\\/2026\\\/09\\\/01\\\/insolito-jorge-macri-quiere-que-las-familias-se-hagan-cargo-de-las-obras-y-limpieza-de-las-escuelas\\\/126497\\\/#article\",\"isPartOf\":{\"@id\":\"https:\\\/\\\/primereando.com.ar\\\/index.php\\\/2026\\\/09\\\/01\\\/insolito-jorge-macri-quiere-que-las-familias-se-hagan-cargo-de-las-obras-y-limpieza-de-las-escuelas\\\/126497\\\/\"},\"author\":{\"name\":\"ignacio corsario\",\"@id\":\"https:\\\/\\\/primereando.com.ar\\\/#\\\/schema\\\/person\\\/163ed2710eec4fd8173e5e51bb8b23ee\"},\"headline\":\"Ins\u00f3lito: Jorge Macri quiere que las familias se hagan cargo de las obras y limpieza de las escuelas\",\"datePublished\":\"2026-09-01T11:18:02+00:00\",\"mainEntityOfPage\":{\"@id\":\"https:\\\/\\\/primereando.com.ar\\\/index.php\\\/2026\\\/09\\\/01\\\/insolito-jorge-macri-quiere-que-las-familias-se-hagan-cargo-de-las-obras-y-limpieza-de-las-escuelas\\\/126497\\\/\"},\"wordCount\":951,\"publisher\":{\"@id\":\"https:\\\/\\\/primereando.com.ar\\\/#organization\"},\"image\":{\"@id\":\"https:\\\/\\\/primereando.com.ar\\\/index.php\\\/2026\\\/09\\\/01\\\/insolito-jorge-macri-quiere-que-las-familias-se-hagan-cargo-de-las-obras-y-limpieza-de-las-escuelas\\\/126497\\\/#primaryimage\"},\"thumbnailUrl\":\"https:\\\/\\\/primereando.com.ar\\\/wp-content\\\/uploads\\\/2023\\\/06\\\/jorge-macrijpg.jpg\",\"articleSection\":[\"Actualidad\"],\"inLanguage\":\"es-AR\"},{\"@type\":\"WebPage\",\"@id\":\"https:\\\/\\\/primereando.com.ar\\\/index.php\\\/2026\\\/09\\\/01\\\/insolito-jorge-macri-quiere-que-las-familias-se-hagan-cargo-de-las-obras-y-limpieza-de-las-escuelas\\\/126497\\\/\",\"url\":\"https:\\\/\\\/primereando.com.ar\\\/index.php\\\/2026\\\/09\\\/01\\\/insolito-jorge-macri-quiere-que-las-familias-se-hagan-cargo-de-las-obras-y-limpieza-de-las-escuelas\\\/126497\\\/\",\"name\":\"Ins\u00f3lito: Jorge Macri quiere que las familias se hagan cargo de las obras y limpieza de las escuelas - Primereando\",\"isPartOf\":{\"@id\":\"https:\\\/\\\/primereando.com.ar\\\/#website\"},\"primaryImageOfPage\":{\"@id\":\"https:\\\/\\\/primereando.com.ar\\\/index.php\\\/2026\\\/09\\\/01\\\/insolito-jorge-macri-quiere-que-las-familias-se-hagan-cargo-de-las-obras-y-limpieza-de-las-escuelas\\\/126497\\\/#primaryimage\"},\"image\":{\"@id\":\"https:\\\/\\\/primereando.com.ar\\\/index.php\\\/2026\\\/09\\\/01\\\/insolito-jorge-macri-quiere-que-las-familias-se-hagan-cargo-de-las-obras-y-limpieza-de-las-escuelas\\\/126497\\\/#primaryimage\"},\"thumbnailUrl\":\"https:\\\/\\\/primereando.com.ar\\\/wp-content\\\/uploads\\\/2023\\\/06\\\/jorge-macrijpg.jpg\",\"datePublished\":\"2026-09-01T11:18:02+00:00\",\"breadcrumb\":{\"@id\":\"https:\\\/\\\/primereando.com.ar\\\/index.php\\\/2026\\\/09\\\/01\\\/insolito-jorge-macri-quiere-que-las-familias-se-hagan-cargo-de-las-obras-y-limpieza-de-las-escuelas\\\/126497\\\/#breadcrumb\"},\"inLanguage\":\"es-AR\",\"potentialAction\":[{\"@type\":\"ReadAction\",\"target\":[\"https:\\\/\\\/primereando.com.ar\\\/index.php\\\/2026\\\/09\\\/01\\\/insolito-jorge-macri-quiere-que-las-familias-se-hagan-cargo-de-las-obras-y-limpieza-de-las-escuelas\\\/126497\\\/\"]}]},{\"@type\":\"ImageObject\",\"inLanguage\":\"es-AR\",\"@id\":\"https:\\\/\\\/primereando.com.ar\\\/index.php\\\/2026\\\/09\\\/01\\\/insolito-jorge-macri-quiere-que-las-familias-se-hagan-cargo-de-las-obras-y-limpieza-de-las-escuelas\\\/126497\\\/#primaryimage\",\"url\":\"https:\\\/\\\/primereando.com.ar\\\/wp-content\\\/uploads\\\/2023\\\/06\\\/jorge-macrijpg.jpg\",\"contentUrl\":\"https:\\\/\\\/primereando.com.ar\\\/wp-content\\\/uploads\\\/2023\\\/06\\\/jorge-macrijpg.jpg\",\"width\":788,\"height\":591},{\"@type\":\"BreadcrumbList\",\"@id\":\"https:\\\/\\\/primereando.com.ar\\\/index.php\\\/2026\\\/09\\\/01\\\/insolito-jorge-macri-quiere-que-las-familias-se-hagan-cargo-de-las-obras-y-limpieza-de-las-escuelas\\\/126497\\\/#breadcrumb\",\"itemListElement\":[{\"@type\":\"ListItem\",\"position\":1,\"name\":\"Inicio\",\"item\":\"https:\\\/\\\/primereando.com.ar\\\/\"},{\"@type\":\"ListItem\",\"position\":2,\"name\":\"Ins\u00f3lito: Jorge Macri quiere que las familias se hagan cargo de las obras y limpieza de las escuelas\"}]},{\"@type\":\"WebSite\",\"@id\":\"https:\\\/\\\/primereando.com.ar\\\/#website\",\"url\":\"https:\\\/\\\/primereando.com.ar\\\/\",\"name\":\"Primereando\",\"description\":\"Portal de noticias de la Provincia de Buenos Aires\",\"publisher\":{\"@id\":\"https:\\\/\\\/primereando.com.ar\\\/#organization\"},\"potentialAction\":[{\"@type\":\"SearchAction\",\"target\":{\"@type\":\"EntryPoint\",\"urlTemplate\":\"https:\\\/\\\/primereando.com.ar\\\/?s={search_term_string}\"},\"query-input\":{\"@type\":\"PropertyValueSpecification\",\"valueRequired\":true,\"valueName\":\"search_term_string\"}}],\"inLanguage\":\"es-AR\"},{\"@type\":\"Organization\",\"@id\":\"https:\\\/\\\/primereando.com.ar\\\/#organization\",\"name\":\"Primereando\",\"url\":\"https:\\\/\\\/primereando.com.ar\\\/\",\"logo\":{\"@type\":\"ImageObject\",\"inLanguage\":\"es-AR\",\"@id\":\"https:\\\/\\\/primereando.com.ar\\\/#\\\/schema\\\/logo\\\/image\\\/\",\"url\":\"https:\\\/\\\/primereando.com.ar\\\/wp-content\\\/uploads\\\/2021\\\/12\\\/primereando-logo.png\",\"contentUrl\":\"https:\\\/\\\/primereando.com.ar\\\/wp-content\\\/uploads\\\/2021\\\/12\\\/primereando-logo.png\",\"width\":360,\"height\":96,\"caption\":\"Primereando\"},\"image\":{\"@id\":\"https:\\\/\\\/primereando.com.ar\\\/#\\\/schema\\\/logo\\\/image\\\/\"}},{\"@type\":\"Person\",\"@id\":\"https:\\\/\\\/primereando.com.ar\\\/#\\\/schema\\\/person\\\/163ed2710eec4fd8173e5e51bb8b23ee\",\"name\":\"ignacio corsario\",\"image\":{\"@type\":\"ImageObject\",\"inLanguage\":\"es-AR\",\"@id\":\"https:\\\/\\\/secure.gravatar.com\\\/avatar\\\/88fd77b01053dd79091962d2e6ed54169fabbaefae7619405afc209b70ff06d2?s=96&d=blank&r=g\",\"url\":\"https:\\\/\\\/secure.gravatar.com\\\/avatar\\\/88fd77b01053dd79091962d2e6ed54169fabbaefae7619405afc209b70ff06d2?s=96&d=blank&r=g\",\"contentUrl\":\"https:\\\/\\\/secure.gravatar.com\\\/avatar\\\/88fd77b01053dd79091962d2e6ed54169fabbaefae7619405afc209b70ff06d2?s=96&d=blank&r=g\",\"caption\":\"ignacio corsario\"},\"url\":\"https:\\\/\\\/primereando.com.ar\\\/index.php\\\/author\\\/ignaciocorsario\\\/\"}]}<\/script>\n<!-- \/ Yoast SEO plugin. -->","yoast_head_json":{"title":"Ins\u00f3lito: Jorge Macri quiere que las familias se hagan cargo de las obras y limpieza de las escuelas - Primereando","robots":{"index":"index","follow":"follow","max-snippet":"max-snippet:-1","max-image-preview":"max-image-preview:large","max-video-preview":"max-video-preview:-1"},"canonical":"https:\/\/primereando.com.ar\/index.php\/2026\/09\/01\/insolito-jorge-macri-quiere-que-las-familias-se-hagan-cargo-de-las-obras-y-limpieza-de-las-escuelas\/126497\/","og_locale":"es_ES","og_type":"article","og_title":"Ins\u00f3lito: Jorge Macri quiere que las familias se hagan cargo de las obras y limpieza de las escuelas - Primereando","og_description":"Crece el rechazo al nuevo protocolo que impulsa el Gobierno de la Ciudad y que pone sobre estudiantes, padres y cooperadoras tareas que corresponden al Estado. \u201cEsto no es corresponsabilidad, es delegaci\u00f3n de responsabilidad\u201d, denuncian. Lo que el Gobierno de la Ciudad present\u00f3 como un simple \u201ccambio de protocolo\u201d encendi\u00f3 la alarma entre las comunidades [&hellip;]","og_url":"https:\/\/primereando.com.ar\/index.php\/2026\/09\/01\/insolito-jorge-macri-quiere-que-las-familias-se-hagan-cargo-de-las-obras-y-limpieza-de-las-escuelas\/126497\/","og_site_name":"Primereando","article_published_time":"2026-09-01T11:18:02+00:00","og_image":[{"width":788,"height":591,"url":"https:\/\/primereando.com.ar\/wp-content\/uploads\/2023\/06\/jorge-macrijpg.jpg","type":"image\/jpeg"}],"author":"ignacio corsario","twitter_card":"summary_large_image","twitter_misc":{"Escrito por":"ignacio corsario","Tiempo de lectura":"5 minutos"},"schema":{"@context":"https:\/\/schema.org","@graph":[{"@type":"Article","@id":"https:\/\/primereando.com.ar\/index.php\/2026\/09\/01\/insolito-jorge-macri-quiere-que-las-familias-se-hagan-cargo-de-las-obras-y-limpieza-de-las-escuelas\/126497\/#article","isPartOf":{"@id":"https:\/\/primereando.com.ar\/index.php\/2026\/09\/01\/insolito-jorge-macri-quiere-que-las-familias-se-hagan-cargo-de-las-obras-y-limpieza-de-las-escuelas\/126497\/"},"author":{"name":"ignacio corsario","@id":"https:\/\/primereando.com.ar\/#\/schema\/person\/163ed2710eec4fd8173e5e51bb8b23ee"},"headline":"Ins\u00f3lito: Jorge Macri quiere que las familias se hagan cargo de las obras y limpieza de las escuelas","datePublished":"2026-09-01T11:18:02+00:00","mainEntityOfPage":{"@id":"https:\/\/primereando.com.ar\/index.php\/2026\/09\/01\/insolito-jorge-macri-quiere-que-las-familias-se-hagan-cargo-de-las-obras-y-limpieza-de-las-escuelas\/126497\/"},"wordCount":951,"publisher":{"@id":"https:\/\/primereando.com.ar\/#organization"},"image":{"@id":"https:\/\/primereando.com.ar\/index.php\/2026\/09\/01\/insolito-jorge-macri-quiere-que-las-familias-se-hagan-cargo-de-las-obras-y-limpieza-de-las-escuelas\/126497\/#primaryimage"},"thumbnailUrl":"https:\/\/primereando.com.ar\/wp-content\/uploads\/2023\/06\/jorge-macrijpg.jpg","articleSection":["Actualidad"],"inLanguage":"es-AR"},{"@type":"WebPage","@id":"https:\/\/primereando.com.ar\/index.php\/2026\/09\/01\/insolito-jorge-macri-quiere-que-las-familias-se-hagan-cargo-de-las-obras-y-limpieza-de-las-escuelas\/126497\/","url":"https:\/\/primereando.com.ar\/index.php\/2026\/09\/01\/insolito-jorge-macri-quiere-que-las-familias-se-hagan-cargo-de-las-obras-y-limpieza-de-las-escuelas\/126497\/","name":"Ins\u00f3lito: Jorge Macri quiere que las familias se hagan cargo de las obras y limpieza de las escuelas - Primereando","isPartOf":{"@id":"https:\/\/primereando.com.ar\/#website"},"primaryImageOfPage":{"@id":"https:\/\/primereando.com.ar\/index.php\/2026\/09\/01\/insolito-jorge-macri-quiere-que-las-familias-se-hagan-cargo-de-las-obras-y-limpieza-de-las-escuelas\/126497\/#primaryimage"},"image":{"@id":"https:\/\/primereando.com.ar\/index.php\/2026\/09\/01\/insolito-jorge-macri-quiere-que-las-familias-se-hagan-cargo-de-las-obras-y-limpieza-de-las-escuelas\/126497\/#primaryimage"},"thumbnailUrl":"https:\/\/primereando.com.ar\/wp-content\/uploads\/2023\/06\/jorge-macrijpg.jpg","datePublished":"2026-09-01T11:18:02+00:00","breadcrumb":{"@id":"https:\/\/primereando.com.ar\/index.php\/2026\/09\/01\/insolito-jorge-macri-quiere-que-las-familias-se-hagan-cargo-de-las-obras-y-limpieza-de-las-escuelas\/126497\/#breadcrumb"},"inLanguage":"es-AR","potentialAction":[{"@type":"ReadAction","target":["https:\/\/primereando.com.ar\/index.php\/2026\/09\/01\/insolito-jorge-macri-quiere-que-las-familias-se-hagan-cargo-de-las-obras-y-limpieza-de-las-escuelas\/126497\/"]}]},{"@type":"ImageObject","inLanguage":"es-AR","@id":"https:\/\/primereando.com.ar\/index.php\/2026\/09\/01\/insolito-jorge-macri-quiere-que-las-familias-se-hagan-cargo-de-las-obras-y-limpieza-de-las-escuelas\/126497\/#primaryimage","url":"https:\/\/primereando.com.ar\/wp-content\/uploads\/2023\/06\/jorge-macrijpg.jpg","contentUrl":"https:\/\/primereando.com.ar\/wp-content\/uploads\/2023\/06\/jorge-macrijpg.jpg","width":788,"height":591},{"@type":"BreadcrumbList","@id":"https:\/\/primereando.com.ar\/index.php\/2026\/09\/01\/insolito-jorge-macri-quiere-que-las-familias-se-hagan-cargo-de-las-obras-y-limpieza-de-las-escuelas\/126497\/#breadcrumb","itemListElement":[{"@type":"ListItem","position":1,"name":"Inicio","item":"https:\/\/primereando.com.ar\/"},{"@type":"ListItem","position":2,"name":"Ins\u00f3lito: Jorge Macri quiere que las familias se hagan cargo de las obras y limpieza de las escuelas"}]},{"@type":"WebSite","@id":"https:\/\/primereando.com.ar\/#website","url":"https:\/\/primereando.com.ar\/","name":"Primereando","description":"Portal de noticias de la Provincia de Buenos Aires","publisher":{"@id":"https:\/\/primereando.com.ar\/#organization"},"potentialAction":[{"@type":"SearchAction","target":{"@type":"EntryPoint","urlTemplate":"https:\/\/primereando.com.ar\/?s={search_term_string}"},"query-input":{"@type":"PropertyValueSpecification","valueRequired":true,"valueName":"search_term_string"}}],"inLanguage":"es-AR"},{"@type":"Organization","@id":"https:\/\/primereando.com.ar\/#organization","name":"Primereando","url":"https:\/\/primereando.com.ar\/","logo":{"@type":"ImageObject","inLanguage":"es-AR","@id":"https:\/\/primereando.com.ar\/#\/schema\/logo\/image\/","url":"https:\/\/primereando.com.ar\/wp-content\/uploads\/2021\/12\/primereando-logo.png","contentUrl":"https:\/\/primereando.com.ar\/wp-content\/uploads\/2021\/12\/primereando-logo.png","width":360,"height":96,"caption":"Primereando"},"image":{"@id":"https:\/\/primereando.com.ar\/#\/schema\/logo\/image\/"}},{"@type":"Person","@id":"https:\/\/primereando.com.ar\/#\/schema\/person\/163ed2710eec4fd8173e5e51bb8b23ee","name":"ignacio corsario","image":{"@type":"ImageObject","inLanguage":"es-AR","@id":"https:\/\/secure.gravatar.com\/avatar\/88fd77b01053dd79091962d2e6ed54169fabbaefae7619405afc209b70ff06d2?s=96&d=blank&r=g","url":"https:\/\/secure.gravatar.com\/avatar\/88fd77b01053dd79091962d2e6ed54169fabbaefae7619405afc209b70ff06d2?s=96&d=blank&r=g","contentUrl":"https:\/\/secure.gravatar.com\/avatar\/88fd77b01053dd79091962d2e6ed54169fabbaefae7619405afc209b70ff06d2?s=96&d=blank&r=g","caption":"ignacio corsario"},"url":"https:\/\/primereando.com.ar\/index.php\/author\/ignaciocorsario\/"}]}},"_links":{"self":[{"href":"https:\/\/primereando.com.ar\/index.php\/wp-json\/wp\/v2\/posts\/126497","targetHints":{"allow":["GET"]}}],"collection":[{"href":"https:\/\/primereando.com.ar\/index.php\/wp-json\/wp\/v2\/posts"}],"about":[{"href":"https:\/\/primereando.com.ar\/index.php\/wp-json\/wp\/v2\/types\/post"}],"author":[{"embeddable":true,"href":"https:\/\/primereando.com.ar\/index.php\/wp-json\/wp\/v2\/users\/8"}],"replies":[{"embeddable":true,"href":"https:\/\/primereando.com.ar\/index.php\/wp-json\/wp\/v2\/comments?post=126497"}],"version-history":[{"count":1,"href":"https:\/\/primereando.com.ar\/index.php\/wp-json\/wp\/v2\/posts\/126497\/revisions"}],"predecessor-version":[{"id":126498,"href":"https:\/\/primereando.com.ar\/index.php\/wp-json\/wp\/v2\/posts\/126497\/revisions\/126498"}],"wp:featuredmedia":[{"embeddable":true,"href":"https:\/\/primereando.com.ar\/index.php\/wp-json\/wp\/v2\/media\/95378"}],"wp:attachment":[{"href":"https:\/\/primereando.com.ar\/index.php\/wp-json\/wp\/v2\/media?parent=126497"}],"wp:term":[{"taxonomy":"category","embeddable":true,"href":"https:\/\/primereando.com.ar\/index.php\/wp-json\/wp\/v2\/categories?post=126497"},{"taxonomy":"post_tag","embeddable":true,"href":"https:\/\/primereando.com.ar\/index.php\/wp-json\/wp\/v2\/tags?post=126497"}],"curies":[{"name":"wp","href":"https:\/\/api.w.org\/{rel}","templated":true}]}}