{"id":126503,"date":"2026-09-01T11:43:52","date_gmt":"2026-09-01T14:43:52","guid":{"rendered":"https:\/\/primereando.com.ar\/?p=126503"},"modified":"2026-09-01T11:43:54","modified_gmt":"2026-09-01T14:43:54","slug":"el-sahara-occidental-la-herida-abierta-del-colonialismo-en-el-siglo-xxi","status":"publish","type":"post","link":"https:\/\/primereando.com.ar\/index.php\/2026\/09\/01\/el-sahara-occidental-la-herida-abierta-del-colonialismo-en-el-siglo-xxi\/126503\/","title":{"rendered":"El S\u00e1hara Occidental: la herida abierta del colonialismo en el siglo XXI"},"content":{"rendered":"\n<p class=\"wp-block-paragraph\"><em><strong>Por Carlos Mart\u00ednez<\/strong><\/em>*<\/p>\n\n\n\n<p class=\"wp-block-paragraph\">Hay causas que trascienden las fronteras y los intereses de los poderosos. Hay luchas que, aunque silenciadas por los grandes medios y ninguneadas por las canciller\u00edas occidentales, se sostienen en la verdad hist\u00f3rica, en el derecho y en la dignidad de un pueblo. La causa del S\u00e1hara Occidental es una de ellas. No es solo una causa anticolonial y antiimperialista; es tambi\u00e9n la causa de la justicia, del derecho internacional y del principio fundamental de que ning\u00fan pueblo puede ser sometido contra su voluntad.<\/p>\n\n\n\n<p class=\"wp-block-paragraph\">El S\u00e1hara Occidental figura todav\u00eda hoy en la lista de territorios no aut\u00f3nomos de Naciones Unidas. Fue incluido en 1963 y, desde entonces, la comunidad internacional ha sido clara: Espa\u00f1a sigue siendo de iure la potencia administradora del territorio. La Asamblea General de la ONU estableci\u00f3 ya en 1965, mediante la Resoluci\u00f3n 2072, que Espa\u00f1a deb\u00eda conducir el S\u00e1hara Occidental hacia su emancipaci\u00f3n pol\u00edtica. Pero ese proceso qued\u00f3 truncado.<\/p>\n\n\n\n<p class=\"wp-block-paragraph\">Los llamados Acuerdos de Madrid de 1975, firmados en la agon\u00eda del franquismo, no transfirieron la soberan\u00eda del territorio ni modificaron su estatus jur\u00eddico internacional. El asesor jur\u00eddico de Naciones Unidas lo record\u00f3 en 2002: Espa\u00f1a no pod\u00eda disponer unilateralmente de su condici\u00f3n de potencia administradora ni transferir la soberan\u00eda del territorio. Ese criterio ha sido reiterado incluso por la Audiencia Nacional espa\u00f1ola en 2014.<\/p>\n\n\n\n<p class=\"wp-block-paragraph\">Sin embargo, el refer\u00e9ndum de autodeterminaci\u00f3n prometido sigue sin celebrarse. La MINURSO fue establecida en 1991 para organizar esa consulta. M\u00e1s de treinta a\u00f1os despu\u00e9s, el pueblo saharaui sigue esperando. La reciente Resoluci\u00f3n 2797 del Consejo de Seguridad, adoptada el 31 de octubre de 2025, renueva un a\u00f1o m\u00e1s el mandato de la MINURSO, pero evita abrir v\u00edas sustantivas que permitan avanzar hacia el refer\u00e9ndum. Es la misma inacci\u00f3n de siempre, el mismo aplazamiento que favorece al ocupante.<\/p>\n\n\n\n<p class=\"wp-block-paragraph\"><strong>La traici\u00f3n de 1975 y la cesi\u00f3n de 2022<\/strong><\/p>\n\n\n\n<p class=\"wp-block-paragraph\">Espa\u00f1a no solo abandon\u00f3 su responsabilidad; la entreg\u00f3 a manos de quien no ten\u00eda derecho a recibirla. El 9 de noviembre de 1975, el rey Juan Carlos I, impuesto por Franco y &#8220;hermano&#8221; del monarca alauita Hassan II, pact\u00f3 la entrega del S\u00e1hara a Marruecos. No fue un acto de estado mayoritario ni consultado; fue una cesi\u00f3n vergonzosa, urdida en despachos, que conden\u00f3 a un pueblo entero a la ocupaci\u00f3n.<\/p>\n\n\n\n<p class=\"wp-block-paragraph\">Y medio siglo despu\u00e9s, la historia se repiti\u00f3. Pedro S\u00e1nchez, sin consultar al Parlamento ni al pueblo espa\u00f1ol, cambi\u00f3 la hist\u00f3rica posici\u00f3n de neutralidad de Espa\u00f1a y apoy\u00f3 el plan de autonom\u00eda marroqu\u00ed como &#8220;la base m\u00e1s seria, realista y cre\u00edble&#8221; para una soluci\u00f3n. Un giro que muchos analistas han interpretado como una progresiva pol\u00edtica de acomodaci\u00f3n a las posiciones de Rabat. El acuerdo administrativo firmado en diciembre de 2025 entre los ministerios de Educaci\u00f3n de Espa\u00f1a y Marruecos, que cede la ense\u00f1anza en el colegio espa\u00f1ol La Paz de El Aai\u00fan a la administraci\u00f3n educativa marroqu\u00ed, es solo el \u00faltimo episodio de esta rendici\u00f3n. Marruecos ha visto la debilidad del Reino de Espa\u00f1a y sus gobiernos y a diferencia de ellos sabe lo que quiere y como conseguirlo, mientras que las autoridades espa\u00f1olas carecen de plan y su sujeci\u00f3n a los intereses de los EEUU y su miedo a la corona alauita junto a sus dadivas y corrupciones, mantiene un pol\u00edtica err\u00e1tica, miedosa y liberal carente de toda defensa de la soberan\u00eda propia y la dignidad.<\/p>\n\n\n\n<p class=\"wp-block-paragraph\"><strong>Marruecos, EE.UU. e Israel: el eje de la ocupaci\u00f3n<\/strong><\/p>\n\n\n\n<p class=\"wp-block-paragraph\">Marruecos no act\u00faa solo. Su expansi\u00f3n territorial, basada en supuestos derechos hist\u00f3ricos de antiguos sultanatos que nada tienen que ver con el derecho internacional contempor\u00e1neo, se sostiene sobre alianzas estrat\u00e9gicas con las potencias occidentales y con el ente sionista de Israel.<\/p>\n\n\n\n<p class=\"wp-block-paragraph\">En diciembre de 2020, la Administraci\u00f3n Trump reconoci\u00f3 la soberan\u00eda marroqu\u00ed sobre el S\u00e1hara Occidental a cambio de la normalizaci\u00f3n de relaciones entre Marruecos e Israel. Fue un canje vergonzoso: un territorio pendiente de descolonizaci\u00f3n se convirti\u00f3 en moneda de cambio en los Acuerdos de Abraham. Desde entonces, Estados Unidos ha reiterado su apoyo a la posici\u00f3n de Rabat, y Francia y Alemania han calificado el plan de autonom\u00eda marroqu\u00ed como &#8220;serio y cre\u00edble&#8221;. La alianza con Israel, con cooperaci\u00f3n en seguridad, tecnolog\u00eda y econom\u00eda, ha dado a Marruecos un respaldo pol\u00edtico y militar sin precedentes.<\/p>\n\n\n\n<p class=\"wp-block-paragraph\">Esta alianza no es un fen\u00f3meno aislado. Es parte de un nuevo mapa de alianzas que debilita la posici\u00f3n negociadora de Europa y convierte el Mediterr\u00e1neo en un escenario de presi\u00f3n y chantaje. Marruecos ha aprendido que puede usar la presi\u00f3n migratoria como arma de negociaci\u00f3n. No es un socio de fiar; es un pa\u00eds que juega sistem\u00e1ticamente con cartas marcadas.<\/p>\n\n\n\n<p class=\"wp-block-paragraph\">Pero la dinast\u00eda alauita tambi\u00e9n convierte a su propio pueblo en objeto de su explotaci\u00f3n y expropiaci\u00f3n de riquezas y derechos, empobreci\u00e9ndolo y neg\u00e1ndole el bienestar, manipul\u00e1ndole y oprimiendo a otras minor\u00edas interirores, mientras su rey posee la quinta fortuna m\u00e1s grande de \u00c1frica.<\/p>\n\n\n\n<p class=\"wp-block-paragraph\"><strong>El Frente Polisario: la voz leg\u00edtima de un pueblo<\/strong><\/p>\n\n\n\n<p class=\"wp-block-paragraph\">Frente a esta alianza de potencias coloniales y neo-coloniales, el Frente Polisario se mantiene en pie. No es un grupo m\u00e1s en disputa con otros; es el \u00fanico representante leg\u00edtimo del pueblo saharaui, reconocido como tal por la ONU y por la Uni\u00f3n Africana. La Asamblea General de Naciones Unidas, mediante las Resoluciones 34\/37 (1979) y 35\/19 (1980), reconoci\u00f3 al Frente Polisario como representante del pueblo del S\u00e1hara Occidental. Desde 1984, la Rep\u00fablica \u00c1rabe Saharaui Democr\u00e1tica es miembro de pleno derecho de la Uni\u00f3n Africana.<\/p>\n\n\n\n<p class=\"wp-block-paragraph\">La inmensa mayor\u00eda de las potencias africanas, todas ellas ex colonias, reconocen al Frente Polisario como el leg\u00edtimo representante del pueblo saharaui. Numerosas naciones, partidos pol\u00edticos y asociaciones internacionales respaldan su causa. La lucha saharaui es, adem\u00e1s, una causa antiimperialista. Marruecos, EE.UU. e Israel solo gozan del apoyo de potencias que fueron colonizadoras y que desean hacer del reino alauita una base contra el multilateralismo y la soberan\u00eda de los pueblos.<\/p>\n\n\n\n<p class=\"wp-block-paragraph\"><strong>Neocolonialismo: el expolio del Sur Global<\/strong><\/p>\n\n\n\n<p class=\"wp-block-paragraph\">El S\u00e1hara Occidental no es un caso aislado. Es la expresi\u00f3n de una lacra m\u00e1s amplia: el neocolonialismo. Occidente y sus potencias siguen practicando la usurpaci\u00f3n y expropiaci\u00f3n de las riquezas naturales del Sur Global. El S\u00e1hara Occidental es un territorio rico en fosfatos, pesca, hidrocarburos y otros recursos. Su ocupaci\u00f3n bloquea la explotaci\u00f3n de esos recursos por su poblaci\u00f3n aut\u00f3ctona, mientras la corona se los ofrece a empresas multinacionales y a potencias extranjeras que est\u00e1n entrando a saco en el Sahara Occidental.<\/p>\n\n\n\n<p class=\"wp-block-paragraph\">Marruecos, con la connivencia de EE.UU., Israel, la OTAN y la Uni\u00f3n Europea, mantiene un escenario de guerra y ocupaci\u00f3n para asegurar el control de esas riquezas. Cuando las naciones del mundo demuestran ser capaces de lograr su propio desarrollo, las potencias coloniales recurren a s\u00e1trapas o a la guerra. La causa saharaui expresa que el colonialismo sigue presente, y que tanto Marruecos por s\u00ed mismo como por delegaci\u00f3n occidental lo ejerce, al igual que el ente sionista de Israel en Palestina o Gran Breta\u00f1a en Gibraltar.<\/p>\n\n\n\n<p class=\"wp-block-paragraph\"><strong>La justicia no prescribe<\/strong><\/p>\n\n\n\n<p class=\"wp-block-paragraph\">El S\u00e1hara Occidental es la \u00faltima colonia de \u00c1frica. Es el recordatorio de que el colonialismo no es un asunto del pasado, sino una realidad presente. Es la prueba de que el derecho internacional puede ser violado impunemente cuando los poderosos as\u00ed lo deciden. Pero la justicia no prescribe. El pueblo saharaui sigue en pie, el Frente Polisario sigue luchando, y la comunidad internacional tiene la obligaci\u00f3n moral y jur\u00eddica de exigir el cumplimiento de las resoluciones de la ONU.<\/p>\n\n\n\n<p class=\"wp-block-paragraph\">Espa\u00f1a, como potencia administradora, tiene la obligaci\u00f3n de contribuir a un refer\u00e9ndum de autodeterminaci\u00f3n. No puede lavarse las manos. No puede esconderse tras acuerdos vergonzosos. El pueblo saharaui merece decidir su futuro. Y el mundo, si realmente cree en la justicia, en el derecho internacional y en la soberan\u00eda de los pueblos, debe estar de su lado.<\/p>\n\n\n\n<p class=\"wp-block-paragraph\"><em><strong>*Polit\u00f3logo y miembro de Sovintern<\/strong><\/em><\/p>\n\n\n\n<p class=\"wp-block-paragraph\"><\/p>\n","protected":false},"excerpt":{"rendered":"<p>Por Carlos Mart\u00ednez* Hay causas que trascienden las fronteras y los intereses de los poderosos. Hay luchas que, aunque silenciadas por los grandes medios y ninguneadas por las canciller\u00edas occidentales, se sostienen en la verdad hist\u00f3rica, en el derecho y en la dignidad de un pueblo. La causa del S\u00e1hara Occidental es una de ellas. [&hellip;]<\/p>\n","protected":false},"author":5,"featured_media":126504,"comment_status":"closed","ping_status":"closed","sticky":false,"template":"","format":"standard","meta":{"footnotes":""},"categories":[22],"tags":[],"class_list":["post-126503","post","type-post","status-publish","format-standard","has-post-thumbnail","hentry","category-sociedad"],"yoast_head":"<!-- This site is optimized with the Yoast SEO plugin v28.4 - https:\/\/yoast.com\/product\/yoast-seo-wordpress\/ -->\n<title>El S\u00e1hara Occidental: la herida abierta del colonialismo en el siglo XXI - Primereando<\/title>\n<meta name=\"robots\" content=\"index, follow, max-snippet:-1, max-image-preview:large, max-video-preview:-1\" \/>\n<link rel=\"canonical\" href=\"https:\/\/primereando.com.ar\/index.php\/2026\/09\/01\/el-sahara-occidental-la-herida-abierta-del-colonialismo-en-el-siglo-xxi\/126503\/\" \/>\n<meta property=\"og:locale\" content=\"es_ES\" \/>\n<meta property=\"og:type\" content=\"article\" \/>\n<meta property=\"og:title\" content=\"El S\u00e1hara Occidental: la herida abierta del colonialismo en el siglo XXI - Primereando\" \/>\n<meta property=\"og:description\" content=\"Por Carlos Mart\u00ednez* Hay causas que trascienden las fronteras y los intereses de los poderosos. Hay luchas que, aunque silenciadas por los grandes medios y ninguneadas por las canciller\u00edas occidentales, se sostienen en la verdad hist\u00f3rica, en el derecho y en la dignidad de un pueblo. La causa del S\u00e1hara Occidental es una de ellas. [&hellip;]\" \/>\n<meta property=\"og:url\" content=\"https:\/\/primereando.com.ar\/index.php\/2026\/09\/01\/el-sahara-occidental-la-herida-abierta-del-colonialismo-en-el-siglo-xxi\/126503\/\" \/>\n<meta property=\"og:site_name\" content=\"Primereando\" \/>\n<meta property=\"article:published_time\" content=\"2026-09-01T14:43:52+00:00\" \/>\n<meta property=\"article:modified_time\" content=\"2026-09-01T14:43:54+00:00\" \/>\n<meta property=\"og:image\" content=\"https:\/\/primereando.com.ar\/wp-content\/uploads\/2026\/09\/Sahara.jpg\" \/>\n\t<meta property=\"og:image:width\" content=\"1300\" \/>\n\t<meta property=\"og:image:height\" content=\"830\" \/>\n\t<meta property=\"og:image:type\" content=\"image\/jpeg\" \/>\n<meta name=\"author\" content=\"Santi\" \/>\n<meta name=\"twitter:card\" content=\"summary_large_image\" \/>\n<meta name=\"twitter:label1\" content=\"Escrito por\" \/>\n\t<meta name=\"twitter:data1\" content=\"Santi\" \/>\n\t<meta name=\"twitter:label2\" content=\"Tiempo de lectura\" \/>\n\t<meta name=\"twitter:data2\" content=\"7 minutos\" \/>\n<script type=\"application\/ld+json\" class=\"yoast-schema-graph\">{\"@context\":\"https:\\\/\\\/schema.org\",\"@graph\":[{\"@type\":\"Article\",\"@id\":\"https:\\\/\\\/primereando.com.ar\\\/index.php\\\/2026\\\/09\\\/01\\\/el-sahara-occidental-la-herida-abierta-del-colonialismo-en-el-siglo-xxi\\\/126503\\\/#article\",\"isPartOf\":{\"@id\":\"https:\\\/\\\/primereando.com.ar\\\/index.php\\\/2026\\\/09\\\/01\\\/el-sahara-occidental-la-herida-abierta-del-colonialismo-en-el-siglo-xxi\\\/126503\\\/\"},\"author\":{\"name\":\"Santi\",\"@id\":\"https:\\\/\\\/primereando.com.ar\\\/#\\\/schema\\\/person\\\/f250f4a69159edd43a28e83566a151ca\"},\"headline\":\"El S\u00e1hara Occidental: la herida abierta del colonialismo en el siglo XXI\",\"datePublished\":\"2026-09-01T14:43:52+00:00\",\"dateModified\":\"2026-09-01T14:43:54+00:00\",\"mainEntityOfPage\":{\"@id\":\"https:\\\/\\\/primereando.com.ar\\\/index.php\\\/2026\\\/09\\\/01\\\/el-sahara-occidental-la-herida-abierta-del-colonialismo-en-el-siglo-xxi\\\/126503\\\/\"},\"wordCount\":1429,\"publisher\":{\"@id\":\"https:\\\/\\\/primereando.com.ar\\\/#organization\"},\"image\":{\"@id\":\"https:\\\/\\\/primereando.com.ar\\\/index.php\\\/2026\\\/09\\\/01\\\/el-sahara-occidental-la-herida-abierta-del-colonialismo-en-el-siglo-xxi\\\/126503\\\/#primaryimage\"},\"thumbnailUrl\":\"https:\\\/\\\/primereando.com.ar\\\/wp-content\\\/uploads\\\/2026\\\/09\\\/Sahara.jpg\",\"articleSection\":[\"Sociedad\"],\"inLanguage\":\"es-AR\"},{\"@type\":\"WebPage\",\"@id\":\"https:\\\/\\\/primereando.com.ar\\\/index.php\\\/2026\\\/09\\\/01\\\/el-sahara-occidental-la-herida-abierta-del-colonialismo-en-el-siglo-xxi\\\/126503\\\/\",\"url\":\"https:\\\/\\\/primereando.com.ar\\\/index.php\\\/2026\\\/09\\\/01\\\/el-sahara-occidental-la-herida-abierta-del-colonialismo-en-el-siglo-xxi\\\/126503\\\/\",\"name\":\"El S\u00e1hara Occidental: la herida abierta del colonialismo en el siglo XXI - Primereando\",\"isPartOf\":{\"@id\":\"https:\\\/\\\/primereando.com.ar\\\/#website\"},\"primaryImageOfPage\":{\"@id\":\"https:\\\/\\\/primereando.com.ar\\\/index.php\\\/2026\\\/09\\\/01\\\/el-sahara-occidental-la-herida-abierta-del-colonialismo-en-el-siglo-xxi\\\/126503\\\/#primaryimage\"},\"image\":{\"@id\":\"https:\\\/\\\/primereando.com.ar\\\/index.php\\\/2026\\\/09\\\/01\\\/el-sahara-occidental-la-herida-abierta-del-colonialismo-en-el-siglo-xxi\\\/126503\\\/#primaryimage\"},\"thumbnailUrl\":\"https:\\\/\\\/primereando.com.ar\\\/wp-content\\\/uploads\\\/2026\\\/09\\\/Sahara.jpg\",\"datePublished\":\"2026-09-01T14:43:52+00:00\",\"dateModified\":\"2026-09-01T14:43:54+00:00\",\"breadcrumb\":{\"@id\":\"https:\\\/\\\/primereando.com.ar\\\/index.php\\\/2026\\\/09\\\/01\\\/el-sahara-occidental-la-herida-abierta-del-colonialismo-en-el-siglo-xxi\\\/126503\\\/#breadcrumb\"},\"inLanguage\":\"es-AR\",\"potentialAction\":[{\"@type\":\"ReadAction\",\"target\":[\"https:\\\/\\\/primereando.com.ar\\\/index.php\\\/2026\\\/09\\\/01\\\/el-sahara-occidental-la-herida-abierta-del-colonialismo-en-el-siglo-xxi\\\/126503\\\/\"]}]},{\"@type\":\"ImageObject\",\"inLanguage\":\"es-AR\",\"@id\":\"https:\\\/\\\/primereando.com.ar\\\/index.php\\\/2026\\\/09\\\/01\\\/el-sahara-occidental-la-herida-abierta-del-colonialismo-en-el-siglo-xxi\\\/126503\\\/#primaryimage\",\"url\":\"https:\\\/\\\/primereando.com.ar\\\/wp-content\\\/uploads\\\/2026\\\/09\\\/Sahara.jpg\",\"contentUrl\":\"https:\\\/\\\/primereando.com.ar\\\/wp-content\\\/uploads\\\/2026\\\/09\\\/Sahara.jpg\",\"width\":1300,\"height\":830},{\"@type\":\"BreadcrumbList\",\"@id\":\"https:\\\/\\\/primereando.com.ar\\\/index.php\\\/2026\\\/09\\\/01\\\/el-sahara-occidental-la-herida-abierta-del-colonialismo-en-el-siglo-xxi\\\/126503\\\/#breadcrumb\",\"itemListElement\":[{\"@type\":\"ListItem\",\"position\":1,\"name\":\"Inicio\",\"item\":\"https:\\\/\\\/primereando.com.ar\\\/\"},{\"@type\":\"ListItem\",\"position\":2,\"name\":\"El S\u00e1hara Occidental: la herida abierta del colonialismo en el siglo XXI\"}]},{\"@type\":\"WebSite\",\"@id\":\"https:\\\/\\\/primereando.com.ar\\\/#website\",\"url\":\"https:\\\/\\\/primereando.com.ar\\\/\",\"name\":\"Primereando\",\"description\":\"Portal de noticias de la Provincia de Buenos Aires\",\"publisher\":{\"@id\":\"https:\\\/\\\/primereando.com.ar\\\/#organization\"},\"potentialAction\":[{\"@type\":\"SearchAction\",\"target\":{\"@type\":\"EntryPoint\",\"urlTemplate\":\"https:\\\/\\\/primereando.com.ar\\\/?s={search_term_string}\"},\"query-input\":{\"@type\":\"PropertyValueSpecification\",\"valueRequired\":true,\"valueName\":\"search_term_string\"}}],\"inLanguage\":\"es-AR\"},{\"@type\":\"Organization\",\"@id\":\"https:\\\/\\\/primereando.com.ar\\\/#organization\",\"name\":\"Primereando\",\"url\":\"https:\\\/\\\/primereando.com.ar\\\/\",\"logo\":{\"@type\":\"ImageObject\",\"inLanguage\":\"es-AR\",\"@id\":\"https:\\\/\\\/primereando.com.ar\\\/#\\\/schema\\\/logo\\\/image\\\/\",\"url\":\"https:\\\/\\\/primereando.com.ar\\\/wp-content\\\/uploads\\\/2021\\\/12\\\/primereando-logo.png\",\"contentUrl\":\"https:\\\/\\\/primereando.com.ar\\\/wp-content\\\/uploads\\\/2021\\\/12\\\/primereando-logo.png\",\"width\":360,\"height\":96,\"caption\":\"Primereando\"},\"image\":{\"@id\":\"https:\\\/\\\/primereando.com.ar\\\/#\\\/schema\\\/logo\\\/image\\\/\"}},{\"@type\":\"Person\",\"@id\":\"https:\\\/\\\/primereando.com.ar\\\/#\\\/schema\\\/person\\\/f250f4a69159edd43a28e83566a151ca\",\"name\":\"Santi\",\"image\":{\"@type\":\"ImageObject\",\"inLanguage\":\"es-AR\",\"@id\":\"https:\\\/\\\/secure.gravatar.com\\\/avatar\\\/02bd226be4f2b4a330ca05ba55be60e2fc7f42dd1282cde73fc8f03a68ecc82b?s=96&d=blank&r=g\",\"url\":\"https:\\\/\\\/secure.gravatar.com\\\/avatar\\\/02bd226be4f2b4a330ca05ba55be60e2fc7f42dd1282cde73fc8f03a68ecc82b?s=96&d=blank&r=g\",\"contentUrl\":\"https:\\\/\\\/secure.gravatar.com\\\/avatar\\\/02bd226be4f2b4a330ca05ba55be60e2fc7f42dd1282cde73fc8f03a68ecc82b?s=96&d=blank&r=g\",\"caption\":\"Santi\"},\"url\":\"https:\\\/\\\/primereando.com.ar\\\/index.php\\\/author\\\/santi\\\/\"}]}<\/script>\n<!-- \/ Yoast SEO plugin. -->","yoast_head_json":{"title":"El S\u00e1hara Occidental: la herida abierta del colonialismo en el siglo XXI - Primereando","robots":{"index":"index","follow":"follow","max-snippet":"max-snippet:-1","max-image-preview":"max-image-preview:large","max-video-preview":"max-video-preview:-1"},"canonical":"https:\/\/primereando.com.ar\/index.php\/2026\/09\/01\/el-sahara-occidental-la-herida-abierta-del-colonialismo-en-el-siglo-xxi\/126503\/","og_locale":"es_ES","og_type":"article","og_title":"El S\u00e1hara Occidental: la herida abierta del colonialismo en el siglo XXI - Primereando","og_description":"Por Carlos Mart\u00ednez* Hay causas que trascienden las fronteras y los intereses de los poderosos. Hay luchas que, aunque silenciadas por los grandes medios y ninguneadas por las canciller\u00edas occidentales, se sostienen en la verdad hist\u00f3rica, en el derecho y en la dignidad de un pueblo. La causa del S\u00e1hara Occidental es una de ellas. [&hellip;]","og_url":"https:\/\/primereando.com.ar\/index.php\/2026\/09\/01\/el-sahara-occidental-la-herida-abierta-del-colonialismo-en-el-siglo-xxi\/126503\/","og_site_name":"Primereando","article_published_time":"2026-09-01T14:43:52+00:00","article_modified_time":"2026-09-01T14:43:54+00:00","og_image":[{"width":1300,"height":830,"url":"https:\/\/primereando.com.ar\/wp-content\/uploads\/2026\/09\/Sahara.jpg","type":"image\/jpeg"}],"author":"Santi","twitter_card":"summary_large_image","twitter_misc":{"Escrito por":"Santi","Tiempo de lectura":"7 minutos"},"schema":{"@context":"https:\/\/schema.org","@graph":[{"@type":"Article","@id":"https:\/\/primereando.com.ar\/index.php\/2026\/09\/01\/el-sahara-occidental-la-herida-abierta-del-colonialismo-en-el-siglo-xxi\/126503\/#article","isPartOf":{"@id":"https:\/\/primereando.com.ar\/index.php\/2026\/09\/01\/el-sahara-occidental-la-herida-abierta-del-colonialismo-en-el-siglo-xxi\/126503\/"},"author":{"name":"Santi","@id":"https:\/\/primereando.com.ar\/#\/schema\/person\/f250f4a69159edd43a28e83566a151ca"},"headline":"El S\u00e1hara Occidental: la herida abierta del colonialismo en el siglo XXI","datePublished":"2026-09-01T14:43:52+00:00","dateModified":"2026-09-01T14:43:54+00:00","mainEntityOfPage":{"@id":"https:\/\/primereando.com.ar\/index.php\/2026\/09\/01\/el-sahara-occidental-la-herida-abierta-del-colonialismo-en-el-siglo-xxi\/126503\/"},"wordCount":1429,"publisher":{"@id":"https:\/\/primereando.com.ar\/#organization"},"image":{"@id":"https:\/\/primereando.com.ar\/index.php\/2026\/09\/01\/el-sahara-occidental-la-herida-abierta-del-colonialismo-en-el-siglo-xxi\/126503\/#primaryimage"},"thumbnailUrl":"https:\/\/primereando.com.ar\/wp-content\/uploads\/2026\/09\/Sahara.jpg","articleSection":["Sociedad"],"inLanguage":"es-AR"},{"@type":"WebPage","@id":"https:\/\/primereando.com.ar\/index.php\/2026\/09\/01\/el-sahara-occidental-la-herida-abierta-del-colonialismo-en-el-siglo-xxi\/126503\/","url":"https:\/\/primereando.com.ar\/index.php\/2026\/09\/01\/el-sahara-occidental-la-herida-abierta-del-colonialismo-en-el-siglo-xxi\/126503\/","name":"El S\u00e1hara Occidental: la herida abierta del colonialismo en el siglo XXI - Primereando","isPartOf":{"@id":"https:\/\/primereando.com.ar\/#website"},"primaryImageOfPage":{"@id":"https:\/\/primereando.com.ar\/index.php\/2026\/09\/01\/el-sahara-occidental-la-herida-abierta-del-colonialismo-en-el-siglo-xxi\/126503\/#primaryimage"},"image":{"@id":"https:\/\/primereando.com.ar\/index.php\/2026\/09\/01\/el-sahara-occidental-la-herida-abierta-del-colonialismo-en-el-siglo-xxi\/126503\/#primaryimage"},"thumbnailUrl":"https:\/\/primereando.com.ar\/wp-content\/uploads\/2026\/09\/Sahara.jpg","datePublished":"2026-09-01T14:43:52+00:00","dateModified":"2026-09-01T14:43:54+00:00","breadcrumb":{"@id":"https:\/\/primereando.com.ar\/index.php\/2026\/09\/01\/el-sahara-occidental-la-herida-abierta-del-colonialismo-en-el-siglo-xxi\/126503\/#breadcrumb"},"inLanguage":"es-AR","potentialAction":[{"@type":"ReadAction","target":["https:\/\/primereando.com.ar\/index.php\/2026\/09\/01\/el-sahara-occidental-la-herida-abierta-del-colonialismo-en-el-siglo-xxi\/126503\/"]}]},{"@type":"ImageObject","inLanguage":"es-AR","@id":"https:\/\/primereando.com.ar\/index.php\/2026\/09\/01\/el-sahara-occidental-la-herida-abierta-del-colonialismo-en-el-siglo-xxi\/126503\/#primaryimage","url":"https:\/\/primereando.com.ar\/wp-content\/uploads\/2026\/09\/Sahara.jpg","contentUrl":"https:\/\/primereando.com.ar\/wp-content\/uploads\/2026\/09\/Sahara.jpg","width":1300,"height":830},{"@type":"BreadcrumbList","@id":"https:\/\/primereando.com.ar\/index.php\/2026\/09\/01\/el-sahara-occidental-la-herida-abierta-del-colonialismo-en-el-siglo-xxi\/126503\/#breadcrumb","itemListElement":[{"@type":"ListItem","position":1,"name":"Inicio","item":"https:\/\/primereando.com.ar\/"},{"@type":"ListItem","position":2,"name":"El S\u00e1hara Occidental: la herida abierta del colonialismo en el siglo XXI"}]},{"@type":"WebSite","@id":"https:\/\/primereando.com.ar\/#website","url":"https:\/\/primereando.com.ar\/","name":"Primereando","description":"Portal de noticias de la Provincia de Buenos Aires","publisher":{"@id":"https:\/\/primereando.com.ar\/#organization"},"potentialAction":[{"@type":"SearchAction","target":{"@type":"EntryPoint","urlTemplate":"https:\/\/primereando.com.ar\/?s={search_term_string}"},"query-input":{"@type":"PropertyValueSpecification","valueRequired":true,"valueName":"search_term_string"}}],"inLanguage":"es-AR"},{"@type":"Organization","@id":"https:\/\/primereando.com.ar\/#organization","name":"Primereando","url":"https:\/\/primereando.com.ar\/","logo":{"@type":"ImageObject","inLanguage":"es-AR","@id":"https:\/\/primereando.com.ar\/#\/schema\/logo\/image\/","url":"https:\/\/primereando.com.ar\/wp-content\/uploads\/2021\/12\/primereando-logo.png","contentUrl":"https:\/\/primereando.com.ar\/wp-content\/uploads\/2021\/12\/primereando-logo.png","width":360,"height":96,"caption":"Primereando"},"image":{"@id":"https:\/\/primereando.com.ar\/#\/schema\/logo\/image\/"}},{"@type":"Person","@id":"https:\/\/primereando.com.ar\/#\/schema\/person\/f250f4a69159edd43a28e83566a151ca","name":"Santi","image":{"@type":"ImageObject","inLanguage":"es-AR","@id":"https:\/\/secure.gravatar.com\/avatar\/02bd226be4f2b4a330ca05ba55be60e2fc7f42dd1282cde73fc8f03a68ecc82b?s=96&d=blank&r=g","url":"https:\/\/secure.gravatar.com\/avatar\/02bd226be4f2b4a330ca05ba55be60e2fc7f42dd1282cde73fc8f03a68ecc82b?s=96&d=blank&r=g","contentUrl":"https:\/\/secure.gravatar.com\/avatar\/02bd226be4f2b4a330ca05ba55be60e2fc7f42dd1282cde73fc8f03a68ecc82b?s=96&d=blank&r=g","caption":"Santi"},"url":"https:\/\/primereando.com.ar\/index.php\/author\/santi\/"}]}},"_links":{"self":[{"href":"https:\/\/primereando.com.ar\/index.php\/wp-json\/wp\/v2\/posts\/126503","targetHints":{"allow":["GET"]}}],"collection":[{"href":"https:\/\/primereando.com.ar\/index.php\/wp-json\/wp\/v2\/posts"}],"about":[{"href":"https:\/\/primereando.com.ar\/index.php\/wp-json\/wp\/v2\/types\/post"}],"author":[{"embeddable":true,"href":"https:\/\/primereando.com.ar\/index.php\/wp-json\/wp\/v2\/users\/5"}],"replies":[{"embeddable":true,"href":"https:\/\/primereando.com.ar\/index.php\/wp-json\/wp\/v2\/comments?post=126503"}],"version-history":[{"count":1,"href":"https:\/\/primereando.com.ar\/index.php\/wp-json\/wp\/v2\/posts\/126503\/revisions"}],"predecessor-version":[{"id":126505,"href":"https:\/\/primereando.com.ar\/index.php\/wp-json\/wp\/v2\/posts\/126503\/revisions\/126505"}],"wp:featuredmedia":[{"embeddable":true,"href":"https:\/\/primereando.com.ar\/index.php\/wp-json\/wp\/v2\/media\/126504"}],"wp:attachment":[{"href":"https:\/\/primereando.com.ar\/index.php\/wp-json\/wp\/v2\/media?parent=126503"}],"wp:term":[{"taxonomy":"category","embeddable":true,"href":"https:\/\/primereando.com.ar\/index.php\/wp-json\/wp\/v2\/categories?post=126503"},{"taxonomy":"post_tag","embeddable":true,"href":"https:\/\/primereando.com.ar\/index.php\/wp-json\/wp\/v2\/tags?post=126503"}],"curies":[{"name":"wp","href":"https:\/\/api.w.org\/{rel}","templated":true}]}}