{"id":126506,"date":"2026-09-01T12:22:04","date_gmt":"2026-09-01T15:22:04","guid":{"rendered":"https:\/\/primereando.com.ar\/?p=126506"},"modified":"2026-09-01T12:22:05","modified_gmt":"2026-09-01T15:22:05","slug":"aniversario-del-atentado-contra-cfk-la-democracia-no-admite-la-eliminacion-del-adversario","status":"publish","type":"post","link":"https:\/\/primereando.com.ar\/index.php\/2026\/09\/01\/aniversario-del-atentado-contra-cfk-la-democracia-no-admite-la-eliminacion-del-adversario\/126506\/","title":{"rendered":"Aniversario del atentado contra CFK: \u201cLa democracia no admite la eliminaci\u00f3n del adversario\u201d."},"content":{"rendered":"\n<h2 class=\"wp-block-heading\">As\u00ed lo afirmaron referentes de diversos partidos pol\u00edticos a cuatro a\u00f1os del intento de magnicidio que sufri\u00f3 la expresidenta en 2022.<\/h2>\n\n\n\n<p class=\"wp-block-paragraph\">Al cumplirse un nuevo a\u00f1o del ataque contra Cristina Kirchner, dirigenciales de distintos espacios pol\u00edticos emitieron un comunicado donde remarcan que la democracia no tolera la erradicaci\u00f3n de los rivales pol\u00edticos.<\/p>\n\n\n\n<p class=\"wp-block-paragraph\">El documento analiza el trasfondo de hostigamiento pol\u00edtico, medi\u00e1tico y judicial en el que ocurri\u00f3 el atentado hacia la exmandataria, sosteniendo que el hecho no puede considerarse un caso solitario ni ajeno al ambiente pol\u00edtico previo.<\/p>\n\n\n\n<p class=\"wp-block-paragraph\">El texto advierte que hay un l\u00edmite infranqueable para cualquier sistema democr\u00e1tico: el momento en que la anulaci\u00f3n simb\u00f3lica del oponente habilita la opci\u00f3n de su erradicaci\u00f3n f\u00edsica. Asimismo, destaca que el 1 de septiembre de 2022 el pa\u00eds estuvo muy cerca de sobrepasar ese punto sin retorno.<\/p>\n\n\n\n<p class=\"wp-block-paragraph\">Quienes firman la declaraci\u00f3n se\u00f1alan que esta fecha interpela a todo el arco democr\u00e1tico del pa\u00eds, no solo al peronismo o a sus simpatizantes. Por ello, convocan a una coincidencia b\u00e1sica entre todas las fuerzas pol\u00edticas, sin importar sus posturas ideol\u00f3gicas: las contiendas democr\u00e1ticas se resuelven con ideas, debates, militancia y elecciones; jam\u00e1s mediante la persecuci\u00f3n pol\u00edtica que ponga en peligro la libertad, la seguridad o la vida de las personas.<\/p>\n\n\n\n<h2 class=\"wp-block-heading\">El texto completo del pronunciamiento<\/h2>\n\n\n\n<p class=\"wp-block-paragraph\"><em>A cuatro a\u00f1os del atentado contra la vida de Cristina Fern\u00e1ndez de Kirchner, ocurrido el 1\u00b0 de septiembre de 2022 mientras ejerc\u00eda la Vicepresidencia de la Naci\u00f3n, creemos necesario volver a reflexionar sobre las condiciones pol\u00edticas, culturales y comunicacionales que hicieron posible que un arma cargada fuera gatillada a cent\u00edmetros de su rostro.<\/em><\/p>\n\n\n\n<p class=\"wp-block-paragraph\"><em>Aquel hecho no puede ser reducido a un episodio aislado ni desvinculado del clima pol\u00edtico que lo precedi\u00f3. Durante a\u00f1os, la Argentina asisti\u00f3 a la instalaci\u00f3n sistem\u00e1tica de discursos de odio, campa\u00f1as de estigmatizaci\u00f3n, noticias falsas \u2014fake news\u2014, operaciones de desinformaci\u00f3n y distintas formas de violencia pol\u00edtica dirigidas contra quienes participan de la vida p\u00fablica y, de manera particularmente intensa, contra Cristina Fern\u00e1ndez de Kirchner.<\/em><\/p>\n\n\n\n<p class=\"wp-block-paragraph\"><em>La llamada \u201cantipol\u00edtica\u201d no es solamente el rechazo espont\u00e1neo de una parte de la sociedad hacia sus representantes. Tambi\u00e9n ha sido construida y alimentada como un sentido com\u00fan por sectores del poder econ\u00f3mico concentrado y amplificada a trav\u00e9s de medios de comunicaci\u00f3n, redes sociales, plataformas digitales y nuevos dispositivos de producci\u00f3n y circulaci\u00f3n de contenidos.<\/em><\/p>\n\n\n\n<p class=\"wp-block-paragraph\"><em>Cuando la pol\u00edtica es presentada sistem\u00e1ticamente como corrupci\u00f3n; cuando el dirigente pol\u00edtico es convertido en enemigo; cuando la militancia es ridiculizada o criminalizada; cuando la mentira se reproduce hasta adquirir apariencia de verdad; cuando el insulto reemplaza al argumento y la deshumanizaci\u00f3n del adversario se vuelve cotidiana, la democracia comienza a deteriorarse.<\/em><\/p>\n\n\n\n<p class=\"wp-block-paragraph\"><em>En ese contexto deben analizarse tambi\u00e9n las pr\u00e1cticas conocidas como lawfare: la utilizaci\u00f3n de mecanismos judiciales, pol\u00edticos y comunicacionales para perseguir, disciplinar o excluir dirigentes de la competencia democr\u00e1tica.<\/em><\/p>\n\n\n\n<p class=\"wp-block-paragraph\"><em>La articulaci\u00f3n entre persecuci\u00f3n judicial, operaciones medi\u00e1ticas, noticias falsas y hostigamiento en redes puede construir un sentido com\u00fan en el cual aquello que deber\u00eda resultar inadmisible comienza a naturalizarse. Y existe una frontera que ninguna democracia puede permitirse cruzar: cuando la eliminaci\u00f3n simb\u00f3lica del adversario abre paso a la posibilidad de su eliminaci\u00f3n f\u00edsica.<\/em><\/p>\n\n\n\n<p class=\"wp-block-paragraph\"><em>El 1\u00b0 de septiembre de 2022 la Argentina estuvo a cent\u00edmetros de atravesar definitivamente esa frontera. Un hombre apunt\u00f3 un arma contra la cabeza de la entonces Vicepresidenta de la Naci\u00f3n y gatill\u00f3. Ese instante deber\u00eda permanecer en nuestra memoria democr\u00e1tica no solamente por lo que ocurri\u00f3, sino tambi\u00e9n por lo que pudo haber ocurrido.<\/em><\/p>\n\n\n\n<p class=\"wp-block-paragraph\"><em>Por eso consideramos que este aniversario no interpela exclusivamente al peronismo ni a quienes acompa\u00f1an pol\u00edticamente a Cristina Fern\u00e1ndez de Kirchner. Interpela al conjunto del sistema democr\u00e1tico argentino. Los partidos pol\u00edticos, cualquiera sea su identidad ideol\u00f3gica, deber\u00edan ser capaces de establecer un acuerdo elemental: en democracia, al adversario se lo enfrenta con ideas, argumentos, organizaci\u00f3n pol\u00edtica y votos. Nunca se lo persigue hasta convertir el ejercicio de la pol\u00edtica en un riesgo para su libertad, su integridad o su vida.<\/em><\/p>\n\n\n\n<p class=\"wp-block-paragraph\"><em>Esta reflexi\u00f3n adquiere una significaci\u00f3n todav\u00eda mayor cuando la Argentina transita los 50 a\u00f1os del golpe de Estado del 24 de marzo de 1976. Sabemos que se trata de contextos hist\u00f3ricos profundamente diferentes y que no corresponde establecer equivalencias simplificadoras. Pero nuestra historia deber\u00eda habernos dejado un aprendizaje definitivo: ning\u00fan proyecto de pa\u00eds puede construirse sobre la eliminaci\u00f3n del que piensa distinto.<\/em><\/p>\n\n\n\n<p class=\"wp-block-paragraph\"><em>Hace cincuenta a\u00f1os, el terrorismo de Estado secuestr\u00f3, tortur\u00f3, asesin\u00f3 y desapareci\u00f3 a miles de argentinos y argentinas. La democracia recuperada en 1983 estableci\u00f3 otra regla para nuestra convivencia: las diferencias pol\u00edticas se tramitan dentro de las instituciones, mediante la palabra, la participaci\u00f3n popular y el voto. Por eso resulta alarmante que, medio siglo despu\u00e9s del golpe, todav\u00eda existan sectores que conciban al adversario pol\u00edtico como alguien a quien hay que destruir, silenciar o expulsar de la vida p\u00fablica.<\/em><\/p>\n\n\n\n<p class=\"wp-block-paragraph\"><em>Las herramientas pueden cambiar. El hostigamiento puede expresarse hoy mediante campa\u00f1as digitales, noticias falsas, operaciones comunicacionales, persecuciones judiciales o discursos que promueven el odio. Pero existe un l\u00edmite democr\u00e1tico que debemos defender colectivamente: nadie debe ser perseguido, amenazado ni violentado por sus ideas pol\u00edticas.<\/em><\/p>\n\n\n\n<p class=\"wp-block-paragraph\"><em>Defender ese l\u00edmite no significa reclamar una pol\u00edtica sin conflicto. La pol\u00edtica es discusi\u00f3n. Es confrontaci\u00f3n de intereses, proyectos, valores e ideas. Es pasi\u00f3n, identidad y disputa por el rumbo de una sociedad. Pretender eliminar esas diferencias ser\u00eda negar la propia democracia. Lo que debemos recuperar es algo distinto: la legitimidad del adversario. Poder discutir profundamente sin negar el derecho del otro a existir pol\u00edticamente. Poder confrontar sin deshumanizar. Poder ganar y perder elecciones sabiendo que ninguna derrota habilita la persecuci\u00f3n y ninguna diferencia justifica la violencia.<\/em><\/p>\n\n\n\n<p class=\"wp-block-paragraph\"><em>Quienes firmamos esta declaraci\u00f3n hacemos llegar a Cristina Fern\u00e1ndez de Kirchner nuestro abrazo y nuestra solidaridad al cumplirse un nuevo aniversario de aquel 1\u00b0 de septiembre. Pero, fundamentalmente, asumimos el compromiso de reivindicar el ejercicio de la pol\u00edtica.<\/em><\/p>\n\n\n\n<p class=\"wp-block-paragraph\"><em>De defender la palabra frente a la violencia.<\/em><\/p>\n\n\n\n<p class=\"wp-block-paragraph\"><em>La verdad frente a la mentira organizada.<\/em><\/p>\n\n\n\n<p class=\"wp-block-paragraph\"><em>El debate frente a la estigmatizaci\u00f3n.<\/em><\/p>\n\n\n\n<p class=\"wp-block-paragraph\"><em>La participaci\u00f3n frente a la antipol\u00edtica.<\/em><\/p>\n\n\n\n<p class=\"wp-block-paragraph\"><em>Y a trabajar para que la discusi\u00f3n, el intercambio de ideas y la confrontaci\u00f3n democr\u00e1tica vuelvan a ser reconocidos como lo que nunca debieron dejar de ser: un ejercicio noble, indispensable y profundamente democr\u00e1tico.<\/em><\/p>\n\n\n\n<p class=\"wp-block-paragraph\"><em>Nunca m\u00e1s la eliminaci\u00f3n del adversario.<\/em><\/p>\n\n\n\n<p class=\"wp-block-paragraph\"><em>Nunca m\u00e1s la violencia pol\u00edtica. M\u00e1s democracia. M\u00e1s participaci\u00f3n. M\u00e1s pol\u00edtica.<\/em><\/p>\n\n\n\n<p class=\"wp-block-paragraph\">Partido Justicialista \u2014 Jos\u00e9 Mayans<\/p>\n\n\n\n<p class=\"wp-block-paragraph\">Frente Renovador \u2014 Diego Giuliano \/ Sergio Massa<\/p>\n\n\n\n<p class=\"wp-block-paragraph\">Encuentro Republicano Federal \u2014 Miguel \u00c1ngel Pichetto<\/p>\n\n\n\n<p class=\"wp-block-paragraph\">Nuevo Encuentro \u2014 Mart\u00edn Sabbatella<\/p>\n\n\n\n<p class=\"wp-block-paragraph\">Principios y Valores \u2014 Guillermo Moreno<\/p>\n\n\n\n<p class=\"wp-block-paragraph\">Movimiento Nacional Alfonsinista \u2014 Leopoldo Moreau<\/p>\n\n\n\n<p class=\"wp-block-paragraph\">Patria Grande \u2014 Juan Grabois<\/p>\n\n\n\n<p class=\"wp-block-paragraph\">Frente Amplio por la Democracia \u2014 Ricardo Alfons\u00edn<\/p>\n\n\n\n<p class=\"wp-block-paragraph\">Radicalismo Aut\u00e9ntico \u2014 Federico Storani<\/p>\n\n\n\n<p class=\"wp-block-paragraph\">Kolina \u2014 Carlos Castagneto<\/p>\n\n\n\n<p class=\"wp-block-paragraph\">Frente Grande \u2014 Mario Secco<\/p>\n\n\n\n<p class=\"wp-block-paragraph\">La Patria de los Comunes \u2014 Emilio P\u00e9rsico<\/p>\n\n\n\n<p class=\"wp-block-paragraph\">Partido Solidario \u2014 Carlos Heller<\/p>\n\n\n\n<p class=\"wp-block-paragraph\">Unidad Socialista \u2014 Jorge Rivas<\/p>\n\n\n\n<p class=\"wp-block-paragraph\">Unidad Popular \u2014 Claudio Lozano<\/p>\n\n\n\n<p class=\"wp-block-paragraph\">Forja \u2014 Gustavo L\u00f3pez<\/p>\n\n\n\n<p class=\"wp-block-paragraph\">Partido de la Victoria \u2014 Esteban San Pedro<\/p>\n\n\n\n<p class=\"wp-block-paragraph\">Espacio Popular \u2014 Eduardo Sigal<\/p>\n\n\n\n<p class=\"wp-block-paragraph\">PTP-PCR \u2014 Juan Carlos Alderete<\/p>\n\n\n\n<p class=\"wp-block-paragraph\">Partido Intransigente \u2014 Lucrecia Monteagudo<\/p>\n\n\n\n<p class=\"wp-block-paragraph\">Partido Comunista \u2014 Jorge Kreyness<\/p>\n\n\n\n<p class=\"wp-block-paragraph\">Nueva Dirigencia \u2014 Mat\u00edas Barroetave\u00f1a<\/p>\n\n\n\n<p class=\"wp-block-paragraph\">Libres del Sur \u2014 Humberto Tumini<\/p>\n","protected":false},"excerpt":{"rendered":"<p>As\u00ed lo afirmaron referentes de diversos partidos pol\u00edticos a cuatro a\u00f1os del intento de magnicidio que sufri\u00f3 la expresidenta en 2022. Al cumplirse un nuevo a\u00f1o del ataque contra Cristina Kirchner, dirigenciales de distintos espacios pol\u00edticos emitieron un comunicado donde remarcan que la democracia no tolera la erradicaci\u00f3n de los rivales pol\u00edticos. El documento analiza [&hellip;]<\/p>\n","protected":false},"author":9,"featured_media":82461,"comment_status":"closed","ping_status":"closed","sticky":false,"template":"","format":"standard","meta":{"footnotes":""},"categories":[5,22],"tags":[],"class_list":["post-126506","post","type-post","status-publish","format-standard","has-post-thumbnail","hentry","category-actualidad","category-sociedad"],"yoast_head":"<!-- This site is optimized with the Yoast SEO plugin v28.4 - https:\/\/yoast.com\/product\/yoast-seo-wordpress\/ -->\n<title>Aniversario del atentado contra CFK: \u201cLa democracia no admite la eliminaci\u00f3n del adversario\u201d. - Primereando<\/title>\n<meta name=\"robots\" content=\"index, follow, max-snippet:-1, max-image-preview:large, max-video-preview:-1\" \/>\n<link rel=\"canonical\" href=\"https:\/\/primereando.com.ar\/index.php\/2026\/09\/01\/aniversario-del-atentado-contra-cfk-la-democracia-no-admite-la-eliminacion-del-adversario\/126506\/\" \/>\n<meta property=\"og:locale\" content=\"es_ES\" \/>\n<meta property=\"og:type\" content=\"article\" \/>\n<meta property=\"og:title\" content=\"Aniversario del atentado contra CFK: \u201cLa democracia no admite la eliminaci\u00f3n del adversario\u201d. - Primereando\" \/>\n<meta property=\"og:description\" content=\"As\u00ed lo afirmaron referentes de diversos partidos pol\u00edticos a cuatro a\u00f1os del intento de magnicidio que sufri\u00f3 la expresidenta en 2022. Al cumplirse un nuevo a\u00f1o del ataque contra Cristina Kirchner, dirigenciales de distintos espacios pol\u00edticos emitieron un comunicado donde remarcan que la democracia no tolera la erradicaci\u00f3n de los rivales pol\u00edticos. El documento analiza [&hellip;]\" \/>\n<meta property=\"og:url\" content=\"https:\/\/primereando.com.ar\/index.php\/2026\/09\/01\/aniversario-del-atentado-contra-cfk-la-democracia-no-admite-la-eliminacion-del-adversario\/126506\/\" \/>\n<meta property=\"og:site_name\" content=\"Primereando\" \/>\n<meta property=\"article:published_time\" content=\"2026-09-01T15:22:04+00:00\" \/>\n<meta property=\"article:modified_time\" content=\"2026-09-01T15:22:05+00:00\" \/>\n<meta property=\"og:image\" content=\"https:\/\/primereando.com.ar\/wp-content\/uploads\/2022\/09\/atentado-CFK.jpg\" \/>\n\t<meta property=\"og:image:width\" content=\"640\" \/>\n\t<meta property=\"og:image:height\" content=\"360\" \/>\n\t<meta property=\"og:image:type\" content=\"image\/jpeg\" \/>\n<meta name=\"author\" content=\"ManuT ManuT\" \/>\n<meta name=\"twitter:card\" content=\"summary_large_image\" \/>\n<meta name=\"twitter:label1\" content=\"Escrito por\" \/>\n\t<meta name=\"twitter:data1\" content=\"ManuT ManuT\" \/>\n\t<meta name=\"twitter:label2\" content=\"Tiempo de lectura\" \/>\n\t<meta name=\"twitter:data2\" content=\"6 minutos\" \/>\n<script type=\"application\/ld+json\" class=\"yoast-schema-graph\">{\"@context\":\"https:\\\/\\\/schema.org\",\"@graph\":[{\"@type\":\"Article\",\"@id\":\"https:\\\/\\\/primereando.com.ar\\\/index.php\\\/2026\\\/09\\\/01\\\/aniversario-del-atentado-contra-cfk-la-democracia-no-admite-la-eliminacion-del-adversario\\\/126506\\\/#article\",\"isPartOf\":{\"@id\":\"https:\\\/\\\/primereando.com.ar\\\/index.php\\\/2026\\\/09\\\/01\\\/aniversario-del-atentado-contra-cfk-la-democracia-no-admite-la-eliminacion-del-adversario\\\/126506\\\/\"},\"author\":{\"name\":\"ManuT ManuT\",\"@id\":\"https:\\\/\\\/primereando.com.ar\\\/#\\\/schema\\\/person\\\/26a9348b688072442a19f1fd50b634e7\"},\"headline\":\"Aniversario del atentado contra CFK: \u201cLa democracia no admite la eliminaci\u00f3n del adversario\u201d.\",\"datePublished\":\"2026-09-01T15:22:04+00:00\",\"dateModified\":\"2026-09-01T15:22:05+00:00\",\"mainEntityOfPage\":{\"@id\":\"https:\\\/\\\/primereando.com.ar\\\/index.php\\\/2026\\\/09\\\/01\\\/aniversario-del-atentado-contra-cfk-la-democracia-no-admite-la-eliminacion-del-adversario\\\/126506\\\/\"},\"wordCount\":1293,\"publisher\":{\"@id\":\"https:\\\/\\\/primereando.com.ar\\\/#organization\"},\"image\":{\"@id\":\"https:\\\/\\\/primereando.com.ar\\\/index.php\\\/2026\\\/09\\\/01\\\/aniversario-del-atentado-contra-cfk-la-democracia-no-admite-la-eliminacion-del-adversario\\\/126506\\\/#primaryimage\"},\"thumbnailUrl\":\"https:\\\/\\\/primereando.com.ar\\\/wp-content\\\/uploads\\\/2022\\\/09\\\/atentado-CFK.jpg\",\"articleSection\":[\"Actualidad\",\"Sociedad\"],\"inLanguage\":\"es-AR\"},{\"@type\":\"WebPage\",\"@id\":\"https:\\\/\\\/primereando.com.ar\\\/index.php\\\/2026\\\/09\\\/01\\\/aniversario-del-atentado-contra-cfk-la-democracia-no-admite-la-eliminacion-del-adversario\\\/126506\\\/\",\"url\":\"https:\\\/\\\/primereando.com.ar\\\/index.php\\\/2026\\\/09\\\/01\\\/aniversario-del-atentado-contra-cfk-la-democracia-no-admite-la-eliminacion-del-adversario\\\/126506\\\/\",\"name\":\"Aniversario del atentado contra CFK: \u201cLa democracia no admite la eliminaci\u00f3n del adversario\u201d. - Primereando\",\"isPartOf\":{\"@id\":\"https:\\\/\\\/primereando.com.ar\\\/#website\"},\"primaryImageOfPage\":{\"@id\":\"https:\\\/\\\/primereando.com.ar\\\/index.php\\\/2026\\\/09\\\/01\\\/aniversario-del-atentado-contra-cfk-la-democracia-no-admite-la-eliminacion-del-adversario\\\/126506\\\/#primaryimage\"},\"image\":{\"@id\":\"https:\\\/\\\/primereando.com.ar\\\/index.php\\\/2026\\\/09\\\/01\\\/aniversario-del-atentado-contra-cfk-la-democracia-no-admite-la-eliminacion-del-adversario\\\/126506\\\/#primaryimage\"},\"thumbnailUrl\":\"https:\\\/\\\/primereando.com.ar\\\/wp-content\\\/uploads\\\/2022\\\/09\\\/atentado-CFK.jpg\",\"datePublished\":\"2026-09-01T15:22:04+00:00\",\"dateModified\":\"2026-09-01T15:22:05+00:00\",\"breadcrumb\":{\"@id\":\"https:\\\/\\\/primereando.com.ar\\\/index.php\\\/2026\\\/09\\\/01\\\/aniversario-del-atentado-contra-cfk-la-democracia-no-admite-la-eliminacion-del-adversario\\\/126506\\\/#breadcrumb\"},\"inLanguage\":\"es-AR\",\"potentialAction\":[{\"@type\":\"ReadAction\",\"target\":[\"https:\\\/\\\/primereando.com.ar\\\/index.php\\\/2026\\\/09\\\/01\\\/aniversario-del-atentado-contra-cfk-la-democracia-no-admite-la-eliminacion-del-adversario\\\/126506\\\/\"]}]},{\"@type\":\"ImageObject\",\"inLanguage\":\"es-AR\",\"@id\":\"https:\\\/\\\/primereando.com.ar\\\/index.php\\\/2026\\\/09\\\/01\\\/aniversario-del-atentado-contra-cfk-la-democracia-no-admite-la-eliminacion-del-adversario\\\/126506\\\/#primaryimage\",\"url\":\"https:\\\/\\\/primereando.com.ar\\\/wp-content\\\/uploads\\\/2022\\\/09\\\/atentado-CFK.jpg\",\"contentUrl\":\"https:\\\/\\\/primereando.com.ar\\\/wp-content\\\/uploads\\\/2022\\\/09\\\/atentado-CFK.jpg\",\"width\":640,\"height\":360},{\"@type\":\"BreadcrumbList\",\"@id\":\"https:\\\/\\\/primereando.com.ar\\\/index.php\\\/2026\\\/09\\\/01\\\/aniversario-del-atentado-contra-cfk-la-democracia-no-admite-la-eliminacion-del-adversario\\\/126506\\\/#breadcrumb\",\"itemListElement\":[{\"@type\":\"ListItem\",\"position\":1,\"name\":\"Inicio\",\"item\":\"https:\\\/\\\/primereando.com.ar\\\/\"},{\"@type\":\"ListItem\",\"position\":2,\"name\":\"Aniversario del atentado contra CFK: \u201cLa democracia no admite la eliminaci\u00f3n del adversario\u201d.\"}]},{\"@type\":\"WebSite\",\"@id\":\"https:\\\/\\\/primereando.com.ar\\\/#website\",\"url\":\"https:\\\/\\\/primereando.com.ar\\\/\",\"name\":\"Primereando\",\"description\":\"Portal de noticias de la Provincia de Buenos Aires\",\"publisher\":{\"@id\":\"https:\\\/\\\/primereando.com.ar\\\/#organization\"},\"potentialAction\":[{\"@type\":\"SearchAction\",\"target\":{\"@type\":\"EntryPoint\",\"urlTemplate\":\"https:\\\/\\\/primereando.com.ar\\\/?s={search_term_string}\"},\"query-input\":{\"@type\":\"PropertyValueSpecification\",\"valueRequired\":true,\"valueName\":\"search_term_string\"}}],\"inLanguage\":\"es-AR\"},{\"@type\":\"Organization\",\"@id\":\"https:\\\/\\\/primereando.com.ar\\\/#organization\",\"name\":\"Primereando\",\"url\":\"https:\\\/\\\/primereando.com.ar\\\/\",\"logo\":{\"@type\":\"ImageObject\",\"inLanguage\":\"es-AR\",\"@id\":\"https:\\\/\\\/primereando.com.ar\\\/#\\\/schema\\\/logo\\\/image\\\/\",\"url\":\"https:\\\/\\\/primereando.com.ar\\\/wp-content\\\/uploads\\\/2021\\\/12\\\/primereando-logo.png\",\"contentUrl\":\"https:\\\/\\\/primereando.com.ar\\\/wp-content\\\/uploads\\\/2021\\\/12\\\/primereando-logo.png\",\"width\":360,\"height\":96,\"caption\":\"Primereando\"},\"image\":{\"@id\":\"https:\\\/\\\/primereando.com.ar\\\/#\\\/schema\\\/logo\\\/image\\\/\"}},{\"@type\":\"Person\",\"@id\":\"https:\\\/\\\/primereando.com.ar\\\/#\\\/schema\\\/person\\\/26a9348b688072442a19f1fd50b634e7\",\"name\":\"ManuT ManuT\",\"image\":{\"@type\":\"ImageObject\",\"inLanguage\":\"es-AR\",\"@id\":\"https:\\\/\\\/secure.gravatar.com\\\/avatar\\\/cfd2697e666e2ecc9ce352f0c45d54dc0b4ffd5ec09871f5ba6e5907c12ce9de?s=96&d=blank&r=g\",\"url\":\"https:\\\/\\\/secure.gravatar.com\\\/avatar\\\/cfd2697e666e2ecc9ce352f0c45d54dc0b4ffd5ec09871f5ba6e5907c12ce9de?s=96&d=blank&r=g\",\"contentUrl\":\"https:\\\/\\\/secure.gravatar.com\\\/avatar\\\/cfd2697e666e2ecc9ce352f0c45d54dc0b4ffd5ec09871f5ba6e5907c12ce9de?s=96&d=blank&r=g\",\"caption\":\"ManuT ManuT\"},\"url\":\"https:\\\/\\\/primereando.com.ar\\\/index.php\\\/author\\\/manut\\\/\"}]}<\/script>\n<!-- \/ Yoast SEO plugin. -->","yoast_head_json":{"title":"Aniversario del atentado contra CFK: \u201cLa democracia no admite la eliminaci\u00f3n del adversario\u201d. - Primereando","robots":{"index":"index","follow":"follow","max-snippet":"max-snippet:-1","max-image-preview":"max-image-preview:large","max-video-preview":"max-video-preview:-1"},"canonical":"https:\/\/primereando.com.ar\/index.php\/2026\/09\/01\/aniversario-del-atentado-contra-cfk-la-democracia-no-admite-la-eliminacion-del-adversario\/126506\/","og_locale":"es_ES","og_type":"article","og_title":"Aniversario del atentado contra CFK: \u201cLa democracia no admite la eliminaci\u00f3n del adversario\u201d. - Primereando","og_description":"As\u00ed lo afirmaron referentes de diversos partidos pol\u00edticos a cuatro a\u00f1os del intento de magnicidio que sufri\u00f3 la expresidenta en 2022. Al cumplirse un nuevo a\u00f1o del ataque contra Cristina Kirchner, dirigenciales de distintos espacios pol\u00edticos emitieron un comunicado donde remarcan que la democracia no tolera la erradicaci\u00f3n de los rivales pol\u00edticos. El documento analiza [&hellip;]","og_url":"https:\/\/primereando.com.ar\/index.php\/2026\/09\/01\/aniversario-del-atentado-contra-cfk-la-democracia-no-admite-la-eliminacion-del-adversario\/126506\/","og_site_name":"Primereando","article_published_time":"2026-09-01T15:22:04+00:00","article_modified_time":"2026-09-01T15:22:05+00:00","og_image":[{"width":640,"height":360,"url":"https:\/\/primereando.com.ar\/wp-content\/uploads\/2022\/09\/atentado-CFK.jpg","type":"image\/jpeg"}],"author":"ManuT ManuT","twitter_card":"summary_large_image","twitter_misc":{"Escrito por":"ManuT ManuT","Tiempo de lectura":"6 minutos"},"schema":{"@context":"https:\/\/schema.org","@graph":[{"@type":"Article","@id":"https:\/\/primereando.com.ar\/index.php\/2026\/09\/01\/aniversario-del-atentado-contra-cfk-la-democracia-no-admite-la-eliminacion-del-adversario\/126506\/#article","isPartOf":{"@id":"https:\/\/primereando.com.ar\/index.php\/2026\/09\/01\/aniversario-del-atentado-contra-cfk-la-democracia-no-admite-la-eliminacion-del-adversario\/126506\/"},"author":{"name":"ManuT ManuT","@id":"https:\/\/primereando.com.ar\/#\/schema\/person\/26a9348b688072442a19f1fd50b634e7"},"headline":"Aniversario del atentado contra CFK: \u201cLa democracia no admite la eliminaci\u00f3n del adversario\u201d.","datePublished":"2026-09-01T15:22:04+00:00","dateModified":"2026-09-01T15:22:05+00:00","mainEntityOfPage":{"@id":"https:\/\/primereando.com.ar\/index.php\/2026\/09\/01\/aniversario-del-atentado-contra-cfk-la-democracia-no-admite-la-eliminacion-del-adversario\/126506\/"},"wordCount":1293,"publisher":{"@id":"https:\/\/primereando.com.ar\/#organization"},"image":{"@id":"https:\/\/primereando.com.ar\/index.php\/2026\/09\/01\/aniversario-del-atentado-contra-cfk-la-democracia-no-admite-la-eliminacion-del-adversario\/126506\/#primaryimage"},"thumbnailUrl":"https:\/\/primereando.com.ar\/wp-content\/uploads\/2022\/09\/atentado-CFK.jpg","articleSection":["Actualidad","Sociedad"],"inLanguage":"es-AR"},{"@type":"WebPage","@id":"https:\/\/primereando.com.ar\/index.php\/2026\/09\/01\/aniversario-del-atentado-contra-cfk-la-democracia-no-admite-la-eliminacion-del-adversario\/126506\/","url":"https:\/\/primereando.com.ar\/index.php\/2026\/09\/01\/aniversario-del-atentado-contra-cfk-la-democracia-no-admite-la-eliminacion-del-adversario\/126506\/","name":"Aniversario del atentado contra CFK: \u201cLa democracia no admite la eliminaci\u00f3n del adversario\u201d. - Primereando","isPartOf":{"@id":"https:\/\/primereando.com.ar\/#website"},"primaryImageOfPage":{"@id":"https:\/\/primereando.com.ar\/index.php\/2026\/09\/01\/aniversario-del-atentado-contra-cfk-la-democracia-no-admite-la-eliminacion-del-adversario\/126506\/#primaryimage"},"image":{"@id":"https:\/\/primereando.com.ar\/index.php\/2026\/09\/01\/aniversario-del-atentado-contra-cfk-la-democracia-no-admite-la-eliminacion-del-adversario\/126506\/#primaryimage"},"thumbnailUrl":"https:\/\/primereando.com.ar\/wp-content\/uploads\/2022\/09\/atentado-CFK.jpg","datePublished":"2026-09-01T15:22:04+00:00","dateModified":"2026-09-01T15:22:05+00:00","breadcrumb":{"@id":"https:\/\/primereando.com.ar\/index.php\/2026\/09\/01\/aniversario-del-atentado-contra-cfk-la-democracia-no-admite-la-eliminacion-del-adversario\/126506\/#breadcrumb"},"inLanguage":"es-AR","potentialAction":[{"@type":"ReadAction","target":["https:\/\/primereando.com.ar\/index.php\/2026\/09\/01\/aniversario-del-atentado-contra-cfk-la-democracia-no-admite-la-eliminacion-del-adversario\/126506\/"]}]},{"@type":"ImageObject","inLanguage":"es-AR","@id":"https:\/\/primereando.com.ar\/index.php\/2026\/09\/01\/aniversario-del-atentado-contra-cfk-la-democracia-no-admite-la-eliminacion-del-adversario\/126506\/#primaryimage","url":"https:\/\/primereando.com.ar\/wp-content\/uploads\/2022\/09\/atentado-CFK.jpg","contentUrl":"https:\/\/primereando.com.ar\/wp-content\/uploads\/2022\/09\/atentado-CFK.jpg","width":640,"height":360},{"@type":"BreadcrumbList","@id":"https:\/\/primereando.com.ar\/index.php\/2026\/09\/01\/aniversario-del-atentado-contra-cfk-la-democracia-no-admite-la-eliminacion-del-adversario\/126506\/#breadcrumb","itemListElement":[{"@type":"ListItem","position":1,"name":"Inicio","item":"https:\/\/primereando.com.ar\/"},{"@type":"ListItem","position":2,"name":"Aniversario del atentado contra CFK: \u201cLa democracia no admite la eliminaci\u00f3n del adversario\u201d."}]},{"@type":"WebSite","@id":"https:\/\/primereando.com.ar\/#website","url":"https:\/\/primereando.com.ar\/","name":"Primereando","description":"Portal de noticias de la Provincia de Buenos Aires","publisher":{"@id":"https:\/\/primereando.com.ar\/#organization"},"potentialAction":[{"@type":"SearchAction","target":{"@type":"EntryPoint","urlTemplate":"https:\/\/primereando.com.ar\/?s={search_term_string}"},"query-input":{"@type":"PropertyValueSpecification","valueRequired":true,"valueName":"search_term_string"}}],"inLanguage":"es-AR"},{"@type":"Organization","@id":"https:\/\/primereando.com.ar\/#organization","name":"Primereando","url":"https:\/\/primereando.com.ar\/","logo":{"@type":"ImageObject","inLanguage":"es-AR","@id":"https:\/\/primereando.com.ar\/#\/schema\/logo\/image\/","url":"https:\/\/primereando.com.ar\/wp-content\/uploads\/2021\/12\/primereando-logo.png","contentUrl":"https:\/\/primereando.com.ar\/wp-content\/uploads\/2021\/12\/primereando-logo.png","width":360,"height":96,"caption":"Primereando"},"image":{"@id":"https:\/\/primereando.com.ar\/#\/schema\/logo\/image\/"}},{"@type":"Person","@id":"https:\/\/primereando.com.ar\/#\/schema\/person\/26a9348b688072442a19f1fd50b634e7","name":"ManuT ManuT","image":{"@type":"ImageObject","inLanguage":"es-AR","@id":"https:\/\/secure.gravatar.com\/avatar\/cfd2697e666e2ecc9ce352f0c45d54dc0b4ffd5ec09871f5ba6e5907c12ce9de?s=96&d=blank&r=g","url":"https:\/\/secure.gravatar.com\/avatar\/cfd2697e666e2ecc9ce352f0c45d54dc0b4ffd5ec09871f5ba6e5907c12ce9de?s=96&d=blank&r=g","contentUrl":"https:\/\/secure.gravatar.com\/avatar\/cfd2697e666e2ecc9ce352f0c45d54dc0b4ffd5ec09871f5ba6e5907c12ce9de?s=96&d=blank&r=g","caption":"ManuT ManuT"},"url":"https:\/\/primereando.com.ar\/index.php\/author\/manut\/"}]}},"_links":{"self":[{"href":"https:\/\/primereando.com.ar\/index.php\/wp-json\/wp\/v2\/posts\/126506","targetHints":{"allow":["GET"]}}],"collection":[{"href":"https:\/\/primereando.com.ar\/index.php\/wp-json\/wp\/v2\/posts"}],"about":[{"href":"https:\/\/primereando.com.ar\/index.php\/wp-json\/wp\/v2\/types\/post"}],"author":[{"embeddable":true,"href":"https:\/\/primereando.com.ar\/index.php\/wp-json\/wp\/v2\/users\/9"}],"replies":[{"embeddable":true,"href":"https:\/\/primereando.com.ar\/index.php\/wp-json\/wp\/v2\/comments?post=126506"}],"version-history":[{"count":1,"href":"https:\/\/primereando.com.ar\/index.php\/wp-json\/wp\/v2\/posts\/126506\/revisions"}],"predecessor-version":[{"id":126507,"href":"https:\/\/primereando.com.ar\/index.php\/wp-json\/wp\/v2\/posts\/126506\/revisions\/126507"}],"wp:featuredmedia":[{"embeddable":true,"href":"https:\/\/primereando.com.ar\/index.php\/wp-json\/wp\/v2\/media\/82461"}],"wp:attachment":[{"href":"https:\/\/primereando.com.ar\/index.php\/wp-json\/wp\/v2\/media?parent=126506"}],"wp:term":[{"taxonomy":"category","embeddable":true,"href":"https:\/\/primereando.com.ar\/index.php\/wp-json\/wp\/v2\/categories?post=126506"},{"taxonomy":"post_tag","embeddable":true,"href":"https:\/\/primereando.com.ar\/index.php\/wp-json\/wp\/v2\/tags?post=126506"}],"curies":[{"name":"wp","href":"https:\/\/api.w.org\/{rel}","templated":true}]}}