{"id":126510,"date":"2026-09-01T13:16:26","date_gmt":"2026-09-01T16:16:26","guid":{"rendered":"https:\/\/primereando.com.ar\/?p=126510"},"modified":"2026-09-01T13:16:26","modified_gmt":"2026-09-01T16:16:26","slug":"transener-un-negocio-redondo-para-los-empresarios-amigos-de-milei","status":"publish","type":"post","link":"https:\/\/primereando.com.ar\/index.php\/2026\/09\/01\/transener-un-negocio-redondo-para-los-empresarios-amigos-de-milei\/126510\/","title":{"rendered":"Transener: un negocio redondo para los empresarios amigos de Milei"},"content":{"rendered":"\n<p class=\"wp-block-paragraph\">Un nuevo esc\u00e1ndalo se cierne sobre los\u00a0<strong>Neuss,<\/strong>\u00a0empresarios cercanos al gobierno de Javier Milei. Recientemente se conoci\u00f3 que el grupo ejecut\u00f3 una vieja artima\u00f1a de las\u00a0<strong>privatizaciones argentinas<\/strong>\u00a0al pagar m\u00e1s de dos tercios de la compra de\u00a0<strong>Transener<\/strong>\u00a0con fondos que la propia transportadora de energ\u00eda el\u00e9ctrica ten\u00eda en su haber. En la d\u00e9cada de 1990 pas\u00f3 con muchas empresas p\u00fablicas que pasaron al sector privado. Lindo negocio&#8230;<\/p>\n\n\n\n<p class=\"wp-block-paragraph\">El pase desde manos del Estado al conglomerado privado se llev\u00f3 a cabo en mayo cuando Econom\u00eda se desprendi\u00f3 de la participaci\u00f3n que&nbsp;<strong>Energ\u00eda Argentina<\/strong>&nbsp;S.A. (ENARSA) pose\u00eda en&nbsp;<strong>Citelec,<\/strong>&nbsp;controlante de Transener, a cambio de&nbsp;<strong>u$s356,1 millones<\/strong>&nbsp;aportados por Edison Transmisi\u00f3n, del&nbsp;<strong>Grupo Edison<\/strong>&nbsp;que conforman Juan y Patricio Neuss, y&nbsp;<strong>Genneia.<\/strong><\/p>\n\n\n\n<p class=\"wp-block-paragraph\">\u00bfDe donde sali\u00f3 esa plata? En principio, de los nuevos empresarios. Pero recuperaron ese pago con fondos que salieron de la propia Transener, que los hab\u00eda acumulado durante su etapa estatal. Es decir, la empresa p\u00fablica pag\u00f3 su propia privatizaci\u00f3n. Para los empresarios cercanos a Milei, un negocio redondo. <\/p>\n","protected":false},"excerpt":{"rendered":"<p>Un nuevo esc\u00e1ndalo se cierne sobre los\u00a0Neuss,\u00a0empresarios cercanos al gobierno de Javier Milei. Recientemente se conoci\u00f3 que el grupo ejecut\u00f3 una vieja artima\u00f1a de las\u00a0privatizaciones argentinas\u00a0al pagar m\u00e1s de dos tercios de la compra de\u00a0Transener\u00a0con fondos que la propia transportadora de energ\u00eda el\u00e9ctrica ten\u00eda en su haber. En la d\u00e9cada de 1990 pas\u00f3 con muchas [&hellip;]<\/p>\n","protected":false},"author":4,"featured_media":125062,"comment_status":"closed","ping_status":"closed","sticky":false,"template":"","format":"standard","meta":{"footnotes":""},"categories":[5],"tags":[],"class_list":["post-126510","post","type-post","status-publish","format-standard","has-post-thumbnail","hentry","category-actualidad"],"yoast_head":"<!-- This site is optimized with the Yoast SEO plugin v28.4 - https:\/\/yoast.com\/product\/yoast-seo-wordpress\/ -->\n<title>Transener: un negocio redondo para los empresarios amigos de Milei - Primereando<\/title>\n<meta name=\"robots\" content=\"index, follow, max-snippet:-1, max-image-preview:large, max-video-preview:-1\" \/>\n<link rel=\"canonical\" href=\"https:\/\/primereando.com.ar\/index.php\/2026\/09\/01\/transener-un-negocio-redondo-para-los-empresarios-amigos-de-milei\/126510\/\" \/>\n<meta property=\"og:locale\" content=\"es_ES\" \/>\n<meta property=\"og:type\" content=\"article\" \/>\n<meta property=\"og:title\" content=\"Transener: un negocio redondo para los empresarios amigos de Milei - Primereando\" \/>\n<meta property=\"og:description\" content=\"Un nuevo esc\u00e1ndalo se cierne sobre los\u00a0Neuss,\u00a0empresarios cercanos al gobierno de Javier Milei. Recientemente se conoci\u00f3 que el grupo ejecut\u00f3 una vieja artima\u00f1a de las\u00a0privatizaciones argentinas\u00a0al pagar m\u00e1s de dos tercios de la compra de\u00a0Transener\u00a0con fondos que la propia transportadora de energ\u00eda el\u00e9ctrica ten\u00eda en su haber. En la d\u00e9cada de 1990 pas\u00f3 con muchas [&hellip;]\" \/>\n<meta property=\"og:url\" content=\"https:\/\/primereando.com.ar\/index.php\/2026\/09\/01\/transener-un-negocio-redondo-para-los-empresarios-amigos-de-milei\/126510\/\" \/>\n<meta property=\"og:site_name\" content=\"Primereando\" \/>\n<meta property=\"article:published_time\" content=\"2026-09-01T16:16:26+00:00\" \/>\n<meta property=\"og:image\" content=\"https:\/\/primereando.com.ar\/wp-content\/uploads\/2026\/05\/milei-en-el-congreso.webp\" \/>\n\t<meta property=\"og:image:width\" content=\"987\" \/>\n\t<meta property=\"og:image:height\" content=\"555\" \/>\n\t<meta property=\"og:image:type\" content=\"image\/webp\" \/>\n<meta name=\"author\" content=\"Quique\" \/>\n<meta name=\"twitter:card\" content=\"summary_large_image\" \/>\n<meta name=\"twitter:label1\" content=\"Escrito por\" \/>\n\t<meta name=\"twitter:data1\" content=\"Quique\" \/>\n\t<meta name=\"twitter:label2\" content=\"Tiempo de lectura\" \/>\n\t<meta name=\"twitter:data2\" content=\"1 minuto\" \/>\n<script type=\"application\/ld+json\" class=\"yoast-schema-graph\">{\"@context\":\"https:\\\/\\\/schema.org\",\"@graph\":[{\"@type\":\"Article\",\"@id\":\"https:\\\/\\\/primereando.com.ar\\\/index.php\\\/2026\\\/09\\\/01\\\/transener-un-negocio-redondo-para-los-empresarios-amigos-de-milei\\\/126510\\\/#article\",\"isPartOf\":{\"@id\":\"https:\\\/\\\/primereando.com.ar\\\/index.php\\\/2026\\\/09\\\/01\\\/transener-un-negocio-redondo-para-los-empresarios-amigos-de-milei\\\/126510\\\/\"},\"author\":{\"name\":\"Quique\",\"@id\":\"https:\\\/\\\/primereando.com.ar\\\/#\\\/schema\\\/person\\\/4e63931e01f10f9b83b868233258d3d3\"},\"headline\":\"Transener: un negocio redondo para los empresarios amigos de Milei\",\"datePublished\":\"2026-09-01T16:16:26+00:00\",\"mainEntityOfPage\":{\"@id\":\"https:\\\/\\\/primereando.com.ar\\\/index.php\\\/2026\\\/09\\\/01\\\/transener-un-negocio-redondo-para-los-empresarios-amigos-de-milei\\\/126510\\\/\"},\"wordCount\":208,\"publisher\":{\"@id\":\"https:\\\/\\\/primereando.com.ar\\\/#organization\"},\"image\":{\"@id\":\"https:\\\/\\\/primereando.com.ar\\\/index.php\\\/2026\\\/09\\\/01\\\/transener-un-negocio-redondo-para-los-empresarios-amigos-de-milei\\\/126510\\\/#primaryimage\"},\"thumbnailUrl\":\"https:\\\/\\\/primereando.com.ar\\\/wp-content\\\/uploads\\\/2026\\\/05\\\/milei-en-el-congreso.webp\",\"articleSection\":[\"Actualidad\"],\"inLanguage\":\"es-AR\"},{\"@type\":\"WebPage\",\"@id\":\"https:\\\/\\\/primereando.com.ar\\\/index.php\\\/2026\\\/09\\\/01\\\/transener-un-negocio-redondo-para-los-empresarios-amigos-de-milei\\\/126510\\\/\",\"url\":\"https:\\\/\\\/primereando.com.ar\\\/index.php\\\/2026\\\/09\\\/01\\\/transener-un-negocio-redondo-para-los-empresarios-amigos-de-milei\\\/126510\\\/\",\"name\":\"Transener: un negocio redondo para los empresarios amigos de Milei - Primereando\",\"isPartOf\":{\"@id\":\"https:\\\/\\\/primereando.com.ar\\\/#website\"},\"primaryImageOfPage\":{\"@id\":\"https:\\\/\\\/primereando.com.ar\\\/index.php\\\/2026\\\/09\\\/01\\\/transener-un-negocio-redondo-para-los-empresarios-amigos-de-milei\\\/126510\\\/#primaryimage\"},\"image\":{\"@id\":\"https:\\\/\\\/primereando.com.ar\\\/index.php\\\/2026\\\/09\\\/01\\\/transener-un-negocio-redondo-para-los-empresarios-amigos-de-milei\\\/126510\\\/#primaryimage\"},\"thumbnailUrl\":\"https:\\\/\\\/primereando.com.ar\\\/wp-content\\\/uploads\\\/2026\\\/05\\\/milei-en-el-congreso.webp\",\"datePublished\":\"2026-09-01T16:16:26+00:00\",\"breadcrumb\":{\"@id\":\"https:\\\/\\\/primereando.com.ar\\\/index.php\\\/2026\\\/09\\\/01\\\/transener-un-negocio-redondo-para-los-empresarios-amigos-de-milei\\\/126510\\\/#breadcrumb\"},\"inLanguage\":\"es-AR\",\"potentialAction\":[{\"@type\":\"ReadAction\",\"target\":[\"https:\\\/\\\/primereando.com.ar\\\/index.php\\\/2026\\\/09\\\/01\\\/transener-un-negocio-redondo-para-los-empresarios-amigos-de-milei\\\/126510\\\/\"]}]},{\"@type\":\"ImageObject\",\"inLanguage\":\"es-AR\",\"@id\":\"https:\\\/\\\/primereando.com.ar\\\/index.php\\\/2026\\\/09\\\/01\\\/transener-un-negocio-redondo-para-los-empresarios-amigos-de-milei\\\/126510\\\/#primaryimage\",\"url\":\"https:\\\/\\\/primereando.com.ar\\\/wp-content\\\/uploads\\\/2026\\\/05\\\/milei-en-el-congreso.webp\",\"contentUrl\":\"https:\\\/\\\/primereando.com.ar\\\/wp-content\\\/uploads\\\/2026\\\/05\\\/milei-en-el-congreso.webp\",\"width\":987,\"height\":555},{\"@type\":\"BreadcrumbList\",\"@id\":\"https:\\\/\\\/primereando.com.ar\\\/index.php\\\/2026\\\/09\\\/01\\\/transener-un-negocio-redondo-para-los-empresarios-amigos-de-milei\\\/126510\\\/#breadcrumb\",\"itemListElement\":[{\"@type\":\"ListItem\",\"position\":1,\"name\":\"Inicio\",\"item\":\"https:\\\/\\\/primereando.com.ar\\\/\"},{\"@type\":\"ListItem\",\"position\":2,\"name\":\"Transener: un negocio redondo para los empresarios amigos de Milei\"}]},{\"@type\":\"WebSite\",\"@id\":\"https:\\\/\\\/primereando.com.ar\\\/#website\",\"url\":\"https:\\\/\\\/primereando.com.ar\\\/\",\"name\":\"Primereando\",\"description\":\"Portal de noticias de la Provincia de Buenos Aires\",\"publisher\":{\"@id\":\"https:\\\/\\\/primereando.com.ar\\\/#organization\"},\"potentialAction\":[{\"@type\":\"SearchAction\",\"target\":{\"@type\":\"EntryPoint\",\"urlTemplate\":\"https:\\\/\\\/primereando.com.ar\\\/?s={search_term_string}\"},\"query-input\":{\"@type\":\"PropertyValueSpecification\",\"valueRequired\":true,\"valueName\":\"search_term_string\"}}],\"inLanguage\":\"es-AR\"},{\"@type\":\"Organization\",\"@id\":\"https:\\\/\\\/primereando.com.ar\\\/#organization\",\"name\":\"Primereando\",\"url\":\"https:\\\/\\\/primereando.com.ar\\\/\",\"logo\":{\"@type\":\"ImageObject\",\"inLanguage\":\"es-AR\",\"@id\":\"https:\\\/\\\/primereando.com.ar\\\/#\\\/schema\\\/logo\\\/image\\\/\",\"url\":\"https:\\\/\\\/primereando.com.ar\\\/wp-content\\\/uploads\\\/2021\\\/12\\\/primereando-logo.png\",\"contentUrl\":\"https:\\\/\\\/primereando.com.ar\\\/wp-content\\\/uploads\\\/2021\\\/12\\\/primereando-logo.png\",\"width\":360,\"height\":96,\"caption\":\"Primereando\"},\"image\":{\"@id\":\"https:\\\/\\\/primereando.com.ar\\\/#\\\/schema\\\/logo\\\/image\\\/\"}},{\"@type\":\"Person\",\"@id\":\"https:\\\/\\\/primereando.com.ar\\\/#\\\/schema\\\/person\\\/4e63931e01f10f9b83b868233258d3d3\",\"name\":\"Quique\",\"image\":{\"@type\":\"ImageObject\",\"inLanguage\":\"es-AR\",\"@id\":\"https:\\\/\\\/secure.gravatar.com\\\/avatar\\\/b59b9a051963473b9167e1994f9d9bceb0bfcf81b12fa216e38bdbf315e58be9?s=96&d=blank&r=g\",\"url\":\"https:\\\/\\\/secure.gravatar.com\\\/avatar\\\/b59b9a051963473b9167e1994f9d9bceb0bfcf81b12fa216e38bdbf315e58be9?s=96&d=blank&r=g\",\"contentUrl\":\"https:\\\/\\\/secure.gravatar.com\\\/avatar\\\/b59b9a051963473b9167e1994f9d9bceb0bfcf81b12fa216e38bdbf315e58be9?s=96&d=blank&r=g\",\"caption\":\"Quique\"},\"url\":\"https:\\\/\\\/primereando.com.ar\\\/index.php\\\/author\\\/quique\\\/\"}]}<\/script>\n<!-- \/ Yoast SEO plugin. -->","yoast_head_json":{"title":"Transener: un negocio redondo para los empresarios amigos de Milei - Primereando","robots":{"index":"index","follow":"follow","max-snippet":"max-snippet:-1","max-image-preview":"max-image-preview:large","max-video-preview":"max-video-preview:-1"},"canonical":"https:\/\/primereando.com.ar\/index.php\/2026\/09\/01\/transener-un-negocio-redondo-para-los-empresarios-amigos-de-milei\/126510\/","og_locale":"es_ES","og_type":"article","og_title":"Transener: un negocio redondo para los empresarios amigos de Milei - Primereando","og_description":"Un nuevo esc\u00e1ndalo se cierne sobre los\u00a0Neuss,\u00a0empresarios cercanos al gobierno de Javier Milei. Recientemente se conoci\u00f3 que el grupo ejecut\u00f3 una vieja artima\u00f1a de las\u00a0privatizaciones argentinas\u00a0al pagar m\u00e1s de dos tercios de la compra de\u00a0Transener\u00a0con fondos que la propia transportadora de energ\u00eda el\u00e9ctrica ten\u00eda en su haber. En la d\u00e9cada de 1990 pas\u00f3 con muchas [&hellip;]","og_url":"https:\/\/primereando.com.ar\/index.php\/2026\/09\/01\/transener-un-negocio-redondo-para-los-empresarios-amigos-de-milei\/126510\/","og_site_name":"Primereando","article_published_time":"2026-09-01T16:16:26+00:00","og_image":[{"width":987,"height":555,"url":"https:\/\/primereando.com.ar\/wp-content\/uploads\/2026\/05\/milei-en-el-congreso.webp","type":"image\/webp"}],"author":"Quique","twitter_card":"summary_large_image","twitter_misc":{"Escrito por":"Quique","Tiempo de lectura":"1 minuto"},"schema":{"@context":"https:\/\/schema.org","@graph":[{"@type":"Article","@id":"https:\/\/primereando.com.ar\/index.php\/2026\/09\/01\/transener-un-negocio-redondo-para-los-empresarios-amigos-de-milei\/126510\/#article","isPartOf":{"@id":"https:\/\/primereando.com.ar\/index.php\/2026\/09\/01\/transener-un-negocio-redondo-para-los-empresarios-amigos-de-milei\/126510\/"},"author":{"name":"Quique","@id":"https:\/\/primereando.com.ar\/#\/schema\/person\/4e63931e01f10f9b83b868233258d3d3"},"headline":"Transener: un negocio redondo para los empresarios amigos de Milei","datePublished":"2026-09-01T16:16:26+00:00","mainEntityOfPage":{"@id":"https:\/\/primereando.com.ar\/index.php\/2026\/09\/01\/transener-un-negocio-redondo-para-los-empresarios-amigos-de-milei\/126510\/"},"wordCount":208,"publisher":{"@id":"https:\/\/primereando.com.ar\/#organization"},"image":{"@id":"https:\/\/primereando.com.ar\/index.php\/2026\/09\/01\/transener-un-negocio-redondo-para-los-empresarios-amigos-de-milei\/126510\/#primaryimage"},"thumbnailUrl":"https:\/\/primereando.com.ar\/wp-content\/uploads\/2026\/05\/milei-en-el-congreso.webp","articleSection":["Actualidad"],"inLanguage":"es-AR"},{"@type":"WebPage","@id":"https:\/\/primereando.com.ar\/index.php\/2026\/09\/01\/transener-un-negocio-redondo-para-los-empresarios-amigos-de-milei\/126510\/","url":"https:\/\/primereando.com.ar\/index.php\/2026\/09\/01\/transener-un-negocio-redondo-para-los-empresarios-amigos-de-milei\/126510\/","name":"Transener: un negocio redondo para los empresarios amigos de Milei - Primereando","isPartOf":{"@id":"https:\/\/primereando.com.ar\/#website"},"primaryImageOfPage":{"@id":"https:\/\/primereando.com.ar\/index.php\/2026\/09\/01\/transener-un-negocio-redondo-para-los-empresarios-amigos-de-milei\/126510\/#primaryimage"},"image":{"@id":"https:\/\/primereando.com.ar\/index.php\/2026\/09\/01\/transener-un-negocio-redondo-para-los-empresarios-amigos-de-milei\/126510\/#primaryimage"},"thumbnailUrl":"https:\/\/primereando.com.ar\/wp-content\/uploads\/2026\/05\/milei-en-el-congreso.webp","datePublished":"2026-09-01T16:16:26+00:00","breadcrumb":{"@id":"https:\/\/primereando.com.ar\/index.php\/2026\/09\/01\/transener-un-negocio-redondo-para-los-empresarios-amigos-de-milei\/126510\/#breadcrumb"},"inLanguage":"es-AR","potentialAction":[{"@type":"ReadAction","target":["https:\/\/primereando.com.ar\/index.php\/2026\/09\/01\/transener-un-negocio-redondo-para-los-empresarios-amigos-de-milei\/126510\/"]}]},{"@type":"ImageObject","inLanguage":"es-AR","@id":"https:\/\/primereando.com.ar\/index.php\/2026\/09\/01\/transener-un-negocio-redondo-para-los-empresarios-amigos-de-milei\/126510\/#primaryimage","url":"https:\/\/primereando.com.ar\/wp-content\/uploads\/2026\/05\/milei-en-el-congreso.webp","contentUrl":"https:\/\/primereando.com.ar\/wp-content\/uploads\/2026\/05\/milei-en-el-congreso.webp","width":987,"height":555},{"@type":"BreadcrumbList","@id":"https:\/\/primereando.com.ar\/index.php\/2026\/09\/01\/transener-un-negocio-redondo-para-los-empresarios-amigos-de-milei\/126510\/#breadcrumb","itemListElement":[{"@type":"ListItem","position":1,"name":"Inicio","item":"https:\/\/primereando.com.ar\/"},{"@type":"ListItem","position":2,"name":"Transener: un negocio redondo para los empresarios amigos de Milei"}]},{"@type":"WebSite","@id":"https:\/\/primereando.com.ar\/#website","url":"https:\/\/primereando.com.ar\/","name":"Primereando","description":"Portal de noticias de la Provincia de Buenos Aires","publisher":{"@id":"https:\/\/primereando.com.ar\/#organization"},"potentialAction":[{"@type":"SearchAction","target":{"@type":"EntryPoint","urlTemplate":"https:\/\/primereando.com.ar\/?s={search_term_string}"},"query-input":{"@type":"PropertyValueSpecification","valueRequired":true,"valueName":"search_term_string"}}],"inLanguage":"es-AR"},{"@type":"Organization","@id":"https:\/\/primereando.com.ar\/#organization","name":"Primereando","url":"https:\/\/primereando.com.ar\/","logo":{"@type":"ImageObject","inLanguage":"es-AR","@id":"https:\/\/primereando.com.ar\/#\/schema\/logo\/image\/","url":"https:\/\/primereando.com.ar\/wp-content\/uploads\/2021\/12\/primereando-logo.png","contentUrl":"https:\/\/primereando.com.ar\/wp-content\/uploads\/2021\/12\/primereando-logo.png","width":360,"height":96,"caption":"Primereando"},"image":{"@id":"https:\/\/primereando.com.ar\/#\/schema\/logo\/image\/"}},{"@type":"Person","@id":"https:\/\/primereando.com.ar\/#\/schema\/person\/4e63931e01f10f9b83b868233258d3d3","name":"Quique","image":{"@type":"ImageObject","inLanguage":"es-AR","@id":"https:\/\/secure.gravatar.com\/avatar\/b59b9a051963473b9167e1994f9d9bceb0bfcf81b12fa216e38bdbf315e58be9?s=96&d=blank&r=g","url":"https:\/\/secure.gravatar.com\/avatar\/b59b9a051963473b9167e1994f9d9bceb0bfcf81b12fa216e38bdbf315e58be9?s=96&d=blank&r=g","contentUrl":"https:\/\/secure.gravatar.com\/avatar\/b59b9a051963473b9167e1994f9d9bceb0bfcf81b12fa216e38bdbf315e58be9?s=96&d=blank&r=g","caption":"Quique"},"url":"https:\/\/primereando.com.ar\/index.php\/author\/quique\/"}]}},"_links":{"self":[{"href":"https:\/\/primereando.com.ar\/index.php\/wp-json\/wp\/v2\/posts\/126510","targetHints":{"allow":["GET"]}}],"collection":[{"href":"https:\/\/primereando.com.ar\/index.php\/wp-json\/wp\/v2\/posts"}],"about":[{"href":"https:\/\/primereando.com.ar\/index.php\/wp-json\/wp\/v2\/types\/post"}],"author":[{"embeddable":true,"href":"https:\/\/primereando.com.ar\/index.php\/wp-json\/wp\/v2\/users\/4"}],"replies":[{"embeddable":true,"href":"https:\/\/primereando.com.ar\/index.php\/wp-json\/wp\/v2\/comments?post=126510"}],"version-history":[{"count":1,"href":"https:\/\/primereando.com.ar\/index.php\/wp-json\/wp\/v2\/posts\/126510\/revisions"}],"predecessor-version":[{"id":126511,"href":"https:\/\/primereando.com.ar\/index.php\/wp-json\/wp\/v2\/posts\/126510\/revisions\/126511"}],"wp:featuredmedia":[{"embeddable":true,"href":"https:\/\/primereando.com.ar\/index.php\/wp-json\/wp\/v2\/media\/125062"}],"wp:attachment":[{"href":"https:\/\/primereando.com.ar\/index.php\/wp-json\/wp\/v2\/media?parent=126510"}],"wp:term":[{"taxonomy":"category","embeddable":true,"href":"https:\/\/primereando.com.ar\/index.php\/wp-json\/wp\/v2\/categories?post=126510"},{"taxonomy":"post_tag","embeddable":true,"href":"https:\/\/primereando.com.ar\/index.php\/wp-json\/wp\/v2\/tags?post=126510"}],"curies":[{"name":"wp","href":"https:\/\/api.w.org\/{rel}","templated":true}]}}