{"id":126514,"date":"2026-09-01T18:02:56","date_gmt":"2026-09-01T21:02:56","guid":{"rendered":"https:\/\/primereando.com.ar\/?p=126514"},"modified":"2026-09-01T18:02:57","modified_gmt":"2026-09-01T21:02:57","slug":"sin-acuerdo-en-la-paritaria-gremios-declaran-un-nuevo-paro-universitario-en-todo-el-pais-para-manana","status":"publish","type":"post","link":"https:\/\/primereando.com.ar\/index.php\/2026\/09\/01\/sin-acuerdo-en-la-paritaria-gremios-declaran-un-nuevo-paro-universitario-en-todo-el-pais-para-manana\/126514\/","title":{"rendered":"Sin acuerdo en la paritaria, gremios declaran un nuevo paro universitario en todo el pa\u00eds para ma\u00f1ana"},"content":{"rendered":"\n<h2 class=\"wp-block-heading\">La reuni\u00f3n entre las federaciones docentes y las autoridades nacionales fracas\u00f3 ante la falta de una propuesta salarial concreta. Ma\u00f1ana habr\u00e1 una jornada de protesta en todas las universidades del pa\u00eds en reclamo por la p\u00e9rdida del poder adquisitivo.<\/h2>\n\n\n\n<p class=\"wp-block-paragraph\">El conflicto entre el Gobierno nacional y los trabajadores de la educaci\u00f3n superior suma un nuevo cap\u00edtulo tras el fracaso de la reuni\u00f3n paritaria convocada por el Ministerio de Capital Humano. Las federaciones docentes, entre ellas la CONADU Hist\u00f3rica, rechazaron la falta de una oferta salarial acorde a la inflaci\u00f3n y ratificaron un paro nacional para este mi\u00e9rcoles 2 de septiembre. La medida paralizar\u00e1 las actividades acad\u00e9micas y administrativas en las 57 universidades p\u00fablicas del pa\u00eds.<\/p>\n\n\n\n<p class=\"wp-block-paragraph\">Desde las organizaciones gremiales denunciaron que la gesti\u00f3n oficialista contin\u00faa licuando los ingresos del sector, con sueldos que en su mayor\u00eda se encuentran por debajo de la l\u00ednea de pobreza. Se\u00f1alan que la negativa del Poder Ejecutivo a recomponer el atraso acumulado desde el inicio de la gesti\u00f3n no es una omisi\u00f3n casual, sino una decisi\u00f3n pol\u00edtica orientada al ahogo financiero de las casas de estudio.<\/p>\n\n\n\n<p class=\"wp-block-paragraph\">La medida de fuerza incluir\u00e1 no solo la suspensi\u00f3n de clases presenciales y virtuales, sino tambi\u00e9n visibilizaciones, ruidazos y clases p\u00fablicas en distintas unidades acad\u00e9micas. Los docentes exigen la urgente actualizaci\u00f3n de los salarios, el pago de la garant\u00eda salarial y la restituci\u00f3n del Fondo Nacional de Incentivo Docente (FONID), adem\u00e1s del cumplimiento efectivo de la Ley de Financiamiento Universitario.<\/p>\n\n\n\n<p class=\"wp-block-paragraph\">Frente a la falta de respuestas por parte del Estado, los referentes del sector advirtieron que el plan de lucha continuar\u00e1 profundiz\u00e1ndose durante las pr\u00f3ximas semanas. La comunidad universitaria ratific\u00f3 que mantendr\u00e1 la resistencia en las calles y en las aulas para defender la educaci\u00f3n p\u00fablica, gratuita y de calidad frente al ajuste impulsado por el Poder Ejecutivo.<\/p>\n","protected":false},"excerpt":{"rendered":"<p>La reuni\u00f3n entre las federaciones docentes y las autoridades nacionales fracas\u00f3 ante la falta de una propuesta salarial concreta. Ma\u00f1ana habr\u00e1 una jornada de protesta en todas las universidades del pa\u00eds en reclamo por la p\u00e9rdida del poder adquisitivo. El conflicto entre el Gobierno nacional y los trabajadores de la educaci\u00f3n superior suma un nuevo [&hellip;]<\/p>\n","protected":false},"author":9,"featured_media":124407,"comment_status":"closed","ping_status":"closed","sticky":false,"template":"","format":"standard","meta":{"footnotes":""},"categories":[5,22],"tags":[],"class_list":["post-126514","post","type-post","status-publish","format-standard","has-post-thumbnail","hentry","category-actualidad","category-sociedad"],"yoast_head":"<!-- This site is optimized with the Yoast SEO plugin v28.4 - https:\/\/yoast.com\/product\/yoast-seo-wordpress\/ -->\n<title>Sin acuerdo en la paritaria, gremios declaran un nuevo paro universitario en todo el pa\u00eds para ma\u00f1ana - Primereando<\/title>\n<meta name=\"robots\" content=\"index, follow, max-snippet:-1, max-image-preview:large, max-video-preview:-1\" \/>\n<link rel=\"canonical\" href=\"https:\/\/primereando.com.ar\/index.php\/2026\/09\/01\/sin-acuerdo-en-la-paritaria-gremios-declaran-un-nuevo-paro-universitario-en-todo-el-pais-para-manana\/126514\/\" \/>\n<meta property=\"og:locale\" content=\"es_ES\" \/>\n<meta property=\"og:type\" content=\"article\" \/>\n<meta property=\"og:title\" content=\"Sin acuerdo en la paritaria, gremios declaran un nuevo paro universitario en todo el pa\u00eds para ma\u00f1ana - Primereando\" \/>\n<meta property=\"og:description\" content=\"La reuni\u00f3n entre las federaciones docentes y las autoridades nacionales fracas\u00f3 ante la falta de una propuesta salarial concreta. Ma\u00f1ana habr\u00e1 una jornada de protesta en todas las universidades del pa\u00eds en reclamo por la p\u00e9rdida del poder adquisitivo. El conflicto entre el Gobierno nacional y los trabajadores de la educaci\u00f3n superior suma un nuevo [&hellip;]\" \/>\n<meta property=\"og:url\" content=\"https:\/\/primereando.com.ar\/index.php\/2026\/09\/01\/sin-acuerdo-en-la-paritaria-gremios-declaran-un-nuevo-paro-universitario-en-todo-el-pais-para-manana\/126514\/\" \/>\n<meta property=\"og:site_name\" content=\"Primereando\" \/>\n<meta property=\"article:published_time\" content=\"2026-09-01T21:02:56+00:00\" \/>\n<meta property=\"article:modified_time\" content=\"2026-09-01T21:02:57+00:00\" \/>\n<meta property=\"og:image\" content=\"https:\/\/primereando.com.ar\/wp-content\/uploads\/2026\/03\/universidad-educacion.jpg\" \/>\n\t<meta property=\"og:image:width\" content=\"800\" \/>\n\t<meta property=\"og:image:height\" content=\"450\" \/>\n\t<meta property=\"og:image:type\" content=\"image\/jpeg\" \/>\n<meta name=\"author\" content=\"ManuT ManuT\" \/>\n<meta name=\"twitter:card\" content=\"summary_large_image\" \/>\n<meta name=\"twitter:label1\" content=\"Escrito por\" \/>\n\t<meta name=\"twitter:data1\" content=\"ManuT ManuT\" \/>\n\t<meta name=\"twitter:label2\" content=\"Tiempo de lectura\" \/>\n\t<meta name=\"twitter:data2\" content=\"2 minutos\" \/>\n<script type=\"application\/ld+json\" class=\"yoast-schema-graph\">{\"@context\":\"https:\\\/\\\/schema.org\",\"@graph\":[{\"@type\":\"Article\",\"@id\":\"https:\\\/\\\/primereando.com.ar\\\/index.php\\\/2026\\\/09\\\/01\\\/sin-acuerdo-en-la-paritaria-gremios-declaran-un-nuevo-paro-universitario-en-todo-el-pais-para-manana\\\/126514\\\/#article\",\"isPartOf\":{\"@id\":\"https:\\\/\\\/primereando.com.ar\\\/index.php\\\/2026\\\/09\\\/01\\\/sin-acuerdo-en-la-paritaria-gremios-declaran-un-nuevo-paro-universitario-en-todo-el-pais-para-manana\\\/126514\\\/\"},\"author\":{\"name\":\"ManuT ManuT\",\"@id\":\"https:\\\/\\\/primereando.com.ar\\\/#\\\/schema\\\/person\\\/26a9348b688072442a19f1fd50b634e7\"},\"headline\":\"Sin acuerdo en la paritaria, gremios declaran un nuevo paro universitario en todo el pa\u00eds para ma\u00f1ana\",\"datePublished\":\"2026-09-01T21:02:56+00:00\",\"dateModified\":\"2026-09-01T21:02:57+00:00\",\"mainEntityOfPage\":{\"@id\":\"https:\\\/\\\/primereando.com.ar\\\/index.php\\\/2026\\\/09\\\/01\\\/sin-acuerdo-en-la-paritaria-gremios-declaran-un-nuevo-paro-universitario-en-todo-el-pais-para-manana\\\/126514\\\/\"},\"wordCount\":350,\"publisher\":{\"@id\":\"https:\\\/\\\/primereando.com.ar\\\/#organization\"},\"image\":{\"@id\":\"https:\\\/\\\/primereando.com.ar\\\/index.php\\\/2026\\\/09\\\/01\\\/sin-acuerdo-en-la-paritaria-gremios-declaran-un-nuevo-paro-universitario-en-todo-el-pais-para-manana\\\/126514\\\/#primaryimage\"},\"thumbnailUrl\":\"https:\\\/\\\/primereando.com.ar\\\/wp-content\\\/uploads\\\/2026\\\/03\\\/universidad-educacion.jpg\",\"articleSection\":[\"Actualidad\",\"Sociedad\"],\"inLanguage\":\"es-AR\"},{\"@type\":\"WebPage\",\"@id\":\"https:\\\/\\\/primereando.com.ar\\\/index.php\\\/2026\\\/09\\\/01\\\/sin-acuerdo-en-la-paritaria-gremios-declaran-un-nuevo-paro-universitario-en-todo-el-pais-para-manana\\\/126514\\\/\",\"url\":\"https:\\\/\\\/primereando.com.ar\\\/index.php\\\/2026\\\/09\\\/01\\\/sin-acuerdo-en-la-paritaria-gremios-declaran-un-nuevo-paro-universitario-en-todo-el-pais-para-manana\\\/126514\\\/\",\"name\":\"Sin acuerdo en la paritaria, gremios declaran un nuevo paro universitario en todo el pa\u00eds para ma\u00f1ana - Primereando\",\"isPartOf\":{\"@id\":\"https:\\\/\\\/primereando.com.ar\\\/#website\"},\"primaryImageOfPage\":{\"@id\":\"https:\\\/\\\/primereando.com.ar\\\/index.php\\\/2026\\\/09\\\/01\\\/sin-acuerdo-en-la-paritaria-gremios-declaran-un-nuevo-paro-universitario-en-todo-el-pais-para-manana\\\/126514\\\/#primaryimage\"},\"image\":{\"@id\":\"https:\\\/\\\/primereando.com.ar\\\/index.php\\\/2026\\\/09\\\/01\\\/sin-acuerdo-en-la-paritaria-gremios-declaran-un-nuevo-paro-universitario-en-todo-el-pais-para-manana\\\/126514\\\/#primaryimage\"},\"thumbnailUrl\":\"https:\\\/\\\/primereando.com.ar\\\/wp-content\\\/uploads\\\/2026\\\/03\\\/universidad-educacion.jpg\",\"datePublished\":\"2026-09-01T21:02:56+00:00\",\"dateModified\":\"2026-09-01T21:02:57+00:00\",\"breadcrumb\":{\"@id\":\"https:\\\/\\\/primereando.com.ar\\\/index.php\\\/2026\\\/09\\\/01\\\/sin-acuerdo-en-la-paritaria-gremios-declaran-un-nuevo-paro-universitario-en-todo-el-pais-para-manana\\\/126514\\\/#breadcrumb\"},\"inLanguage\":\"es-AR\",\"potentialAction\":[{\"@type\":\"ReadAction\",\"target\":[\"https:\\\/\\\/primereando.com.ar\\\/index.php\\\/2026\\\/09\\\/01\\\/sin-acuerdo-en-la-paritaria-gremios-declaran-un-nuevo-paro-universitario-en-todo-el-pais-para-manana\\\/126514\\\/\"]}]},{\"@type\":\"ImageObject\",\"inLanguage\":\"es-AR\",\"@id\":\"https:\\\/\\\/primereando.com.ar\\\/index.php\\\/2026\\\/09\\\/01\\\/sin-acuerdo-en-la-paritaria-gremios-declaran-un-nuevo-paro-universitario-en-todo-el-pais-para-manana\\\/126514\\\/#primaryimage\",\"url\":\"https:\\\/\\\/primereando.com.ar\\\/wp-content\\\/uploads\\\/2026\\\/03\\\/universidad-educacion.jpg\",\"contentUrl\":\"https:\\\/\\\/primereando.com.ar\\\/wp-content\\\/uploads\\\/2026\\\/03\\\/universidad-educacion.jpg\",\"width\":800,\"height\":450},{\"@type\":\"BreadcrumbList\",\"@id\":\"https:\\\/\\\/primereando.com.ar\\\/index.php\\\/2026\\\/09\\\/01\\\/sin-acuerdo-en-la-paritaria-gremios-declaran-un-nuevo-paro-universitario-en-todo-el-pais-para-manana\\\/126514\\\/#breadcrumb\",\"itemListElement\":[{\"@type\":\"ListItem\",\"position\":1,\"name\":\"Inicio\",\"item\":\"https:\\\/\\\/primereando.com.ar\\\/\"},{\"@type\":\"ListItem\",\"position\":2,\"name\":\"Sin acuerdo en la paritaria, gremios declaran un nuevo paro universitario en todo el pa\u00eds para ma\u00f1ana\"}]},{\"@type\":\"WebSite\",\"@id\":\"https:\\\/\\\/primereando.com.ar\\\/#website\",\"url\":\"https:\\\/\\\/primereando.com.ar\\\/\",\"name\":\"Primereando\",\"description\":\"Portal de noticias de la Provincia de Buenos Aires\",\"publisher\":{\"@id\":\"https:\\\/\\\/primereando.com.ar\\\/#organization\"},\"potentialAction\":[{\"@type\":\"SearchAction\",\"target\":{\"@type\":\"EntryPoint\",\"urlTemplate\":\"https:\\\/\\\/primereando.com.ar\\\/?s={search_term_string}\"},\"query-input\":{\"@type\":\"PropertyValueSpecification\",\"valueRequired\":true,\"valueName\":\"search_term_string\"}}],\"inLanguage\":\"es-AR\"},{\"@type\":\"Organization\",\"@id\":\"https:\\\/\\\/primereando.com.ar\\\/#organization\",\"name\":\"Primereando\",\"url\":\"https:\\\/\\\/primereando.com.ar\\\/\",\"logo\":{\"@type\":\"ImageObject\",\"inLanguage\":\"es-AR\",\"@id\":\"https:\\\/\\\/primereando.com.ar\\\/#\\\/schema\\\/logo\\\/image\\\/\",\"url\":\"https:\\\/\\\/primereando.com.ar\\\/wp-content\\\/uploads\\\/2021\\\/12\\\/primereando-logo.png\",\"contentUrl\":\"https:\\\/\\\/primereando.com.ar\\\/wp-content\\\/uploads\\\/2021\\\/12\\\/primereando-logo.png\",\"width\":360,\"height\":96,\"caption\":\"Primereando\"},\"image\":{\"@id\":\"https:\\\/\\\/primereando.com.ar\\\/#\\\/schema\\\/logo\\\/image\\\/\"}},{\"@type\":\"Person\",\"@id\":\"https:\\\/\\\/primereando.com.ar\\\/#\\\/schema\\\/person\\\/26a9348b688072442a19f1fd50b634e7\",\"name\":\"ManuT ManuT\",\"image\":{\"@type\":\"ImageObject\",\"inLanguage\":\"es-AR\",\"@id\":\"https:\\\/\\\/secure.gravatar.com\\\/avatar\\\/cfd2697e666e2ecc9ce352f0c45d54dc0b4ffd5ec09871f5ba6e5907c12ce9de?s=96&d=blank&r=g\",\"url\":\"https:\\\/\\\/secure.gravatar.com\\\/avatar\\\/cfd2697e666e2ecc9ce352f0c45d54dc0b4ffd5ec09871f5ba6e5907c12ce9de?s=96&d=blank&r=g\",\"contentUrl\":\"https:\\\/\\\/secure.gravatar.com\\\/avatar\\\/cfd2697e666e2ecc9ce352f0c45d54dc0b4ffd5ec09871f5ba6e5907c12ce9de?s=96&d=blank&r=g\",\"caption\":\"ManuT ManuT\"},\"url\":\"https:\\\/\\\/primereando.com.ar\\\/index.php\\\/author\\\/manut\\\/\"}]}<\/script>\n<!-- \/ Yoast SEO plugin. -->","yoast_head_json":{"title":"Sin acuerdo en la paritaria, gremios declaran un nuevo paro universitario en todo el pa\u00eds para ma\u00f1ana - Primereando","robots":{"index":"index","follow":"follow","max-snippet":"max-snippet:-1","max-image-preview":"max-image-preview:large","max-video-preview":"max-video-preview:-1"},"canonical":"https:\/\/primereando.com.ar\/index.php\/2026\/09\/01\/sin-acuerdo-en-la-paritaria-gremios-declaran-un-nuevo-paro-universitario-en-todo-el-pais-para-manana\/126514\/","og_locale":"es_ES","og_type":"article","og_title":"Sin acuerdo en la paritaria, gremios declaran un nuevo paro universitario en todo el pa\u00eds para ma\u00f1ana - Primereando","og_description":"La reuni\u00f3n entre las federaciones docentes y las autoridades nacionales fracas\u00f3 ante la falta de una propuesta salarial concreta. Ma\u00f1ana habr\u00e1 una jornada de protesta en todas las universidades del pa\u00eds en reclamo por la p\u00e9rdida del poder adquisitivo. El conflicto entre el Gobierno nacional y los trabajadores de la educaci\u00f3n superior suma un nuevo [&hellip;]","og_url":"https:\/\/primereando.com.ar\/index.php\/2026\/09\/01\/sin-acuerdo-en-la-paritaria-gremios-declaran-un-nuevo-paro-universitario-en-todo-el-pais-para-manana\/126514\/","og_site_name":"Primereando","article_published_time":"2026-09-01T21:02:56+00:00","article_modified_time":"2026-09-01T21:02:57+00:00","og_image":[{"width":800,"height":450,"url":"https:\/\/primereando.com.ar\/wp-content\/uploads\/2026\/03\/universidad-educacion.jpg","type":"image\/jpeg"}],"author":"ManuT ManuT","twitter_card":"summary_large_image","twitter_misc":{"Escrito por":"ManuT ManuT","Tiempo de lectura":"2 minutos"},"schema":{"@context":"https:\/\/schema.org","@graph":[{"@type":"Article","@id":"https:\/\/primereando.com.ar\/index.php\/2026\/09\/01\/sin-acuerdo-en-la-paritaria-gremios-declaran-un-nuevo-paro-universitario-en-todo-el-pais-para-manana\/126514\/#article","isPartOf":{"@id":"https:\/\/primereando.com.ar\/index.php\/2026\/09\/01\/sin-acuerdo-en-la-paritaria-gremios-declaran-un-nuevo-paro-universitario-en-todo-el-pais-para-manana\/126514\/"},"author":{"name":"ManuT ManuT","@id":"https:\/\/primereando.com.ar\/#\/schema\/person\/26a9348b688072442a19f1fd50b634e7"},"headline":"Sin acuerdo en la paritaria, gremios declaran un nuevo paro universitario en todo el pa\u00eds para ma\u00f1ana","datePublished":"2026-09-01T21:02:56+00:00","dateModified":"2026-09-01T21:02:57+00:00","mainEntityOfPage":{"@id":"https:\/\/primereando.com.ar\/index.php\/2026\/09\/01\/sin-acuerdo-en-la-paritaria-gremios-declaran-un-nuevo-paro-universitario-en-todo-el-pais-para-manana\/126514\/"},"wordCount":350,"publisher":{"@id":"https:\/\/primereando.com.ar\/#organization"},"image":{"@id":"https:\/\/primereando.com.ar\/index.php\/2026\/09\/01\/sin-acuerdo-en-la-paritaria-gremios-declaran-un-nuevo-paro-universitario-en-todo-el-pais-para-manana\/126514\/#primaryimage"},"thumbnailUrl":"https:\/\/primereando.com.ar\/wp-content\/uploads\/2026\/03\/universidad-educacion.jpg","articleSection":["Actualidad","Sociedad"],"inLanguage":"es-AR"},{"@type":"WebPage","@id":"https:\/\/primereando.com.ar\/index.php\/2026\/09\/01\/sin-acuerdo-en-la-paritaria-gremios-declaran-un-nuevo-paro-universitario-en-todo-el-pais-para-manana\/126514\/","url":"https:\/\/primereando.com.ar\/index.php\/2026\/09\/01\/sin-acuerdo-en-la-paritaria-gremios-declaran-un-nuevo-paro-universitario-en-todo-el-pais-para-manana\/126514\/","name":"Sin acuerdo en la paritaria, gremios declaran un nuevo paro universitario en todo el pa\u00eds para ma\u00f1ana - Primereando","isPartOf":{"@id":"https:\/\/primereando.com.ar\/#website"},"primaryImageOfPage":{"@id":"https:\/\/primereando.com.ar\/index.php\/2026\/09\/01\/sin-acuerdo-en-la-paritaria-gremios-declaran-un-nuevo-paro-universitario-en-todo-el-pais-para-manana\/126514\/#primaryimage"},"image":{"@id":"https:\/\/primereando.com.ar\/index.php\/2026\/09\/01\/sin-acuerdo-en-la-paritaria-gremios-declaran-un-nuevo-paro-universitario-en-todo-el-pais-para-manana\/126514\/#primaryimage"},"thumbnailUrl":"https:\/\/primereando.com.ar\/wp-content\/uploads\/2026\/03\/universidad-educacion.jpg","datePublished":"2026-09-01T21:02:56+00:00","dateModified":"2026-09-01T21:02:57+00:00","breadcrumb":{"@id":"https:\/\/primereando.com.ar\/index.php\/2026\/09\/01\/sin-acuerdo-en-la-paritaria-gremios-declaran-un-nuevo-paro-universitario-en-todo-el-pais-para-manana\/126514\/#breadcrumb"},"inLanguage":"es-AR","potentialAction":[{"@type":"ReadAction","target":["https:\/\/primereando.com.ar\/index.php\/2026\/09\/01\/sin-acuerdo-en-la-paritaria-gremios-declaran-un-nuevo-paro-universitario-en-todo-el-pais-para-manana\/126514\/"]}]},{"@type":"ImageObject","inLanguage":"es-AR","@id":"https:\/\/primereando.com.ar\/index.php\/2026\/09\/01\/sin-acuerdo-en-la-paritaria-gremios-declaran-un-nuevo-paro-universitario-en-todo-el-pais-para-manana\/126514\/#primaryimage","url":"https:\/\/primereando.com.ar\/wp-content\/uploads\/2026\/03\/universidad-educacion.jpg","contentUrl":"https:\/\/primereando.com.ar\/wp-content\/uploads\/2026\/03\/universidad-educacion.jpg","width":800,"height":450},{"@type":"BreadcrumbList","@id":"https:\/\/primereando.com.ar\/index.php\/2026\/09\/01\/sin-acuerdo-en-la-paritaria-gremios-declaran-un-nuevo-paro-universitario-en-todo-el-pais-para-manana\/126514\/#breadcrumb","itemListElement":[{"@type":"ListItem","position":1,"name":"Inicio","item":"https:\/\/primereando.com.ar\/"},{"@type":"ListItem","position":2,"name":"Sin acuerdo en la paritaria, gremios declaran un nuevo paro universitario en todo el pa\u00eds para ma\u00f1ana"}]},{"@type":"WebSite","@id":"https:\/\/primereando.com.ar\/#website","url":"https:\/\/primereando.com.ar\/","name":"Primereando","description":"Portal de noticias de la Provincia de Buenos Aires","publisher":{"@id":"https:\/\/primereando.com.ar\/#organization"},"potentialAction":[{"@type":"SearchAction","target":{"@type":"EntryPoint","urlTemplate":"https:\/\/primereando.com.ar\/?s={search_term_string}"},"query-input":{"@type":"PropertyValueSpecification","valueRequired":true,"valueName":"search_term_string"}}],"inLanguage":"es-AR"},{"@type":"Organization","@id":"https:\/\/primereando.com.ar\/#organization","name":"Primereando","url":"https:\/\/primereando.com.ar\/","logo":{"@type":"ImageObject","inLanguage":"es-AR","@id":"https:\/\/primereando.com.ar\/#\/schema\/logo\/image\/","url":"https:\/\/primereando.com.ar\/wp-content\/uploads\/2021\/12\/primereando-logo.png","contentUrl":"https:\/\/primereando.com.ar\/wp-content\/uploads\/2021\/12\/primereando-logo.png","width":360,"height":96,"caption":"Primereando"},"image":{"@id":"https:\/\/primereando.com.ar\/#\/schema\/logo\/image\/"}},{"@type":"Person","@id":"https:\/\/primereando.com.ar\/#\/schema\/person\/26a9348b688072442a19f1fd50b634e7","name":"ManuT ManuT","image":{"@type":"ImageObject","inLanguage":"es-AR","@id":"https:\/\/secure.gravatar.com\/avatar\/cfd2697e666e2ecc9ce352f0c45d54dc0b4ffd5ec09871f5ba6e5907c12ce9de?s=96&d=blank&r=g","url":"https:\/\/secure.gravatar.com\/avatar\/cfd2697e666e2ecc9ce352f0c45d54dc0b4ffd5ec09871f5ba6e5907c12ce9de?s=96&d=blank&r=g","contentUrl":"https:\/\/secure.gravatar.com\/avatar\/cfd2697e666e2ecc9ce352f0c45d54dc0b4ffd5ec09871f5ba6e5907c12ce9de?s=96&d=blank&r=g","caption":"ManuT ManuT"},"url":"https:\/\/primereando.com.ar\/index.php\/author\/manut\/"}]}},"_links":{"self":[{"href":"https:\/\/primereando.com.ar\/index.php\/wp-json\/wp\/v2\/posts\/126514","targetHints":{"allow":["GET"]}}],"collection":[{"href":"https:\/\/primereando.com.ar\/index.php\/wp-json\/wp\/v2\/posts"}],"about":[{"href":"https:\/\/primereando.com.ar\/index.php\/wp-json\/wp\/v2\/types\/post"}],"author":[{"embeddable":true,"href":"https:\/\/primereando.com.ar\/index.php\/wp-json\/wp\/v2\/users\/9"}],"replies":[{"embeddable":true,"href":"https:\/\/primereando.com.ar\/index.php\/wp-json\/wp\/v2\/comments?post=126514"}],"version-history":[{"count":1,"href":"https:\/\/primereando.com.ar\/index.php\/wp-json\/wp\/v2\/posts\/126514\/revisions"}],"predecessor-version":[{"id":126515,"href":"https:\/\/primereando.com.ar\/index.php\/wp-json\/wp\/v2\/posts\/126514\/revisions\/126515"}],"wp:featuredmedia":[{"embeddable":true,"href":"https:\/\/primereando.com.ar\/index.php\/wp-json\/wp\/v2\/media\/124407"}],"wp:attachment":[{"href":"https:\/\/primereando.com.ar\/index.php\/wp-json\/wp\/v2\/media?parent=126514"}],"wp:term":[{"taxonomy":"category","embeddable":true,"href":"https:\/\/primereando.com.ar\/index.php\/wp-json\/wp\/v2\/categories?post=126514"},{"taxonomy":"post_tag","embeddable":true,"href":"https:\/\/primereando.com.ar\/index.php\/wp-json\/wp\/v2\/tags?post=126514"}],"curies":[{"name":"wp","href":"https:\/\/api.w.org\/{rel}","templated":true}]}}