{"id":126519,"date":"2026-09-02T14:13:42","date_gmt":"2026-09-02T17:13:42","guid":{"rendered":"https:\/\/primereando.com.ar\/?p=126519"},"modified":"2026-09-02T14:13:43","modified_gmt":"2026-09-02T17:13:43","slug":"miserable-por-decreto-milei-aumento-5-mil-pesos-el-salario-minimo-empresarios-habia-ofrecido-6-mil","status":"publish","type":"post","link":"https:\/\/primereando.com.ar\/index.php\/2026\/09\/02\/miserable-por-decreto-milei-aumento-5-mil-pesos-el-salario-minimo-empresarios-habia-ofrecido-6-mil\/126519\/","title":{"rendered":"Miserable: por decreto, Milei aument\u00f3 5 mil pesos el salario m\u00ednimo (empresarios hab\u00eda ofrecido 6 mil)"},"content":{"rendered":"\n<p class=\"wp-block-paragraph\">La gesti\u00f3n libertaria fij\u00f3 un nuevo incremento del Salario M\u00ednimo Vital y M\u00f3vil tras el fracaso del Consejo del Salario. La peculiaridad es que en esta oportunidad los incrementos quedaron por debajo, incluso, de lo que hab\u00edan ofrecido los empresarios. El aumento ser\u00e1 de los actuales 378 mil a 383, es decir, <strong>5000 pesos. Miserable<\/strong>. <\/p>\n\n\n\n<p class=\"wp-block-paragraph\">En una determinaci\u00f3n sin precedentes, la gesti\u00f3n libertaria de Javier Milei fij\u00f3 nuevos miniaumentos del Salario M\u00ednimo Vital y M\u00f3vil que est\u00e1n pode debajo de lo que los propios representantes empresarios le hab\u00edan ofertado a las centrales sindicales el pasado viernes en la reuni\u00f3n preparatoria del plenario, que nunca se concret\u00f3.<\/p>\n\n\n\n<p class=\"wp-block-paragraph\">La nueva escala fue oficializada este mi\u00e9rcoles 2 de septiembre mediante la\u00a0<a href=\"https:\/\/www.boletinoficial.gob.ar\/\" target=\"_blank\" rel=\"noreferrer noopener\">Resoluci\u00f3n 4\/2026<\/a>\u00a0del Consejo Nacional del Empleo, la Productividad y el Salario M\u00ednimo, Vital y M\u00f3vil, luego de que los representantes sindicales abandonaran la reuni\u00f3n del organismo por la &#8220;oferta irrisoria&#8221; que recibieron. Los empresarios argentinos propusieron 6 mil pesos, el gobierno impuso 5 mil. <\/p>\n\n\n\n<p class=\"wp-block-paragraph\">Ahora Milei va m\u00e1s all\u00e1. El Gobierno fij\u00f3 miniaumentos que llevan el haber legal a\u00a0383.800\u00a0pesos desde el 1\u00b0 de septiembre y terminan en 437 mil pesos en abril del a\u00f1o pr\u00f3ximo. <\/p>\n\n\n\n<p class=\"wp-block-paragraph\">La determinaci\u00f3n queda por debajo de lo que estaban dispuesto a pagar los empresarios.&nbsp;<strong>\u00abNos ofrecieron 468 mil pesos reci\u00e9n en abril del a\u00f1o que viene. No lo vamos a convalidar, no vamos a ir al plenario y no van a tener quorum<\/strong>\u00ab, le hab\u00eda dicho Cristian Jer\u00f3nimo a InfoGremiales a minutos de haber terminado el primer encuentro del viernes pasado.<\/p>\n\n\n\n<p class=\"wp-block-paragraph\">La CGT como las CTA hab\u00edan\u00a0<strong>reclamado elevar el Salario M\u00ednimo Vital y M\u00f3vil a 993.000 pesos a diciembre\u00a0<\/strong>de este a\u00f1o. Implicaba casi triplicar el monto que se percibe actualmente por la prestaci\u00f3n m\u00ednima legal en el pa\u00eds.<\/p>\n\n\n\n<p class=\"wp-block-paragraph\"><\/p>\n","protected":false},"excerpt":{"rendered":"<p>La gesti\u00f3n libertaria fij\u00f3 un nuevo incremento del Salario M\u00ednimo Vital y M\u00f3vil tras el fracaso del Consejo del Salario. La peculiaridad es que en esta oportunidad los incrementos quedaron por debajo, incluso, de lo que hab\u00edan ofrecido los empresarios. El aumento ser\u00e1 de los actuales 378 mil a 383, es decir, 5000 pesos. Miserable. [&hellip;]<\/p>\n","protected":false},"author":4,"featured_media":124008,"comment_status":"closed","ping_status":"closed","sticky":false,"template":"","format":"standard","meta":{"footnotes":""},"categories":[5],"tags":[],"class_list":["post-126519","post","type-post","status-publish","format-standard","has-post-thumbnail","hentry","category-actualidad"],"yoast_head":"<!-- This site is optimized with the Yoast SEO plugin v28.4 - https:\/\/yoast.com\/product\/yoast-seo-wordpress\/ -->\n<title>Miserable: por decreto, Milei aument\u00f3 5 mil pesos el salario m\u00ednimo (empresarios hab\u00eda ofrecido 6 mil) - Primereando<\/title>\n<meta name=\"robots\" content=\"index, follow, max-snippet:-1, max-image-preview:large, max-video-preview:-1\" \/>\n<link rel=\"canonical\" href=\"https:\/\/primereando.com.ar\/index.php\/2026\/09\/02\/miserable-por-decreto-milei-aumento-5-mil-pesos-el-salario-minimo-empresarios-habia-ofrecido-6-mil\/126519\/\" \/>\n<meta property=\"og:locale\" content=\"es_ES\" \/>\n<meta property=\"og:type\" content=\"article\" \/>\n<meta property=\"og:title\" content=\"Miserable: por decreto, Milei aument\u00f3 5 mil pesos el salario m\u00ednimo (empresarios hab\u00eda ofrecido 6 mil) - Primereando\" \/>\n<meta property=\"og:description\" content=\"La gesti\u00f3n libertaria fij\u00f3 un nuevo incremento del Salario M\u00ednimo Vital y M\u00f3vil tras el fracaso del Consejo del Salario. La peculiaridad es que en esta oportunidad los incrementos quedaron por debajo, incluso, de lo que hab\u00edan ofrecido los empresarios. El aumento ser\u00e1 de los actuales 378 mil a 383, es decir, 5000 pesos. Miserable. [&hellip;]\" \/>\n<meta property=\"og:url\" content=\"https:\/\/primereando.com.ar\/index.php\/2026\/09\/02\/miserable-por-decreto-milei-aumento-5-mil-pesos-el-salario-minimo-empresarios-habia-ofrecido-6-mil\/126519\/\" \/>\n<meta property=\"og:site_name\" content=\"Primereando\" \/>\n<meta property=\"article:published_time\" content=\"2026-09-02T17:13:42+00:00\" \/>\n<meta property=\"article:modified_time\" content=\"2026-09-02T17:13:43+00:00\" \/>\n<meta name=\"author\" content=\"Quique\" \/>\n<meta name=\"twitter:card\" content=\"summary_large_image\" \/>\n<meta name=\"twitter:label1\" content=\"Escrito por\" \/>\n\t<meta name=\"twitter:data1\" content=\"Quique\" \/>\n\t<meta name=\"twitter:label2\" content=\"Tiempo de lectura\" \/>\n\t<meta name=\"twitter:data2\" content=\"2 minutos\" \/>\n<script type=\"application\/ld+json\" class=\"yoast-schema-graph\">{\"@context\":\"https:\\\/\\\/schema.org\",\"@graph\":[{\"@type\":\"Article\",\"@id\":\"https:\\\/\\\/primereando.com.ar\\\/index.php\\\/2026\\\/09\\\/02\\\/miserable-por-decreto-milei-aumento-5-mil-pesos-el-salario-minimo-empresarios-habia-ofrecido-6-mil\\\/126519\\\/#article\",\"isPartOf\":{\"@id\":\"https:\\\/\\\/primereando.com.ar\\\/index.php\\\/2026\\\/09\\\/02\\\/miserable-por-decreto-milei-aumento-5-mil-pesos-el-salario-minimo-empresarios-habia-ofrecido-6-mil\\\/126519\\\/\"},\"author\":{\"name\":\"Quique\",\"@id\":\"https:\\\/\\\/primereando.com.ar\\\/#\\\/schema\\\/person\\\/4e63931e01f10f9b83b868233258d3d3\"},\"headline\":\"Miserable: por decreto, Milei aument\u00f3 5 mil pesos el salario m\u00ednimo (empresarios hab\u00eda ofrecido 6 mil)\",\"datePublished\":\"2026-09-02T17:13:42+00:00\",\"dateModified\":\"2026-09-02T17:13:43+00:00\",\"mainEntityOfPage\":{\"@id\":\"https:\\\/\\\/primereando.com.ar\\\/index.php\\\/2026\\\/09\\\/02\\\/miserable-por-decreto-milei-aumento-5-mil-pesos-el-salario-minimo-empresarios-habia-ofrecido-6-mil\\\/126519\\\/\"},\"wordCount\":332,\"publisher\":{\"@id\":\"https:\\\/\\\/primereando.com.ar\\\/#organization\"},\"image\":{\"@id\":\"https:\\\/\\\/primereando.com.ar\\\/index.php\\\/2026\\\/09\\\/02\\\/miserable-por-decreto-milei-aumento-5-mil-pesos-el-salario-minimo-empresarios-habia-ofrecido-6-mil\\\/126519\\\/#primaryimage\"},\"thumbnailUrl\":\"https:\\\/\\\/primereando.com.ar\\\/wp-content\\\/uploads\\\/2026\\\/03\\\/Milei-cipayo-2026_.jpeg\",\"articleSection\":[\"Actualidad\"],\"inLanguage\":\"es-AR\"},{\"@type\":\"WebPage\",\"@id\":\"https:\\\/\\\/primereando.com.ar\\\/index.php\\\/2026\\\/09\\\/02\\\/miserable-por-decreto-milei-aumento-5-mil-pesos-el-salario-minimo-empresarios-habia-ofrecido-6-mil\\\/126519\\\/\",\"url\":\"https:\\\/\\\/primereando.com.ar\\\/index.php\\\/2026\\\/09\\\/02\\\/miserable-por-decreto-milei-aumento-5-mil-pesos-el-salario-minimo-empresarios-habia-ofrecido-6-mil\\\/126519\\\/\",\"name\":\"Miserable: por decreto, Milei aument\u00f3 5 mil pesos el salario m\u00ednimo (empresarios hab\u00eda ofrecido 6 mil) - Primereando\",\"isPartOf\":{\"@id\":\"https:\\\/\\\/primereando.com.ar\\\/#website\"},\"primaryImageOfPage\":{\"@id\":\"https:\\\/\\\/primereando.com.ar\\\/index.php\\\/2026\\\/09\\\/02\\\/miserable-por-decreto-milei-aumento-5-mil-pesos-el-salario-minimo-empresarios-habia-ofrecido-6-mil\\\/126519\\\/#primaryimage\"},\"image\":{\"@id\":\"https:\\\/\\\/primereando.com.ar\\\/index.php\\\/2026\\\/09\\\/02\\\/miserable-por-decreto-milei-aumento-5-mil-pesos-el-salario-minimo-empresarios-habia-ofrecido-6-mil\\\/126519\\\/#primaryimage\"},\"thumbnailUrl\":\"https:\\\/\\\/primereando.com.ar\\\/wp-content\\\/uploads\\\/2026\\\/03\\\/Milei-cipayo-2026_.jpeg\",\"datePublished\":\"2026-09-02T17:13:42+00:00\",\"dateModified\":\"2026-09-02T17:13:43+00:00\",\"breadcrumb\":{\"@id\":\"https:\\\/\\\/primereando.com.ar\\\/index.php\\\/2026\\\/09\\\/02\\\/miserable-por-decreto-milei-aumento-5-mil-pesos-el-salario-minimo-empresarios-habia-ofrecido-6-mil\\\/126519\\\/#breadcrumb\"},\"inLanguage\":\"es-AR\",\"potentialAction\":[{\"@type\":\"ReadAction\",\"target\":[\"https:\\\/\\\/primereando.com.ar\\\/index.php\\\/2026\\\/09\\\/02\\\/miserable-por-decreto-milei-aumento-5-mil-pesos-el-salario-minimo-empresarios-habia-ofrecido-6-mil\\\/126519\\\/\"]}]},{\"@type\":\"ImageObject\",\"inLanguage\":\"es-AR\",\"@id\":\"https:\\\/\\\/primereando.com.ar\\\/index.php\\\/2026\\\/09\\\/02\\\/miserable-por-decreto-milei-aumento-5-mil-pesos-el-salario-minimo-empresarios-habia-ofrecido-6-mil\\\/126519\\\/#primaryimage\",\"url\":\"https:\\\/\\\/primereando.com.ar\\\/wp-content\\\/uploads\\\/2026\\\/03\\\/Milei-cipayo-2026_.jpeg\",\"contentUrl\":\"https:\\\/\\\/primereando.com.ar\\\/wp-content\\\/uploads\\\/2026\\\/03\\\/Milei-cipayo-2026_.jpeg\",\"width\":895,\"height\":584},{\"@type\":\"BreadcrumbList\",\"@id\":\"https:\\\/\\\/primereando.com.ar\\\/index.php\\\/2026\\\/09\\\/02\\\/miserable-por-decreto-milei-aumento-5-mil-pesos-el-salario-minimo-empresarios-habia-ofrecido-6-mil\\\/126519\\\/#breadcrumb\",\"itemListElement\":[{\"@type\":\"ListItem\",\"position\":1,\"name\":\"Inicio\",\"item\":\"https:\\\/\\\/primereando.com.ar\\\/\"},{\"@type\":\"ListItem\",\"position\":2,\"name\":\"Miserable: por decreto, Milei aument\u00f3 5 mil pesos el salario m\u00ednimo (empresarios hab\u00eda ofrecido 6 mil)\"}]},{\"@type\":\"WebSite\",\"@id\":\"https:\\\/\\\/primereando.com.ar\\\/#website\",\"url\":\"https:\\\/\\\/primereando.com.ar\\\/\",\"name\":\"Primereando\",\"description\":\"Portal de noticias de la Provincia de Buenos Aires\",\"publisher\":{\"@id\":\"https:\\\/\\\/primereando.com.ar\\\/#organization\"},\"potentialAction\":[{\"@type\":\"SearchAction\",\"target\":{\"@type\":\"EntryPoint\",\"urlTemplate\":\"https:\\\/\\\/primereando.com.ar\\\/?s={search_term_string}\"},\"query-input\":{\"@type\":\"PropertyValueSpecification\",\"valueRequired\":true,\"valueName\":\"search_term_string\"}}],\"inLanguage\":\"es-AR\"},{\"@type\":\"Organization\",\"@id\":\"https:\\\/\\\/primereando.com.ar\\\/#organization\",\"name\":\"Primereando\",\"url\":\"https:\\\/\\\/primereando.com.ar\\\/\",\"logo\":{\"@type\":\"ImageObject\",\"inLanguage\":\"es-AR\",\"@id\":\"https:\\\/\\\/primereando.com.ar\\\/#\\\/schema\\\/logo\\\/image\\\/\",\"url\":\"https:\\\/\\\/primereando.com.ar\\\/wp-content\\\/uploads\\\/2021\\\/12\\\/primereando-logo.png\",\"contentUrl\":\"https:\\\/\\\/primereando.com.ar\\\/wp-content\\\/uploads\\\/2021\\\/12\\\/primereando-logo.png\",\"width\":360,\"height\":96,\"caption\":\"Primereando\"},\"image\":{\"@id\":\"https:\\\/\\\/primereando.com.ar\\\/#\\\/schema\\\/logo\\\/image\\\/\"}},{\"@type\":\"Person\",\"@id\":\"https:\\\/\\\/primereando.com.ar\\\/#\\\/schema\\\/person\\\/4e63931e01f10f9b83b868233258d3d3\",\"name\":\"Quique\",\"image\":{\"@type\":\"ImageObject\",\"inLanguage\":\"es-AR\",\"@id\":\"https:\\\/\\\/secure.gravatar.com\\\/avatar\\\/b59b9a051963473b9167e1994f9d9bceb0bfcf81b12fa216e38bdbf315e58be9?s=96&d=blank&r=g\",\"url\":\"https:\\\/\\\/secure.gravatar.com\\\/avatar\\\/b59b9a051963473b9167e1994f9d9bceb0bfcf81b12fa216e38bdbf315e58be9?s=96&d=blank&r=g\",\"contentUrl\":\"https:\\\/\\\/secure.gravatar.com\\\/avatar\\\/b59b9a051963473b9167e1994f9d9bceb0bfcf81b12fa216e38bdbf315e58be9?s=96&d=blank&r=g\",\"caption\":\"Quique\"},\"url\":\"https:\\\/\\\/primereando.com.ar\\\/index.php\\\/author\\\/quique\\\/\"}]}<\/script>\n<!-- \/ Yoast SEO plugin. -->","yoast_head_json":{"title":"Miserable: por decreto, Milei aument\u00f3 5 mil pesos el salario m\u00ednimo (empresarios hab\u00eda ofrecido 6 mil) - Primereando","robots":{"index":"index","follow":"follow","max-snippet":"max-snippet:-1","max-image-preview":"max-image-preview:large","max-video-preview":"max-video-preview:-1"},"canonical":"https:\/\/primereando.com.ar\/index.php\/2026\/09\/02\/miserable-por-decreto-milei-aumento-5-mil-pesos-el-salario-minimo-empresarios-habia-ofrecido-6-mil\/126519\/","og_locale":"es_ES","og_type":"article","og_title":"Miserable: por decreto, Milei aument\u00f3 5 mil pesos el salario m\u00ednimo (empresarios hab\u00eda ofrecido 6 mil) - Primereando","og_description":"La gesti\u00f3n libertaria fij\u00f3 un nuevo incremento del Salario M\u00ednimo Vital y M\u00f3vil tras el fracaso del Consejo del Salario. La peculiaridad es que en esta oportunidad los incrementos quedaron por debajo, incluso, de lo que hab\u00edan ofrecido los empresarios. El aumento ser\u00e1 de los actuales 378 mil a 383, es decir, 5000 pesos. Miserable. [&hellip;]","og_url":"https:\/\/primereando.com.ar\/index.php\/2026\/09\/02\/miserable-por-decreto-milei-aumento-5-mil-pesos-el-salario-minimo-empresarios-habia-ofrecido-6-mil\/126519\/","og_site_name":"Primereando","article_published_time":"2026-09-02T17:13:42+00:00","article_modified_time":"2026-09-02T17:13:43+00:00","author":"Quique","twitter_card":"summary_large_image","twitter_misc":{"Escrito por":"Quique","Tiempo de lectura":"2 minutos"},"schema":{"@context":"https:\/\/schema.org","@graph":[{"@type":"Article","@id":"https:\/\/primereando.com.ar\/index.php\/2026\/09\/02\/miserable-por-decreto-milei-aumento-5-mil-pesos-el-salario-minimo-empresarios-habia-ofrecido-6-mil\/126519\/#article","isPartOf":{"@id":"https:\/\/primereando.com.ar\/index.php\/2026\/09\/02\/miserable-por-decreto-milei-aumento-5-mil-pesos-el-salario-minimo-empresarios-habia-ofrecido-6-mil\/126519\/"},"author":{"name":"Quique","@id":"https:\/\/primereando.com.ar\/#\/schema\/person\/4e63931e01f10f9b83b868233258d3d3"},"headline":"Miserable: por decreto, Milei aument\u00f3 5 mil pesos el salario m\u00ednimo (empresarios hab\u00eda ofrecido 6 mil)","datePublished":"2026-09-02T17:13:42+00:00","dateModified":"2026-09-02T17:13:43+00:00","mainEntityOfPage":{"@id":"https:\/\/primereando.com.ar\/index.php\/2026\/09\/02\/miserable-por-decreto-milei-aumento-5-mil-pesos-el-salario-minimo-empresarios-habia-ofrecido-6-mil\/126519\/"},"wordCount":332,"publisher":{"@id":"https:\/\/primereando.com.ar\/#organization"},"image":{"@id":"https:\/\/primereando.com.ar\/index.php\/2026\/09\/02\/miserable-por-decreto-milei-aumento-5-mil-pesos-el-salario-minimo-empresarios-habia-ofrecido-6-mil\/126519\/#primaryimage"},"thumbnailUrl":"https:\/\/primereando.com.ar\/wp-content\/uploads\/2026\/03\/Milei-cipayo-2026_.jpeg","articleSection":["Actualidad"],"inLanguage":"es-AR"},{"@type":"WebPage","@id":"https:\/\/primereando.com.ar\/index.php\/2026\/09\/02\/miserable-por-decreto-milei-aumento-5-mil-pesos-el-salario-minimo-empresarios-habia-ofrecido-6-mil\/126519\/","url":"https:\/\/primereando.com.ar\/index.php\/2026\/09\/02\/miserable-por-decreto-milei-aumento-5-mil-pesos-el-salario-minimo-empresarios-habia-ofrecido-6-mil\/126519\/","name":"Miserable: por decreto, Milei aument\u00f3 5 mil pesos el salario m\u00ednimo (empresarios hab\u00eda ofrecido 6 mil) - Primereando","isPartOf":{"@id":"https:\/\/primereando.com.ar\/#website"},"primaryImageOfPage":{"@id":"https:\/\/primereando.com.ar\/index.php\/2026\/09\/02\/miserable-por-decreto-milei-aumento-5-mil-pesos-el-salario-minimo-empresarios-habia-ofrecido-6-mil\/126519\/#primaryimage"},"image":{"@id":"https:\/\/primereando.com.ar\/index.php\/2026\/09\/02\/miserable-por-decreto-milei-aumento-5-mil-pesos-el-salario-minimo-empresarios-habia-ofrecido-6-mil\/126519\/#primaryimage"},"thumbnailUrl":"https:\/\/primereando.com.ar\/wp-content\/uploads\/2026\/03\/Milei-cipayo-2026_.jpeg","datePublished":"2026-09-02T17:13:42+00:00","dateModified":"2026-09-02T17:13:43+00:00","breadcrumb":{"@id":"https:\/\/primereando.com.ar\/index.php\/2026\/09\/02\/miserable-por-decreto-milei-aumento-5-mil-pesos-el-salario-minimo-empresarios-habia-ofrecido-6-mil\/126519\/#breadcrumb"},"inLanguage":"es-AR","potentialAction":[{"@type":"ReadAction","target":["https:\/\/primereando.com.ar\/index.php\/2026\/09\/02\/miserable-por-decreto-milei-aumento-5-mil-pesos-el-salario-minimo-empresarios-habia-ofrecido-6-mil\/126519\/"]}]},{"@type":"ImageObject","inLanguage":"es-AR","@id":"https:\/\/primereando.com.ar\/index.php\/2026\/09\/02\/miserable-por-decreto-milei-aumento-5-mil-pesos-el-salario-minimo-empresarios-habia-ofrecido-6-mil\/126519\/#primaryimage","url":"https:\/\/primereando.com.ar\/wp-content\/uploads\/2026\/03\/Milei-cipayo-2026_.jpeg","contentUrl":"https:\/\/primereando.com.ar\/wp-content\/uploads\/2026\/03\/Milei-cipayo-2026_.jpeg","width":895,"height":584},{"@type":"BreadcrumbList","@id":"https:\/\/primereando.com.ar\/index.php\/2026\/09\/02\/miserable-por-decreto-milei-aumento-5-mil-pesos-el-salario-minimo-empresarios-habia-ofrecido-6-mil\/126519\/#breadcrumb","itemListElement":[{"@type":"ListItem","position":1,"name":"Inicio","item":"https:\/\/primereando.com.ar\/"},{"@type":"ListItem","position":2,"name":"Miserable: por decreto, Milei aument\u00f3 5 mil pesos el salario m\u00ednimo (empresarios hab\u00eda ofrecido 6 mil)"}]},{"@type":"WebSite","@id":"https:\/\/primereando.com.ar\/#website","url":"https:\/\/primereando.com.ar\/","name":"Primereando","description":"Portal de noticias de la Provincia de Buenos Aires","publisher":{"@id":"https:\/\/primereando.com.ar\/#organization"},"potentialAction":[{"@type":"SearchAction","target":{"@type":"EntryPoint","urlTemplate":"https:\/\/primereando.com.ar\/?s={search_term_string}"},"query-input":{"@type":"PropertyValueSpecification","valueRequired":true,"valueName":"search_term_string"}}],"inLanguage":"es-AR"},{"@type":"Organization","@id":"https:\/\/primereando.com.ar\/#organization","name":"Primereando","url":"https:\/\/primereando.com.ar\/","logo":{"@type":"ImageObject","inLanguage":"es-AR","@id":"https:\/\/primereando.com.ar\/#\/schema\/logo\/image\/","url":"https:\/\/primereando.com.ar\/wp-content\/uploads\/2021\/12\/primereando-logo.png","contentUrl":"https:\/\/primereando.com.ar\/wp-content\/uploads\/2021\/12\/primereando-logo.png","width":360,"height":96,"caption":"Primereando"},"image":{"@id":"https:\/\/primereando.com.ar\/#\/schema\/logo\/image\/"}},{"@type":"Person","@id":"https:\/\/primereando.com.ar\/#\/schema\/person\/4e63931e01f10f9b83b868233258d3d3","name":"Quique","image":{"@type":"ImageObject","inLanguage":"es-AR","@id":"https:\/\/secure.gravatar.com\/avatar\/b59b9a051963473b9167e1994f9d9bceb0bfcf81b12fa216e38bdbf315e58be9?s=96&d=blank&r=g","url":"https:\/\/secure.gravatar.com\/avatar\/b59b9a051963473b9167e1994f9d9bceb0bfcf81b12fa216e38bdbf315e58be9?s=96&d=blank&r=g","contentUrl":"https:\/\/secure.gravatar.com\/avatar\/b59b9a051963473b9167e1994f9d9bceb0bfcf81b12fa216e38bdbf315e58be9?s=96&d=blank&r=g","caption":"Quique"},"url":"https:\/\/primereando.com.ar\/index.php\/author\/quique\/"}]}},"_links":{"self":[{"href":"https:\/\/primereando.com.ar\/index.php\/wp-json\/wp\/v2\/posts\/126519","targetHints":{"allow":["GET"]}}],"collection":[{"href":"https:\/\/primereando.com.ar\/index.php\/wp-json\/wp\/v2\/posts"}],"about":[{"href":"https:\/\/primereando.com.ar\/index.php\/wp-json\/wp\/v2\/types\/post"}],"author":[{"embeddable":true,"href":"https:\/\/primereando.com.ar\/index.php\/wp-json\/wp\/v2\/users\/4"}],"replies":[{"embeddable":true,"href":"https:\/\/primereando.com.ar\/index.php\/wp-json\/wp\/v2\/comments?post=126519"}],"version-history":[{"count":1,"href":"https:\/\/primereando.com.ar\/index.php\/wp-json\/wp\/v2\/posts\/126519\/revisions"}],"predecessor-version":[{"id":126525,"href":"https:\/\/primereando.com.ar\/index.php\/wp-json\/wp\/v2\/posts\/126519\/revisions\/126525"}],"wp:featuredmedia":[{"embeddable":true,"href":"https:\/\/primereando.com.ar\/index.php\/wp-json\/wp\/v2\/media\/124008"}],"wp:attachment":[{"href":"https:\/\/primereando.com.ar\/index.php\/wp-json\/wp\/v2\/media?parent=126519"}],"wp:term":[{"taxonomy":"category","embeddable":true,"href":"https:\/\/primereando.com.ar\/index.php\/wp-json\/wp\/v2\/categories?post=126519"},{"taxonomy":"post_tag","embeddable":true,"href":"https:\/\/primereando.com.ar\/index.php\/wp-json\/wp\/v2\/tags?post=126519"}],"curies":[{"name":"wp","href":"https:\/\/api.w.org\/{rel}","templated":true}]}}