{"id":126520,"date":"2026-09-02T10:52:14","date_gmt":"2026-09-02T13:52:14","guid":{"rendered":"https:\/\/primereando.com.ar\/?p=126520"},"modified":"2026-09-02T10:52:14","modified_gmt":"2026-09-02T13:52:14","slug":"maximo-kirchner-encabezo-el-acto-por-los-cuatros-anos-del-atentado-a-cristina","status":"publish","type":"post","link":"https:\/\/primereando.com.ar\/index.php\/2026\/09\/02\/maximo-kirchner-encabezo-el-acto-por-los-cuatros-anos-del-atentado-a-cristina\/126520\/","title":{"rendered":"M\u00c1XIMO KIRCHNER ENCABEZ\u00d3 EL ACTO POR LOS CUATROS A\u00d1OS DEL ATENTADO A CRISTINA"},"content":{"rendered":"\n<h2 class=\"wp-block-heading\">El diputado nacional destac\u00f3 el acompa\u00f1amiento pol\u00edtico al documento y luego reconstruy\u00f3 el clima que atravesaba la expresidenta antes del intento de asesinato. Apunt\u00f3 contra el hostigamiento medi\u00e1tico y judicial y sostuvo que ese contexto contribuy\u00f3 a naturalizar la violencia contra su figura.<\/h2>\n\n\n\n<p class=\"wp-block-paragraph\">M\u00e1ximo Kirchner agradeci\u00f3 a los distintos espacios pol\u00edticos que acompa\u00f1aron con su firma el documento y, durante su intervenci\u00f3n, realiz\u00f3 un repaso de los d\u00edas previos al <strong>intento de asesinato de Cristina Fern\u00e1ndez de Kirchner<\/strong>.<\/p>\n\n\n\n<p class=\"wp-block-paragraph\">El diputado record\u00f3 que, en aquellos d\u00edas, la entonces vicepresidenta regresaba desde el Senado hacia su casa luego de mantener distintas actividades vinculadas con la gesti\u00f3n. Entre ellas, mencion\u00f3 una reuni\u00f3n con representantes de <strong>Petronas<\/strong> por el desarrollo de Vaca Muerta y el proyecto de gas natural licuado.<\/p>\n\n\n\n<p class=\"wp-block-paragraph\">A partir de all\u00ed, reconstruy\u00f3 el escenario que se hab\u00eda generado alrededor del domicilio de Cristina, en Juncal y Uruguay, donde durante varios d\u00edas se concentraron manifestantes y se produjeron distintos episodios de tensi\u00f3n.<\/p>\n\n\n\n<h2 class=\"wp-block-heading\">M\u00e1ximo apunt\u00f3 contra el clima previo al atentado<\/h2>\n\n\n\n<p class=\"wp-block-paragraph\">Kirchner sostuvo que Cristina atravesaba un per\u00edodo de <strong>\u201chostigamiento permanente\u201d<\/strong> y se\u00f1al\u00f3 particularmente las medidas de seguridad instaladas alrededor de su vivienda y el tratamiento que recib\u00eda por parte de sectores de los medios de comunicaci\u00f3n y del Poder Judicial.<\/p>\n\n\n\n<p class=\"wp-block-paragraph\">En ese contexto, mencion\u00f3 el juicio por la obra p\u00fablica y las acusaciones formuladas contra la expresidenta durante el proceso judicial. Seg\u00fan plante\u00f3, ese tratamiento contribuy\u00f3 a construir un escenario en el que la violencia contra Cristina pod\u00eda terminar siendo naturalizada.<\/p>\n\n\n\n<p class=\"wp-block-paragraph\">El diputado tambi\u00e9n record\u00f3 las primeras reacciones posteriores al ataque ocurrido el <strong>1\u00b0 de septiembre de 2022<\/strong>, cuando parte del debate p\u00fablico puso en duda que el agresor hubiera utilizado un arma.<\/p>\n\n\n\n<p class=\"wp-block-paragraph\">Con el correr de las horas, las im\u00e1genes del intento de disparo contra la entonces vicepresidenta permitieron confirmar la gravedad del episodio.<\/p>\n\n\n\n<p class=\"wp-block-paragraph\">Para M\u00e1ximo, el atentado represent\u00f3 un hecho de una magnitud excepcional para la democracia argentina y debe ser analizado tambi\u00e9n en relaci\u00f3n con el clima pol\u00edtico y social que lo precedi\u00f3.<\/p>\n\n\n\n<h2 class=\"wp-block-heading\">El recuerdo del intento de asesinato<\/h2>\n\n\n\n<p class=\"wp-block-paragraph\">El dirigente de La C\u00e1mpora sostuvo que el ataque no puede ser considerado como un hecho aislado y vincul\u00f3 el intento de asesinato con el proceso de deshumanizaci\u00f3n que, seg\u00fan su mirada, hab\u00eda sufrido la figura de Cristina durante los meses anteriores.<\/p>\n\n\n\n<p class=\"wp-block-paragraph\">En su intervenci\u00f3n, remarc\u00f3 adem\u00e1s que el objetivo debe ser evitar que hechos de esa naturaleza vuelvan a repetirse y reivindic\u00f3 el acompa\u00f1amiento de los distintos sectores pol\u00edticos que suscribieron el documento.<\/p>\n\n\n\n<p class=\"wp-block-paragraph\">El recuerdo se produjo a pocos d\u00edas de cumplirse un nuevo aniversario del <strong>intento de magnicidio contra Cristina<\/strong>, ocurrido frente a su domicilio mientras saludaba a los militantes que se hab\u00edan acercado hasta Recoleta.<\/p>\n","protected":false},"excerpt":{"rendered":"<p>El diputado nacional destac\u00f3 el acompa\u00f1amiento pol\u00edtico al documento y luego reconstruy\u00f3 el clima que atravesaba la expresidenta antes del intento de asesinato. Apunt\u00f3 contra el hostigamiento medi\u00e1tico y judicial y sostuvo que ese contexto contribuy\u00f3 a naturalizar la violencia contra su figura. M\u00e1ximo Kirchner agradeci\u00f3 a los distintos espacios pol\u00edticos que acompa\u00f1aron con su [&hellip;]<\/p>\n","protected":false},"author":7,"featured_media":126521,"comment_status":"closed","ping_status":"closed","sticky":false,"template":"","format":"standard","meta":{"footnotes":""},"categories":[5],"tags":[],"class_list":["post-126520","post","type-post","status-publish","format-standard","has-post-thumbnail","hentry","category-actualidad"],"yoast_head":"<!-- This site is optimized with the Yoast SEO plugin v28.4 - https:\/\/yoast.com\/product\/yoast-seo-wordpress\/ -->\n<title>M\u00c1XIMO KIRCHNER ENCABEZ\u00d3 EL ACTO POR LOS CUATROS A\u00d1OS DEL ATENTADO A CRISTINA - Primereando<\/title>\n<meta name=\"robots\" content=\"index, follow, max-snippet:-1, max-image-preview:large, max-video-preview:-1\" \/>\n<link rel=\"canonical\" href=\"https:\/\/primereando.com.ar\/index.php\/2026\/09\/02\/maximo-kirchner-encabezo-el-acto-por-los-cuatros-anos-del-atentado-a-cristina\/126520\/\" \/>\n<meta property=\"og:locale\" content=\"es_ES\" \/>\n<meta property=\"og:type\" content=\"article\" \/>\n<meta property=\"og:title\" content=\"M\u00c1XIMO KIRCHNER ENCABEZ\u00d3 EL ACTO POR LOS CUATROS A\u00d1OS DEL ATENTADO A CRISTINA - Primereando\" \/>\n<meta property=\"og:description\" content=\"El diputado nacional destac\u00f3 el acompa\u00f1amiento pol\u00edtico al documento y luego reconstruy\u00f3 el clima que atravesaba la expresidenta antes del intento de asesinato. Apunt\u00f3 contra el hostigamiento medi\u00e1tico y judicial y sostuvo que ese contexto contribuy\u00f3 a naturalizar la violencia contra su figura. M\u00e1ximo Kirchner agradeci\u00f3 a los distintos espacios pol\u00edticos que acompa\u00f1aron con su [&hellip;]\" \/>\n<meta property=\"og:url\" content=\"https:\/\/primereando.com.ar\/index.php\/2026\/09\/02\/maximo-kirchner-encabezo-el-acto-por-los-cuatros-anos-del-atentado-a-cristina\/126520\/\" \/>\n<meta property=\"og:site_name\" content=\"Primereando\" \/>\n<meta property=\"article:published_time\" content=\"2026-09-02T13:52:14+00:00\" \/>\n<meta property=\"og:image\" content=\"https:\/\/primereando.com.ar\/wp-content\/uploads\/2026\/09\/Maximo-Cristina-4-anos-atentado.jpg\" \/>\n\t<meta property=\"og:image:width\" content=\"1600\" \/>\n\t<meta property=\"og:image:height\" content=\"1066\" \/>\n\t<meta property=\"og:image:type\" content=\"image\/jpeg\" \/>\n<meta name=\"author\" content=\"Riso\" \/>\n<meta name=\"twitter:card\" content=\"summary_large_image\" \/>\n<meta name=\"twitter:label1\" content=\"Escrito por\" \/>\n\t<meta name=\"twitter:data1\" content=\"Riso\" \/>\n\t<meta name=\"twitter:label2\" content=\"Tiempo de lectura\" \/>\n\t<meta name=\"twitter:data2\" content=\"3 minutos\" \/>\n<script type=\"application\/ld+json\" class=\"yoast-schema-graph\">{\"@context\":\"https:\\\/\\\/schema.org\",\"@graph\":[{\"@type\":\"Article\",\"@id\":\"https:\\\/\\\/primereando.com.ar\\\/index.php\\\/2026\\\/09\\\/02\\\/maximo-kirchner-encabezo-el-acto-por-los-cuatros-anos-del-atentado-a-cristina\\\/126520\\\/#article\",\"isPartOf\":{\"@id\":\"https:\\\/\\\/primereando.com.ar\\\/index.php\\\/2026\\\/09\\\/02\\\/maximo-kirchner-encabezo-el-acto-por-los-cuatros-anos-del-atentado-a-cristina\\\/126520\\\/\"},\"author\":{\"name\":\"Riso\",\"@id\":\"https:\\\/\\\/primereando.com.ar\\\/#\\\/schema\\\/person\\\/067c4b82d8a22080e3d78cb85a73986d\"},\"headline\":\"M\u00c1XIMO KIRCHNER ENCABEZ\u00d3 EL ACTO POR LOS CUATROS A\u00d1OS DEL ATENTADO A CRISTINA\",\"datePublished\":\"2026-09-02T13:52:14+00:00\",\"mainEntityOfPage\":{\"@id\":\"https:\\\/\\\/primereando.com.ar\\\/index.php\\\/2026\\\/09\\\/02\\\/maximo-kirchner-encabezo-el-acto-por-los-cuatros-anos-del-atentado-a-cristina\\\/126520\\\/\"},\"wordCount\":501,\"publisher\":{\"@id\":\"https:\\\/\\\/primereando.com.ar\\\/#organization\"},\"image\":{\"@id\":\"https:\\\/\\\/primereando.com.ar\\\/index.php\\\/2026\\\/09\\\/02\\\/maximo-kirchner-encabezo-el-acto-por-los-cuatros-anos-del-atentado-a-cristina\\\/126520\\\/#primaryimage\"},\"thumbnailUrl\":\"https:\\\/\\\/primereando.com.ar\\\/wp-content\\\/uploads\\\/2026\\\/09\\\/Maximo-Cristina-4-anos-atentado.jpg\",\"articleSection\":[\"Actualidad\"],\"inLanguage\":\"es-AR\"},{\"@type\":\"WebPage\",\"@id\":\"https:\\\/\\\/primereando.com.ar\\\/index.php\\\/2026\\\/09\\\/02\\\/maximo-kirchner-encabezo-el-acto-por-los-cuatros-anos-del-atentado-a-cristina\\\/126520\\\/\",\"url\":\"https:\\\/\\\/primereando.com.ar\\\/index.php\\\/2026\\\/09\\\/02\\\/maximo-kirchner-encabezo-el-acto-por-los-cuatros-anos-del-atentado-a-cristina\\\/126520\\\/\",\"name\":\"M\u00c1XIMO KIRCHNER ENCABEZ\u00d3 EL ACTO POR LOS CUATROS A\u00d1OS DEL ATENTADO A CRISTINA - Primereando\",\"isPartOf\":{\"@id\":\"https:\\\/\\\/primereando.com.ar\\\/#website\"},\"primaryImageOfPage\":{\"@id\":\"https:\\\/\\\/primereando.com.ar\\\/index.php\\\/2026\\\/09\\\/02\\\/maximo-kirchner-encabezo-el-acto-por-los-cuatros-anos-del-atentado-a-cristina\\\/126520\\\/#primaryimage\"},\"image\":{\"@id\":\"https:\\\/\\\/primereando.com.ar\\\/index.php\\\/2026\\\/09\\\/02\\\/maximo-kirchner-encabezo-el-acto-por-los-cuatros-anos-del-atentado-a-cristina\\\/126520\\\/#primaryimage\"},\"thumbnailUrl\":\"https:\\\/\\\/primereando.com.ar\\\/wp-content\\\/uploads\\\/2026\\\/09\\\/Maximo-Cristina-4-anos-atentado.jpg\",\"datePublished\":\"2026-09-02T13:52:14+00:00\",\"breadcrumb\":{\"@id\":\"https:\\\/\\\/primereando.com.ar\\\/index.php\\\/2026\\\/09\\\/02\\\/maximo-kirchner-encabezo-el-acto-por-los-cuatros-anos-del-atentado-a-cristina\\\/126520\\\/#breadcrumb\"},\"inLanguage\":\"es-AR\",\"potentialAction\":[{\"@type\":\"ReadAction\",\"target\":[\"https:\\\/\\\/primereando.com.ar\\\/index.php\\\/2026\\\/09\\\/02\\\/maximo-kirchner-encabezo-el-acto-por-los-cuatros-anos-del-atentado-a-cristina\\\/126520\\\/\"]}]},{\"@type\":\"ImageObject\",\"inLanguage\":\"es-AR\",\"@id\":\"https:\\\/\\\/primereando.com.ar\\\/index.php\\\/2026\\\/09\\\/02\\\/maximo-kirchner-encabezo-el-acto-por-los-cuatros-anos-del-atentado-a-cristina\\\/126520\\\/#primaryimage\",\"url\":\"https:\\\/\\\/primereando.com.ar\\\/wp-content\\\/uploads\\\/2026\\\/09\\\/Maximo-Cristina-4-anos-atentado.jpg\",\"contentUrl\":\"https:\\\/\\\/primereando.com.ar\\\/wp-content\\\/uploads\\\/2026\\\/09\\\/Maximo-Cristina-4-anos-atentado.jpg\",\"width\":1600,\"height\":1066},{\"@type\":\"BreadcrumbList\",\"@id\":\"https:\\\/\\\/primereando.com.ar\\\/index.php\\\/2026\\\/09\\\/02\\\/maximo-kirchner-encabezo-el-acto-por-los-cuatros-anos-del-atentado-a-cristina\\\/126520\\\/#breadcrumb\",\"itemListElement\":[{\"@type\":\"ListItem\",\"position\":1,\"name\":\"Inicio\",\"item\":\"https:\\\/\\\/primereando.com.ar\\\/\"},{\"@type\":\"ListItem\",\"position\":2,\"name\":\"M\u00c1XIMO KIRCHNER ENCABEZ\u00d3 EL ACTO POR LOS CUATROS A\u00d1OS DEL ATENTADO A CRISTINA\"}]},{\"@type\":\"WebSite\",\"@id\":\"https:\\\/\\\/primereando.com.ar\\\/#website\",\"url\":\"https:\\\/\\\/primereando.com.ar\\\/\",\"name\":\"Primereando\",\"description\":\"Portal de noticias de la Provincia de Buenos Aires\",\"publisher\":{\"@id\":\"https:\\\/\\\/primereando.com.ar\\\/#organization\"},\"potentialAction\":[{\"@type\":\"SearchAction\",\"target\":{\"@type\":\"EntryPoint\",\"urlTemplate\":\"https:\\\/\\\/primereando.com.ar\\\/?s={search_term_string}\"},\"query-input\":{\"@type\":\"PropertyValueSpecification\",\"valueRequired\":true,\"valueName\":\"search_term_string\"}}],\"inLanguage\":\"es-AR\"},{\"@type\":\"Organization\",\"@id\":\"https:\\\/\\\/primereando.com.ar\\\/#organization\",\"name\":\"Primereando\",\"url\":\"https:\\\/\\\/primereando.com.ar\\\/\",\"logo\":{\"@type\":\"ImageObject\",\"inLanguage\":\"es-AR\",\"@id\":\"https:\\\/\\\/primereando.com.ar\\\/#\\\/schema\\\/logo\\\/image\\\/\",\"url\":\"https:\\\/\\\/primereando.com.ar\\\/wp-content\\\/uploads\\\/2021\\\/12\\\/primereando-logo.png\",\"contentUrl\":\"https:\\\/\\\/primereando.com.ar\\\/wp-content\\\/uploads\\\/2021\\\/12\\\/primereando-logo.png\",\"width\":360,\"height\":96,\"caption\":\"Primereando\"},\"image\":{\"@id\":\"https:\\\/\\\/primereando.com.ar\\\/#\\\/schema\\\/logo\\\/image\\\/\"}},{\"@type\":\"Person\",\"@id\":\"https:\\\/\\\/primereando.com.ar\\\/#\\\/schema\\\/person\\\/067c4b82d8a22080e3d78cb85a73986d\",\"name\":\"Riso\",\"image\":{\"@type\":\"ImageObject\",\"inLanguage\":\"es-AR\",\"@id\":\"https:\\\/\\\/secure.gravatar.com\\\/avatar\\\/b8a29b1cb80c18109fbc4f4f76150b29d5a28fa492bc41c870351ccfbbabbeef?s=96&d=blank&r=g\",\"url\":\"https:\\\/\\\/secure.gravatar.com\\\/avatar\\\/b8a29b1cb80c18109fbc4f4f76150b29d5a28fa492bc41c870351ccfbbabbeef?s=96&d=blank&r=g\",\"contentUrl\":\"https:\\\/\\\/secure.gravatar.com\\\/avatar\\\/b8a29b1cb80c18109fbc4f4f76150b29d5a28fa492bc41c870351ccfbbabbeef?s=96&d=blank&r=g\",\"caption\":\"Riso\"},\"url\":\"https:\\\/\\\/primereando.com.ar\\\/index.php\\\/author\\\/riso\\\/\"}]}<\/script>\n<!-- \/ Yoast SEO plugin. -->","yoast_head_json":{"title":"M\u00c1XIMO KIRCHNER ENCABEZ\u00d3 EL ACTO POR LOS CUATROS A\u00d1OS DEL ATENTADO A CRISTINA - Primereando","robots":{"index":"index","follow":"follow","max-snippet":"max-snippet:-1","max-image-preview":"max-image-preview:large","max-video-preview":"max-video-preview:-1"},"canonical":"https:\/\/primereando.com.ar\/index.php\/2026\/09\/02\/maximo-kirchner-encabezo-el-acto-por-los-cuatros-anos-del-atentado-a-cristina\/126520\/","og_locale":"es_ES","og_type":"article","og_title":"M\u00c1XIMO KIRCHNER ENCABEZ\u00d3 EL ACTO POR LOS CUATROS A\u00d1OS DEL ATENTADO A CRISTINA - Primereando","og_description":"El diputado nacional destac\u00f3 el acompa\u00f1amiento pol\u00edtico al documento y luego reconstruy\u00f3 el clima que atravesaba la expresidenta antes del intento de asesinato. Apunt\u00f3 contra el hostigamiento medi\u00e1tico y judicial y sostuvo que ese contexto contribuy\u00f3 a naturalizar la violencia contra su figura. M\u00e1ximo Kirchner agradeci\u00f3 a los distintos espacios pol\u00edticos que acompa\u00f1aron con su [&hellip;]","og_url":"https:\/\/primereando.com.ar\/index.php\/2026\/09\/02\/maximo-kirchner-encabezo-el-acto-por-los-cuatros-anos-del-atentado-a-cristina\/126520\/","og_site_name":"Primereando","article_published_time":"2026-09-02T13:52:14+00:00","og_image":[{"width":1600,"height":1066,"url":"https:\/\/primereando.com.ar\/wp-content\/uploads\/2026\/09\/Maximo-Cristina-4-anos-atentado.jpg","type":"image\/jpeg"}],"author":"Riso","twitter_card":"summary_large_image","twitter_misc":{"Escrito por":"Riso","Tiempo de lectura":"3 minutos"},"schema":{"@context":"https:\/\/schema.org","@graph":[{"@type":"Article","@id":"https:\/\/primereando.com.ar\/index.php\/2026\/09\/02\/maximo-kirchner-encabezo-el-acto-por-los-cuatros-anos-del-atentado-a-cristina\/126520\/#article","isPartOf":{"@id":"https:\/\/primereando.com.ar\/index.php\/2026\/09\/02\/maximo-kirchner-encabezo-el-acto-por-los-cuatros-anos-del-atentado-a-cristina\/126520\/"},"author":{"name":"Riso","@id":"https:\/\/primereando.com.ar\/#\/schema\/person\/067c4b82d8a22080e3d78cb85a73986d"},"headline":"M\u00c1XIMO KIRCHNER ENCABEZ\u00d3 EL ACTO POR LOS CUATROS A\u00d1OS DEL ATENTADO A CRISTINA","datePublished":"2026-09-02T13:52:14+00:00","mainEntityOfPage":{"@id":"https:\/\/primereando.com.ar\/index.php\/2026\/09\/02\/maximo-kirchner-encabezo-el-acto-por-los-cuatros-anos-del-atentado-a-cristina\/126520\/"},"wordCount":501,"publisher":{"@id":"https:\/\/primereando.com.ar\/#organization"},"image":{"@id":"https:\/\/primereando.com.ar\/index.php\/2026\/09\/02\/maximo-kirchner-encabezo-el-acto-por-los-cuatros-anos-del-atentado-a-cristina\/126520\/#primaryimage"},"thumbnailUrl":"https:\/\/primereando.com.ar\/wp-content\/uploads\/2026\/09\/Maximo-Cristina-4-anos-atentado.jpg","articleSection":["Actualidad"],"inLanguage":"es-AR"},{"@type":"WebPage","@id":"https:\/\/primereando.com.ar\/index.php\/2026\/09\/02\/maximo-kirchner-encabezo-el-acto-por-los-cuatros-anos-del-atentado-a-cristina\/126520\/","url":"https:\/\/primereando.com.ar\/index.php\/2026\/09\/02\/maximo-kirchner-encabezo-el-acto-por-los-cuatros-anos-del-atentado-a-cristina\/126520\/","name":"M\u00c1XIMO KIRCHNER ENCABEZ\u00d3 EL ACTO POR LOS CUATROS A\u00d1OS DEL ATENTADO A CRISTINA - Primereando","isPartOf":{"@id":"https:\/\/primereando.com.ar\/#website"},"primaryImageOfPage":{"@id":"https:\/\/primereando.com.ar\/index.php\/2026\/09\/02\/maximo-kirchner-encabezo-el-acto-por-los-cuatros-anos-del-atentado-a-cristina\/126520\/#primaryimage"},"image":{"@id":"https:\/\/primereando.com.ar\/index.php\/2026\/09\/02\/maximo-kirchner-encabezo-el-acto-por-los-cuatros-anos-del-atentado-a-cristina\/126520\/#primaryimage"},"thumbnailUrl":"https:\/\/primereando.com.ar\/wp-content\/uploads\/2026\/09\/Maximo-Cristina-4-anos-atentado.jpg","datePublished":"2026-09-02T13:52:14+00:00","breadcrumb":{"@id":"https:\/\/primereando.com.ar\/index.php\/2026\/09\/02\/maximo-kirchner-encabezo-el-acto-por-los-cuatros-anos-del-atentado-a-cristina\/126520\/#breadcrumb"},"inLanguage":"es-AR","potentialAction":[{"@type":"ReadAction","target":["https:\/\/primereando.com.ar\/index.php\/2026\/09\/02\/maximo-kirchner-encabezo-el-acto-por-los-cuatros-anos-del-atentado-a-cristina\/126520\/"]}]},{"@type":"ImageObject","inLanguage":"es-AR","@id":"https:\/\/primereando.com.ar\/index.php\/2026\/09\/02\/maximo-kirchner-encabezo-el-acto-por-los-cuatros-anos-del-atentado-a-cristina\/126520\/#primaryimage","url":"https:\/\/primereando.com.ar\/wp-content\/uploads\/2026\/09\/Maximo-Cristina-4-anos-atentado.jpg","contentUrl":"https:\/\/primereando.com.ar\/wp-content\/uploads\/2026\/09\/Maximo-Cristina-4-anos-atentado.jpg","width":1600,"height":1066},{"@type":"BreadcrumbList","@id":"https:\/\/primereando.com.ar\/index.php\/2026\/09\/02\/maximo-kirchner-encabezo-el-acto-por-los-cuatros-anos-del-atentado-a-cristina\/126520\/#breadcrumb","itemListElement":[{"@type":"ListItem","position":1,"name":"Inicio","item":"https:\/\/primereando.com.ar\/"},{"@type":"ListItem","position":2,"name":"M\u00c1XIMO KIRCHNER ENCABEZ\u00d3 EL ACTO POR LOS CUATROS A\u00d1OS DEL ATENTADO A CRISTINA"}]},{"@type":"WebSite","@id":"https:\/\/primereando.com.ar\/#website","url":"https:\/\/primereando.com.ar\/","name":"Primereando","description":"Portal de noticias de la Provincia de Buenos Aires","publisher":{"@id":"https:\/\/primereando.com.ar\/#organization"},"potentialAction":[{"@type":"SearchAction","target":{"@type":"EntryPoint","urlTemplate":"https:\/\/primereando.com.ar\/?s={search_term_string}"},"query-input":{"@type":"PropertyValueSpecification","valueRequired":true,"valueName":"search_term_string"}}],"inLanguage":"es-AR"},{"@type":"Organization","@id":"https:\/\/primereando.com.ar\/#organization","name":"Primereando","url":"https:\/\/primereando.com.ar\/","logo":{"@type":"ImageObject","inLanguage":"es-AR","@id":"https:\/\/primereando.com.ar\/#\/schema\/logo\/image\/","url":"https:\/\/primereando.com.ar\/wp-content\/uploads\/2021\/12\/primereando-logo.png","contentUrl":"https:\/\/primereando.com.ar\/wp-content\/uploads\/2021\/12\/primereando-logo.png","width":360,"height":96,"caption":"Primereando"},"image":{"@id":"https:\/\/primereando.com.ar\/#\/schema\/logo\/image\/"}},{"@type":"Person","@id":"https:\/\/primereando.com.ar\/#\/schema\/person\/067c4b82d8a22080e3d78cb85a73986d","name":"Riso","image":{"@type":"ImageObject","inLanguage":"es-AR","@id":"https:\/\/secure.gravatar.com\/avatar\/b8a29b1cb80c18109fbc4f4f76150b29d5a28fa492bc41c870351ccfbbabbeef?s=96&d=blank&r=g","url":"https:\/\/secure.gravatar.com\/avatar\/b8a29b1cb80c18109fbc4f4f76150b29d5a28fa492bc41c870351ccfbbabbeef?s=96&d=blank&r=g","contentUrl":"https:\/\/secure.gravatar.com\/avatar\/b8a29b1cb80c18109fbc4f4f76150b29d5a28fa492bc41c870351ccfbbabbeef?s=96&d=blank&r=g","caption":"Riso"},"url":"https:\/\/primereando.com.ar\/index.php\/author\/riso\/"}]}},"_links":{"self":[{"href":"https:\/\/primereando.com.ar\/index.php\/wp-json\/wp\/v2\/posts\/126520","targetHints":{"allow":["GET"]}}],"collection":[{"href":"https:\/\/primereando.com.ar\/index.php\/wp-json\/wp\/v2\/posts"}],"about":[{"href":"https:\/\/primereando.com.ar\/index.php\/wp-json\/wp\/v2\/types\/post"}],"author":[{"embeddable":true,"href":"https:\/\/primereando.com.ar\/index.php\/wp-json\/wp\/v2\/users\/7"}],"replies":[{"embeddable":true,"href":"https:\/\/primereando.com.ar\/index.php\/wp-json\/wp\/v2\/comments?post=126520"}],"version-history":[{"count":1,"href":"https:\/\/primereando.com.ar\/index.php\/wp-json\/wp\/v2\/posts\/126520\/revisions"}],"predecessor-version":[{"id":126522,"href":"https:\/\/primereando.com.ar\/index.php\/wp-json\/wp\/v2\/posts\/126520\/revisions\/126522"}],"wp:featuredmedia":[{"embeddable":true,"href":"https:\/\/primereando.com.ar\/index.php\/wp-json\/wp\/v2\/media\/126521"}],"wp:attachment":[{"href":"https:\/\/primereando.com.ar\/index.php\/wp-json\/wp\/v2\/media?parent=126520"}],"wp:term":[{"taxonomy":"category","embeddable":true,"href":"https:\/\/primereando.com.ar\/index.php\/wp-json\/wp\/v2\/categories?post=126520"},{"taxonomy":"post_tag","embeddable":true,"href":"https:\/\/primereando.com.ar\/index.php\/wp-json\/wp\/v2\/tags?post=126520"}],"curies":[{"name":"wp","href":"https:\/\/api.w.org\/{rel}","templated":true}]}}