{"id":126523,"date":"2026-09-02T11:22:36","date_gmt":"2026-09-02T14:22:36","guid":{"rendered":"https:\/\/primereando.com.ar\/?p=126523"},"modified":"2026-09-02T11:22:37","modified_gmt":"2026-09-02T14:22:37","slug":"de-16-a-13-millones-en-la-era-milei-las-dietas-del-senado-subieron-mas-del-700","status":"publish","type":"post","link":"https:\/\/primereando.com.ar\/index.php\/2026\/09\/02\/de-16-a-13-millones-en-la-era-milei-las-dietas-del-senado-subieron-mas-del-700\/126523\/","title":{"rendered":"De $1,6 a $13 millones: en la era Milei, las dietas del Senado subieron m\u00e1s del 700%"},"content":{"rendered":"\n<h2 class=\"wp-block-heading\"><strong>La evoluci\u00f3n de los sueldos en la C\u00e1mara Alta muestra c\u00f3mo el desacople de las dietas y el enganche a los m\u00f3dulos legislativos impulsaron un salto nominal del 718,75% entre el fin del mandato de Alberto Fern\u00e1ndez y las proyecciones salariales vigentes.<\/strong><\/h2>\n\n\n\n<p class=\"wp-block-paragraph\">Para comprender la magnitud de las transformaciones salariales en el Congreso Nacional, resulta indispensable fijar la l\u00ednea de base en el cierre de la gesti\u00f3n previa.<strong> Al concluir el mandato de Alberto Fern\u00e1ndez en diciembre de 2023, la dieta bruta de un legislador nacional se ubicaba en torno a los $1.600.000<\/strong> (lo que representaba un ingreso neto cercano a los $1.300.000). Durante aquel per\u00edodo, los haberes de diputados y senadores se manten\u00edan acoplados a la paritaria general del personal del Congreso, acumulando ajustes acordes a la inflaci\u00f3n pero dentro de un esquema de actualizaci\u00f3n uniforme.<\/p>\n\n\n\n<p class=\"wp-block-paragraph\">El punto de inflexi\u00f3n definitivo ocurri\u00f3 durante los primeros meses del gobierno de Javier Milei. Tras un incremento inicial del 30% otorgado a comienzos de 2024 que elev\u00f3 los sueldos a $2,5 millones, la C\u00e1mara de Senadores resolvi\u00f3 cambiar dr\u00e1sticamente las reglas del juego. En abril de 2024, mediante la aprobaci\u00f3n de la Resoluci\u00f3n 9\/24 votada a mano alzada, la C\u00e1mara Alta desenganch\u00f3 su dieta del criterio tradicional y fij\u00f3 un nuevo sistema de c\u00e1lculo compuesto por 4.500 m\u00f3dulos (2.500 de dieta, 1.000 de gastos de representaci\u00f3n y 1.000 de desarraigo, sumado a un proporcional de aguinaldo). Esta decisi\u00f3n dispar\u00f3 de manera inmediata la dieta bruta a m\u00e1s de $7.000.000, marcando un incremento directo del 337,5% en cuesti\u00f3n de d\u00edas.<\/p>\n\n\n\n<p class=\"wp-block-paragraph\">A partir de esta reestructuraci\u00f3n, la din\u00e1mica de aumentos pas\u00f3 a funcionar como un mecanismo autom\u00e1tico de actualizaci\u00f3n. Al estar las dietas expresadas en m\u00f3dulos salariales, cualquier incremento porcentual que se negocie para los empleados del Parlamento nacional (APL) o los trabajadores estatales se traslada de forma directa al valor nominal del m\u00f3dulo de los senadores. De este modo, la dieta dej\u00f3 de depender de votaciones peri\u00f3dicas y pas\u00f3 a indexarse al ritmo de las paritarias sectoriales.<\/p>\n\n\n\n<p class=\"wp-block-paragraph\">El impacto acumulativo de este mecanismo reflej\u00f3 un salto significativo a lo largo de las paritarias subsecuentes. Con los reajustes pautados entre las autoridades del Congreso y los gremios legislativos, la remuneraci\u00f3n bruta de un integrante de la C\u00e1mara Alta super\u00f3 los<em> $13.100.000 brutos<\/em>. <strong>Al comparar este valor proyectado con la base de $1.600.000 con la que finaliz\u00f3 el ciclo de Alberto Fern\u00e1ndez, el incremento nominal acumulado en los haberes de los senadores alcanza un imponente 718,75%.<\/strong><\/p>\n\n\n\n<p class=\"wp-block-paragraph\">En contraste, la C\u00e1mara de Diputados transit\u00f3 un camino m\u00e1s atenuado pero de fuerte recomposici\u00f3n, manteniendo congelamientos temporales y fijando acuerdos diferenciados que ubicaron sus ingresos en tramos sensiblemente inferiores a los del Senado. La disparidad en la evoluci\u00f3n salarial entre ambas c\u00e1maras no solo expone las distintas estrategias pol\u00edticas ante el impacto en la opini\u00f3n p\u00fablica, sino que tambi\u00e9n deja en evidencia c\u00f3mo la elecci\u00f3n del modelo de c\u00e1lculo por m\u00f3dulos transform\u00f3 estructuralmente los ingresos de los representantes en la C\u00e1mara Alta. <\/p>\n","protected":false},"excerpt":{"rendered":"<p>La evoluci\u00f3n de los sueldos en la C\u00e1mara Alta muestra c\u00f3mo el desacople de las dietas y el enganche a los m\u00f3dulos legislativos impulsaron un salto nominal del 718,75% entre el fin del mandato de Alberto Fern\u00e1ndez y las proyecciones salariales vigentes. Para comprender la magnitud de las transformaciones salariales en el Congreso Nacional, resulta [&hellip;]<\/p>\n","protected":false},"author":9,"featured_media":124262,"comment_status":"closed","ping_status":"closed","sticky":false,"template":"","format":"standard","meta":{"footnotes":""},"categories":[5,22],"tags":[],"class_list":["post-126523","post","type-post","status-publish","format-standard","has-post-thumbnail","hentry","category-actualidad","category-sociedad"],"yoast_head":"<!-- This site is optimized with the Yoast SEO plugin v28.4 - https:\/\/yoast.com\/product\/yoast-seo-wordpress\/ -->\n<title>De $1,6 a $13 millones: en la era Milei, las dietas del Senado subieron m\u00e1s del 700% - Primereando<\/title>\n<meta name=\"robots\" content=\"index, follow, max-snippet:-1, max-image-preview:large, max-video-preview:-1\" \/>\n<link rel=\"canonical\" href=\"https:\/\/primereando.com.ar\/index.php\/2026\/09\/02\/de-16-a-13-millones-en-la-era-milei-las-dietas-del-senado-subieron-mas-del-700\/126523\/\" \/>\n<meta property=\"og:locale\" content=\"es_ES\" \/>\n<meta property=\"og:type\" content=\"article\" \/>\n<meta property=\"og:title\" content=\"De $1,6 a $13 millones: en la era Milei, las dietas del Senado subieron m\u00e1s del 700% - Primereando\" \/>\n<meta property=\"og:description\" content=\"La evoluci\u00f3n de los sueldos en la C\u00e1mara Alta muestra c\u00f3mo el desacople de las dietas y el enganche a los m\u00f3dulos legislativos impulsaron un salto nominal del 718,75% entre el fin del mandato de Alberto Fern\u00e1ndez y las proyecciones salariales vigentes. Para comprender la magnitud de las transformaciones salariales en el Congreso Nacional, resulta [&hellip;]\" \/>\n<meta property=\"og:url\" content=\"https:\/\/primereando.com.ar\/index.php\/2026\/09\/02\/de-16-a-13-millones-en-la-era-milei-las-dietas-del-senado-subieron-mas-del-700\/126523\/\" \/>\n<meta property=\"og:site_name\" content=\"Primereando\" \/>\n<meta property=\"article:published_time\" content=\"2026-09-02T14:22:36+00:00\" \/>\n<meta property=\"article:modified_time\" content=\"2026-09-02T14:22:37+00:00\" \/>\n<meta property=\"og:image\" content=\"https:\/\/primereando.com.ar\/wp-content\/uploads\/2026\/03\/Milei-clonazepam-480-mg.jpg\" \/>\n\t<meta property=\"og:image:width\" content=\"1146\" \/>\n\t<meta property=\"og:image:height\" content=\"764\" \/>\n\t<meta property=\"og:image:type\" content=\"image\/jpeg\" \/>\n<meta name=\"author\" content=\"ManuT ManuT\" \/>\n<meta name=\"twitter:card\" content=\"summary_large_image\" \/>\n<meta name=\"twitter:label1\" content=\"Escrito por\" \/>\n\t<meta name=\"twitter:data1\" content=\"ManuT ManuT\" \/>\n\t<meta name=\"twitter:label2\" content=\"Tiempo de lectura\" \/>\n\t<meta name=\"twitter:data2\" content=\"3 minutos\" \/>\n<script type=\"application\/ld+json\" class=\"yoast-schema-graph\">{\"@context\":\"https:\\\/\\\/schema.org\",\"@graph\":[{\"@type\":\"Article\",\"@id\":\"https:\\\/\\\/primereando.com.ar\\\/index.php\\\/2026\\\/09\\\/02\\\/de-16-a-13-millones-en-la-era-milei-las-dietas-del-senado-subieron-mas-del-700\\\/126523\\\/#article\",\"isPartOf\":{\"@id\":\"https:\\\/\\\/primereando.com.ar\\\/index.php\\\/2026\\\/09\\\/02\\\/de-16-a-13-millones-en-la-era-milei-las-dietas-del-senado-subieron-mas-del-700\\\/126523\\\/\"},\"author\":{\"name\":\"ManuT ManuT\",\"@id\":\"https:\\\/\\\/primereando.com.ar\\\/#\\\/schema\\\/person\\\/26a9348b688072442a19f1fd50b634e7\"},\"headline\":\"De $1,6 a $13 millones: en la era Milei, las dietas del Senado subieron m\u00e1s del 700%\",\"datePublished\":\"2026-09-02T14:22:36+00:00\",\"dateModified\":\"2026-09-02T14:22:37+00:00\",\"mainEntityOfPage\":{\"@id\":\"https:\\\/\\\/primereando.com.ar\\\/index.php\\\/2026\\\/09\\\/02\\\/de-16-a-13-millones-en-la-era-milei-las-dietas-del-senado-subieron-mas-del-700\\\/126523\\\/\"},\"wordCount\":540,\"publisher\":{\"@id\":\"https:\\\/\\\/primereando.com.ar\\\/#organization\"},\"image\":{\"@id\":\"https:\\\/\\\/primereando.com.ar\\\/index.php\\\/2026\\\/09\\\/02\\\/de-16-a-13-millones-en-la-era-milei-las-dietas-del-senado-subieron-mas-del-700\\\/126523\\\/#primaryimage\"},\"thumbnailUrl\":\"https:\\\/\\\/primereando.com.ar\\\/wp-content\\\/uploads\\\/2026\\\/03\\\/Milei-clonazepam-480-mg.jpg\",\"articleSection\":[\"Actualidad\",\"Sociedad\"],\"inLanguage\":\"es-AR\"},{\"@type\":\"WebPage\",\"@id\":\"https:\\\/\\\/primereando.com.ar\\\/index.php\\\/2026\\\/09\\\/02\\\/de-16-a-13-millones-en-la-era-milei-las-dietas-del-senado-subieron-mas-del-700\\\/126523\\\/\",\"url\":\"https:\\\/\\\/primereando.com.ar\\\/index.php\\\/2026\\\/09\\\/02\\\/de-16-a-13-millones-en-la-era-milei-las-dietas-del-senado-subieron-mas-del-700\\\/126523\\\/\",\"name\":\"De $1,6 a $13 millones: en la era Milei, las dietas del Senado subieron m\u00e1s del 700% - Primereando\",\"isPartOf\":{\"@id\":\"https:\\\/\\\/primereando.com.ar\\\/#website\"},\"primaryImageOfPage\":{\"@id\":\"https:\\\/\\\/primereando.com.ar\\\/index.php\\\/2026\\\/09\\\/02\\\/de-16-a-13-millones-en-la-era-milei-las-dietas-del-senado-subieron-mas-del-700\\\/126523\\\/#primaryimage\"},\"image\":{\"@id\":\"https:\\\/\\\/primereando.com.ar\\\/index.php\\\/2026\\\/09\\\/02\\\/de-16-a-13-millones-en-la-era-milei-las-dietas-del-senado-subieron-mas-del-700\\\/126523\\\/#primaryimage\"},\"thumbnailUrl\":\"https:\\\/\\\/primereando.com.ar\\\/wp-content\\\/uploads\\\/2026\\\/03\\\/Milei-clonazepam-480-mg.jpg\",\"datePublished\":\"2026-09-02T14:22:36+00:00\",\"dateModified\":\"2026-09-02T14:22:37+00:00\",\"breadcrumb\":{\"@id\":\"https:\\\/\\\/primereando.com.ar\\\/index.php\\\/2026\\\/09\\\/02\\\/de-16-a-13-millones-en-la-era-milei-las-dietas-del-senado-subieron-mas-del-700\\\/126523\\\/#breadcrumb\"},\"inLanguage\":\"es-AR\",\"potentialAction\":[{\"@type\":\"ReadAction\",\"target\":[\"https:\\\/\\\/primereando.com.ar\\\/index.php\\\/2026\\\/09\\\/02\\\/de-16-a-13-millones-en-la-era-milei-las-dietas-del-senado-subieron-mas-del-700\\\/126523\\\/\"]}]},{\"@type\":\"ImageObject\",\"inLanguage\":\"es-AR\",\"@id\":\"https:\\\/\\\/primereando.com.ar\\\/index.php\\\/2026\\\/09\\\/02\\\/de-16-a-13-millones-en-la-era-milei-las-dietas-del-senado-subieron-mas-del-700\\\/126523\\\/#primaryimage\",\"url\":\"https:\\\/\\\/primereando.com.ar\\\/wp-content\\\/uploads\\\/2026\\\/03\\\/Milei-clonazepam-480-mg.jpg\",\"contentUrl\":\"https:\\\/\\\/primereando.com.ar\\\/wp-content\\\/uploads\\\/2026\\\/03\\\/Milei-clonazepam-480-mg.jpg\",\"width\":1146,\"height\":764},{\"@type\":\"BreadcrumbList\",\"@id\":\"https:\\\/\\\/primereando.com.ar\\\/index.php\\\/2026\\\/09\\\/02\\\/de-16-a-13-millones-en-la-era-milei-las-dietas-del-senado-subieron-mas-del-700\\\/126523\\\/#breadcrumb\",\"itemListElement\":[{\"@type\":\"ListItem\",\"position\":1,\"name\":\"Inicio\",\"item\":\"https:\\\/\\\/primereando.com.ar\\\/\"},{\"@type\":\"ListItem\",\"position\":2,\"name\":\"De $1,6 a $13 millones: en la era Milei, las dietas del Senado subieron m\u00e1s del 700%\"}]},{\"@type\":\"WebSite\",\"@id\":\"https:\\\/\\\/primereando.com.ar\\\/#website\",\"url\":\"https:\\\/\\\/primereando.com.ar\\\/\",\"name\":\"Primereando\",\"description\":\"Portal de noticias de la Provincia de Buenos Aires\",\"publisher\":{\"@id\":\"https:\\\/\\\/primereando.com.ar\\\/#organization\"},\"potentialAction\":[{\"@type\":\"SearchAction\",\"target\":{\"@type\":\"EntryPoint\",\"urlTemplate\":\"https:\\\/\\\/primereando.com.ar\\\/?s={search_term_string}\"},\"query-input\":{\"@type\":\"PropertyValueSpecification\",\"valueRequired\":true,\"valueName\":\"search_term_string\"}}],\"inLanguage\":\"es-AR\"},{\"@type\":\"Organization\",\"@id\":\"https:\\\/\\\/primereando.com.ar\\\/#organization\",\"name\":\"Primereando\",\"url\":\"https:\\\/\\\/primereando.com.ar\\\/\",\"logo\":{\"@type\":\"ImageObject\",\"inLanguage\":\"es-AR\",\"@id\":\"https:\\\/\\\/primereando.com.ar\\\/#\\\/schema\\\/logo\\\/image\\\/\",\"url\":\"https:\\\/\\\/primereando.com.ar\\\/wp-content\\\/uploads\\\/2021\\\/12\\\/primereando-logo.png\",\"contentUrl\":\"https:\\\/\\\/primereando.com.ar\\\/wp-content\\\/uploads\\\/2021\\\/12\\\/primereando-logo.png\",\"width\":360,\"height\":96,\"caption\":\"Primereando\"},\"image\":{\"@id\":\"https:\\\/\\\/primereando.com.ar\\\/#\\\/schema\\\/logo\\\/image\\\/\"}},{\"@type\":\"Person\",\"@id\":\"https:\\\/\\\/primereando.com.ar\\\/#\\\/schema\\\/person\\\/26a9348b688072442a19f1fd50b634e7\",\"name\":\"ManuT ManuT\",\"image\":{\"@type\":\"ImageObject\",\"inLanguage\":\"es-AR\",\"@id\":\"https:\\\/\\\/secure.gravatar.com\\\/avatar\\\/cfd2697e666e2ecc9ce352f0c45d54dc0b4ffd5ec09871f5ba6e5907c12ce9de?s=96&d=blank&r=g\",\"url\":\"https:\\\/\\\/secure.gravatar.com\\\/avatar\\\/cfd2697e666e2ecc9ce352f0c45d54dc0b4ffd5ec09871f5ba6e5907c12ce9de?s=96&d=blank&r=g\",\"contentUrl\":\"https:\\\/\\\/secure.gravatar.com\\\/avatar\\\/cfd2697e666e2ecc9ce352f0c45d54dc0b4ffd5ec09871f5ba6e5907c12ce9de?s=96&d=blank&r=g\",\"caption\":\"ManuT ManuT\"},\"url\":\"https:\\\/\\\/primereando.com.ar\\\/index.php\\\/author\\\/manut\\\/\"}]}<\/script>\n<!-- \/ Yoast SEO plugin. -->","yoast_head_json":{"title":"De $1,6 a $13 millones: en la era Milei, las dietas del Senado subieron m\u00e1s del 700% - Primereando","robots":{"index":"index","follow":"follow","max-snippet":"max-snippet:-1","max-image-preview":"max-image-preview:large","max-video-preview":"max-video-preview:-1"},"canonical":"https:\/\/primereando.com.ar\/index.php\/2026\/09\/02\/de-16-a-13-millones-en-la-era-milei-las-dietas-del-senado-subieron-mas-del-700\/126523\/","og_locale":"es_ES","og_type":"article","og_title":"De $1,6 a $13 millones: en la era Milei, las dietas del Senado subieron m\u00e1s del 700% - Primereando","og_description":"La evoluci\u00f3n de los sueldos en la C\u00e1mara Alta muestra c\u00f3mo el desacople de las dietas y el enganche a los m\u00f3dulos legislativos impulsaron un salto nominal del 718,75% entre el fin del mandato de Alberto Fern\u00e1ndez y las proyecciones salariales vigentes. Para comprender la magnitud de las transformaciones salariales en el Congreso Nacional, resulta [&hellip;]","og_url":"https:\/\/primereando.com.ar\/index.php\/2026\/09\/02\/de-16-a-13-millones-en-la-era-milei-las-dietas-del-senado-subieron-mas-del-700\/126523\/","og_site_name":"Primereando","article_published_time":"2026-09-02T14:22:36+00:00","article_modified_time":"2026-09-02T14:22:37+00:00","og_image":[{"width":1146,"height":764,"url":"https:\/\/primereando.com.ar\/wp-content\/uploads\/2026\/03\/Milei-clonazepam-480-mg.jpg","type":"image\/jpeg"}],"author":"ManuT ManuT","twitter_card":"summary_large_image","twitter_misc":{"Escrito por":"ManuT ManuT","Tiempo de lectura":"3 minutos"},"schema":{"@context":"https:\/\/schema.org","@graph":[{"@type":"Article","@id":"https:\/\/primereando.com.ar\/index.php\/2026\/09\/02\/de-16-a-13-millones-en-la-era-milei-las-dietas-del-senado-subieron-mas-del-700\/126523\/#article","isPartOf":{"@id":"https:\/\/primereando.com.ar\/index.php\/2026\/09\/02\/de-16-a-13-millones-en-la-era-milei-las-dietas-del-senado-subieron-mas-del-700\/126523\/"},"author":{"name":"ManuT ManuT","@id":"https:\/\/primereando.com.ar\/#\/schema\/person\/26a9348b688072442a19f1fd50b634e7"},"headline":"De $1,6 a $13 millones: en la era Milei, las dietas del Senado subieron m\u00e1s del 700%","datePublished":"2026-09-02T14:22:36+00:00","dateModified":"2026-09-02T14:22:37+00:00","mainEntityOfPage":{"@id":"https:\/\/primereando.com.ar\/index.php\/2026\/09\/02\/de-16-a-13-millones-en-la-era-milei-las-dietas-del-senado-subieron-mas-del-700\/126523\/"},"wordCount":540,"publisher":{"@id":"https:\/\/primereando.com.ar\/#organization"},"image":{"@id":"https:\/\/primereando.com.ar\/index.php\/2026\/09\/02\/de-16-a-13-millones-en-la-era-milei-las-dietas-del-senado-subieron-mas-del-700\/126523\/#primaryimage"},"thumbnailUrl":"https:\/\/primereando.com.ar\/wp-content\/uploads\/2026\/03\/Milei-clonazepam-480-mg.jpg","articleSection":["Actualidad","Sociedad"],"inLanguage":"es-AR"},{"@type":"WebPage","@id":"https:\/\/primereando.com.ar\/index.php\/2026\/09\/02\/de-16-a-13-millones-en-la-era-milei-las-dietas-del-senado-subieron-mas-del-700\/126523\/","url":"https:\/\/primereando.com.ar\/index.php\/2026\/09\/02\/de-16-a-13-millones-en-la-era-milei-las-dietas-del-senado-subieron-mas-del-700\/126523\/","name":"De $1,6 a $13 millones: en la era Milei, las dietas del Senado subieron m\u00e1s del 700% - Primereando","isPartOf":{"@id":"https:\/\/primereando.com.ar\/#website"},"primaryImageOfPage":{"@id":"https:\/\/primereando.com.ar\/index.php\/2026\/09\/02\/de-16-a-13-millones-en-la-era-milei-las-dietas-del-senado-subieron-mas-del-700\/126523\/#primaryimage"},"image":{"@id":"https:\/\/primereando.com.ar\/index.php\/2026\/09\/02\/de-16-a-13-millones-en-la-era-milei-las-dietas-del-senado-subieron-mas-del-700\/126523\/#primaryimage"},"thumbnailUrl":"https:\/\/primereando.com.ar\/wp-content\/uploads\/2026\/03\/Milei-clonazepam-480-mg.jpg","datePublished":"2026-09-02T14:22:36+00:00","dateModified":"2026-09-02T14:22:37+00:00","breadcrumb":{"@id":"https:\/\/primereando.com.ar\/index.php\/2026\/09\/02\/de-16-a-13-millones-en-la-era-milei-las-dietas-del-senado-subieron-mas-del-700\/126523\/#breadcrumb"},"inLanguage":"es-AR","potentialAction":[{"@type":"ReadAction","target":["https:\/\/primereando.com.ar\/index.php\/2026\/09\/02\/de-16-a-13-millones-en-la-era-milei-las-dietas-del-senado-subieron-mas-del-700\/126523\/"]}]},{"@type":"ImageObject","inLanguage":"es-AR","@id":"https:\/\/primereando.com.ar\/index.php\/2026\/09\/02\/de-16-a-13-millones-en-la-era-milei-las-dietas-del-senado-subieron-mas-del-700\/126523\/#primaryimage","url":"https:\/\/primereando.com.ar\/wp-content\/uploads\/2026\/03\/Milei-clonazepam-480-mg.jpg","contentUrl":"https:\/\/primereando.com.ar\/wp-content\/uploads\/2026\/03\/Milei-clonazepam-480-mg.jpg","width":1146,"height":764},{"@type":"BreadcrumbList","@id":"https:\/\/primereando.com.ar\/index.php\/2026\/09\/02\/de-16-a-13-millones-en-la-era-milei-las-dietas-del-senado-subieron-mas-del-700\/126523\/#breadcrumb","itemListElement":[{"@type":"ListItem","position":1,"name":"Inicio","item":"https:\/\/primereando.com.ar\/"},{"@type":"ListItem","position":2,"name":"De $1,6 a $13 millones: en la era Milei, las dietas del Senado subieron m\u00e1s del 700%"}]},{"@type":"WebSite","@id":"https:\/\/primereando.com.ar\/#website","url":"https:\/\/primereando.com.ar\/","name":"Primereando","description":"Portal de noticias de la Provincia de Buenos Aires","publisher":{"@id":"https:\/\/primereando.com.ar\/#organization"},"potentialAction":[{"@type":"SearchAction","target":{"@type":"EntryPoint","urlTemplate":"https:\/\/primereando.com.ar\/?s={search_term_string}"},"query-input":{"@type":"PropertyValueSpecification","valueRequired":true,"valueName":"search_term_string"}}],"inLanguage":"es-AR"},{"@type":"Organization","@id":"https:\/\/primereando.com.ar\/#organization","name":"Primereando","url":"https:\/\/primereando.com.ar\/","logo":{"@type":"ImageObject","inLanguage":"es-AR","@id":"https:\/\/primereando.com.ar\/#\/schema\/logo\/image\/","url":"https:\/\/primereando.com.ar\/wp-content\/uploads\/2021\/12\/primereando-logo.png","contentUrl":"https:\/\/primereando.com.ar\/wp-content\/uploads\/2021\/12\/primereando-logo.png","width":360,"height":96,"caption":"Primereando"},"image":{"@id":"https:\/\/primereando.com.ar\/#\/schema\/logo\/image\/"}},{"@type":"Person","@id":"https:\/\/primereando.com.ar\/#\/schema\/person\/26a9348b688072442a19f1fd50b634e7","name":"ManuT ManuT","image":{"@type":"ImageObject","inLanguage":"es-AR","@id":"https:\/\/secure.gravatar.com\/avatar\/cfd2697e666e2ecc9ce352f0c45d54dc0b4ffd5ec09871f5ba6e5907c12ce9de?s=96&d=blank&r=g","url":"https:\/\/secure.gravatar.com\/avatar\/cfd2697e666e2ecc9ce352f0c45d54dc0b4ffd5ec09871f5ba6e5907c12ce9de?s=96&d=blank&r=g","contentUrl":"https:\/\/secure.gravatar.com\/avatar\/cfd2697e666e2ecc9ce352f0c45d54dc0b4ffd5ec09871f5ba6e5907c12ce9de?s=96&d=blank&r=g","caption":"ManuT ManuT"},"url":"https:\/\/primereando.com.ar\/index.php\/author\/manut\/"}]}},"_links":{"self":[{"href":"https:\/\/primereando.com.ar\/index.php\/wp-json\/wp\/v2\/posts\/126523","targetHints":{"allow":["GET"]}}],"collection":[{"href":"https:\/\/primereando.com.ar\/index.php\/wp-json\/wp\/v2\/posts"}],"about":[{"href":"https:\/\/primereando.com.ar\/index.php\/wp-json\/wp\/v2\/types\/post"}],"author":[{"embeddable":true,"href":"https:\/\/primereando.com.ar\/index.php\/wp-json\/wp\/v2\/users\/9"}],"replies":[{"embeddable":true,"href":"https:\/\/primereando.com.ar\/index.php\/wp-json\/wp\/v2\/comments?post=126523"}],"version-history":[{"count":1,"href":"https:\/\/primereando.com.ar\/index.php\/wp-json\/wp\/v2\/posts\/126523\/revisions"}],"predecessor-version":[{"id":126524,"href":"https:\/\/primereando.com.ar\/index.php\/wp-json\/wp\/v2\/posts\/126523\/revisions\/126524"}],"wp:featuredmedia":[{"embeddable":true,"href":"https:\/\/primereando.com.ar\/index.php\/wp-json\/wp\/v2\/media\/124262"}],"wp:attachment":[{"href":"https:\/\/primereando.com.ar\/index.php\/wp-json\/wp\/v2\/media?parent=126523"}],"wp:term":[{"taxonomy":"category","embeddable":true,"href":"https:\/\/primereando.com.ar\/index.php\/wp-json\/wp\/v2\/categories?post=126523"},{"taxonomy":"post_tag","embeddable":true,"href":"https:\/\/primereando.com.ar\/index.php\/wp-json\/wp\/v2\/tags?post=126523"}],"curies":[{"name":"wp","href":"https:\/\/api.w.org\/{rel}","templated":true}]}}