{"id":126526,"date":"2026-09-02T14:23:01","date_gmt":"2026-09-02T17:23:01","guid":{"rendered":"https:\/\/primereando.com.ar\/?p=126526"},"modified":"2026-09-02T14:23:01","modified_gmt":"2026-09-02T17:23:01","slug":"bomba-el-vice-de-la-uia-trato-a-caputo-de-trader-y-endeudador","status":"publish","type":"post","link":"https:\/\/primereando.com.ar\/index.php\/2026\/09\/02\/bomba-el-vice-de-la-uia-trato-a-caputo-de-trader-y-endeudador\/126526\/","title":{"rendered":"Bomba: el vice de la UIA trat\u00f3 a Caputo de &#8220;trader&#8221; y &#8220;endeudador&#8221;"},"content":{"rendered":"\n<p class=\"wp-block-paragraph\">Sacado, el presidente Javier Milei orden\u00f3 vaciar el acto por el D\u00eda de la Industria furioso porque el vicepresidente de la UIA dijo que el libertario no conoce el pa\u00eds y que Toto Caputo es un trader y un endeudador. Los industriales est\u00e1n furiosos con Casa Rosada porque su pol\u00edtica econ\u00f3mica puso al sector en crisis. Nunca antes, desde la salida de la convertivilidad, la industria estuvo tan mal, con porcentajes de capacidad ocupada tan bajos. Milei lo hizo. <\/p>\n\n\n\n<p class=\"wp-block-paragraph\">El presidente ya hab\u00eda decidido no ir al acto de la Uni\u00f3n Industrial Argentina y tambi\u00e9n se hab\u00eda bajado el ministro de Econom\u00eda, que est\u00e1 en Estados Unidos. Ambos ven\u00edan con declaraciones picantes contra el sector y la recepci\u00f3n no iba a ser la m\u00e1s c\u00e1lida.<\/p>\n\n\n\n<p class=\"wp-block-paragraph\">Milei dispuso que el enviado del gobierno sea el jefe de Gabinete, Diego Santilli, pero a \u00faltimo momento le orden\u00f3 que no vaya. Tambi\u00e9n bajaron al ministro de Salud, Mario Lugones, que asistir\u00eda con la excusa de que el acto se realiz\u00f3 en el laboratorio Elea de Sigman y Sielecki.<\/p>\n\n\n\n<p class=\"wp-block-paragraph\">El \u00fanico representante oficial en el acto de la UIA fue el secretario de Industria, Pablo Lavigne, un funcionario de tercer orden y sin peso propio en el gabinete, lo que expone el desprecio de Milei por el acto.<\/p>\n","protected":false},"excerpt":{"rendered":"<p>Sacado, el presidente Javier Milei orden\u00f3 vaciar el acto por el D\u00eda de la Industria furioso porque el vicepresidente de la UIA dijo que el libertario no conoce el pa\u00eds y que Toto Caputo es un trader y un endeudador. Los industriales est\u00e1n furiosos con Casa Rosada porque su pol\u00edtica econ\u00f3mica puso al sector en [&hellip;]<\/p>\n","protected":false},"author":4,"featured_media":126005,"comment_status":"closed","ping_status":"closed","sticky":false,"template":"","format":"standard","meta":{"footnotes":""},"categories":[5],"tags":[],"class_list":["post-126526","post","type-post","status-publish","format-standard","has-post-thumbnail","hentry","category-actualidad"],"yoast_head":"<!-- This site is optimized with the Yoast SEO plugin v28.4 - https:\/\/yoast.com\/product\/yoast-seo-wordpress\/ -->\n<title>Bomba: el vice de la UIA trat\u00f3 a Caputo de &quot;trader&quot; y &quot;endeudador&quot; - Primereando<\/title>\n<meta name=\"robots\" content=\"index, follow, max-snippet:-1, max-image-preview:large, max-video-preview:-1\" \/>\n<link rel=\"canonical\" href=\"https:\/\/primereando.com.ar\/index.php\/2026\/09\/02\/bomba-el-vice-de-la-uia-trato-a-caputo-de-trader-y-endeudador\/126526\/\" \/>\n<meta property=\"og:locale\" content=\"es_ES\" \/>\n<meta property=\"og:type\" content=\"article\" \/>\n<meta property=\"og:title\" content=\"Bomba: el vice de la UIA trat\u00f3 a Caputo de &quot;trader&quot; y &quot;endeudador&quot; - Primereando\" \/>\n<meta property=\"og:description\" content=\"Sacado, el presidente Javier Milei orden\u00f3 vaciar el acto por el D\u00eda de la Industria furioso porque el vicepresidente de la UIA dijo que el libertario no conoce el pa\u00eds y que Toto Caputo es un trader y un endeudador. Los industriales est\u00e1n furiosos con Casa Rosada porque su pol\u00edtica econ\u00f3mica puso al sector en [&hellip;]\" \/>\n<meta property=\"og:url\" content=\"https:\/\/primereando.com.ar\/index.php\/2026\/09\/02\/bomba-el-vice-de-la-uia-trato-a-caputo-de-trader-y-endeudador\/126526\/\" \/>\n<meta property=\"og:site_name\" content=\"Primereando\" \/>\n<meta property=\"article:published_time\" content=\"2026-09-02T17:23:01+00:00\" \/>\n<meta property=\"og:image\" content=\"https:\/\/primereando.com.ar\/wp-content\/uploads\/2026\/07\/Milei-recesion-crisis-economica-industria.jpg\" \/>\n\t<meta property=\"og:image:width\" content=\"1168\" \/>\n\t<meta property=\"og:image:height\" content=\"784\" \/>\n\t<meta property=\"og:image:type\" content=\"image\/jpeg\" \/>\n<meta name=\"author\" content=\"Quique\" \/>\n<meta name=\"twitter:card\" content=\"summary_large_image\" \/>\n<meta name=\"twitter:label1\" content=\"Escrito por\" \/>\n\t<meta name=\"twitter:data1\" content=\"Quique\" \/>\n\t<meta name=\"twitter:label2\" content=\"Tiempo de lectura\" \/>\n\t<meta name=\"twitter:data2\" content=\"2 minutos\" \/>\n<script type=\"application\/ld+json\" class=\"yoast-schema-graph\">{\"@context\":\"https:\\\/\\\/schema.org\",\"@graph\":[{\"@type\":\"Article\",\"@id\":\"https:\\\/\\\/primereando.com.ar\\\/index.php\\\/2026\\\/09\\\/02\\\/bomba-el-vice-de-la-uia-trato-a-caputo-de-trader-y-endeudador\\\/126526\\\/#article\",\"isPartOf\":{\"@id\":\"https:\\\/\\\/primereando.com.ar\\\/index.php\\\/2026\\\/09\\\/02\\\/bomba-el-vice-de-la-uia-trato-a-caputo-de-trader-y-endeudador\\\/126526\\\/\"},\"author\":{\"name\":\"Quique\",\"@id\":\"https:\\\/\\\/primereando.com.ar\\\/#\\\/schema\\\/person\\\/4e63931e01f10f9b83b868233258d3d3\"},\"headline\":\"Bomba: el vice de la UIA trat\u00f3 a Caputo de &#8220;trader&#8221; y &#8220;endeudador&#8221;\",\"datePublished\":\"2026-09-02T17:23:01+00:00\",\"mainEntityOfPage\":{\"@id\":\"https:\\\/\\\/primereando.com.ar\\\/index.php\\\/2026\\\/09\\\/02\\\/bomba-el-vice-de-la-uia-trato-a-caputo-de-trader-y-endeudador\\\/126526\\\/\"},\"wordCount\":243,\"publisher\":{\"@id\":\"https:\\\/\\\/primereando.com.ar\\\/#organization\"},\"image\":{\"@id\":\"https:\\\/\\\/primereando.com.ar\\\/index.php\\\/2026\\\/09\\\/02\\\/bomba-el-vice-de-la-uia-trato-a-caputo-de-trader-y-endeudador\\\/126526\\\/#primaryimage\"},\"thumbnailUrl\":\"https:\\\/\\\/primereando.com.ar\\\/wp-content\\\/uploads\\\/2026\\\/07\\\/Milei-recesion-crisis-economica-industria.jpg\",\"articleSection\":[\"Actualidad\"],\"inLanguage\":\"es-AR\"},{\"@type\":\"WebPage\",\"@id\":\"https:\\\/\\\/primereando.com.ar\\\/index.php\\\/2026\\\/09\\\/02\\\/bomba-el-vice-de-la-uia-trato-a-caputo-de-trader-y-endeudador\\\/126526\\\/\",\"url\":\"https:\\\/\\\/primereando.com.ar\\\/index.php\\\/2026\\\/09\\\/02\\\/bomba-el-vice-de-la-uia-trato-a-caputo-de-trader-y-endeudador\\\/126526\\\/\",\"name\":\"Bomba: el vice de la UIA trat\u00f3 a Caputo de \\\"trader\\\" y \\\"endeudador\\\" - Primereando\",\"isPartOf\":{\"@id\":\"https:\\\/\\\/primereando.com.ar\\\/#website\"},\"primaryImageOfPage\":{\"@id\":\"https:\\\/\\\/primereando.com.ar\\\/index.php\\\/2026\\\/09\\\/02\\\/bomba-el-vice-de-la-uia-trato-a-caputo-de-trader-y-endeudador\\\/126526\\\/#primaryimage\"},\"image\":{\"@id\":\"https:\\\/\\\/primereando.com.ar\\\/index.php\\\/2026\\\/09\\\/02\\\/bomba-el-vice-de-la-uia-trato-a-caputo-de-trader-y-endeudador\\\/126526\\\/#primaryimage\"},\"thumbnailUrl\":\"https:\\\/\\\/primereando.com.ar\\\/wp-content\\\/uploads\\\/2026\\\/07\\\/Milei-recesion-crisis-economica-industria.jpg\",\"datePublished\":\"2026-09-02T17:23:01+00:00\",\"breadcrumb\":{\"@id\":\"https:\\\/\\\/primereando.com.ar\\\/index.php\\\/2026\\\/09\\\/02\\\/bomba-el-vice-de-la-uia-trato-a-caputo-de-trader-y-endeudador\\\/126526\\\/#breadcrumb\"},\"inLanguage\":\"es-AR\",\"potentialAction\":[{\"@type\":\"ReadAction\",\"target\":[\"https:\\\/\\\/primereando.com.ar\\\/index.php\\\/2026\\\/09\\\/02\\\/bomba-el-vice-de-la-uia-trato-a-caputo-de-trader-y-endeudador\\\/126526\\\/\"]}]},{\"@type\":\"ImageObject\",\"inLanguage\":\"es-AR\",\"@id\":\"https:\\\/\\\/primereando.com.ar\\\/index.php\\\/2026\\\/09\\\/02\\\/bomba-el-vice-de-la-uia-trato-a-caputo-de-trader-y-endeudador\\\/126526\\\/#primaryimage\",\"url\":\"https:\\\/\\\/primereando.com.ar\\\/wp-content\\\/uploads\\\/2026\\\/07\\\/Milei-recesion-crisis-economica-industria.jpg\",\"contentUrl\":\"https:\\\/\\\/primereando.com.ar\\\/wp-content\\\/uploads\\\/2026\\\/07\\\/Milei-recesion-crisis-economica-industria.jpg\",\"width\":1168,\"height\":784,\"caption\":\"Signature: j458e7mC\\\/Z2om\\\/g2GWO+3UiodrA0BENG68yP\\\/GrNC6+8CAs6Z0kl0xhfPm1FRlGRj2Jy5e22dbGYzof01QzBuXzffQCz\\\/pE01yhMyz5eLOAL6RgwiPbV5EplGDKuCOqsYKwqLVUoeVymRlKDYsREx2rt96glCkw6F3c4MVL9UADy0CQMRKeEGRr79wLZssZdNIs9nUhSb+8LnrI+Mao792H52UpfFYPLkYS\\\/\\\/0VqKU+U516E+dcgkHXPTN9NtwQTb7SVVsqyqQBxqYgYE88K5mPl8ud5SY+FBbIQ3J8k1hANY2H\\\/xHnUkv25fKwboDugz\\\/3Wqkg1NvEtiPUJkfZldQam1ndCoGuJ6tqen0JDo5TtghdLc8YFGCmadzPzaT5QVpvkZf6p+C0zH\\\/7y+ghe7xjRqUBXyQ2u2GjkVz1AUWPxcmt3XbEBiVOSMUJwMHk7Tyv3W2KXB4o6EXhsjL1uQ8TsZz0FXaBqqiUKuergD5ZDoG81Dz8x2EWKmnVcAAK8yVTk9Pir462uXJQiojoj9sRjoVltMXCge+zrB0ZNIcNbZ\\\/iP3Liwg68JG2lRYNzNczvnfO4TIwkDdsZGVdtgdU\\\/LI+8+fdsVZn0OehmBTMPqdm3lE2WmA5WXzEj6mkMRBWimnPDJ2shvxuYZfcRVUPi71PXHMSF+RUAKKbP48aB7F8npPsi97PGrhZ2jHkDMzbXsLdlz3\\\/NKkdcyjXjZOyol+9hHLbd3cUjsPGZ+ooPHqSEtxlCTmXUUlOVXf6dBcGS5pTtkX06Wvud1Cob+5E2iUImFu64l7D+eqAaCDBpLtWl81Lu1E9CeOT0R4Y08vlEQWIeA6WNFDBPUJD313HyZ1a1BxMnpkSNiTAOEy5doQIiSr4LsaiIToVMjfcYTNnx+e6XaI\\\/ibJl8znfpnVcHf3ojKUZ\\\/79NyQXXhxScASyD1wEe+qx5KH\\\/Uypf632S4HpbvvtSmJfXUvlFdfDoL\\\/ykwucLOHi13UM3OIoWIk=\"},{\"@type\":\"BreadcrumbList\",\"@id\":\"https:\\\/\\\/primereando.com.ar\\\/index.php\\\/2026\\\/09\\\/02\\\/bomba-el-vice-de-la-uia-trato-a-caputo-de-trader-y-endeudador\\\/126526\\\/#breadcrumb\",\"itemListElement\":[{\"@type\":\"ListItem\",\"position\":1,\"name\":\"Inicio\",\"item\":\"https:\\\/\\\/primereando.com.ar\\\/\"},{\"@type\":\"ListItem\",\"position\":2,\"name\":\"Bomba: el vice de la UIA trat\u00f3 a Caputo de &#8220;trader&#8221; y &#8220;endeudador&#8221;\"}]},{\"@type\":\"WebSite\",\"@id\":\"https:\\\/\\\/primereando.com.ar\\\/#website\",\"url\":\"https:\\\/\\\/primereando.com.ar\\\/\",\"name\":\"Primereando\",\"description\":\"Portal de noticias de la Provincia de Buenos Aires\",\"publisher\":{\"@id\":\"https:\\\/\\\/primereando.com.ar\\\/#organization\"},\"potentialAction\":[{\"@type\":\"SearchAction\",\"target\":{\"@type\":\"EntryPoint\",\"urlTemplate\":\"https:\\\/\\\/primereando.com.ar\\\/?s={search_term_string}\"},\"query-input\":{\"@type\":\"PropertyValueSpecification\",\"valueRequired\":true,\"valueName\":\"search_term_string\"}}],\"inLanguage\":\"es-AR\"},{\"@type\":\"Organization\",\"@id\":\"https:\\\/\\\/primereando.com.ar\\\/#organization\",\"name\":\"Primereando\",\"url\":\"https:\\\/\\\/primereando.com.ar\\\/\",\"logo\":{\"@type\":\"ImageObject\",\"inLanguage\":\"es-AR\",\"@id\":\"https:\\\/\\\/primereando.com.ar\\\/#\\\/schema\\\/logo\\\/image\\\/\",\"url\":\"https:\\\/\\\/primereando.com.ar\\\/wp-content\\\/uploads\\\/2021\\\/12\\\/primereando-logo.png\",\"contentUrl\":\"https:\\\/\\\/primereando.com.ar\\\/wp-content\\\/uploads\\\/2021\\\/12\\\/primereando-logo.png\",\"width\":360,\"height\":96,\"caption\":\"Primereando\"},\"image\":{\"@id\":\"https:\\\/\\\/primereando.com.ar\\\/#\\\/schema\\\/logo\\\/image\\\/\"}},{\"@type\":\"Person\",\"@id\":\"https:\\\/\\\/primereando.com.ar\\\/#\\\/schema\\\/person\\\/4e63931e01f10f9b83b868233258d3d3\",\"name\":\"Quique\",\"image\":{\"@type\":\"ImageObject\",\"inLanguage\":\"es-AR\",\"@id\":\"https:\\\/\\\/secure.gravatar.com\\\/avatar\\\/b59b9a051963473b9167e1994f9d9bceb0bfcf81b12fa216e38bdbf315e58be9?s=96&d=blank&r=g\",\"url\":\"https:\\\/\\\/secure.gravatar.com\\\/avatar\\\/b59b9a051963473b9167e1994f9d9bceb0bfcf81b12fa216e38bdbf315e58be9?s=96&d=blank&r=g\",\"contentUrl\":\"https:\\\/\\\/secure.gravatar.com\\\/avatar\\\/b59b9a051963473b9167e1994f9d9bceb0bfcf81b12fa216e38bdbf315e58be9?s=96&d=blank&r=g\",\"caption\":\"Quique\"},\"url\":\"https:\\\/\\\/primereando.com.ar\\\/index.php\\\/author\\\/quique\\\/\"}]}<\/script>\n<!-- \/ Yoast SEO plugin. -->","yoast_head_json":{"title":"Bomba: el vice de la UIA trat\u00f3 a Caputo de \"trader\" y \"endeudador\" - Primereando","robots":{"index":"index","follow":"follow","max-snippet":"max-snippet:-1","max-image-preview":"max-image-preview:large","max-video-preview":"max-video-preview:-1"},"canonical":"https:\/\/primereando.com.ar\/index.php\/2026\/09\/02\/bomba-el-vice-de-la-uia-trato-a-caputo-de-trader-y-endeudador\/126526\/","og_locale":"es_ES","og_type":"article","og_title":"Bomba: el vice de la UIA trat\u00f3 a Caputo de \"trader\" y \"endeudador\" - Primereando","og_description":"Sacado, el presidente Javier Milei orden\u00f3 vaciar el acto por el D\u00eda de la Industria furioso porque el vicepresidente de la UIA dijo que el libertario no conoce el pa\u00eds y que Toto Caputo es un trader y un endeudador. Los industriales est\u00e1n furiosos con Casa Rosada porque su pol\u00edtica econ\u00f3mica puso al sector en [&hellip;]","og_url":"https:\/\/primereando.com.ar\/index.php\/2026\/09\/02\/bomba-el-vice-de-la-uia-trato-a-caputo-de-trader-y-endeudador\/126526\/","og_site_name":"Primereando","article_published_time":"2026-09-02T17:23:01+00:00","og_image":[{"width":1168,"height":784,"url":"https:\/\/primereando.com.ar\/wp-content\/uploads\/2026\/07\/Milei-recesion-crisis-economica-industria.jpg","type":"image\/jpeg"}],"author":"Quique","twitter_card":"summary_large_image","twitter_misc":{"Escrito por":"Quique","Tiempo de lectura":"2 minutos"},"schema":{"@context":"https:\/\/schema.org","@graph":[{"@type":"Article","@id":"https:\/\/primereando.com.ar\/index.php\/2026\/09\/02\/bomba-el-vice-de-la-uia-trato-a-caputo-de-trader-y-endeudador\/126526\/#article","isPartOf":{"@id":"https:\/\/primereando.com.ar\/index.php\/2026\/09\/02\/bomba-el-vice-de-la-uia-trato-a-caputo-de-trader-y-endeudador\/126526\/"},"author":{"name":"Quique","@id":"https:\/\/primereando.com.ar\/#\/schema\/person\/4e63931e01f10f9b83b868233258d3d3"},"headline":"Bomba: el vice de la UIA trat\u00f3 a Caputo de &#8220;trader&#8221; y &#8220;endeudador&#8221;","datePublished":"2026-09-02T17:23:01+00:00","mainEntityOfPage":{"@id":"https:\/\/primereando.com.ar\/index.php\/2026\/09\/02\/bomba-el-vice-de-la-uia-trato-a-caputo-de-trader-y-endeudador\/126526\/"},"wordCount":243,"publisher":{"@id":"https:\/\/primereando.com.ar\/#organization"},"image":{"@id":"https:\/\/primereando.com.ar\/index.php\/2026\/09\/02\/bomba-el-vice-de-la-uia-trato-a-caputo-de-trader-y-endeudador\/126526\/#primaryimage"},"thumbnailUrl":"https:\/\/primereando.com.ar\/wp-content\/uploads\/2026\/07\/Milei-recesion-crisis-economica-industria.jpg","articleSection":["Actualidad"],"inLanguage":"es-AR"},{"@type":"WebPage","@id":"https:\/\/primereando.com.ar\/index.php\/2026\/09\/02\/bomba-el-vice-de-la-uia-trato-a-caputo-de-trader-y-endeudador\/126526\/","url":"https:\/\/primereando.com.ar\/index.php\/2026\/09\/02\/bomba-el-vice-de-la-uia-trato-a-caputo-de-trader-y-endeudador\/126526\/","name":"Bomba: el vice de la UIA trat\u00f3 a Caputo de \"trader\" y \"endeudador\" - Primereando","isPartOf":{"@id":"https:\/\/primereando.com.ar\/#website"},"primaryImageOfPage":{"@id":"https:\/\/primereando.com.ar\/index.php\/2026\/09\/02\/bomba-el-vice-de-la-uia-trato-a-caputo-de-trader-y-endeudador\/126526\/#primaryimage"},"image":{"@id":"https:\/\/primereando.com.ar\/index.php\/2026\/09\/02\/bomba-el-vice-de-la-uia-trato-a-caputo-de-trader-y-endeudador\/126526\/#primaryimage"},"thumbnailUrl":"https:\/\/primereando.com.ar\/wp-content\/uploads\/2026\/07\/Milei-recesion-crisis-economica-industria.jpg","datePublished":"2026-09-02T17:23:01+00:00","breadcrumb":{"@id":"https:\/\/primereando.com.ar\/index.php\/2026\/09\/02\/bomba-el-vice-de-la-uia-trato-a-caputo-de-trader-y-endeudador\/126526\/#breadcrumb"},"inLanguage":"es-AR","potentialAction":[{"@type":"ReadAction","target":["https:\/\/primereando.com.ar\/index.php\/2026\/09\/02\/bomba-el-vice-de-la-uia-trato-a-caputo-de-trader-y-endeudador\/126526\/"]}]},{"@type":"ImageObject","inLanguage":"es-AR","@id":"https:\/\/primereando.com.ar\/index.php\/2026\/09\/02\/bomba-el-vice-de-la-uia-trato-a-caputo-de-trader-y-endeudador\/126526\/#primaryimage","url":"https:\/\/primereando.com.ar\/wp-content\/uploads\/2026\/07\/Milei-recesion-crisis-economica-industria.jpg","contentUrl":"https:\/\/primereando.com.ar\/wp-content\/uploads\/2026\/07\/Milei-recesion-crisis-economica-industria.jpg","width":1168,"height":784,"caption":"Signature: j458e7mC\/Z2om\/g2GWO+3UiodrA0BENG68yP\/GrNC6+8CAs6Z0kl0xhfPm1FRlGRj2Jy5e22dbGYzof01QzBuXzffQCz\/pE01yhMyz5eLOAL6RgwiPbV5EplGDKuCOqsYKwqLVUoeVymRlKDYsREx2rt96glCkw6F3c4MVL9UADy0CQMRKeEGRr79wLZssZdNIs9nUhSb+8LnrI+Mao792H52UpfFYPLkYS\/\/0VqKU+U516E+dcgkHXPTN9NtwQTb7SVVsqyqQBxqYgYE88K5mPl8ud5SY+FBbIQ3J8k1hANY2H\/xHnUkv25fKwboDugz\/3Wqkg1NvEtiPUJkfZldQam1ndCoGuJ6tqen0JDo5TtghdLc8YFGCmadzPzaT5QVpvkZf6p+C0zH\/7y+ghe7xjRqUBXyQ2u2GjkVz1AUWPxcmt3XbEBiVOSMUJwMHk7Tyv3W2KXB4o6EXhsjL1uQ8TsZz0FXaBqqiUKuergD5ZDoG81Dz8x2EWKmnVcAAK8yVTk9Pir462uXJQiojoj9sRjoVltMXCge+zrB0ZNIcNbZ\/iP3Liwg68JG2lRYNzNczvnfO4TIwkDdsZGVdtgdU\/LI+8+fdsVZn0OehmBTMPqdm3lE2WmA5WXzEj6mkMRBWimnPDJ2shvxuYZfcRVUPi71PXHMSF+RUAKKbP48aB7F8npPsi97PGrhZ2jHkDMzbXsLdlz3\/NKkdcyjXjZOyol+9hHLbd3cUjsPGZ+ooPHqSEtxlCTmXUUlOVXf6dBcGS5pTtkX06Wvud1Cob+5E2iUImFu64l7D+eqAaCDBpLtWl81Lu1E9CeOT0R4Y08vlEQWIeA6WNFDBPUJD313HyZ1a1BxMnpkSNiTAOEy5doQIiSr4LsaiIToVMjfcYTNnx+e6XaI\/ibJl8znfpnVcHf3ojKUZ\/79NyQXXhxScASyD1wEe+qx5KH\/Uypf632S4HpbvvtSmJfXUvlFdfDoL\/ykwucLOHi13UM3OIoWIk="},{"@type":"BreadcrumbList","@id":"https:\/\/primereando.com.ar\/index.php\/2026\/09\/02\/bomba-el-vice-de-la-uia-trato-a-caputo-de-trader-y-endeudador\/126526\/#breadcrumb","itemListElement":[{"@type":"ListItem","position":1,"name":"Inicio","item":"https:\/\/primereando.com.ar\/"},{"@type":"ListItem","position":2,"name":"Bomba: el vice de la UIA trat\u00f3 a Caputo de &#8220;trader&#8221; y &#8220;endeudador&#8221;"}]},{"@type":"WebSite","@id":"https:\/\/primereando.com.ar\/#website","url":"https:\/\/primereando.com.ar\/","name":"Primereando","description":"Portal de noticias de la Provincia de Buenos Aires","publisher":{"@id":"https:\/\/primereando.com.ar\/#organization"},"potentialAction":[{"@type":"SearchAction","target":{"@type":"EntryPoint","urlTemplate":"https:\/\/primereando.com.ar\/?s={search_term_string}"},"query-input":{"@type":"PropertyValueSpecification","valueRequired":true,"valueName":"search_term_string"}}],"inLanguage":"es-AR"},{"@type":"Organization","@id":"https:\/\/primereando.com.ar\/#organization","name":"Primereando","url":"https:\/\/primereando.com.ar\/","logo":{"@type":"ImageObject","inLanguage":"es-AR","@id":"https:\/\/primereando.com.ar\/#\/schema\/logo\/image\/","url":"https:\/\/primereando.com.ar\/wp-content\/uploads\/2021\/12\/primereando-logo.png","contentUrl":"https:\/\/primereando.com.ar\/wp-content\/uploads\/2021\/12\/primereando-logo.png","width":360,"height":96,"caption":"Primereando"},"image":{"@id":"https:\/\/primereando.com.ar\/#\/schema\/logo\/image\/"}},{"@type":"Person","@id":"https:\/\/primereando.com.ar\/#\/schema\/person\/4e63931e01f10f9b83b868233258d3d3","name":"Quique","image":{"@type":"ImageObject","inLanguage":"es-AR","@id":"https:\/\/secure.gravatar.com\/avatar\/b59b9a051963473b9167e1994f9d9bceb0bfcf81b12fa216e38bdbf315e58be9?s=96&d=blank&r=g","url":"https:\/\/secure.gravatar.com\/avatar\/b59b9a051963473b9167e1994f9d9bceb0bfcf81b12fa216e38bdbf315e58be9?s=96&d=blank&r=g","contentUrl":"https:\/\/secure.gravatar.com\/avatar\/b59b9a051963473b9167e1994f9d9bceb0bfcf81b12fa216e38bdbf315e58be9?s=96&d=blank&r=g","caption":"Quique"},"url":"https:\/\/primereando.com.ar\/index.php\/author\/quique\/"}]}},"_links":{"self":[{"href":"https:\/\/primereando.com.ar\/index.php\/wp-json\/wp\/v2\/posts\/126526","targetHints":{"allow":["GET"]}}],"collection":[{"href":"https:\/\/primereando.com.ar\/index.php\/wp-json\/wp\/v2\/posts"}],"about":[{"href":"https:\/\/primereando.com.ar\/index.php\/wp-json\/wp\/v2\/types\/post"}],"author":[{"embeddable":true,"href":"https:\/\/primereando.com.ar\/index.php\/wp-json\/wp\/v2\/users\/4"}],"replies":[{"embeddable":true,"href":"https:\/\/primereando.com.ar\/index.php\/wp-json\/wp\/v2\/comments?post=126526"}],"version-history":[{"count":1,"href":"https:\/\/primereando.com.ar\/index.php\/wp-json\/wp\/v2\/posts\/126526\/revisions"}],"predecessor-version":[{"id":126527,"href":"https:\/\/primereando.com.ar\/index.php\/wp-json\/wp\/v2\/posts\/126526\/revisions\/126527"}],"wp:featuredmedia":[{"embeddable":true,"href":"https:\/\/primereando.com.ar\/index.php\/wp-json\/wp\/v2\/media\/126005"}],"wp:attachment":[{"href":"https:\/\/primereando.com.ar\/index.php\/wp-json\/wp\/v2\/media?parent=126526"}],"wp:term":[{"taxonomy":"category","embeddable":true,"href":"https:\/\/primereando.com.ar\/index.php\/wp-json\/wp\/v2\/categories?post=126526"},{"taxonomy":"post_tag","embeddable":true,"href":"https:\/\/primereando.com.ar\/index.php\/wp-json\/wp\/v2\/tags?post=126526"}],"curies":[{"name":"wp","href":"https:\/\/api.w.org\/{rel}","templated":true}]}}