{"id":126528,"date":"2026-09-03T07:33:04","date_gmt":"2026-09-03T10:33:04","guid":{"rendered":"https:\/\/primereando.com.ar\/?p=126528"},"modified":"2026-09-03T07:33:04","modified_gmt":"2026-09-03T10:33:04","slug":"la-crisis-del-consumo-golpea-a-la-serenisima-perdio-cuatro-veces-mas-que-en-2025","status":"publish","type":"post","link":"https:\/\/primereando.com.ar\/index.php\/2026\/09\/03\/la-crisis-del-consumo-golpea-a-la-serenisima-perdio-cuatro-veces-mas-que-en-2025\/126528\/","title":{"rendered":"La crisis del consumo golpea a La Seren\u00edsima: perdi\u00f3 cuatro veces m\u00e1s que en 2025"},"content":{"rendered":"\n<h2 class=\"wp-block-heading\">La crisis del mercado interno ya impacta incluso sobre las grandes empresas de la industria nacional. Mastellone Hermanos, productora de La Seren\u00edsima, cerr\u00f3 el primer semestre de 2026 con p\u00e9rdidas por $4.791 millones, m\u00e1s de cuatro veces el rojo registrado en el mismo per\u00edodo de 2025. <\/h2>\n\n\n\n<p class=\"wp-block-paragraph\">El dato refleja el deterioro que atraviesa el consumo de los hogares. Para cada vez m\u00e1s familias, productos b\u00e1sicos como la leche, el yogur y el queso se volvieron dif\u00edciles de sostener en el presupuesto mensual.<strong> El ajuste impulsado por el gobierno de Javier Milei profundiz\u00f3 la p\u00e9rdida de poder adquisitivo y dej\u00f3 a amplios sectores de la poblaci\u00f3n recortando incluso alimentos esenciales.<\/strong><\/p>\n\n\n\n<p class=\"wp-block-paragraph\">Los n\u00fameros del balance son contundentes. <strong>Mastellone registr\u00f3 ingresos por $908.674 millones, pero esa facturaci\u00f3n implic\u00f3 una ca\u00edda real del 6,7%. El golpe m\u00e1s fuerte apareci\u00f3 en el mercado interno: las ventas locales se desplomaron un 10,3%<\/strong>, mientras que las exportaciones crecieron 10,5% y ya explican el 19% de la facturaci\u00f3n de la compa\u00f1\u00eda.<\/p>\n\n\n\n<h3 class=\"wp-block-heading has-medium-font-size\">La ca\u00edda del consumo golpea a La Seren\u00edsima<\/h3>\n\n\n\n<p class=\"wp-block-paragraph\"><strong>La rentabilidad tambi\u00e9n sufri\u00f3 un fuerte deterioro<\/strong>. El margen bruto cay\u00f3 del 25,7% al 23,7%, mientras que los gastos comerciales aumentaron 2,8%. Dentro de esos costos, los fletes tuvieron un peso determinante: pasaron de $137.510 millones a $148.045 millones. El resultado antes de impuestos pas\u00f3 de una p\u00e9rdida de $7.925 millones a un rojo de $10.647 millones.<\/p>\n\n\n\n<p class=\"wp-block-paragraph\"><strong>El deterioro de La Seren\u00edsima no aparece como un fen\u00f3meno aislado. Seg\u00fan el Observatorio de la Cadena L\u00e1ctea Argentina (OCLA), las ventas de l\u00e1cteos en supermercados retrocedieron un 10% en t\u00e9rminos reales durante el primer semestre de 2026<\/strong>.<\/p>\n\n\n\n<p class=\"wp-block-paragraph\">Menos leche, menos yogur y menos queso en las mesas argentinas significan tambi\u00e9n menos ventas para la industria. <strong>La retracci\u00f3n del consumo interno empieza a dejar una huella cada vez m\u00e1s profunda sobre el entramado productivo y alcanza incluso a compa\u00f1\u00edas l\u00edderes que durante d\u00e9cadas fueron s\u00edmbolos de la industria alimenticia argentina.<\/strong><\/p>\n\n\n\n<h3 class=\"wp-block-heading has-medium-font-size\">Un nuevo desaf\u00edo para los due\u00f1os de La Seren\u00edsima<\/h3>\n\n\n\n<p class=\"wp-block-paragraph\">El balance corresponde al \u00faltimo per\u00edodo bajo la conducci\u00f3n anterior de Mastellone Hermanos. En marzo, Arcor y Danone acordaron adquirir el 51,32% del capital de la compa\u00f1\u00eda que estaba en manos de la familia fundadora y de Dallpoint Investments. El 1\u00b0 de agosto asumieron el control efectivo.<\/p>\n\n\n\n<p class=\"wp-block-paragraph\">Ahora, <strong>los nuevos propietarios deber\u00e1n enfrentar una situaci\u00f3n particularmente delicada: recuperar la rentabilidad de una empresa golpeada por el derrumbe del mercado interno, en un escenario donde millones de consumidores redujeron sus compras y los alimentos b\u00e1sicos dejaron de ser un gasto autom\u00e1tico para convertirse en un consumo que muchas familias deben recortar.<\/strong><\/p>\n\n\n\n<p class=\"wp-block-paragraph\">El caso de La Seren\u00edsima funciona as\u00ed como una se\u00f1al de alarma sobre la profundidad de la crisis del consumo: si la retracci\u00f3n de la demanda ya golpea con semejante fuerza a la mayor empresa l\u00e1ctea del pa\u00eds, las consecuencias sobre toda la cadena productiva pueden ser todav\u00eda mayores.<\/p>\n","protected":false},"excerpt":{"rendered":"<p>La crisis del mercado interno ya impacta incluso sobre las grandes empresas de la industria nacional. Mastellone Hermanos, productora de La Seren\u00edsima, cerr\u00f3 el primer semestre de 2026 con p\u00e9rdidas por $4.791 millones, m\u00e1s de cuatro veces el rojo registrado en el mismo per\u00edodo de 2025. El dato refleja el deterioro que atraviesa el consumo [&hellip;]<\/p>\n","protected":false},"author":8,"featured_media":126529,"comment_status":"closed","ping_status":"closed","sticky":false,"template":"","format":"standard","meta":{"footnotes":""},"categories":[5],"tags":[],"class_list":["post-126528","post","type-post","status-publish","format-standard","has-post-thumbnail","hentry","category-actualidad"],"yoast_head":"<!-- This site is optimized with the Yoast SEO plugin v28.4 - https:\/\/yoast.com\/product\/yoast-seo-wordpress\/ -->\n<title>La crisis del consumo golpea a La Seren\u00edsima: perdi\u00f3 cuatro veces m\u00e1s que en 2025 - Primereando<\/title>\n<meta name=\"robots\" content=\"index, follow, max-snippet:-1, max-image-preview:large, max-video-preview:-1\" \/>\n<link rel=\"canonical\" href=\"https:\/\/primereando.com.ar\/index.php\/2026\/09\/03\/la-crisis-del-consumo-golpea-a-la-serenisima-perdio-cuatro-veces-mas-que-en-2025\/126528\/\" \/>\n<meta property=\"og:locale\" content=\"es_ES\" \/>\n<meta property=\"og:type\" content=\"article\" \/>\n<meta property=\"og:title\" content=\"La crisis del consumo golpea a La Seren\u00edsima: perdi\u00f3 cuatro veces m\u00e1s que en 2025 - Primereando\" \/>\n<meta property=\"og:description\" content=\"La crisis del mercado interno ya impacta incluso sobre las grandes empresas de la industria nacional. Mastellone Hermanos, productora de La Seren\u00edsima, cerr\u00f3 el primer semestre de 2026 con p\u00e9rdidas por $4.791 millones, m\u00e1s de cuatro veces el rojo registrado en el mismo per\u00edodo de 2025. El dato refleja el deterioro que atraviesa el consumo [&hellip;]\" \/>\n<meta property=\"og:url\" content=\"https:\/\/primereando.com.ar\/index.php\/2026\/09\/03\/la-crisis-del-consumo-golpea-a-la-serenisima-perdio-cuatro-veces-mas-que-en-2025\/126528\/\" \/>\n<meta property=\"og:site_name\" content=\"Primereando\" \/>\n<meta property=\"article:published_time\" content=\"2026-09-03T10:33:04+00:00\" \/>\n<meta property=\"og:image\" content=\"https:\/\/primereando.com.ar\/wp-content\/uploads\/2026\/09\/La-serenisima-crisis-industria.webp\" \/>\n\t<meta property=\"og:image:width\" content=\"1155\" \/>\n\t<meta property=\"og:image:height\" content=\"650\" \/>\n\t<meta property=\"og:image:type\" content=\"image\/webp\" \/>\n<meta name=\"author\" content=\"ignacio corsario\" \/>\n<meta name=\"twitter:card\" content=\"summary_large_image\" \/>\n<meta name=\"twitter:label1\" content=\"Escrito por\" \/>\n\t<meta name=\"twitter:data1\" content=\"ignacio corsario\" \/>\n\t<meta name=\"twitter:label2\" content=\"Tiempo de lectura\" \/>\n\t<meta name=\"twitter:data2\" content=\"3 minutos\" \/>\n<script type=\"application\/ld+json\" class=\"yoast-schema-graph\">{\"@context\":\"https:\\\/\\\/schema.org\",\"@graph\":[{\"@type\":\"Article\",\"@id\":\"https:\\\/\\\/primereando.com.ar\\\/index.php\\\/2026\\\/09\\\/03\\\/la-crisis-del-consumo-golpea-a-la-serenisima-perdio-cuatro-veces-mas-que-en-2025\\\/126528\\\/#article\",\"isPartOf\":{\"@id\":\"https:\\\/\\\/primereando.com.ar\\\/index.php\\\/2026\\\/09\\\/03\\\/la-crisis-del-consumo-golpea-a-la-serenisima-perdio-cuatro-veces-mas-que-en-2025\\\/126528\\\/\"},\"author\":{\"name\":\"ignacio corsario\",\"@id\":\"https:\\\/\\\/primereando.com.ar\\\/#\\\/schema\\\/person\\\/163ed2710eec4fd8173e5e51bb8b23ee\"},\"headline\":\"La crisis del consumo golpea a La Seren\u00edsima: perdi\u00f3 cuatro veces m\u00e1s que en 2025\",\"datePublished\":\"2026-09-03T10:33:04+00:00\",\"mainEntityOfPage\":{\"@id\":\"https:\\\/\\\/primereando.com.ar\\\/index.php\\\/2026\\\/09\\\/03\\\/la-crisis-del-consumo-golpea-a-la-serenisima-perdio-cuatro-veces-mas-que-en-2025\\\/126528\\\/\"},\"wordCount\":521,\"publisher\":{\"@id\":\"https:\\\/\\\/primereando.com.ar\\\/#organization\"},\"image\":{\"@id\":\"https:\\\/\\\/primereando.com.ar\\\/index.php\\\/2026\\\/09\\\/03\\\/la-crisis-del-consumo-golpea-a-la-serenisima-perdio-cuatro-veces-mas-que-en-2025\\\/126528\\\/#primaryimage\"},\"thumbnailUrl\":\"https:\\\/\\\/primereando.com.ar\\\/wp-content\\\/uploads\\\/2026\\\/09\\\/La-serenisima-crisis-industria.webp\",\"articleSection\":[\"Actualidad\"],\"inLanguage\":\"es-AR\"},{\"@type\":\"WebPage\",\"@id\":\"https:\\\/\\\/primereando.com.ar\\\/index.php\\\/2026\\\/09\\\/03\\\/la-crisis-del-consumo-golpea-a-la-serenisima-perdio-cuatro-veces-mas-que-en-2025\\\/126528\\\/\",\"url\":\"https:\\\/\\\/primereando.com.ar\\\/index.php\\\/2026\\\/09\\\/03\\\/la-crisis-del-consumo-golpea-a-la-serenisima-perdio-cuatro-veces-mas-que-en-2025\\\/126528\\\/\",\"name\":\"La crisis del consumo golpea a La Seren\u00edsima: perdi\u00f3 cuatro veces m\u00e1s que en 2025 - Primereando\",\"isPartOf\":{\"@id\":\"https:\\\/\\\/primereando.com.ar\\\/#website\"},\"primaryImageOfPage\":{\"@id\":\"https:\\\/\\\/primereando.com.ar\\\/index.php\\\/2026\\\/09\\\/03\\\/la-crisis-del-consumo-golpea-a-la-serenisima-perdio-cuatro-veces-mas-que-en-2025\\\/126528\\\/#primaryimage\"},\"image\":{\"@id\":\"https:\\\/\\\/primereando.com.ar\\\/index.php\\\/2026\\\/09\\\/03\\\/la-crisis-del-consumo-golpea-a-la-serenisima-perdio-cuatro-veces-mas-que-en-2025\\\/126528\\\/#primaryimage\"},\"thumbnailUrl\":\"https:\\\/\\\/primereando.com.ar\\\/wp-content\\\/uploads\\\/2026\\\/09\\\/La-serenisima-crisis-industria.webp\",\"datePublished\":\"2026-09-03T10:33:04+00:00\",\"breadcrumb\":{\"@id\":\"https:\\\/\\\/primereando.com.ar\\\/index.php\\\/2026\\\/09\\\/03\\\/la-crisis-del-consumo-golpea-a-la-serenisima-perdio-cuatro-veces-mas-que-en-2025\\\/126528\\\/#breadcrumb\"},\"inLanguage\":\"es-AR\",\"potentialAction\":[{\"@type\":\"ReadAction\",\"target\":[\"https:\\\/\\\/primereando.com.ar\\\/index.php\\\/2026\\\/09\\\/03\\\/la-crisis-del-consumo-golpea-a-la-serenisima-perdio-cuatro-veces-mas-que-en-2025\\\/126528\\\/\"]}]},{\"@type\":\"ImageObject\",\"inLanguage\":\"es-AR\",\"@id\":\"https:\\\/\\\/primereando.com.ar\\\/index.php\\\/2026\\\/09\\\/03\\\/la-crisis-del-consumo-golpea-a-la-serenisima-perdio-cuatro-veces-mas-que-en-2025\\\/126528\\\/#primaryimage\",\"url\":\"https:\\\/\\\/primereando.com.ar\\\/wp-content\\\/uploads\\\/2026\\\/09\\\/La-serenisima-crisis-industria.webp\",\"contentUrl\":\"https:\\\/\\\/primereando.com.ar\\\/wp-content\\\/uploads\\\/2026\\\/09\\\/La-serenisima-crisis-industria.webp\",\"width\":1155,\"height\":650},{\"@type\":\"BreadcrumbList\",\"@id\":\"https:\\\/\\\/primereando.com.ar\\\/index.php\\\/2026\\\/09\\\/03\\\/la-crisis-del-consumo-golpea-a-la-serenisima-perdio-cuatro-veces-mas-que-en-2025\\\/126528\\\/#breadcrumb\",\"itemListElement\":[{\"@type\":\"ListItem\",\"position\":1,\"name\":\"Inicio\",\"item\":\"https:\\\/\\\/primereando.com.ar\\\/\"},{\"@type\":\"ListItem\",\"position\":2,\"name\":\"La crisis del consumo golpea a La Seren\u00edsima: perdi\u00f3 cuatro veces m\u00e1s que en 2025\"}]},{\"@type\":\"WebSite\",\"@id\":\"https:\\\/\\\/primereando.com.ar\\\/#website\",\"url\":\"https:\\\/\\\/primereando.com.ar\\\/\",\"name\":\"Primereando\",\"description\":\"Portal de noticias de la Provincia de Buenos Aires\",\"publisher\":{\"@id\":\"https:\\\/\\\/primereando.com.ar\\\/#organization\"},\"potentialAction\":[{\"@type\":\"SearchAction\",\"target\":{\"@type\":\"EntryPoint\",\"urlTemplate\":\"https:\\\/\\\/primereando.com.ar\\\/?s={search_term_string}\"},\"query-input\":{\"@type\":\"PropertyValueSpecification\",\"valueRequired\":true,\"valueName\":\"search_term_string\"}}],\"inLanguage\":\"es-AR\"},{\"@type\":\"Organization\",\"@id\":\"https:\\\/\\\/primereando.com.ar\\\/#organization\",\"name\":\"Primereando\",\"url\":\"https:\\\/\\\/primereando.com.ar\\\/\",\"logo\":{\"@type\":\"ImageObject\",\"inLanguage\":\"es-AR\",\"@id\":\"https:\\\/\\\/primereando.com.ar\\\/#\\\/schema\\\/logo\\\/image\\\/\",\"url\":\"https:\\\/\\\/primereando.com.ar\\\/wp-content\\\/uploads\\\/2021\\\/12\\\/primereando-logo.png\",\"contentUrl\":\"https:\\\/\\\/primereando.com.ar\\\/wp-content\\\/uploads\\\/2021\\\/12\\\/primereando-logo.png\",\"width\":360,\"height\":96,\"caption\":\"Primereando\"},\"image\":{\"@id\":\"https:\\\/\\\/primereando.com.ar\\\/#\\\/schema\\\/logo\\\/image\\\/\"}},{\"@type\":\"Person\",\"@id\":\"https:\\\/\\\/primereando.com.ar\\\/#\\\/schema\\\/person\\\/163ed2710eec4fd8173e5e51bb8b23ee\",\"name\":\"ignacio corsario\",\"image\":{\"@type\":\"ImageObject\",\"inLanguage\":\"es-AR\",\"@id\":\"https:\\\/\\\/secure.gravatar.com\\\/avatar\\\/88fd77b01053dd79091962d2e6ed54169fabbaefae7619405afc209b70ff06d2?s=96&d=blank&r=g\",\"url\":\"https:\\\/\\\/secure.gravatar.com\\\/avatar\\\/88fd77b01053dd79091962d2e6ed54169fabbaefae7619405afc209b70ff06d2?s=96&d=blank&r=g\",\"contentUrl\":\"https:\\\/\\\/secure.gravatar.com\\\/avatar\\\/88fd77b01053dd79091962d2e6ed54169fabbaefae7619405afc209b70ff06d2?s=96&d=blank&r=g\",\"caption\":\"ignacio corsario\"},\"url\":\"https:\\\/\\\/primereando.com.ar\\\/index.php\\\/author\\\/ignaciocorsario\\\/\"}]}<\/script>\n<!-- \/ Yoast SEO plugin. -->","yoast_head_json":{"title":"La crisis del consumo golpea a La Seren\u00edsima: perdi\u00f3 cuatro veces m\u00e1s que en 2025 - Primereando","robots":{"index":"index","follow":"follow","max-snippet":"max-snippet:-1","max-image-preview":"max-image-preview:large","max-video-preview":"max-video-preview:-1"},"canonical":"https:\/\/primereando.com.ar\/index.php\/2026\/09\/03\/la-crisis-del-consumo-golpea-a-la-serenisima-perdio-cuatro-veces-mas-que-en-2025\/126528\/","og_locale":"es_ES","og_type":"article","og_title":"La crisis del consumo golpea a La Seren\u00edsima: perdi\u00f3 cuatro veces m\u00e1s que en 2025 - Primereando","og_description":"La crisis del mercado interno ya impacta incluso sobre las grandes empresas de la industria nacional. Mastellone Hermanos, productora de La Seren\u00edsima, cerr\u00f3 el primer semestre de 2026 con p\u00e9rdidas por $4.791 millones, m\u00e1s de cuatro veces el rojo registrado en el mismo per\u00edodo de 2025. El dato refleja el deterioro que atraviesa el consumo [&hellip;]","og_url":"https:\/\/primereando.com.ar\/index.php\/2026\/09\/03\/la-crisis-del-consumo-golpea-a-la-serenisima-perdio-cuatro-veces-mas-que-en-2025\/126528\/","og_site_name":"Primereando","article_published_time":"2026-09-03T10:33:04+00:00","og_image":[{"width":1155,"height":650,"url":"https:\/\/primereando.com.ar\/wp-content\/uploads\/2026\/09\/La-serenisima-crisis-industria.webp","type":"image\/webp"}],"author":"ignacio corsario","twitter_card":"summary_large_image","twitter_misc":{"Escrito por":"ignacio corsario","Tiempo de lectura":"3 minutos"},"schema":{"@context":"https:\/\/schema.org","@graph":[{"@type":"Article","@id":"https:\/\/primereando.com.ar\/index.php\/2026\/09\/03\/la-crisis-del-consumo-golpea-a-la-serenisima-perdio-cuatro-veces-mas-que-en-2025\/126528\/#article","isPartOf":{"@id":"https:\/\/primereando.com.ar\/index.php\/2026\/09\/03\/la-crisis-del-consumo-golpea-a-la-serenisima-perdio-cuatro-veces-mas-que-en-2025\/126528\/"},"author":{"name":"ignacio corsario","@id":"https:\/\/primereando.com.ar\/#\/schema\/person\/163ed2710eec4fd8173e5e51bb8b23ee"},"headline":"La crisis del consumo golpea a La Seren\u00edsima: perdi\u00f3 cuatro veces m\u00e1s que en 2025","datePublished":"2026-09-03T10:33:04+00:00","mainEntityOfPage":{"@id":"https:\/\/primereando.com.ar\/index.php\/2026\/09\/03\/la-crisis-del-consumo-golpea-a-la-serenisima-perdio-cuatro-veces-mas-que-en-2025\/126528\/"},"wordCount":521,"publisher":{"@id":"https:\/\/primereando.com.ar\/#organization"},"image":{"@id":"https:\/\/primereando.com.ar\/index.php\/2026\/09\/03\/la-crisis-del-consumo-golpea-a-la-serenisima-perdio-cuatro-veces-mas-que-en-2025\/126528\/#primaryimage"},"thumbnailUrl":"https:\/\/primereando.com.ar\/wp-content\/uploads\/2026\/09\/La-serenisima-crisis-industria.webp","articleSection":["Actualidad"],"inLanguage":"es-AR"},{"@type":"WebPage","@id":"https:\/\/primereando.com.ar\/index.php\/2026\/09\/03\/la-crisis-del-consumo-golpea-a-la-serenisima-perdio-cuatro-veces-mas-que-en-2025\/126528\/","url":"https:\/\/primereando.com.ar\/index.php\/2026\/09\/03\/la-crisis-del-consumo-golpea-a-la-serenisima-perdio-cuatro-veces-mas-que-en-2025\/126528\/","name":"La crisis del consumo golpea a La Seren\u00edsima: perdi\u00f3 cuatro veces m\u00e1s que en 2025 - Primereando","isPartOf":{"@id":"https:\/\/primereando.com.ar\/#website"},"primaryImageOfPage":{"@id":"https:\/\/primereando.com.ar\/index.php\/2026\/09\/03\/la-crisis-del-consumo-golpea-a-la-serenisima-perdio-cuatro-veces-mas-que-en-2025\/126528\/#primaryimage"},"image":{"@id":"https:\/\/primereando.com.ar\/index.php\/2026\/09\/03\/la-crisis-del-consumo-golpea-a-la-serenisima-perdio-cuatro-veces-mas-que-en-2025\/126528\/#primaryimage"},"thumbnailUrl":"https:\/\/primereando.com.ar\/wp-content\/uploads\/2026\/09\/La-serenisima-crisis-industria.webp","datePublished":"2026-09-03T10:33:04+00:00","breadcrumb":{"@id":"https:\/\/primereando.com.ar\/index.php\/2026\/09\/03\/la-crisis-del-consumo-golpea-a-la-serenisima-perdio-cuatro-veces-mas-que-en-2025\/126528\/#breadcrumb"},"inLanguage":"es-AR","potentialAction":[{"@type":"ReadAction","target":["https:\/\/primereando.com.ar\/index.php\/2026\/09\/03\/la-crisis-del-consumo-golpea-a-la-serenisima-perdio-cuatro-veces-mas-que-en-2025\/126528\/"]}]},{"@type":"ImageObject","inLanguage":"es-AR","@id":"https:\/\/primereando.com.ar\/index.php\/2026\/09\/03\/la-crisis-del-consumo-golpea-a-la-serenisima-perdio-cuatro-veces-mas-que-en-2025\/126528\/#primaryimage","url":"https:\/\/primereando.com.ar\/wp-content\/uploads\/2026\/09\/La-serenisima-crisis-industria.webp","contentUrl":"https:\/\/primereando.com.ar\/wp-content\/uploads\/2026\/09\/La-serenisima-crisis-industria.webp","width":1155,"height":650},{"@type":"BreadcrumbList","@id":"https:\/\/primereando.com.ar\/index.php\/2026\/09\/03\/la-crisis-del-consumo-golpea-a-la-serenisima-perdio-cuatro-veces-mas-que-en-2025\/126528\/#breadcrumb","itemListElement":[{"@type":"ListItem","position":1,"name":"Inicio","item":"https:\/\/primereando.com.ar\/"},{"@type":"ListItem","position":2,"name":"La crisis del consumo golpea a La Seren\u00edsima: perdi\u00f3 cuatro veces m\u00e1s que en 2025"}]},{"@type":"WebSite","@id":"https:\/\/primereando.com.ar\/#website","url":"https:\/\/primereando.com.ar\/","name":"Primereando","description":"Portal de noticias de la Provincia de Buenos Aires","publisher":{"@id":"https:\/\/primereando.com.ar\/#organization"},"potentialAction":[{"@type":"SearchAction","target":{"@type":"EntryPoint","urlTemplate":"https:\/\/primereando.com.ar\/?s={search_term_string}"},"query-input":{"@type":"PropertyValueSpecification","valueRequired":true,"valueName":"search_term_string"}}],"inLanguage":"es-AR"},{"@type":"Organization","@id":"https:\/\/primereando.com.ar\/#organization","name":"Primereando","url":"https:\/\/primereando.com.ar\/","logo":{"@type":"ImageObject","inLanguage":"es-AR","@id":"https:\/\/primereando.com.ar\/#\/schema\/logo\/image\/","url":"https:\/\/primereando.com.ar\/wp-content\/uploads\/2021\/12\/primereando-logo.png","contentUrl":"https:\/\/primereando.com.ar\/wp-content\/uploads\/2021\/12\/primereando-logo.png","width":360,"height":96,"caption":"Primereando"},"image":{"@id":"https:\/\/primereando.com.ar\/#\/schema\/logo\/image\/"}},{"@type":"Person","@id":"https:\/\/primereando.com.ar\/#\/schema\/person\/163ed2710eec4fd8173e5e51bb8b23ee","name":"ignacio corsario","image":{"@type":"ImageObject","inLanguage":"es-AR","@id":"https:\/\/secure.gravatar.com\/avatar\/88fd77b01053dd79091962d2e6ed54169fabbaefae7619405afc209b70ff06d2?s=96&d=blank&r=g","url":"https:\/\/secure.gravatar.com\/avatar\/88fd77b01053dd79091962d2e6ed54169fabbaefae7619405afc209b70ff06d2?s=96&d=blank&r=g","contentUrl":"https:\/\/secure.gravatar.com\/avatar\/88fd77b01053dd79091962d2e6ed54169fabbaefae7619405afc209b70ff06d2?s=96&d=blank&r=g","caption":"ignacio corsario"},"url":"https:\/\/primereando.com.ar\/index.php\/author\/ignaciocorsario\/"}]}},"_links":{"self":[{"href":"https:\/\/primereando.com.ar\/index.php\/wp-json\/wp\/v2\/posts\/126528","targetHints":{"allow":["GET"]}}],"collection":[{"href":"https:\/\/primereando.com.ar\/index.php\/wp-json\/wp\/v2\/posts"}],"about":[{"href":"https:\/\/primereando.com.ar\/index.php\/wp-json\/wp\/v2\/types\/post"}],"author":[{"embeddable":true,"href":"https:\/\/primereando.com.ar\/index.php\/wp-json\/wp\/v2\/users\/8"}],"replies":[{"embeddable":true,"href":"https:\/\/primereando.com.ar\/index.php\/wp-json\/wp\/v2\/comments?post=126528"}],"version-history":[{"count":1,"href":"https:\/\/primereando.com.ar\/index.php\/wp-json\/wp\/v2\/posts\/126528\/revisions"}],"predecessor-version":[{"id":126530,"href":"https:\/\/primereando.com.ar\/index.php\/wp-json\/wp\/v2\/posts\/126528\/revisions\/126530"}],"wp:featuredmedia":[{"embeddable":true,"href":"https:\/\/primereando.com.ar\/index.php\/wp-json\/wp\/v2\/media\/126529"}],"wp:attachment":[{"href":"https:\/\/primereando.com.ar\/index.php\/wp-json\/wp\/v2\/media?parent=126528"}],"wp:term":[{"taxonomy":"category","embeddable":true,"href":"https:\/\/primereando.com.ar\/index.php\/wp-json\/wp\/v2\/categories?post=126528"},{"taxonomy":"post_tag","embeddable":true,"href":"https:\/\/primereando.com.ar\/index.php\/wp-json\/wp\/v2\/tags?post=126528"}],"curies":[{"name":"wp","href":"https:\/\/api.w.org\/{rel}","templated":true}]}}