{"id":126533,"date":"2026-09-03T11:43:12","date_gmt":"2026-09-03T14:43:12","guid":{"rendered":"https:\/\/primereando.com.ar\/?p=126533"},"modified":"2026-09-03T11:43:13","modified_gmt":"2026-09-03T14:43:13","slug":"como-macri-milei-empieza-a-echarle-la-culpa-a-la-sociedad-por-el-fracaso-de-su-gobierno","status":"publish","type":"post","link":"https:\/\/primereando.com.ar\/index.php\/2026\/09\/03\/como-macri-milei-empieza-a-echarle-la-culpa-a-la-sociedad-por-el-fracaso-de-su-gobierno\/126533\/","title":{"rendered":"Como Macri, Milei empieza a echarle la culpa a la sociedad por el fracaso de su gobierno"},"content":{"rendered":"\n<p class=\"wp-block-paragraph\">El presidente: Javier Milei dijo que \u00e9l tiene su futuro asegurado dando conferencias y que si los argentinos no lo votan el a\u00f1o que viene se estar\u00e1n &#8220;suicidando&#8221; como sociedad. Un mensaje con un sub texto derrotista que coincide con los problemas en el modelo econ\u00f3mico y su ca\u00edda en las encuestas, En 2019, cuando Mauricio Macri perdi\u00f3 por esc\u00e1ndalo en las PASO presidenciales tambi\u00e9n se enoj\u00f3 con la gente que vot\u00f3 en contra y no reconoci\u00f3 sus &#8220;reformas&#8221;. <\/p>\n\n\n\n<p class=\"wp-block-paragraph\">El presidente lanz\u00f3 esa mirada apocal\u00edptica en el cierre del evento &#8220;Vientos de cambio&#8221;, organizado por la Fundaci\u00f3n Libertad y Progreso en el hotel Sheraton de Retiro, evento al que eligi\u00f3 ir en lugar de participar de la conferencia de la Uni\u00f3n Industrial Argentina (UIA), con la que el Gobierno\u00a0tuvo un choque frontal\u00a0este mi\u00e9rcoles. Hizo bien: en la UIA trataron al gobierno de &#8220;endeudador&#8221; y al ministro de Econom\u00eda, Luis Caputo, de &#8220;trader&#8221;. Mejor no ir. <\/p>\n\n\n\n<p class=\"wp-block-paragraph\">&#8220;No puede ser que nos traguemos todas las mentiras de este conjunto de delincuentes&#8221;, dijo en otro ataque a los periodistas.\u00a0&#8220;Si la sociedad no nos vota, se est\u00e1 suicidando&#8221;, afirm\u00f3. Milei est\u00e1 enojado porque la gente no acepta su pol\u00edtica econ\u00f3mica que cada d\u00eda genera cierra de empresas, despidos e ingresos que no sirven para cubrir los gastos de un mes.  <\/p>\n","protected":false},"excerpt":{"rendered":"<p>El presidente: Javier Milei dijo que \u00e9l tiene su futuro asegurado dando conferencias y que si los argentinos no lo votan el a\u00f1o que viene se estar\u00e1n &#8220;suicidando&#8221; como sociedad. Un mensaje con un sub texto derrotista que coincide con los problemas en el modelo econ\u00f3mico y su ca\u00edda en las encuestas, En 2019, cuando [&hellip;]<\/p>\n","protected":false},"author":4,"featured_media":124648,"comment_status":"closed","ping_status":"closed","sticky":false,"template":"","format":"standard","meta":{"footnotes":""},"categories":[5],"tags":[],"class_list":["post-126533","post","type-post","status-publish","format-standard","has-post-thumbnail","hentry","category-actualidad"],"yoast_head":"<!-- This site is optimized with the Yoast SEO plugin v28.4 - https:\/\/yoast.com\/product\/yoast-seo-wordpress\/ -->\n<title>Como Macri, Milei empieza a echarle la culpa a la sociedad por el fracaso de su gobierno - Primereando<\/title>\n<meta name=\"robots\" content=\"index, follow, max-snippet:-1, max-image-preview:large, max-video-preview:-1\" \/>\n<link rel=\"canonical\" href=\"https:\/\/primereando.com.ar\/index.php\/2026\/09\/03\/como-macri-milei-empieza-a-echarle-la-culpa-a-la-sociedad-por-el-fracaso-de-su-gobierno\/126533\/\" \/>\n<meta property=\"og:locale\" content=\"es_ES\" \/>\n<meta property=\"og:type\" content=\"article\" \/>\n<meta property=\"og:title\" content=\"Como Macri, Milei empieza a echarle la culpa a la sociedad por el fracaso de su gobierno - Primereando\" \/>\n<meta property=\"og:description\" content=\"El presidente: Javier Milei dijo que \u00e9l tiene su futuro asegurado dando conferencias y que si los argentinos no lo votan el a\u00f1o que viene se estar\u00e1n &#8220;suicidando&#8221; como sociedad. Un mensaje con un sub texto derrotista que coincide con los problemas en el modelo econ\u00f3mico y su ca\u00edda en las encuestas, En 2019, cuando [&hellip;]\" \/>\n<meta property=\"og:url\" content=\"https:\/\/primereando.com.ar\/index.php\/2026\/09\/03\/como-macri-milei-empieza-a-echarle-la-culpa-a-la-sociedad-por-el-fracaso-de-su-gobierno\/126533\/\" \/>\n<meta property=\"og:site_name\" content=\"Primereando\" \/>\n<meta property=\"article:published_time\" content=\"2026-09-03T14:43:12+00:00\" \/>\n<meta property=\"article:modified_time\" content=\"2026-09-03T14:43:13+00:00\" \/>\n<meta property=\"og:image\" content=\"https:\/\/primereando.com.ar\/wp-content\/uploads\/2026\/04\/Elsztain-Milei.jpeg\" \/>\n\t<meta property=\"og:image:width\" content=\"761\" \/>\n\t<meta property=\"og:image:height\" content=\"499\" \/>\n\t<meta property=\"og:image:type\" content=\"image\/jpeg\" \/>\n<meta name=\"author\" content=\"Quique\" \/>\n<meta name=\"twitter:card\" content=\"summary_large_image\" \/>\n<meta name=\"twitter:label1\" content=\"Escrito por\" \/>\n\t<meta name=\"twitter:data1\" content=\"Quique\" \/>\n\t<meta name=\"twitter:label2\" content=\"Tiempo de lectura\" \/>\n\t<meta name=\"twitter:data2\" content=\"2 minutos\" \/>\n<script type=\"application\/ld+json\" class=\"yoast-schema-graph\">{\"@context\":\"https:\\\/\\\/schema.org\",\"@graph\":[{\"@type\":\"Article\",\"@id\":\"https:\\\/\\\/primereando.com.ar\\\/index.php\\\/2026\\\/09\\\/03\\\/como-macri-milei-empieza-a-echarle-la-culpa-a-la-sociedad-por-el-fracaso-de-su-gobierno\\\/126533\\\/#article\",\"isPartOf\":{\"@id\":\"https:\\\/\\\/primereando.com.ar\\\/index.php\\\/2026\\\/09\\\/03\\\/como-macri-milei-empieza-a-echarle-la-culpa-a-la-sociedad-por-el-fracaso-de-su-gobierno\\\/126533\\\/\"},\"author\":{\"name\":\"Quique\",\"@id\":\"https:\\\/\\\/primereando.com.ar\\\/#\\\/schema\\\/person\\\/4e63931e01f10f9b83b868233258d3d3\"},\"headline\":\"Como Macri, Milei empieza a echarle la culpa a la sociedad por el fracaso de su gobierno\",\"datePublished\":\"2026-09-03T14:43:12+00:00\",\"dateModified\":\"2026-09-03T14:43:13+00:00\",\"mainEntityOfPage\":{\"@id\":\"https:\\\/\\\/primereando.com.ar\\\/index.php\\\/2026\\\/09\\\/03\\\/como-macri-milei-empieza-a-echarle-la-culpa-a-la-sociedad-por-el-fracaso-de-su-gobierno\\\/126533\\\/\"},\"wordCount\":249,\"publisher\":{\"@id\":\"https:\\\/\\\/primereando.com.ar\\\/#organization\"},\"image\":{\"@id\":\"https:\\\/\\\/primereando.com.ar\\\/index.php\\\/2026\\\/09\\\/03\\\/como-macri-milei-empieza-a-echarle-la-culpa-a-la-sociedad-por-el-fracaso-de-su-gobierno\\\/126533\\\/#primaryimage\"},\"thumbnailUrl\":\"https:\\\/\\\/primereando.com.ar\\\/wp-content\\\/uploads\\\/2026\\\/04\\\/Elsztain-Milei.jpeg\",\"articleSection\":[\"Actualidad\"],\"inLanguage\":\"es-AR\"},{\"@type\":\"WebPage\",\"@id\":\"https:\\\/\\\/primereando.com.ar\\\/index.php\\\/2026\\\/09\\\/03\\\/como-macri-milei-empieza-a-echarle-la-culpa-a-la-sociedad-por-el-fracaso-de-su-gobierno\\\/126533\\\/\",\"url\":\"https:\\\/\\\/primereando.com.ar\\\/index.php\\\/2026\\\/09\\\/03\\\/como-macri-milei-empieza-a-echarle-la-culpa-a-la-sociedad-por-el-fracaso-de-su-gobierno\\\/126533\\\/\",\"name\":\"Como Macri, Milei empieza a echarle la culpa a la sociedad por el fracaso de su gobierno - Primereando\",\"isPartOf\":{\"@id\":\"https:\\\/\\\/primereando.com.ar\\\/#website\"},\"primaryImageOfPage\":{\"@id\":\"https:\\\/\\\/primereando.com.ar\\\/index.php\\\/2026\\\/09\\\/03\\\/como-macri-milei-empieza-a-echarle-la-culpa-a-la-sociedad-por-el-fracaso-de-su-gobierno\\\/126533\\\/#primaryimage\"},\"image\":{\"@id\":\"https:\\\/\\\/primereando.com.ar\\\/index.php\\\/2026\\\/09\\\/03\\\/como-macri-milei-empieza-a-echarle-la-culpa-a-la-sociedad-por-el-fracaso-de-su-gobierno\\\/126533\\\/#primaryimage\"},\"thumbnailUrl\":\"https:\\\/\\\/primereando.com.ar\\\/wp-content\\\/uploads\\\/2026\\\/04\\\/Elsztain-Milei.jpeg\",\"datePublished\":\"2026-09-03T14:43:12+00:00\",\"dateModified\":\"2026-09-03T14:43:13+00:00\",\"breadcrumb\":{\"@id\":\"https:\\\/\\\/primereando.com.ar\\\/index.php\\\/2026\\\/09\\\/03\\\/como-macri-milei-empieza-a-echarle-la-culpa-a-la-sociedad-por-el-fracaso-de-su-gobierno\\\/126533\\\/#breadcrumb\"},\"inLanguage\":\"es-AR\",\"potentialAction\":[{\"@type\":\"ReadAction\",\"target\":[\"https:\\\/\\\/primereando.com.ar\\\/index.php\\\/2026\\\/09\\\/03\\\/como-macri-milei-empieza-a-echarle-la-culpa-a-la-sociedad-por-el-fracaso-de-su-gobierno\\\/126533\\\/\"]}]},{\"@type\":\"ImageObject\",\"inLanguage\":\"es-AR\",\"@id\":\"https:\\\/\\\/primereando.com.ar\\\/index.php\\\/2026\\\/09\\\/03\\\/como-macri-milei-empieza-a-echarle-la-culpa-a-la-sociedad-por-el-fracaso-de-su-gobierno\\\/126533\\\/#primaryimage\",\"url\":\"https:\\\/\\\/primereando.com.ar\\\/wp-content\\\/uploads\\\/2026\\\/04\\\/Elsztain-Milei.jpeg\",\"contentUrl\":\"https:\\\/\\\/primereando.com.ar\\\/wp-content\\\/uploads\\\/2026\\\/04\\\/Elsztain-Milei.jpeg\",\"width\":761,\"height\":499},{\"@type\":\"BreadcrumbList\",\"@id\":\"https:\\\/\\\/primereando.com.ar\\\/index.php\\\/2026\\\/09\\\/03\\\/como-macri-milei-empieza-a-echarle-la-culpa-a-la-sociedad-por-el-fracaso-de-su-gobierno\\\/126533\\\/#breadcrumb\",\"itemListElement\":[{\"@type\":\"ListItem\",\"position\":1,\"name\":\"Inicio\",\"item\":\"https:\\\/\\\/primereando.com.ar\\\/\"},{\"@type\":\"ListItem\",\"position\":2,\"name\":\"Como Macri, Milei empieza a echarle la culpa a la sociedad por el fracaso de su gobierno\"}]},{\"@type\":\"WebSite\",\"@id\":\"https:\\\/\\\/primereando.com.ar\\\/#website\",\"url\":\"https:\\\/\\\/primereando.com.ar\\\/\",\"name\":\"Primereando\",\"description\":\"Portal de noticias de la Provincia de Buenos Aires\",\"publisher\":{\"@id\":\"https:\\\/\\\/primereando.com.ar\\\/#organization\"},\"potentialAction\":[{\"@type\":\"SearchAction\",\"target\":{\"@type\":\"EntryPoint\",\"urlTemplate\":\"https:\\\/\\\/primereando.com.ar\\\/?s={search_term_string}\"},\"query-input\":{\"@type\":\"PropertyValueSpecification\",\"valueRequired\":true,\"valueName\":\"search_term_string\"}}],\"inLanguage\":\"es-AR\"},{\"@type\":\"Organization\",\"@id\":\"https:\\\/\\\/primereando.com.ar\\\/#organization\",\"name\":\"Primereando\",\"url\":\"https:\\\/\\\/primereando.com.ar\\\/\",\"logo\":{\"@type\":\"ImageObject\",\"inLanguage\":\"es-AR\",\"@id\":\"https:\\\/\\\/primereando.com.ar\\\/#\\\/schema\\\/logo\\\/image\\\/\",\"url\":\"https:\\\/\\\/primereando.com.ar\\\/wp-content\\\/uploads\\\/2021\\\/12\\\/primereando-logo.png\",\"contentUrl\":\"https:\\\/\\\/primereando.com.ar\\\/wp-content\\\/uploads\\\/2021\\\/12\\\/primereando-logo.png\",\"width\":360,\"height\":96,\"caption\":\"Primereando\"},\"image\":{\"@id\":\"https:\\\/\\\/primereando.com.ar\\\/#\\\/schema\\\/logo\\\/image\\\/\"}},{\"@type\":\"Person\",\"@id\":\"https:\\\/\\\/primereando.com.ar\\\/#\\\/schema\\\/person\\\/4e63931e01f10f9b83b868233258d3d3\",\"name\":\"Quique\",\"image\":{\"@type\":\"ImageObject\",\"inLanguage\":\"es-AR\",\"@id\":\"https:\\\/\\\/secure.gravatar.com\\\/avatar\\\/b59b9a051963473b9167e1994f9d9bceb0bfcf81b12fa216e38bdbf315e58be9?s=96&d=blank&r=g\",\"url\":\"https:\\\/\\\/secure.gravatar.com\\\/avatar\\\/b59b9a051963473b9167e1994f9d9bceb0bfcf81b12fa216e38bdbf315e58be9?s=96&d=blank&r=g\",\"contentUrl\":\"https:\\\/\\\/secure.gravatar.com\\\/avatar\\\/b59b9a051963473b9167e1994f9d9bceb0bfcf81b12fa216e38bdbf315e58be9?s=96&d=blank&r=g\",\"caption\":\"Quique\"},\"url\":\"https:\\\/\\\/primereando.com.ar\\\/index.php\\\/author\\\/quique\\\/\"}]}<\/script>\n<!-- \/ Yoast SEO plugin. -->","yoast_head_json":{"title":"Como Macri, Milei empieza a echarle la culpa a la sociedad por el fracaso de su gobierno - Primereando","robots":{"index":"index","follow":"follow","max-snippet":"max-snippet:-1","max-image-preview":"max-image-preview:large","max-video-preview":"max-video-preview:-1"},"canonical":"https:\/\/primereando.com.ar\/index.php\/2026\/09\/03\/como-macri-milei-empieza-a-echarle-la-culpa-a-la-sociedad-por-el-fracaso-de-su-gobierno\/126533\/","og_locale":"es_ES","og_type":"article","og_title":"Como Macri, Milei empieza a echarle la culpa a la sociedad por el fracaso de su gobierno - Primereando","og_description":"El presidente: Javier Milei dijo que \u00e9l tiene su futuro asegurado dando conferencias y que si los argentinos no lo votan el a\u00f1o que viene se estar\u00e1n &#8220;suicidando&#8221; como sociedad. Un mensaje con un sub texto derrotista que coincide con los problemas en el modelo econ\u00f3mico y su ca\u00edda en las encuestas, En 2019, cuando [&hellip;]","og_url":"https:\/\/primereando.com.ar\/index.php\/2026\/09\/03\/como-macri-milei-empieza-a-echarle-la-culpa-a-la-sociedad-por-el-fracaso-de-su-gobierno\/126533\/","og_site_name":"Primereando","article_published_time":"2026-09-03T14:43:12+00:00","article_modified_time":"2026-09-03T14:43:13+00:00","og_image":[{"width":761,"height":499,"url":"https:\/\/primereando.com.ar\/wp-content\/uploads\/2026\/04\/Elsztain-Milei.jpeg","type":"image\/jpeg"}],"author":"Quique","twitter_card":"summary_large_image","twitter_misc":{"Escrito por":"Quique","Tiempo de lectura":"2 minutos"},"schema":{"@context":"https:\/\/schema.org","@graph":[{"@type":"Article","@id":"https:\/\/primereando.com.ar\/index.php\/2026\/09\/03\/como-macri-milei-empieza-a-echarle-la-culpa-a-la-sociedad-por-el-fracaso-de-su-gobierno\/126533\/#article","isPartOf":{"@id":"https:\/\/primereando.com.ar\/index.php\/2026\/09\/03\/como-macri-milei-empieza-a-echarle-la-culpa-a-la-sociedad-por-el-fracaso-de-su-gobierno\/126533\/"},"author":{"name":"Quique","@id":"https:\/\/primereando.com.ar\/#\/schema\/person\/4e63931e01f10f9b83b868233258d3d3"},"headline":"Como Macri, Milei empieza a echarle la culpa a la sociedad por el fracaso de su gobierno","datePublished":"2026-09-03T14:43:12+00:00","dateModified":"2026-09-03T14:43:13+00:00","mainEntityOfPage":{"@id":"https:\/\/primereando.com.ar\/index.php\/2026\/09\/03\/como-macri-milei-empieza-a-echarle-la-culpa-a-la-sociedad-por-el-fracaso-de-su-gobierno\/126533\/"},"wordCount":249,"publisher":{"@id":"https:\/\/primereando.com.ar\/#organization"},"image":{"@id":"https:\/\/primereando.com.ar\/index.php\/2026\/09\/03\/como-macri-milei-empieza-a-echarle-la-culpa-a-la-sociedad-por-el-fracaso-de-su-gobierno\/126533\/#primaryimage"},"thumbnailUrl":"https:\/\/primereando.com.ar\/wp-content\/uploads\/2026\/04\/Elsztain-Milei.jpeg","articleSection":["Actualidad"],"inLanguage":"es-AR"},{"@type":"WebPage","@id":"https:\/\/primereando.com.ar\/index.php\/2026\/09\/03\/como-macri-milei-empieza-a-echarle-la-culpa-a-la-sociedad-por-el-fracaso-de-su-gobierno\/126533\/","url":"https:\/\/primereando.com.ar\/index.php\/2026\/09\/03\/como-macri-milei-empieza-a-echarle-la-culpa-a-la-sociedad-por-el-fracaso-de-su-gobierno\/126533\/","name":"Como Macri, Milei empieza a echarle la culpa a la sociedad por el fracaso de su gobierno - Primereando","isPartOf":{"@id":"https:\/\/primereando.com.ar\/#website"},"primaryImageOfPage":{"@id":"https:\/\/primereando.com.ar\/index.php\/2026\/09\/03\/como-macri-milei-empieza-a-echarle-la-culpa-a-la-sociedad-por-el-fracaso-de-su-gobierno\/126533\/#primaryimage"},"image":{"@id":"https:\/\/primereando.com.ar\/index.php\/2026\/09\/03\/como-macri-milei-empieza-a-echarle-la-culpa-a-la-sociedad-por-el-fracaso-de-su-gobierno\/126533\/#primaryimage"},"thumbnailUrl":"https:\/\/primereando.com.ar\/wp-content\/uploads\/2026\/04\/Elsztain-Milei.jpeg","datePublished":"2026-09-03T14:43:12+00:00","dateModified":"2026-09-03T14:43:13+00:00","breadcrumb":{"@id":"https:\/\/primereando.com.ar\/index.php\/2026\/09\/03\/como-macri-milei-empieza-a-echarle-la-culpa-a-la-sociedad-por-el-fracaso-de-su-gobierno\/126533\/#breadcrumb"},"inLanguage":"es-AR","potentialAction":[{"@type":"ReadAction","target":["https:\/\/primereando.com.ar\/index.php\/2026\/09\/03\/como-macri-milei-empieza-a-echarle-la-culpa-a-la-sociedad-por-el-fracaso-de-su-gobierno\/126533\/"]}]},{"@type":"ImageObject","inLanguage":"es-AR","@id":"https:\/\/primereando.com.ar\/index.php\/2026\/09\/03\/como-macri-milei-empieza-a-echarle-la-culpa-a-la-sociedad-por-el-fracaso-de-su-gobierno\/126533\/#primaryimage","url":"https:\/\/primereando.com.ar\/wp-content\/uploads\/2026\/04\/Elsztain-Milei.jpeg","contentUrl":"https:\/\/primereando.com.ar\/wp-content\/uploads\/2026\/04\/Elsztain-Milei.jpeg","width":761,"height":499},{"@type":"BreadcrumbList","@id":"https:\/\/primereando.com.ar\/index.php\/2026\/09\/03\/como-macri-milei-empieza-a-echarle-la-culpa-a-la-sociedad-por-el-fracaso-de-su-gobierno\/126533\/#breadcrumb","itemListElement":[{"@type":"ListItem","position":1,"name":"Inicio","item":"https:\/\/primereando.com.ar\/"},{"@type":"ListItem","position":2,"name":"Como Macri, Milei empieza a echarle la culpa a la sociedad por el fracaso de su gobierno"}]},{"@type":"WebSite","@id":"https:\/\/primereando.com.ar\/#website","url":"https:\/\/primereando.com.ar\/","name":"Primereando","description":"Portal de noticias de la Provincia de Buenos Aires","publisher":{"@id":"https:\/\/primereando.com.ar\/#organization"},"potentialAction":[{"@type":"SearchAction","target":{"@type":"EntryPoint","urlTemplate":"https:\/\/primereando.com.ar\/?s={search_term_string}"},"query-input":{"@type":"PropertyValueSpecification","valueRequired":true,"valueName":"search_term_string"}}],"inLanguage":"es-AR"},{"@type":"Organization","@id":"https:\/\/primereando.com.ar\/#organization","name":"Primereando","url":"https:\/\/primereando.com.ar\/","logo":{"@type":"ImageObject","inLanguage":"es-AR","@id":"https:\/\/primereando.com.ar\/#\/schema\/logo\/image\/","url":"https:\/\/primereando.com.ar\/wp-content\/uploads\/2021\/12\/primereando-logo.png","contentUrl":"https:\/\/primereando.com.ar\/wp-content\/uploads\/2021\/12\/primereando-logo.png","width":360,"height":96,"caption":"Primereando"},"image":{"@id":"https:\/\/primereando.com.ar\/#\/schema\/logo\/image\/"}},{"@type":"Person","@id":"https:\/\/primereando.com.ar\/#\/schema\/person\/4e63931e01f10f9b83b868233258d3d3","name":"Quique","image":{"@type":"ImageObject","inLanguage":"es-AR","@id":"https:\/\/secure.gravatar.com\/avatar\/b59b9a051963473b9167e1994f9d9bceb0bfcf81b12fa216e38bdbf315e58be9?s=96&d=blank&r=g","url":"https:\/\/secure.gravatar.com\/avatar\/b59b9a051963473b9167e1994f9d9bceb0bfcf81b12fa216e38bdbf315e58be9?s=96&d=blank&r=g","contentUrl":"https:\/\/secure.gravatar.com\/avatar\/b59b9a051963473b9167e1994f9d9bceb0bfcf81b12fa216e38bdbf315e58be9?s=96&d=blank&r=g","caption":"Quique"},"url":"https:\/\/primereando.com.ar\/index.php\/author\/quique\/"}]}},"_links":{"self":[{"href":"https:\/\/primereando.com.ar\/index.php\/wp-json\/wp\/v2\/posts\/126533","targetHints":{"allow":["GET"]}}],"collection":[{"href":"https:\/\/primereando.com.ar\/index.php\/wp-json\/wp\/v2\/posts"}],"about":[{"href":"https:\/\/primereando.com.ar\/index.php\/wp-json\/wp\/v2\/types\/post"}],"author":[{"embeddable":true,"href":"https:\/\/primereando.com.ar\/index.php\/wp-json\/wp\/v2\/users\/4"}],"replies":[{"embeddable":true,"href":"https:\/\/primereando.com.ar\/index.php\/wp-json\/wp\/v2\/comments?post=126533"}],"version-history":[{"count":1,"href":"https:\/\/primereando.com.ar\/index.php\/wp-json\/wp\/v2\/posts\/126533\/revisions"}],"predecessor-version":[{"id":126534,"href":"https:\/\/primereando.com.ar\/index.php\/wp-json\/wp\/v2\/posts\/126533\/revisions\/126534"}],"wp:featuredmedia":[{"embeddable":true,"href":"https:\/\/primereando.com.ar\/index.php\/wp-json\/wp\/v2\/media\/124648"}],"wp:attachment":[{"href":"https:\/\/primereando.com.ar\/index.php\/wp-json\/wp\/v2\/media?parent=126533"}],"wp:term":[{"taxonomy":"category","embeddable":true,"href":"https:\/\/primereando.com.ar\/index.php\/wp-json\/wp\/v2\/categories?post=126533"},{"taxonomy":"post_tag","embeddable":true,"href":"https:\/\/primereando.com.ar\/index.php\/wp-json\/wp\/v2\/tags?post=126533"}],"curies":[{"name":"wp","href":"https:\/\/api.w.org\/{rel}","templated":true}]}}