{"id":126539,"date":"2026-09-04T08:17:23","date_gmt":"2026-09-04T11:17:23","guid":{"rendered":"https:\/\/primereando.com.ar\/?p=126539"},"modified":"2026-09-04T08:19:06","modified_gmt":"2026-09-04T11:19:06","slug":"malvinas-milei-anuncio-en-cadena-nacional-leyes-ya-creadas-por-el-kirchnerismo-y-una-base-naval-que-el-mismo-freno-ni-bien-asumio","status":"publish","type":"post","link":"https:\/\/primereando.com.ar\/index.php\/2026\/09\/04\/malvinas-milei-anuncio-en-cadena-nacional-leyes-ya-creadas-por-el-kirchnerismo-y-una-base-naval-que-el-mismo-freno-ni-bien-asumio\/126539\/","title":{"rendered":"Malvinas: Milei anunci\u00f3 en cadena nacional leyes ya creadas por el kirchnerismo y una base naval que el mismo fren\u00f3 ni bien asumi\u00f3"},"content":{"rendered":"\n<h2 class=\"wp-block-heading\">El Gobierno anunci\u00f3 un fuerte endurecimiento de las sanciones contra empresas vinculadas con la explotaci\u00f3n petrolera en las Islas y una mayor intervenci\u00f3n del Estado. El giro expone una llamativa contradicci\u00f3n con el discurso libertario que llev\u00f3 a Milei a la Casa Rosada. <\/h2>\n\n\n\n<p class=\"wp-block-paragraph\">En un inesperado giro pol\u00edtico y discursivo, <strong>Javier Milei volvi\u00f3 a colocar la cuesti\u00f3n Malvinas en el centro de la agenda y anunci\u00f3 una bater\u00eda de medidas que implican un marcado fortalecimiento de la intervenci\u00f3n estatal<\/strong>. En cadena nacional, el Presidente <strong>anunci\u00f3 el endurecimiento de la Ley 26.659 \u2014sancionada durante el kirchnerismo<\/strong>\u2014, <strong>un decreto para acelerar las sanciones contra empresas vinculadas con la explotaci\u00f3n de hidrocarburos en las Islas y un proyecto de ley destinado a ampliar las restricciones sobre compa\u00f1\u00edas, accionistas, directivos y proveedores.<\/strong><\/p>\n\n\n\n<p class=\"wp-block-paragraph\">La decisi\u00f3n representa un cambio significativo respecto del discurso que caracteriz\u00f3 al Gobierno desde diciembre de 2023. El mismo Presidente que hizo de la libertad econ\u00f3mica, la desregulaci\u00f3n y la reducci\u00f3n del Estado sus principales banderas ahora propone utilizar el poder regulatorio, sancionatorio y econ\u00f3mico del Estado para impedir que empresas privadas operen en proyectos petroleros vinculados con las Islas Malvinas.<strong> La paradoja se vuelve todav\u00eda m\u00e1s evidente porque una de las principales herramientas recuperadas por el Ejecutivo fue creada durante una administraci\u00f3n kirchnerista, precisamente una corriente pol\u00edtica que Milei convirti\u00f3 en uno de sus principales adversarios.<\/strong><\/p>\n\n\n\n<h3 class=\"wp-block-heading has-medium-font-size\">El llamativo aval de Trump<\/h3>\n\n\n\n<p class=\"wp-block-paragraph\">El otro elemento central del anuncio fue la referencia de Milei a Donald Trump. E<strong>l Presidente present\u00f3 como un dato decisivo que su aliado estadounidense se encuentra \u201creevaluando la posici\u00f3n hist\u00f3rica\u201d de Washington respecto de la disputa por Malvinas. El planteo fue utilizado como una suerte de respaldo internacional para la nueva ofensiva argentina sobre las empresas que participan de la explotaci\u00f3n de recursos en el Atl\u00e1ntico Sur.<\/strong><\/p>\n\n\n\n<p class=\"wp-block-paragraph\">As\u00ed, el Gobierno parece presentar el endurecimiento de las sanciones y la recuperaci\u00f3n de herramientas de intervenci\u00f3n estatal como parte de una nueva estrategia geopol\u00edtica habilitada por el contexto internacional<strong>. La referencia a Trump adquiere particular relevancia porque Milei hab\u00eda construido buena parte de su pol\u00edtica exterior sobre un alineamiento estrecho con Estados Unidos y sobre la profundizaci\u00f3n de los v\u00ednculos con el Reino Unido.<\/strong><\/p>\n\n\n\n<h3 class=\"wp-block-heading has-medium-font-size\">M\u00e1s Estado para defender Malvinas<\/h3>\n\n\n\n<p class=\"wp-block-paragraph\">La nueva estrategia oficial <strong>contempla extender las sanciones previstas por la Ley 26.659 a petroleras, proveedores, directivos y accionistas que participen de actividades hidrocarbur\u00edferas en las Islas<\/strong>. Tambi\u00e9n se busca impedir que esas empresas puedan contratar con el Estado argentino e incluso operar comercialmente en el pa\u00eds.<\/p>\n\n\n\n<p class=\"wp-block-paragraph\">A esto se suma la creaci\u00f3n de un Consejo de Seguridad Nacional, con participaci\u00f3n de \u00e1reas como Defensa, Canciller\u00eda, Inteligencia y Econom\u00eda, y un incremento de los recursos destinados al \u00e1rea militar. <strong>Entre las medidas anunciadas aparece adem\u00e1s la construcci\u00f3n de una base naval integrada en Tierra del Fuego (proyecto que estaba en marcha hasta la asunci\u00f3n del gobierno libertario que decidi\u00f3 frenarla hasta obtener el visto bueno de los Estados Unidos) y el fortalecimiento de las capacidades argentinas en el Atl\u00e1ntico Sur y la Ant\u00e1rtida.<\/strong><\/p>\n\n\n\n<p class=\"wp-block-paragraph\">El contraste con la l\u00f3gica econ\u00f3mica del Gobierno resulta dif\u00edcil de disimular: para defender los recursos naturales y la soberan\u00eda argentina, la administraci\u00f3n libertaria propone precisamente aquello que durante a\u00f1os cuestion\u00f3 en otros gobiernos: <strong>m\u00e1s regulaci\u00f3n, m\u00e1s controles, mayores restricciones a empresas privadas, sanciones econ\u00f3micas y una presencia m\u00e1s activa del Estado<\/strong>.<\/p>\n\n\n\n<h3 class=\"wp-block-heading\"><strong>De la motosierra a la defensa de la soberan\u00eda<\/strong><\/h3>\n\n\n\n<p class=\"wp-block-paragraph\">El cambio discursivo alcanza incluso al llamado pol\u00edtico. Milei convoc\u00f3 a la dirigencia pol\u00edtica, social y econ\u00f3mica a dejar de lado las diferencias y construir un \u201cfrente unido\u201d alrededor de Malvinas, el Atl\u00e1ntico Sur y la proyecci\u00f3n ant\u00e1rtica. Una apelaci\u00f3n a la unidad nacional que contrasta con el tono de confrontaci\u00f3n que el Gobierno suele utilizar frente a sus adversarios pol\u00edticos.<\/p>\n\n\n\n<p class=\"wp-block-paragraph\">El resultado es un escenario particularmente llamativo: <strong>un Gobierno que lleg\u00f3 al poder reivindicando la reducci\u00f3n dr\u00e1stica del Estado ahora recurre a leyes impulsadas por el kirchnerismo, endurece regulaciones sobre empresas privadas, aumenta el presupuesto de Defensa y anuncia nueva infraestructura militar para defender la soberan\u00eda sobre Malvinas<\/strong>.<\/p>\n\n\n\n<p class=\"wp-block-paragraph\">M\u00e1s all\u00e1 de la legitimidad de la causa soberana \u2014que atraviesa transversalmente a la pol\u00edtica argentina\u2014, el giro abre un interrogante pol\u00edtico evidente: <strong>\u00bfse trata de una verdadera redefinici\u00f3n estrat\u00e9gica de la pol\u00edtica argentina sobre Malvinas o de una adaptaci\u00f3n del discurso libertario a una causa que hist\u00f3ricamente excedi\u00f3 las fronteras partidarias?<\/strong><\/p>\n","protected":false},"excerpt":{"rendered":"<p>El Gobierno anunci\u00f3 un fuerte endurecimiento de las sanciones contra empresas vinculadas con la explotaci\u00f3n petrolera en las Islas y una mayor intervenci\u00f3n del Estado. El giro expone una llamativa contradicci\u00f3n con el discurso libertario que llev\u00f3 a Milei a la Casa Rosada. En un inesperado giro pol\u00edtico y discursivo, Javier Milei volvi\u00f3 a colocar [&hellip;]<\/p>\n","protected":false},"author":8,"featured_media":125964,"comment_status":"closed","ping_status":"closed","sticky":false,"template":"","format":"standard","meta":{"footnotes":""},"categories":[5],"tags":[],"class_list":["post-126539","post","type-post","status-publish","format-standard","has-post-thumbnail","hentry","category-actualidad"],"yoast_head":"<!-- This site is optimized with the Yoast SEO plugin v28.4 - https:\/\/yoast.com\/product\/yoast-seo-wordpress\/ -->\n<title>Malvinas: Milei anunci\u00f3 en cadena nacional leyes ya creadas por el kirchnerismo y una base naval que el mismo fren\u00f3 ni bien asumi\u00f3 - Primereando<\/title>\n<meta name=\"robots\" content=\"index, follow, max-snippet:-1, max-image-preview:large, max-video-preview:-1\" \/>\n<link rel=\"canonical\" href=\"https:\/\/primereando.com.ar\/index.php\/2026\/09\/04\/malvinas-milei-anuncio-en-cadena-nacional-leyes-ya-creadas-por-el-kirchnerismo-y-una-base-naval-que-el-mismo-freno-ni-bien-asumio\/126539\/\" \/>\n<meta property=\"og:locale\" content=\"es_ES\" \/>\n<meta property=\"og:type\" content=\"article\" \/>\n<meta property=\"og:title\" content=\"Malvinas: Milei anunci\u00f3 en cadena nacional leyes ya creadas por el kirchnerismo y una base naval que el mismo fren\u00f3 ni bien asumi\u00f3 - Primereando\" \/>\n<meta property=\"og:description\" content=\"El Gobierno anunci\u00f3 un fuerte endurecimiento de las sanciones contra empresas vinculadas con la explotaci\u00f3n petrolera en las Islas y una mayor intervenci\u00f3n del Estado. El giro expone una llamativa contradicci\u00f3n con el discurso libertario que llev\u00f3 a Milei a la Casa Rosada. En un inesperado giro pol\u00edtico y discursivo, Javier Milei volvi\u00f3 a colocar [&hellip;]\" \/>\n<meta property=\"og:url\" content=\"https:\/\/primereando.com.ar\/index.php\/2026\/09\/04\/malvinas-milei-anuncio-en-cadena-nacional-leyes-ya-creadas-por-el-kirchnerismo-y-una-base-naval-que-el-mismo-freno-ni-bien-asumio\/126539\/\" \/>\n<meta property=\"og:site_name\" content=\"Primereando\" \/>\n<meta property=\"article:published_time\" content=\"2026-09-04T11:17:23+00:00\" \/>\n<meta property=\"article:modified_time\" content=\"2026-09-04T11:19:06+00:00\" \/>\n<meta property=\"og:image\" content=\"https:\/\/primereando.com.ar\/wp-content\/uploads\/2026\/07\/Milei-es-cipayo-2026.jpg\" \/>\n\t<meta property=\"og:image:width\" content=\"768\" \/>\n\t<meta property=\"og:image:height\" content=\"512\" \/>\n\t<meta property=\"og:image:type\" content=\"image\/jpeg\" \/>\n<meta name=\"author\" content=\"ignacio corsario\" \/>\n<meta name=\"twitter:card\" content=\"summary_large_image\" \/>\n<meta name=\"twitter:label1\" content=\"Escrito por\" \/>\n\t<meta name=\"twitter:data1\" content=\"ignacio corsario\" \/>\n\t<meta name=\"twitter:label2\" content=\"Tiempo de lectura\" \/>\n\t<meta name=\"twitter:data2\" content=\"4 minutos\" \/>\n<script type=\"application\/ld+json\" class=\"yoast-schema-graph\">{\"@context\":\"https:\\\/\\\/schema.org\",\"@graph\":[{\"@type\":\"Article\",\"@id\":\"https:\\\/\\\/primereando.com.ar\\\/index.php\\\/2026\\\/09\\\/04\\\/malvinas-milei-anuncio-en-cadena-nacional-leyes-ya-creadas-por-el-kirchnerismo-y-una-base-naval-que-el-mismo-freno-ni-bien-asumio\\\/126539\\\/#article\",\"isPartOf\":{\"@id\":\"https:\\\/\\\/primereando.com.ar\\\/index.php\\\/2026\\\/09\\\/04\\\/malvinas-milei-anuncio-en-cadena-nacional-leyes-ya-creadas-por-el-kirchnerismo-y-una-base-naval-que-el-mismo-freno-ni-bien-asumio\\\/126539\\\/\"},\"author\":{\"name\":\"ignacio corsario\",\"@id\":\"https:\\\/\\\/primereando.com.ar\\\/#\\\/schema\\\/person\\\/163ed2710eec4fd8173e5e51bb8b23ee\"},\"headline\":\"Malvinas: Milei anunci\u00f3 en cadena nacional leyes ya creadas por el kirchnerismo y una base naval que el mismo fren\u00f3 ni bien asumi\u00f3\",\"datePublished\":\"2026-09-04T11:17:23+00:00\",\"dateModified\":\"2026-09-04T11:19:06+00:00\",\"mainEntityOfPage\":{\"@id\":\"https:\\\/\\\/primereando.com.ar\\\/index.php\\\/2026\\\/09\\\/04\\\/malvinas-milei-anuncio-en-cadena-nacional-leyes-ya-creadas-por-el-kirchnerismo-y-una-base-naval-que-el-mismo-freno-ni-bien-asumio\\\/126539\\\/\"},\"wordCount\":817,\"publisher\":{\"@id\":\"https:\\\/\\\/primereando.com.ar\\\/#organization\"},\"image\":{\"@id\":\"https:\\\/\\\/primereando.com.ar\\\/index.php\\\/2026\\\/09\\\/04\\\/malvinas-milei-anuncio-en-cadena-nacional-leyes-ya-creadas-por-el-kirchnerismo-y-una-base-naval-que-el-mismo-freno-ni-bien-asumio\\\/126539\\\/#primaryimage\"},\"thumbnailUrl\":\"https:\\\/\\\/primereando.com.ar\\\/wp-content\\\/uploads\\\/2026\\\/07\\\/Milei-es-cipayo-2026.jpg\",\"articleSection\":[\"Actualidad\"],\"inLanguage\":\"es-AR\"},{\"@type\":\"WebPage\",\"@id\":\"https:\\\/\\\/primereando.com.ar\\\/index.php\\\/2026\\\/09\\\/04\\\/malvinas-milei-anuncio-en-cadena-nacional-leyes-ya-creadas-por-el-kirchnerismo-y-una-base-naval-que-el-mismo-freno-ni-bien-asumio\\\/126539\\\/\",\"url\":\"https:\\\/\\\/primereando.com.ar\\\/index.php\\\/2026\\\/09\\\/04\\\/malvinas-milei-anuncio-en-cadena-nacional-leyes-ya-creadas-por-el-kirchnerismo-y-una-base-naval-que-el-mismo-freno-ni-bien-asumio\\\/126539\\\/\",\"name\":\"Malvinas: Milei anunci\u00f3 en cadena nacional leyes ya creadas por el kirchnerismo y una base naval que el mismo fren\u00f3 ni bien asumi\u00f3 - Primereando\",\"isPartOf\":{\"@id\":\"https:\\\/\\\/primereando.com.ar\\\/#website\"},\"primaryImageOfPage\":{\"@id\":\"https:\\\/\\\/primereando.com.ar\\\/index.php\\\/2026\\\/09\\\/04\\\/malvinas-milei-anuncio-en-cadena-nacional-leyes-ya-creadas-por-el-kirchnerismo-y-una-base-naval-que-el-mismo-freno-ni-bien-asumio\\\/126539\\\/#primaryimage\"},\"image\":{\"@id\":\"https:\\\/\\\/primereando.com.ar\\\/index.php\\\/2026\\\/09\\\/04\\\/malvinas-milei-anuncio-en-cadena-nacional-leyes-ya-creadas-por-el-kirchnerismo-y-una-base-naval-que-el-mismo-freno-ni-bien-asumio\\\/126539\\\/#primaryimage\"},\"thumbnailUrl\":\"https:\\\/\\\/primereando.com.ar\\\/wp-content\\\/uploads\\\/2026\\\/07\\\/Milei-es-cipayo-2026.jpg\",\"datePublished\":\"2026-09-04T11:17:23+00:00\",\"dateModified\":\"2026-09-04T11:19:06+00:00\",\"breadcrumb\":{\"@id\":\"https:\\\/\\\/primereando.com.ar\\\/index.php\\\/2026\\\/09\\\/04\\\/malvinas-milei-anuncio-en-cadena-nacional-leyes-ya-creadas-por-el-kirchnerismo-y-una-base-naval-que-el-mismo-freno-ni-bien-asumio\\\/126539\\\/#breadcrumb\"},\"inLanguage\":\"es-AR\",\"potentialAction\":[{\"@type\":\"ReadAction\",\"target\":[\"https:\\\/\\\/primereando.com.ar\\\/index.php\\\/2026\\\/09\\\/04\\\/malvinas-milei-anuncio-en-cadena-nacional-leyes-ya-creadas-por-el-kirchnerismo-y-una-base-naval-que-el-mismo-freno-ni-bien-asumio\\\/126539\\\/\"]}]},{\"@type\":\"ImageObject\",\"inLanguage\":\"es-AR\",\"@id\":\"https:\\\/\\\/primereando.com.ar\\\/index.php\\\/2026\\\/09\\\/04\\\/malvinas-milei-anuncio-en-cadena-nacional-leyes-ya-creadas-por-el-kirchnerismo-y-una-base-naval-que-el-mismo-freno-ni-bien-asumio\\\/126539\\\/#primaryimage\",\"url\":\"https:\\\/\\\/primereando.com.ar\\\/wp-content\\\/uploads\\\/2026\\\/07\\\/Milei-es-cipayo-2026.jpg\",\"contentUrl\":\"https:\\\/\\\/primereando.com.ar\\\/wp-content\\\/uploads\\\/2026\\\/07\\\/Milei-es-cipayo-2026.jpg\",\"width\":768,\"height\":512},{\"@type\":\"BreadcrumbList\",\"@id\":\"https:\\\/\\\/primereando.com.ar\\\/index.php\\\/2026\\\/09\\\/04\\\/malvinas-milei-anuncio-en-cadena-nacional-leyes-ya-creadas-por-el-kirchnerismo-y-una-base-naval-que-el-mismo-freno-ni-bien-asumio\\\/126539\\\/#breadcrumb\",\"itemListElement\":[{\"@type\":\"ListItem\",\"position\":1,\"name\":\"Inicio\",\"item\":\"https:\\\/\\\/primereando.com.ar\\\/\"},{\"@type\":\"ListItem\",\"position\":2,\"name\":\"Malvinas: Milei anunci\u00f3 en cadena nacional leyes ya creadas por el kirchnerismo y una base naval que el mismo fren\u00f3 ni bien asumi\u00f3\"}]},{\"@type\":\"WebSite\",\"@id\":\"https:\\\/\\\/primereando.com.ar\\\/#website\",\"url\":\"https:\\\/\\\/primereando.com.ar\\\/\",\"name\":\"Primereando\",\"description\":\"Portal de noticias de la Provincia de Buenos Aires\",\"publisher\":{\"@id\":\"https:\\\/\\\/primereando.com.ar\\\/#organization\"},\"potentialAction\":[{\"@type\":\"SearchAction\",\"target\":{\"@type\":\"EntryPoint\",\"urlTemplate\":\"https:\\\/\\\/primereando.com.ar\\\/?s={search_term_string}\"},\"query-input\":{\"@type\":\"PropertyValueSpecification\",\"valueRequired\":true,\"valueName\":\"search_term_string\"}}],\"inLanguage\":\"es-AR\"},{\"@type\":\"Organization\",\"@id\":\"https:\\\/\\\/primereando.com.ar\\\/#organization\",\"name\":\"Primereando\",\"url\":\"https:\\\/\\\/primereando.com.ar\\\/\",\"logo\":{\"@type\":\"ImageObject\",\"inLanguage\":\"es-AR\",\"@id\":\"https:\\\/\\\/primereando.com.ar\\\/#\\\/schema\\\/logo\\\/image\\\/\",\"url\":\"https:\\\/\\\/primereando.com.ar\\\/wp-content\\\/uploads\\\/2021\\\/12\\\/primereando-logo.png\",\"contentUrl\":\"https:\\\/\\\/primereando.com.ar\\\/wp-content\\\/uploads\\\/2021\\\/12\\\/primereando-logo.png\",\"width\":360,\"height\":96,\"caption\":\"Primereando\"},\"image\":{\"@id\":\"https:\\\/\\\/primereando.com.ar\\\/#\\\/schema\\\/logo\\\/image\\\/\"}},{\"@type\":\"Person\",\"@id\":\"https:\\\/\\\/primereando.com.ar\\\/#\\\/schema\\\/person\\\/163ed2710eec4fd8173e5e51bb8b23ee\",\"name\":\"ignacio corsario\",\"image\":{\"@type\":\"ImageObject\",\"inLanguage\":\"es-AR\",\"@id\":\"https:\\\/\\\/secure.gravatar.com\\\/avatar\\\/88fd77b01053dd79091962d2e6ed54169fabbaefae7619405afc209b70ff06d2?s=96&d=blank&r=g\",\"url\":\"https:\\\/\\\/secure.gravatar.com\\\/avatar\\\/88fd77b01053dd79091962d2e6ed54169fabbaefae7619405afc209b70ff06d2?s=96&d=blank&r=g\",\"contentUrl\":\"https:\\\/\\\/secure.gravatar.com\\\/avatar\\\/88fd77b01053dd79091962d2e6ed54169fabbaefae7619405afc209b70ff06d2?s=96&d=blank&r=g\",\"caption\":\"ignacio corsario\"},\"url\":\"https:\\\/\\\/primereando.com.ar\\\/index.php\\\/author\\\/ignaciocorsario\\\/\"}]}<\/script>\n<!-- \/ Yoast SEO plugin. -->","yoast_head_json":{"title":"Malvinas: Milei anunci\u00f3 en cadena nacional leyes ya creadas por el kirchnerismo y una base naval que el mismo fren\u00f3 ni bien asumi\u00f3 - Primereando","robots":{"index":"index","follow":"follow","max-snippet":"max-snippet:-1","max-image-preview":"max-image-preview:large","max-video-preview":"max-video-preview:-1"},"canonical":"https:\/\/primereando.com.ar\/index.php\/2026\/09\/04\/malvinas-milei-anuncio-en-cadena-nacional-leyes-ya-creadas-por-el-kirchnerismo-y-una-base-naval-que-el-mismo-freno-ni-bien-asumio\/126539\/","og_locale":"es_ES","og_type":"article","og_title":"Malvinas: Milei anunci\u00f3 en cadena nacional leyes ya creadas por el kirchnerismo y una base naval que el mismo fren\u00f3 ni bien asumi\u00f3 - Primereando","og_description":"El Gobierno anunci\u00f3 un fuerte endurecimiento de las sanciones contra empresas vinculadas con la explotaci\u00f3n petrolera en las Islas y una mayor intervenci\u00f3n del Estado. El giro expone una llamativa contradicci\u00f3n con el discurso libertario que llev\u00f3 a Milei a la Casa Rosada. En un inesperado giro pol\u00edtico y discursivo, Javier Milei volvi\u00f3 a colocar [&hellip;]","og_url":"https:\/\/primereando.com.ar\/index.php\/2026\/09\/04\/malvinas-milei-anuncio-en-cadena-nacional-leyes-ya-creadas-por-el-kirchnerismo-y-una-base-naval-que-el-mismo-freno-ni-bien-asumio\/126539\/","og_site_name":"Primereando","article_published_time":"2026-09-04T11:17:23+00:00","article_modified_time":"2026-09-04T11:19:06+00:00","og_image":[{"width":768,"height":512,"url":"https:\/\/primereando.com.ar\/wp-content\/uploads\/2026\/07\/Milei-es-cipayo-2026.jpg","type":"image\/jpeg"}],"author":"ignacio corsario","twitter_card":"summary_large_image","twitter_misc":{"Escrito por":"ignacio corsario","Tiempo de lectura":"4 minutos"},"schema":{"@context":"https:\/\/schema.org","@graph":[{"@type":"Article","@id":"https:\/\/primereando.com.ar\/index.php\/2026\/09\/04\/malvinas-milei-anuncio-en-cadena-nacional-leyes-ya-creadas-por-el-kirchnerismo-y-una-base-naval-que-el-mismo-freno-ni-bien-asumio\/126539\/#article","isPartOf":{"@id":"https:\/\/primereando.com.ar\/index.php\/2026\/09\/04\/malvinas-milei-anuncio-en-cadena-nacional-leyes-ya-creadas-por-el-kirchnerismo-y-una-base-naval-que-el-mismo-freno-ni-bien-asumio\/126539\/"},"author":{"name":"ignacio corsario","@id":"https:\/\/primereando.com.ar\/#\/schema\/person\/163ed2710eec4fd8173e5e51bb8b23ee"},"headline":"Malvinas: Milei anunci\u00f3 en cadena nacional leyes ya creadas por el kirchnerismo y una base naval que el mismo fren\u00f3 ni bien asumi\u00f3","datePublished":"2026-09-04T11:17:23+00:00","dateModified":"2026-09-04T11:19:06+00:00","mainEntityOfPage":{"@id":"https:\/\/primereando.com.ar\/index.php\/2026\/09\/04\/malvinas-milei-anuncio-en-cadena-nacional-leyes-ya-creadas-por-el-kirchnerismo-y-una-base-naval-que-el-mismo-freno-ni-bien-asumio\/126539\/"},"wordCount":817,"publisher":{"@id":"https:\/\/primereando.com.ar\/#organization"},"image":{"@id":"https:\/\/primereando.com.ar\/index.php\/2026\/09\/04\/malvinas-milei-anuncio-en-cadena-nacional-leyes-ya-creadas-por-el-kirchnerismo-y-una-base-naval-que-el-mismo-freno-ni-bien-asumio\/126539\/#primaryimage"},"thumbnailUrl":"https:\/\/primereando.com.ar\/wp-content\/uploads\/2026\/07\/Milei-es-cipayo-2026.jpg","articleSection":["Actualidad"],"inLanguage":"es-AR"},{"@type":"WebPage","@id":"https:\/\/primereando.com.ar\/index.php\/2026\/09\/04\/malvinas-milei-anuncio-en-cadena-nacional-leyes-ya-creadas-por-el-kirchnerismo-y-una-base-naval-que-el-mismo-freno-ni-bien-asumio\/126539\/","url":"https:\/\/primereando.com.ar\/index.php\/2026\/09\/04\/malvinas-milei-anuncio-en-cadena-nacional-leyes-ya-creadas-por-el-kirchnerismo-y-una-base-naval-que-el-mismo-freno-ni-bien-asumio\/126539\/","name":"Malvinas: Milei anunci\u00f3 en cadena nacional leyes ya creadas por el kirchnerismo y una base naval que el mismo fren\u00f3 ni bien asumi\u00f3 - Primereando","isPartOf":{"@id":"https:\/\/primereando.com.ar\/#website"},"primaryImageOfPage":{"@id":"https:\/\/primereando.com.ar\/index.php\/2026\/09\/04\/malvinas-milei-anuncio-en-cadena-nacional-leyes-ya-creadas-por-el-kirchnerismo-y-una-base-naval-que-el-mismo-freno-ni-bien-asumio\/126539\/#primaryimage"},"image":{"@id":"https:\/\/primereando.com.ar\/index.php\/2026\/09\/04\/malvinas-milei-anuncio-en-cadena-nacional-leyes-ya-creadas-por-el-kirchnerismo-y-una-base-naval-que-el-mismo-freno-ni-bien-asumio\/126539\/#primaryimage"},"thumbnailUrl":"https:\/\/primereando.com.ar\/wp-content\/uploads\/2026\/07\/Milei-es-cipayo-2026.jpg","datePublished":"2026-09-04T11:17:23+00:00","dateModified":"2026-09-04T11:19:06+00:00","breadcrumb":{"@id":"https:\/\/primereando.com.ar\/index.php\/2026\/09\/04\/malvinas-milei-anuncio-en-cadena-nacional-leyes-ya-creadas-por-el-kirchnerismo-y-una-base-naval-que-el-mismo-freno-ni-bien-asumio\/126539\/#breadcrumb"},"inLanguage":"es-AR","potentialAction":[{"@type":"ReadAction","target":["https:\/\/primereando.com.ar\/index.php\/2026\/09\/04\/malvinas-milei-anuncio-en-cadena-nacional-leyes-ya-creadas-por-el-kirchnerismo-y-una-base-naval-que-el-mismo-freno-ni-bien-asumio\/126539\/"]}]},{"@type":"ImageObject","inLanguage":"es-AR","@id":"https:\/\/primereando.com.ar\/index.php\/2026\/09\/04\/malvinas-milei-anuncio-en-cadena-nacional-leyes-ya-creadas-por-el-kirchnerismo-y-una-base-naval-que-el-mismo-freno-ni-bien-asumio\/126539\/#primaryimage","url":"https:\/\/primereando.com.ar\/wp-content\/uploads\/2026\/07\/Milei-es-cipayo-2026.jpg","contentUrl":"https:\/\/primereando.com.ar\/wp-content\/uploads\/2026\/07\/Milei-es-cipayo-2026.jpg","width":768,"height":512},{"@type":"BreadcrumbList","@id":"https:\/\/primereando.com.ar\/index.php\/2026\/09\/04\/malvinas-milei-anuncio-en-cadena-nacional-leyes-ya-creadas-por-el-kirchnerismo-y-una-base-naval-que-el-mismo-freno-ni-bien-asumio\/126539\/#breadcrumb","itemListElement":[{"@type":"ListItem","position":1,"name":"Inicio","item":"https:\/\/primereando.com.ar\/"},{"@type":"ListItem","position":2,"name":"Malvinas: Milei anunci\u00f3 en cadena nacional leyes ya creadas por el kirchnerismo y una base naval que el mismo fren\u00f3 ni bien asumi\u00f3"}]},{"@type":"WebSite","@id":"https:\/\/primereando.com.ar\/#website","url":"https:\/\/primereando.com.ar\/","name":"Primereando","description":"Portal de noticias de la Provincia de Buenos Aires","publisher":{"@id":"https:\/\/primereando.com.ar\/#organization"},"potentialAction":[{"@type":"SearchAction","target":{"@type":"EntryPoint","urlTemplate":"https:\/\/primereando.com.ar\/?s={search_term_string}"},"query-input":{"@type":"PropertyValueSpecification","valueRequired":true,"valueName":"search_term_string"}}],"inLanguage":"es-AR"},{"@type":"Organization","@id":"https:\/\/primereando.com.ar\/#organization","name":"Primereando","url":"https:\/\/primereando.com.ar\/","logo":{"@type":"ImageObject","inLanguage":"es-AR","@id":"https:\/\/primereando.com.ar\/#\/schema\/logo\/image\/","url":"https:\/\/primereando.com.ar\/wp-content\/uploads\/2021\/12\/primereando-logo.png","contentUrl":"https:\/\/primereando.com.ar\/wp-content\/uploads\/2021\/12\/primereando-logo.png","width":360,"height":96,"caption":"Primereando"},"image":{"@id":"https:\/\/primereando.com.ar\/#\/schema\/logo\/image\/"}},{"@type":"Person","@id":"https:\/\/primereando.com.ar\/#\/schema\/person\/163ed2710eec4fd8173e5e51bb8b23ee","name":"ignacio corsario","image":{"@type":"ImageObject","inLanguage":"es-AR","@id":"https:\/\/secure.gravatar.com\/avatar\/88fd77b01053dd79091962d2e6ed54169fabbaefae7619405afc209b70ff06d2?s=96&d=blank&r=g","url":"https:\/\/secure.gravatar.com\/avatar\/88fd77b01053dd79091962d2e6ed54169fabbaefae7619405afc209b70ff06d2?s=96&d=blank&r=g","contentUrl":"https:\/\/secure.gravatar.com\/avatar\/88fd77b01053dd79091962d2e6ed54169fabbaefae7619405afc209b70ff06d2?s=96&d=blank&r=g","caption":"ignacio corsario"},"url":"https:\/\/primereando.com.ar\/index.php\/author\/ignaciocorsario\/"}]}},"_links":{"self":[{"href":"https:\/\/primereando.com.ar\/index.php\/wp-json\/wp\/v2\/posts\/126539","targetHints":{"allow":["GET"]}}],"collection":[{"href":"https:\/\/primereando.com.ar\/index.php\/wp-json\/wp\/v2\/posts"}],"about":[{"href":"https:\/\/primereando.com.ar\/index.php\/wp-json\/wp\/v2\/types\/post"}],"author":[{"embeddable":true,"href":"https:\/\/primereando.com.ar\/index.php\/wp-json\/wp\/v2\/users\/8"}],"replies":[{"embeddable":true,"href":"https:\/\/primereando.com.ar\/index.php\/wp-json\/wp\/v2\/comments?post=126539"}],"version-history":[{"count":2,"href":"https:\/\/primereando.com.ar\/index.php\/wp-json\/wp\/v2\/posts\/126539\/revisions"}],"predecessor-version":[{"id":126541,"href":"https:\/\/primereando.com.ar\/index.php\/wp-json\/wp\/v2\/posts\/126539\/revisions\/126541"}],"wp:featuredmedia":[{"embeddable":true,"href":"https:\/\/primereando.com.ar\/index.php\/wp-json\/wp\/v2\/media\/125964"}],"wp:attachment":[{"href":"https:\/\/primereando.com.ar\/index.php\/wp-json\/wp\/v2\/media?parent=126539"}],"wp:term":[{"taxonomy":"category","embeddable":true,"href":"https:\/\/primereando.com.ar\/index.php\/wp-json\/wp\/v2\/categories?post=126539"},{"taxonomy":"post_tag","embeddable":true,"href":"https:\/\/primereando.com.ar\/index.php\/wp-json\/wp\/v2\/tags?post=126539"}],"curies":[{"name":"wp","href":"https:\/\/api.w.org\/{rel}","templated":true}]}}