{"id":126542,"date":"2026-09-04T10:41:03","date_gmt":"2026-09-04T13:41:03","guid":{"rendered":"https:\/\/primereando.com.ar\/?p=126542"},"modified":"2026-09-04T10:41:32","modified_gmt":"2026-09-04T13:41:32","slug":"se-lo-dedico-a-cfk-jorge-pinarello-fue-distinguido-en-la-plata-y-protagonizo-un-cruce-politico-en-el-concejo","status":"publish","type":"post","link":"https:\/\/primereando.com.ar\/index.php\/2026\/09\/04\/se-lo-dedico-a-cfk-jorge-pinarello-fue-distinguido-en-la-plata-y-protagonizo-un-cruce-politico-en-el-concejo\/126542\/","title":{"rendered":"SE LO DEDIC\u00d3 A CFK: JORGE PINARELLO FUE DISTINGUIDO EN LA PLATA Y PROTAGONIZ\u00d3 UN CRUCE POL\u00cdTICO EN EL CONCEJO"},"content":{"rendered":"\n<h2 class=\"wp-block-heading\">El creador de \u201cTe Lo Resumo As\u00ed Nom\u00e1s\u201d recibi\u00f3 el reconocimiento como Personalidad Destacada de la Cultura. Durante su discurso le dedic\u00f3 la distinci\u00f3n a Cristina Kirchner y tuvo un intercambio con el concejal del PRO Nicol\u00e1s Morzone.<\/h2>\n\n\n\n<p class=\"wp-block-paragraph\">El youtuber platense <strong>Jorge Pinarello<\/strong> fue reconocido este jueves por el Concejo Deliberante de La Plata como <strong>\u201cPersonalidad Destacada de la Cultura\u201d<\/strong>. La distinci\u00f3n fue impulsada por la presidenta del bloque de Fuerza Patria, Josefina Bolis, en reconocimiento a su trayectoria como creador de contenidos, cineasta y referente del an\u00e1lisis cinematogr\u00e1fico en redes.<\/p>\n\n\n\n<p class=\"wp-block-paragraph\">Pinarello agradeci\u00f3 a quienes promovieron el homenaje y a los concejales que acompa\u00f1aron la iniciativa. Tambi\u00e9n hizo una referencia al concejal Guillermo Bard\u00f3n, quien desde su banca aclar\u00f3 que su espacio no hab\u00eda votado a favor del reconocimiento.<\/p>\n\n\n\n<p class=\"wp-block-paragraph\">El momento de mayor tensi\u00f3n lleg\u00f3 cuando el creador decidi\u00f3 dedicar la distinci\u00f3n a <strong>Cristina Fern\u00e1ndez de Kirchner<\/strong>. \u201cSe lo dedico a la platense m\u00e1s importante de la historia\u201d, afirm\u00f3, antes de cuestionar al gobierno de Javier Milei y reivindicar a dirigentes del peronismo.<\/p>\n\n\n\n<figure class=\"wp-block-embed is-type-rich is-provider-x wp-block-embed-x\"><div class=\"wp-block-embed__wrapper\">\n<blockquote class=\"twitter-tweet\" data-width=\"500\" data-dnt=\"true\"><p lang=\"es\" dir=\"ltr\">\u201cA la platense m\u00e1s importante de la historia\u201d<br><br>Tras ser nombrado Personalidad Destacada en La Plata, Jorge \u201cTe lo Resumo\u201d Pinarello se lo dedic\u00f3 a Cristina Kirchner y remat\u00f3: \u201cViva Per\u00f3n, viva Evita, viva N\u00e9stor, viva Cristina y viva Axel tambi\u00e9n\u201d. <a href=\"https:\/\/t.co\/VtE7jN3YGP\">pic.twitter.com\/VtE7jN3YGP<\/a><\/p>&mdash; Corta (@somoscorta) <a href=\"https:\/\/x.com\/somoscorta\/status\/2095650085996532139?ref_src=twsrc%5Etfw\">September 3, 2026<\/a><\/blockquote><script async src=\"https:\/\/platform.x.com\/widgets.js\" charset=\"utf-8\"><\/script>\n<\/div><\/figure>\n\n\n\n<h2 class=\"wp-block-heading\">El cruce con Nicol\u00e1s Morzone<\/h2>\n\n\n\n<p class=\"wp-block-paragraph\">Mientras Pinarello pronunciaba su discurso, el presidente del bloque PRO, <strong>Nicol\u00e1s Morzone<\/strong>, se levant\u00f3 de su banca y comenz\u00f3 a retirarse del recinto.<\/p>\n\n\n\n<p class=\"wp-block-paragraph\">Al pasar cerca del homenajeado, le manifest\u00f3 que el recinto no era el lugar para ese tipo de expresiones. Pinarello respondi\u00f3 desde el escenario y se\u00f1al\u00f3 que el concejal se retiraba \u201cindignado\u201d porque estaba hablando de pol\u00edtica.<\/p>\n\n\n\n<p class=\"wp-block-paragraph\">El youtuber continu\u00f3 con su discurso y cerr\u00f3 con consignas a favor de <strong>Per\u00f3n, Evita, Cristina, N\u00e9stor Kirchner y Axel Kicillof<\/strong>.<\/p>\n\n\n\n<h2 class=\"wp-block-heading\">El reconocimiento a Pinarello<\/h2>\n\n\n\n<p class=\"wp-block-paragraph\">La distinci\u00f3n hab\u00eda sido presentada por <strong>Josefina Bolis<\/strong>, quien destac\u00f3 la trayectoria del creador de <em>Te Lo Resumo As\u00ed Nom\u00e1s<\/em> y su v\u00ednculo con La Plata.<\/p>\n\n\n\n<p class=\"wp-block-paragraph\">La concejala resalt\u00f3 su trabajo durante m\u00e1s de una d\u00e9cada y los m\u00e1s de <strong>7 millones de seguidores<\/strong> que re\u00fane su canal. Tambi\u00e9n destac\u00f3 los dos <strong>Mart\u00edn Fierro Digital<\/strong> que recibi\u00f3 Pinarello y su trayectoria como escritor y productor de contenidos.<\/p>\n\n\n\n<p class=\"wp-block-paragraph\">Nacido en el <strong>Barrio Cementerio de La Plata<\/strong>, Pinarello construy\u00f3 su popularidad a trav\u00e9s de contenidos sobre cine y series. <em>Te Lo Resumo As\u00ed Nom\u00e1s<\/em> cuenta actualmente con alrededor de <strong>7,65 millones de suscriptores<\/strong> y se encuentra entre los canales argentinos con mayor cantidad de seguidores.<\/p>\n","protected":false},"excerpt":{"rendered":"<p>El creador de \u201cTe Lo Resumo As\u00ed Nom\u00e1s\u201d recibi\u00f3 el reconocimiento como Personalidad Destacada de la Cultura. Durante su discurso le dedic\u00f3 la distinci\u00f3n a Cristina Kirchner y tuvo un intercambio con el concejal del PRO Nicol\u00e1s Morzone. El youtuber platense Jorge Pinarello fue reconocido este jueves por el Concejo Deliberante de La Plata como [&hellip;]<\/p>\n","protected":false},"author":7,"featured_media":126543,"comment_status":"closed","ping_status":"closed","sticky":false,"template":"","format":"standard","meta":{"footnotes":""},"categories":[2,22],"tags":[],"class_list":["post-126542","post","type-post","status-publish","format-standard","has-post-thumbnail","hentry","category-buenos-aires","category-sociedad"],"yoast_head":"<!-- This site is optimized with the Yoast SEO plugin v28.4 - https:\/\/yoast.com\/product\/yoast-seo-wordpress\/ -->\n<title>SE LO DEDIC\u00d3 A CFK: JORGE PINARELLO FUE DISTINGUIDO EN LA PLATA Y PROTAGONIZ\u00d3 UN CRUCE POL\u00cdTICO EN EL CONCEJO - Primereando<\/title>\n<meta name=\"robots\" content=\"index, follow, max-snippet:-1, max-image-preview:large, max-video-preview:-1\" \/>\n<link rel=\"canonical\" href=\"https:\/\/primereando.com.ar\/index.php\/2026\/09\/04\/se-lo-dedico-a-cfk-jorge-pinarello-fue-distinguido-en-la-plata-y-protagonizo-un-cruce-politico-en-el-concejo\/126542\/\" \/>\n<meta property=\"og:locale\" content=\"es_ES\" \/>\n<meta property=\"og:type\" content=\"article\" \/>\n<meta property=\"og:title\" content=\"SE LO DEDIC\u00d3 A CFK: JORGE PINARELLO FUE DISTINGUIDO EN LA PLATA Y PROTAGONIZ\u00d3 UN CRUCE POL\u00cdTICO EN EL CONCEJO - Primereando\" \/>\n<meta property=\"og:description\" content=\"El creador de \u201cTe Lo Resumo As\u00ed Nom\u00e1s\u201d recibi\u00f3 el reconocimiento como Personalidad Destacada de la Cultura. Durante su discurso le dedic\u00f3 la distinci\u00f3n a Cristina Kirchner y tuvo un intercambio con el concejal del PRO Nicol\u00e1s Morzone. El youtuber platense Jorge Pinarello fue reconocido este jueves por el Concejo Deliberante de La Plata como [&hellip;]\" \/>\n<meta property=\"og:url\" content=\"https:\/\/primereando.com.ar\/index.php\/2026\/09\/04\/se-lo-dedico-a-cfk-jorge-pinarello-fue-distinguido-en-la-plata-y-protagonizo-un-cruce-politico-en-el-concejo\/126542\/\" \/>\n<meta property=\"og:site_name\" content=\"Primereando\" \/>\n<meta property=\"article:published_time\" content=\"2026-09-04T13:41:03+00:00\" \/>\n<meta property=\"article:modified_time\" content=\"2026-09-04T13:41:32+00:00\" \/>\n<meta property=\"og:image\" content=\"https:\/\/primereando.com.ar\/wp-content\/uploads\/2026\/09\/JORGE-PINARELLO.jpg\" \/>\n\t<meta property=\"og:image:width\" content=\"1300\" \/>\n\t<meta property=\"og:image:height\" content=\"730\" \/>\n\t<meta property=\"og:image:type\" content=\"image\/jpeg\" \/>\n<meta name=\"author\" content=\"Riso\" \/>\n<meta name=\"twitter:card\" content=\"summary_large_image\" \/>\n<meta name=\"twitter:label1\" content=\"Escrito por\" \/>\n\t<meta name=\"twitter:data1\" content=\"Riso\" \/>\n\t<meta name=\"twitter:label2\" content=\"Tiempo de lectura\" \/>\n\t<meta name=\"twitter:data2\" content=\"2 minutos\" \/>\n<script type=\"application\/ld+json\" class=\"yoast-schema-graph\">{\"@context\":\"https:\\\/\\\/schema.org\",\"@graph\":[{\"@type\":\"Article\",\"@id\":\"https:\\\/\\\/primereando.com.ar\\\/index.php\\\/2026\\\/09\\\/04\\\/se-lo-dedico-a-cfk-jorge-pinarello-fue-distinguido-en-la-plata-y-protagonizo-un-cruce-politico-en-el-concejo\\\/126542\\\/#article\",\"isPartOf\":{\"@id\":\"https:\\\/\\\/primereando.com.ar\\\/index.php\\\/2026\\\/09\\\/04\\\/se-lo-dedico-a-cfk-jorge-pinarello-fue-distinguido-en-la-plata-y-protagonizo-un-cruce-politico-en-el-concejo\\\/126542\\\/\"},\"author\":{\"name\":\"Riso\",\"@id\":\"https:\\\/\\\/primereando.com.ar\\\/#\\\/schema\\\/person\\\/067c4b82d8a22080e3d78cb85a73986d\"},\"headline\":\"SE LO DEDIC\u00d3 A CFK: JORGE PINARELLO FUE DISTINGUIDO EN LA PLATA Y PROTAGONIZ\u00d3 UN CRUCE POL\u00cdTICO EN EL CONCEJO\",\"datePublished\":\"2026-09-04T13:41:03+00:00\",\"dateModified\":\"2026-09-04T13:41:32+00:00\",\"mainEntityOfPage\":{\"@id\":\"https:\\\/\\\/primereando.com.ar\\\/index.php\\\/2026\\\/09\\\/04\\\/se-lo-dedico-a-cfk-jorge-pinarello-fue-distinguido-en-la-plata-y-protagonizo-un-cruce-politico-en-el-concejo\\\/126542\\\/\"},\"wordCount\":433,\"publisher\":{\"@id\":\"https:\\\/\\\/primereando.com.ar\\\/#organization\"},\"image\":{\"@id\":\"https:\\\/\\\/primereando.com.ar\\\/index.php\\\/2026\\\/09\\\/04\\\/se-lo-dedico-a-cfk-jorge-pinarello-fue-distinguido-en-la-plata-y-protagonizo-un-cruce-politico-en-el-concejo\\\/126542\\\/#primaryimage\"},\"thumbnailUrl\":\"https:\\\/\\\/primereando.com.ar\\\/wp-content\\\/uploads\\\/2026\\\/09\\\/JORGE-PINARELLO.jpg\",\"articleSection\":[\"Buenos Aires\",\"Sociedad\"],\"inLanguage\":\"es-AR\"},{\"@type\":\"WebPage\",\"@id\":\"https:\\\/\\\/primereando.com.ar\\\/index.php\\\/2026\\\/09\\\/04\\\/se-lo-dedico-a-cfk-jorge-pinarello-fue-distinguido-en-la-plata-y-protagonizo-un-cruce-politico-en-el-concejo\\\/126542\\\/\",\"url\":\"https:\\\/\\\/primereando.com.ar\\\/index.php\\\/2026\\\/09\\\/04\\\/se-lo-dedico-a-cfk-jorge-pinarello-fue-distinguido-en-la-plata-y-protagonizo-un-cruce-politico-en-el-concejo\\\/126542\\\/\",\"name\":\"SE LO DEDIC\u00d3 A CFK: JORGE PINARELLO FUE DISTINGUIDO EN LA PLATA Y PROTAGONIZ\u00d3 UN CRUCE POL\u00cdTICO EN EL CONCEJO - Primereando\",\"isPartOf\":{\"@id\":\"https:\\\/\\\/primereando.com.ar\\\/#website\"},\"primaryImageOfPage\":{\"@id\":\"https:\\\/\\\/primereando.com.ar\\\/index.php\\\/2026\\\/09\\\/04\\\/se-lo-dedico-a-cfk-jorge-pinarello-fue-distinguido-en-la-plata-y-protagonizo-un-cruce-politico-en-el-concejo\\\/126542\\\/#primaryimage\"},\"image\":{\"@id\":\"https:\\\/\\\/primereando.com.ar\\\/index.php\\\/2026\\\/09\\\/04\\\/se-lo-dedico-a-cfk-jorge-pinarello-fue-distinguido-en-la-plata-y-protagonizo-un-cruce-politico-en-el-concejo\\\/126542\\\/#primaryimage\"},\"thumbnailUrl\":\"https:\\\/\\\/primereando.com.ar\\\/wp-content\\\/uploads\\\/2026\\\/09\\\/JORGE-PINARELLO.jpg\",\"datePublished\":\"2026-09-04T13:41:03+00:00\",\"dateModified\":\"2026-09-04T13:41:32+00:00\",\"breadcrumb\":{\"@id\":\"https:\\\/\\\/primereando.com.ar\\\/index.php\\\/2026\\\/09\\\/04\\\/se-lo-dedico-a-cfk-jorge-pinarello-fue-distinguido-en-la-plata-y-protagonizo-un-cruce-politico-en-el-concejo\\\/126542\\\/#breadcrumb\"},\"inLanguage\":\"es-AR\",\"potentialAction\":[{\"@type\":\"ReadAction\",\"target\":[\"https:\\\/\\\/primereando.com.ar\\\/index.php\\\/2026\\\/09\\\/04\\\/se-lo-dedico-a-cfk-jorge-pinarello-fue-distinguido-en-la-plata-y-protagonizo-un-cruce-politico-en-el-concejo\\\/126542\\\/\"]}]},{\"@type\":\"ImageObject\",\"inLanguage\":\"es-AR\",\"@id\":\"https:\\\/\\\/primereando.com.ar\\\/index.php\\\/2026\\\/09\\\/04\\\/se-lo-dedico-a-cfk-jorge-pinarello-fue-distinguido-en-la-plata-y-protagonizo-un-cruce-politico-en-el-concejo\\\/126542\\\/#primaryimage\",\"url\":\"https:\\\/\\\/primereando.com.ar\\\/wp-content\\\/uploads\\\/2026\\\/09\\\/JORGE-PINARELLO.jpg\",\"contentUrl\":\"https:\\\/\\\/primereando.com.ar\\\/wp-content\\\/uploads\\\/2026\\\/09\\\/JORGE-PINARELLO.jpg\",\"width\":1300,\"height\":730},{\"@type\":\"BreadcrumbList\",\"@id\":\"https:\\\/\\\/primereando.com.ar\\\/index.php\\\/2026\\\/09\\\/04\\\/se-lo-dedico-a-cfk-jorge-pinarello-fue-distinguido-en-la-plata-y-protagonizo-un-cruce-politico-en-el-concejo\\\/126542\\\/#breadcrumb\",\"itemListElement\":[{\"@type\":\"ListItem\",\"position\":1,\"name\":\"Inicio\",\"item\":\"https:\\\/\\\/primereando.com.ar\\\/\"},{\"@type\":\"ListItem\",\"position\":2,\"name\":\"SE LO DEDIC\u00d3 A CFK: JORGE PINARELLO FUE DISTINGUIDO EN LA PLATA Y PROTAGONIZ\u00d3 UN CRUCE POL\u00cdTICO EN EL CONCEJO\"}]},{\"@type\":\"WebSite\",\"@id\":\"https:\\\/\\\/primereando.com.ar\\\/#website\",\"url\":\"https:\\\/\\\/primereando.com.ar\\\/\",\"name\":\"Primereando\",\"description\":\"Portal de noticias de la Provincia de Buenos Aires\",\"publisher\":{\"@id\":\"https:\\\/\\\/primereando.com.ar\\\/#organization\"},\"potentialAction\":[{\"@type\":\"SearchAction\",\"target\":{\"@type\":\"EntryPoint\",\"urlTemplate\":\"https:\\\/\\\/primereando.com.ar\\\/?s={search_term_string}\"},\"query-input\":{\"@type\":\"PropertyValueSpecification\",\"valueRequired\":true,\"valueName\":\"search_term_string\"}}],\"inLanguage\":\"es-AR\"},{\"@type\":\"Organization\",\"@id\":\"https:\\\/\\\/primereando.com.ar\\\/#organization\",\"name\":\"Primereando\",\"url\":\"https:\\\/\\\/primereando.com.ar\\\/\",\"logo\":{\"@type\":\"ImageObject\",\"inLanguage\":\"es-AR\",\"@id\":\"https:\\\/\\\/primereando.com.ar\\\/#\\\/schema\\\/logo\\\/image\\\/\",\"url\":\"https:\\\/\\\/primereando.com.ar\\\/wp-content\\\/uploads\\\/2021\\\/12\\\/primereando-logo.png\",\"contentUrl\":\"https:\\\/\\\/primereando.com.ar\\\/wp-content\\\/uploads\\\/2021\\\/12\\\/primereando-logo.png\",\"width\":360,\"height\":96,\"caption\":\"Primereando\"},\"image\":{\"@id\":\"https:\\\/\\\/primereando.com.ar\\\/#\\\/schema\\\/logo\\\/image\\\/\"}},{\"@type\":\"Person\",\"@id\":\"https:\\\/\\\/primereando.com.ar\\\/#\\\/schema\\\/person\\\/067c4b82d8a22080e3d78cb85a73986d\",\"name\":\"Riso\",\"image\":{\"@type\":\"ImageObject\",\"inLanguage\":\"es-AR\",\"@id\":\"https:\\\/\\\/secure.gravatar.com\\\/avatar\\\/b8a29b1cb80c18109fbc4f4f76150b29d5a28fa492bc41c870351ccfbbabbeef?s=96&d=blank&r=g\",\"url\":\"https:\\\/\\\/secure.gravatar.com\\\/avatar\\\/b8a29b1cb80c18109fbc4f4f76150b29d5a28fa492bc41c870351ccfbbabbeef?s=96&d=blank&r=g\",\"contentUrl\":\"https:\\\/\\\/secure.gravatar.com\\\/avatar\\\/b8a29b1cb80c18109fbc4f4f76150b29d5a28fa492bc41c870351ccfbbabbeef?s=96&d=blank&r=g\",\"caption\":\"Riso\"},\"url\":\"https:\\\/\\\/primereando.com.ar\\\/index.php\\\/author\\\/riso\\\/\"}]}<\/script>\n<!-- \/ Yoast SEO plugin. -->","yoast_head_json":{"title":"SE LO DEDIC\u00d3 A CFK: JORGE PINARELLO FUE DISTINGUIDO EN LA PLATA Y PROTAGONIZ\u00d3 UN CRUCE POL\u00cdTICO EN EL CONCEJO - Primereando","robots":{"index":"index","follow":"follow","max-snippet":"max-snippet:-1","max-image-preview":"max-image-preview:large","max-video-preview":"max-video-preview:-1"},"canonical":"https:\/\/primereando.com.ar\/index.php\/2026\/09\/04\/se-lo-dedico-a-cfk-jorge-pinarello-fue-distinguido-en-la-plata-y-protagonizo-un-cruce-politico-en-el-concejo\/126542\/","og_locale":"es_ES","og_type":"article","og_title":"SE LO DEDIC\u00d3 A CFK: JORGE PINARELLO FUE DISTINGUIDO EN LA PLATA Y PROTAGONIZ\u00d3 UN CRUCE POL\u00cdTICO EN EL CONCEJO - Primereando","og_description":"El creador de \u201cTe Lo Resumo As\u00ed Nom\u00e1s\u201d recibi\u00f3 el reconocimiento como Personalidad Destacada de la Cultura. Durante su discurso le dedic\u00f3 la distinci\u00f3n a Cristina Kirchner y tuvo un intercambio con el concejal del PRO Nicol\u00e1s Morzone. El youtuber platense Jorge Pinarello fue reconocido este jueves por el Concejo Deliberante de La Plata como [&hellip;]","og_url":"https:\/\/primereando.com.ar\/index.php\/2026\/09\/04\/se-lo-dedico-a-cfk-jorge-pinarello-fue-distinguido-en-la-plata-y-protagonizo-un-cruce-politico-en-el-concejo\/126542\/","og_site_name":"Primereando","article_published_time":"2026-09-04T13:41:03+00:00","article_modified_time":"2026-09-04T13:41:32+00:00","og_image":[{"width":1300,"height":730,"url":"https:\/\/primereando.com.ar\/wp-content\/uploads\/2026\/09\/JORGE-PINARELLO.jpg","type":"image\/jpeg"}],"author":"Riso","twitter_card":"summary_large_image","twitter_misc":{"Escrito por":"Riso","Tiempo de lectura":"2 minutos"},"schema":{"@context":"https:\/\/schema.org","@graph":[{"@type":"Article","@id":"https:\/\/primereando.com.ar\/index.php\/2026\/09\/04\/se-lo-dedico-a-cfk-jorge-pinarello-fue-distinguido-en-la-plata-y-protagonizo-un-cruce-politico-en-el-concejo\/126542\/#article","isPartOf":{"@id":"https:\/\/primereando.com.ar\/index.php\/2026\/09\/04\/se-lo-dedico-a-cfk-jorge-pinarello-fue-distinguido-en-la-plata-y-protagonizo-un-cruce-politico-en-el-concejo\/126542\/"},"author":{"name":"Riso","@id":"https:\/\/primereando.com.ar\/#\/schema\/person\/067c4b82d8a22080e3d78cb85a73986d"},"headline":"SE LO DEDIC\u00d3 A CFK: JORGE PINARELLO FUE DISTINGUIDO EN LA PLATA Y PROTAGONIZ\u00d3 UN CRUCE POL\u00cdTICO EN EL CONCEJO","datePublished":"2026-09-04T13:41:03+00:00","dateModified":"2026-09-04T13:41:32+00:00","mainEntityOfPage":{"@id":"https:\/\/primereando.com.ar\/index.php\/2026\/09\/04\/se-lo-dedico-a-cfk-jorge-pinarello-fue-distinguido-en-la-plata-y-protagonizo-un-cruce-politico-en-el-concejo\/126542\/"},"wordCount":433,"publisher":{"@id":"https:\/\/primereando.com.ar\/#organization"},"image":{"@id":"https:\/\/primereando.com.ar\/index.php\/2026\/09\/04\/se-lo-dedico-a-cfk-jorge-pinarello-fue-distinguido-en-la-plata-y-protagonizo-un-cruce-politico-en-el-concejo\/126542\/#primaryimage"},"thumbnailUrl":"https:\/\/primereando.com.ar\/wp-content\/uploads\/2026\/09\/JORGE-PINARELLO.jpg","articleSection":["Buenos Aires","Sociedad"],"inLanguage":"es-AR"},{"@type":"WebPage","@id":"https:\/\/primereando.com.ar\/index.php\/2026\/09\/04\/se-lo-dedico-a-cfk-jorge-pinarello-fue-distinguido-en-la-plata-y-protagonizo-un-cruce-politico-en-el-concejo\/126542\/","url":"https:\/\/primereando.com.ar\/index.php\/2026\/09\/04\/se-lo-dedico-a-cfk-jorge-pinarello-fue-distinguido-en-la-plata-y-protagonizo-un-cruce-politico-en-el-concejo\/126542\/","name":"SE LO DEDIC\u00d3 A CFK: JORGE PINARELLO FUE DISTINGUIDO EN LA PLATA Y PROTAGONIZ\u00d3 UN CRUCE POL\u00cdTICO EN EL CONCEJO - Primereando","isPartOf":{"@id":"https:\/\/primereando.com.ar\/#website"},"primaryImageOfPage":{"@id":"https:\/\/primereando.com.ar\/index.php\/2026\/09\/04\/se-lo-dedico-a-cfk-jorge-pinarello-fue-distinguido-en-la-plata-y-protagonizo-un-cruce-politico-en-el-concejo\/126542\/#primaryimage"},"image":{"@id":"https:\/\/primereando.com.ar\/index.php\/2026\/09\/04\/se-lo-dedico-a-cfk-jorge-pinarello-fue-distinguido-en-la-plata-y-protagonizo-un-cruce-politico-en-el-concejo\/126542\/#primaryimage"},"thumbnailUrl":"https:\/\/primereando.com.ar\/wp-content\/uploads\/2026\/09\/JORGE-PINARELLO.jpg","datePublished":"2026-09-04T13:41:03+00:00","dateModified":"2026-09-04T13:41:32+00:00","breadcrumb":{"@id":"https:\/\/primereando.com.ar\/index.php\/2026\/09\/04\/se-lo-dedico-a-cfk-jorge-pinarello-fue-distinguido-en-la-plata-y-protagonizo-un-cruce-politico-en-el-concejo\/126542\/#breadcrumb"},"inLanguage":"es-AR","potentialAction":[{"@type":"ReadAction","target":["https:\/\/primereando.com.ar\/index.php\/2026\/09\/04\/se-lo-dedico-a-cfk-jorge-pinarello-fue-distinguido-en-la-plata-y-protagonizo-un-cruce-politico-en-el-concejo\/126542\/"]}]},{"@type":"ImageObject","inLanguage":"es-AR","@id":"https:\/\/primereando.com.ar\/index.php\/2026\/09\/04\/se-lo-dedico-a-cfk-jorge-pinarello-fue-distinguido-en-la-plata-y-protagonizo-un-cruce-politico-en-el-concejo\/126542\/#primaryimage","url":"https:\/\/primereando.com.ar\/wp-content\/uploads\/2026\/09\/JORGE-PINARELLO.jpg","contentUrl":"https:\/\/primereando.com.ar\/wp-content\/uploads\/2026\/09\/JORGE-PINARELLO.jpg","width":1300,"height":730},{"@type":"BreadcrumbList","@id":"https:\/\/primereando.com.ar\/index.php\/2026\/09\/04\/se-lo-dedico-a-cfk-jorge-pinarello-fue-distinguido-en-la-plata-y-protagonizo-un-cruce-politico-en-el-concejo\/126542\/#breadcrumb","itemListElement":[{"@type":"ListItem","position":1,"name":"Inicio","item":"https:\/\/primereando.com.ar\/"},{"@type":"ListItem","position":2,"name":"SE LO DEDIC\u00d3 A CFK: JORGE PINARELLO FUE DISTINGUIDO EN LA PLATA Y PROTAGONIZ\u00d3 UN CRUCE POL\u00cdTICO EN EL CONCEJO"}]},{"@type":"WebSite","@id":"https:\/\/primereando.com.ar\/#website","url":"https:\/\/primereando.com.ar\/","name":"Primereando","description":"Portal de noticias de la Provincia de Buenos Aires","publisher":{"@id":"https:\/\/primereando.com.ar\/#organization"},"potentialAction":[{"@type":"SearchAction","target":{"@type":"EntryPoint","urlTemplate":"https:\/\/primereando.com.ar\/?s={search_term_string}"},"query-input":{"@type":"PropertyValueSpecification","valueRequired":true,"valueName":"search_term_string"}}],"inLanguage":"es-AR"},{"@type":"Organization","@id":"https:\/\/primereando.com.ar\/#organization","name":"Primereando","url":"https:\/\/primereando.com.ar\/","logo":{"@type":"ImageObject","inLanguage":"es-AR","@id":"https:\/\/primereando.com.ar\/#\/schema\/logo\/image\/","url":"https:\/\/primereando.com.ar\/wp-content\/uploads\/2021\/12\/primereando-logo.png","contentUrl":"https:\/\/primereando.com.ar\/wp-content\/uploads\/2021\/12\/primereando-logo.png","width":360,"height":96,"caption":"Primereando"},"image":{"@id":"https:\/\/primereando.com.ar\/#\/schema\/logo\/image\/"}},{"@type":"Person","@id":"https:\/\/primereando.com.ar\/#\/schema\/person\/067c4b82d8a22080e3d78cb85a73986d","name":"Riso","image":{"@type":"ImageObject","inLanguage":"es-AR","@id":"https:\/\/secure.gravatar.com\/avatar\/b8a29b1cb80c18109fbc4f4f76150b29d5a28fa492bc41c870351ccfbbabbeef?s=96&d=blank&r=g","url":"https:\/\/secure.gravatar.com\/avatar\/b8a29b1cb80c18109fbc4f4f76150b29d5a28fa492bc41c870351ccfbbabbeef?s=96&d=blank&r=g","contentUrl":"https:\/\/secure.gravatar.com\/avatar\/b8a29b1cb80c18109fbc4f4f76150b29d5a28fa492bc41c870351ccfbbabbeef?s=96&d=blank&r=g","caption":"Riso"},"url":"https:\/\/primereando.com.ar\/index.php\/author\/riso\/"}]}},"_links":{"self":[{"href":"https:\/\/primereando.com.ar\/index.php\/wp-json\/wp\/v2\/posts\/126542","targetHints":{"allow":["GET"]}}],"collection":[{"href":"https:\/\/primereando.com.ar\/index.php\/wp-json\/wp\/v2\/posts"}],"about":[{"href":"https:\/\/primereando.com.ar\/index.php\/wp-json\/wp\/v2\/types\/post"}],"author":[{"embeddable":true,"href":"https:\/\/primereando.com.ar\/index.php\/wp-json\/wp\/v2\/users\/7"}],"replies":[{"embeddable":true,"href":"https:\/\/primereando.com.ar\/index.php\/wp-json\/wp\/v2\/comments?post=126542"}],"version-history":[{"count":1,"href":"https:\/\/primereando.com.ar\/index.php\/wp-json\/wp\/v2\/posts\/126542\/revisions"}],"predecessor-version":[{"id":126544,"href":"https:\/\/primereando.com.ar\/index.php\/wp-json\/wp\/v2\/posts\/126542\/revisions\/126544"}],"wp:featuredmedia":[{"embeddable":true,"href":"https:\/\/primereando.com.ar\/index.php\/wp-json\/wp\/v2\/media\/126543"}],"wp:attachment":[{"href":"https:\/\/primereando.com.ar\/index.php\/wp-json\/wp\/v2\/media?parent=126542"}],"wp:term":[{"taxonomy":"category","embeddable":true,"href":"https:\/\/primereando.com.ar\/index.php\/wp-json\/wp\/v2\/categories?post=126542"},{"taxonomy":"post_tag","embeddable":true,"href":"https:\/\/primereando.com.ar\/index.php\/wp-json\/wp\/v2\/tags?post=126542"}],"curies":[{"name":"wp","href":"https:\/\/api.w.org\/{rel}","templated":true}]}}