{"id":126545,"date":"2026-09-04T13:29:58","date_gmt":"2026-09-04T16:29:58","guid":{"rendered":"https:\/\/primereando.com.ar\/?p=126545"},"modified":"2026-09-04T13:29:59","modified_gmt":"2026-09-04T16:29:59","slug":"milei-anuncio-una-base-naval-pero-se-olvido-de-decir-que-el-no-ejecuto-el-presupuesto-que-dejo-alberto","status":"publish","type":"post","link":"https:\/\/primereando.com.ar\/index.php\/2026\/09\/04\/milei-anuncio-una-base-naval-pero-se-olvido-de-decir-que-el-no-ejecuto-el-presupuesto-que-dejo-alberto\/126545\/","title":{"rendered":"Milei anunci\u00f3 una base naval pero se olvid\u00f3 de decir que \u00e9l no ejecut\u00f3 el presupuesto que dej\u00f3 Alberto"},"content":{"rendered":"\n<p class=\"wp-block-paragraph\">El presidente Javier Milei anunci\u00f3 la construcci\u00f3n de una base naval en Tierra del Fuego pero se olvid\u00f3 de mencionar que el proyecto de base ya fue presentado por la administraci\u00f3n de Alberto Fern\u00e1ndez y dej\u00f3 presupuesto para financiarlo. Fue Milei el que nunca ejecut\u00f3 ese presupuesto. <\/p>\n\n\n\n<p class=\"wp-block-paragraph\">Lo que no mencion\u00f3 Milei en la cadena nacional donde cambi\u00f3 su postura sobre Malvinas es que la piedra inicial de la base en Tierra del Fuego fue en 2022 y parte de ese proyecto original iba a estar financiado por el FONDEF. Todo eso fue gesti\u00f3n de Alberto Fern\u00e1ndez. <\/p>\n\n\n\n<p class=\"wp-block-paragraph\">Cuando Milei asumi\u00f3 decidi\u00f3 no ejecutar el presupuesto asignao que hubiera hecho que la base estuviera en otro nivel de construcci\u00f3n en la actualidad. Por suerte, su posici\u00f3n cambi\u00f3 luego de la bandera de la selecci\u00f3n argentina durante el mundial. <\/p>\n","protected":false},"excerpt":{"rendered":"<p>El presidente Javier Milei anunci\u00f3 la construcci\u00f3n de una base naval en Tierra del Fuego pero se olvid\u00f3 de mencionar que el proyecto de base ya fue presentado por la administraci\u00f3n de Alberto Fern\u00e1ndez y dej\u00f3 presupuesto para financiarlo. Fue Milei el que nunca ejecut\u00f3 ese presupuesto. Lo que no mencion\u00f3 Milei en la cadena [&hellip;]<\/p>\n","protected":false},"author":4,"featured_media":126448,"comment_status":"closed","ping_status":"closed","sticky":false,"template":"","format":"standard","meta":{"footnotes":""},"categories":[5],"tags":[],"class_list":["post-126545","post","type-post","status-publish","format-standard","has-post-thumbnail","hentry","category-actualidad"],"yoast_head":"<!-- This site is optimized with the Yoast SEO plugin v28.4 - https:\/\/yoast.com\/product\/yoast-seo-wordpress\/ -->\n<title>Milei anunci\u00f3 una base naval pero se olvid\u00f3 de decir que \u00e9l no ejecut\u00f3 el presupuesto que dej\u00f3 Alberto - Primereando<\/title>\n<meta name=\"robots\" content=\"index, follow, max-snippet:-1, max-image-preview:large, max-video-preview:-1\" \/>\n<link rel=\"canonical\" href=\"https:\/\/primereando.com.ar\/index.php\/2026\/09\/04\/milei-anuncio-una-base-naval-pero-se-olvido-de-decir-que-el-no-ejecuto-el-presupuesto-que-dejo-alberto\/126545\/\" \/>\n<meta property=\"og:locale\" content=\"es_ES\" \/>\n<meta property=\"og:type\" content=\"article\" \/>\n<meta property=\"og:title\" content=\"Milei anunci\u00f3 una base naval pero se olvid\u00f3 de decir que \u00e9l no ejecut\u00f3 el presupuesto que dej\u00f3 Alberto - Primereando\" \/>\n<meta property=\"og:description\" content=\"El presidente Javier Milei anunci\u00f3 la construcci\u00f3n de una base naval en Tierra del Fuego pero se olvid\u00f3 de mencionar que el proyecto de base ya fue presentado por la administraci\u00f3n de Alberto Fern\u00e1ndez y dej\u00f3 presupuesto para financiarlo. Fue Milei el que nunca ejecut\u00f3 ese presupuesto. Lo que no mencion\u00f3 Milei en la cadena [&hellip;]\" \/>\n<meta property=\"og:url\" content=\"https:\/\/primereando.com.ar\/index.php\/2026\/09\/04\/milei-anuncio-una-base-naval-pero-se-olvido-de-decir-que-el-no-ejecuto-el-presupuesto-que-dejo-alberto\/126545\/\" \/>\n<meta property=\"og:site_name\" content=\"Primereando\" \/>\n<meta property=\"article:published_time\" content=\"2026-09-04T16:29:58+00:00\" \/>\n<meta property=\"article:modified_time\" content=\"2026-09-04T16:29:59+00:00\" \/>\n<meta property=\"og:image\" content=\"https:\/\/primereando.com.ar\/wp-content\/uploads\/2026\/08\/Milei-es-gay.webp\" \/>\n\t<meta property=\"og:image:width\" content=\"1000\" \/>\n\t<meta property=\"og:image:height\" content=\"750\" \/>\n\t<meta property=\"og:image:type\" content=\"image\/webp\" \/>\n<meta name=\"author\" content=\"Quique\" \/>\n<meta name=\"twitter:card\" content=\"summary_large_image\" \/>\n<meta name=\"twitter:label1\" content=\"Escrito por\" \/>\n\t<meta name=\"twitter:data1\" content=\"Quique\" \/>\n\t<meta name=\"twitter:label2\" content=\"Tiempo de lectura\" \/>\n\t<meta name=\"twitter:data2\" content=\"1 minuto\" \/>\n<script type=\"application\/ld+json\" class=\"yoast-schema-graph\">{\"@context\":\"https:\\\/\\\/schema.org\",\"@graph\":[{\"@type\":\"Article\",\"@id\":\"https:\\\/\\\/primereando.com.ar\\\/index.php\\\/2026\\\/09\\\/04\\\/milei-anuncio-una-base-naval-pero-se-olvido-de-decir-que-el-no-ejecuto-el-presupuesto-que-dejo-alberto\\\/126545\\\/#article\",\"isPartOf\":{\"@id\":\"https:\\\/\\\/primereando.com.ar\\\/index.php\\\/2026\\\/09\\\/04\\\/milei-anuncio-una-base-naval-pero-se-olvido-de-decir-que-el-no-ejecuto-el-presupuesto-que-dejo-alberto\\\/126545\\\/\"},\"author\":{\"name\":\"Quique\",\"@id\":\"https:\\\/\\\/primereando.com.ar\\\/#\\\/schema\\\/person\\\/4e63931e01f10f9b83b868233258d3d3\"},\"headline\":\"Milei anunci\u00f3 una base naval pero se olvid\u00f3 de decir que \u00e9l no ejecut\u00f3 el presupuesto que dej\u00f3 Alberto\",\"datePublished\":\"2026-09-04T16:29:58+00:00\",\"dateModified\":\"2026-09-04T16:29:59+00:00\",\"mainEntityOfPage\":{\"@id\":\"https:\\\/\\\/primereando.com.ar\\\/index.php\\\/2026\\\/09\\\/04\\\/milei-anuncio-una-base-naval-pero-se-olvido-de-decir-que-el-no-ejecuto-el-presupuesto-que-dejo-alberto\\\/126545\\\/\"},\"wordCount\":163,\"publisher\":{\"@id\":\"https:\\\/\\\/primereando.com.ar\\\/#organization\"},\"image\":{\"@id\":\"https:\\\/\\\/primereando.com.ar\\\/index.php\\\/2026\\\/09\\\/04\\\/milei-anuncio-una-base-naval-pero-se-olvido-de-decir-que-el-no-ejecuto-el-presupuesto-que-dejo-alberto\\\/126545\\\/#primaryimage\"},\"thumbnailUrl\":\"https:\\\/\\\/primereando.com.ar\\\/wp-content\\\/uploads\\\/2026\\\/08\\\/Milei-es-gay.webp\",\"articleSection\":[\"Actualidad\"],\"inLanguage\":\"es-AR\"},{\"@type\":\"WebPage\",\"@id\":\"https:\\\/\\\/primereando.com.ar\\\/index.php\\\/2026\\\/09\\\/04\\\/milei-anuncio-una-base-naval-pero-se-olvido-de-decir-que-el-no-ejecuto-el-presupuesto-que-dejo-alberto\\\/126545\\\/\",\"url\":\"https:\\\/\\\/primereando.com.ar\\\/index.php\\\/2026\\\/09\\\/04\\\/milei-anuncio-una-base-naval-pero-se-olvido-de-decir-que-el-no-ejecuto-el-presupuesto-que-dejo-alberto\\\/126545\\\/\",\"name\":\"Milei anunci\u00f3 una base naval pero se olvid\u00f3 de decir que \u00e9l no ejecut\u00f3 el presupuesto que dej\u00f3 Alberto - Primereando\",\"isPartOf\":{\"@id\":\"https:\\\/\\\/primereando.com.ar\\\/#website\"},\"primaryImageOfPage\":{\"@id\":\"https:\\\/\\\/primereando.com.ar\\\/index.php\\\/2026\\\/09\\\/04\\\/milei-anuncio-una-base-naval-pero-se-olvido-de-decir-que-el-no-ejecuto-el-presupuesto-que-dejo-alberto\\\/126545\\\/#primaryimage\"},\"image\":{\"@id\":\"https:\\\/\\\/primereando.com.ar\\\/index.php\\\/2026\\\/09\\\/04\\\/milei-anuncio-una-base-naval-pero-se-olvido-de-decir-que-el-no-ejecuto-el-presupuesto-que-dejo-alberto\\\/126545\\\/#primaryimage\"},\"thumbnailUrl\":\"https:\\\/\\\/primereando.com.ar\\\/wp-content\\\/uploads\\\/2026\\\/08\\\/Milei-es-gay.webp\",\"datePublished\":\"2026-09-04T16:29:58+00:00\",\"dateModified\":\"2026-09-04T16:29:59+00:00\",\"breadcrumb\":{\"@id\":\"https:\\\/\\\/primereando.com.ar\\\/index.php\\\/2026\\\/09\\\/04\\\/milei-anuncio-una-base-naval-pero-se-olvido-de-decir-que-el-no-ejecuto-el-presupuesto-que-dejo-alberto\\\/126545\\\/#breadcrumb\"},\"inLanguage\":\"es-AR\",\"potentialAction\":[{\"@type\":\"ReadAction\",\"target\":[\"https:\\\/\\\/primereando.com.ar\\\/index.php\\\/2026\\\/09\\\/04\\\/milei-anuncio-una-base-naval-pero-se-olvido-de-decir-que-el-no-ejecuto-el-presupuesto-que-dejo-alberto\\\/126545\\\/\"]}]},{\"@type\":\"ImageObject\",\"inLanguage\":\"es-AR\",\"@id\":\"https:\\\/\\\/primereando.com.ar\\\/index.php\\\/2026\\\/09\\\/04\\\/milei-anuncio-una-base-naval-pero-se-olvido-de-decir-que-el-no-ejecuto-el-presupuesto-que-dejo-alberto\\\/126545\\\/#primaryimage\",\"url\":\"https:\\\/\\\/primereando.com.ar\\\/wp-content\\\/uploads\\\/2026\\\/08\\\/Milei-es-gay.webp\",\"contentUrl\":\"https:\\\/\\\/primereando.com.ar\\\/wp-content\\\/uploads\\\/2026\\\/08\\\/Milei-es-gay.webp\",\"width\":1000,\"height\":750},{\"@type\":\"BreadcrumbList\",\"@id\":\"https:\\\/\\\/primereando.com.ar\\\/index.php\\\/2026\\\/09\\\/04\\\/milei-anuncio-una-base-naval-pero-se-olvido-de-decir-que-el-no-ejecuto-el-presupuesto-que-dejo-alberto\\\/126545\\\/#breadcrumb\",\"itemListElement\":[{\"@type\":\"ListItem\",\"position\":1,\"name\":\"Inicio\",\"item\":\"https:\\\/\\\/primereando.com.ar\\\/\"},{\"@type\":\"ListItem\",\"position\":2,\"name\":\"Milei anunci\u00f3 una base naval pero se olvid\u00f3 de decir que \u00e9l no ejecut\u00f3 el presupuesto que dej\u00f3 Alberto\"}]},{\"@type\":\"WebSite\",\"@id\":\"https:\\\/\\\/primereando.com.ar\\\/#website\",\"url\":\"https:\\\/\\\/primereando.com.ar\\\/\",\"name\":\"Primereando\",\"description\":\"Portal de noticias de la Provincia de Buenos Aires\",\"publisher\":{\"@id\":\"https:\\\/\\\/primereando.com.ar\\\/#organization\"},\"potentialAction\":[{\"@type\":\"SearchAction\",\"target\":{\"@type\":\"EntryPoint\",\"urlTemplate\":\"https:\\\/\\\/primereando.com.ar\\\/?s={search_term_string}\"},\"query-input\":{\"@type\":\"PropertyValueSpecification\",\"valueRequired\":true,\"valueName\":\"search_term_string\"}}],\"inLanguage\":\"es-AR\"},{\"@type\":\"Organization\",\"@id\":\"https:\\\/\\\/primereando.com.ar\\\/#organization\",\"name\":\"Primereando\",\"url\":\"https:\\\/\\\/primereando.com.ar\\\/\",\"logo\":{\"@type\":\"ImageObject\",\"inLanguage\":\"es-AR\",\"@id\":\"https:\\\/\\\/primereando.com.ar\\\/#\\\/schema\\\/logo\\\/image\\\/\",\"url\":\"https:\\\/\\\/primereando.com.ar\\\/wp-content\\\/uploads\\\/2021\\\/12\\\/primereando-logo.png\",\"contentUrl\":\"https:\\\/\\\/primereando.com.ar\\\/wp-content\\\/uploads\\\/2021\\\/12\\\/primereando-logo.png\",\"width\":360,\"height\":96,\"caption\":\"Primereando\"},\"image\":{\"@id\":\"https:\\\/\\\/primereando.com.ar\\\/#\\\/schema\\\/logo\\\/image\\\/\"}},{\"@type\":\"Person\",\"@id\":\"https:\\\/\\\/primereando.com.ar\\\/#\\\/schema\\\/person\\\/4e63931e01f10f9b83b868233258d3d3\",\"name\":\"Quique\",\"image\":{\"@type\":\"ImageObject\",\"inLanguage\":\"es-AR\",\"@id\":\"https:\\\/\\\/secure.gravatar.com\\\/avatar\\\/b59b9a051963473b9167e1994f9d9bceb0bfcf81b12fa216e38bdbf315e58be9?s=96&d=blank&r=g\",\"url\":\"https:\\\/\\\/secure.gravatar.com\\\/avatar\\\/b59b9a051963473b9167e1994f9d9bceb0bfcf81b12fa216e38bdbf315e58be9?s=96&d=blank&r=g\",\"contentUrl\":\"https:\\\/\\\/secure.gravatar.com\\\/avatar\\\/b59b9a051963473b9167e1994f9d9bceb0bfcf81b12fa216e38bdbf315e58be9?s=96&d=blank&r=g\",\"caption\":\"Quique\"},\"url\":\"https:\\\/\\\/primereando.com.ar\\\/index.php\\\/author\\\/quique\\\/\"}]}<\/script>\n<!-- \/ Yoast SEO plugin. -->","yoast_head_json":{"title":"Milei anunci\u00f3 una base naval pero se olvid\u00f3 de decir que \u00e9l no ejecut\u00f3 el presupuesto que dej\u00f3 Alberto - Primereando","robots":{"index":"index","follow":"follow","max-snippet":"max-snippet:-1","max-image-preview":"max-image-preview:large","max-video-preview":"max-video-preview:-1"},"canonical":"https:\/\/primereando.com.ar\/index.php\/2026\/09\/04\/milei-anuncio-una-base-naval-pero-se-olvido-de-decir-que-el-no-ejecuto-el-presupuesto-que-dejo-alberto\/126545\/","og_locale":"es_ES","og_type":"article","og_title":"Milei anunci\u00f3 una base naval pero se olvid\u00f3 de decir que \u00e9l no ejecut\u00f3 el presupuesto que dej\u00f3 Alberto - Primereando","og_description":"El presidente Javier Milei anunci\u00f3 la construcci\u00f3n de una base naval en Tierra del Fuego pero se olvid\u00f3 de mencionar que el proyecto de base ya fue presentado por la administraci\u00f3n de Alberto Fern\u00e1ndez y dej\u00f3 presupuesto para financiarlo. Fue Milei el que nunca ejecut\u00f3 ese presupuesto. Lo que no mencion\u00f3 Milei en la cadena [&hellip;]","og_url":"https:\/\/primereando.com.ar\/index.php\/2026\/09\/04\/milei-anuncio-una-base-naval-pero-se-olvido-de-decir-que-el-no-ejecuto-el-presupuesto-que-dejo-alberto\/126545\/","og_site_name":"Primereando","article_published_time":"2026-09-04T16:29:58+00:00","article_modified_time":"2026-09-04T16:29:59+00:00","og_image":[{"width":1000,"height":750,"url":"https:\/\/primereando.com.ar\/wp-content\/uploads\/2026\/08\/Milei-es-gay.webp","type":"image\/webp"}],"author":"Quique","twitter_card":"summary_large_image","twitter_misc":{"Escrito por":"Quique","Tiempo de lectura":"1 minuto"},"schema":{"@context":"https:\/\/schema.org","@graph":[{"@type":"Article","@id":"https:\/\/primereando.com.ar\/index.php\/2026\/09\/04\/milei-anuncio-una-base-naval-pero-se-olvido-de-decir-que-el-no-ejecuto-el-presupuesto-que-dejo-alberto\/126545\/#article","isPartOf":{"@id":"https:\/\/primereando.com.ar\/index.php\/2026\/09\/04\/milei-anuncio-una-base-naval-pero-se-olvido-de-decir-que-el-no-ejecuto-el-presupuesto-que-dejo-alberto\/126545\/"},"author":{"name":"Quique","@id":"https:\/\/primereando.com.ar\/#\/schema\/person\/4e63931e01f10f9b83b868233258d3d3"},"headline":"Milei anunci\u00f3 una base naval pero se olvid\u00f3 de decir que \u00e9l no ejecut\u00f3 el presupuesto que dej\u00f3 Alberto","datePublished":"2026-09-04T16:29:58+00:00","dateModified":"2026-09-04T16:29:59+00:00","mainEntityOfPage":{"@id":"https:\/\/primereando.com.ar\/index.php\/2026\/09\/04\/milei-anuncio-una-base-naval-pero-se-olvido-de-decir-que-el-no-ejecuto-el-presupuesto-que-dejo-alberto\/126545\/"},"wordCount":163,"publisher":{"@id":"https:\/\/primereando.com.ar\/#organization"},"image":{"@id":"https:\/\/primereando.com.ar\/index.php\/2026\/09\/04\/milei-anuncio-una-base-naval-pero-se-olvido-de-decir-que-el-no-ejecuto-el-presupuesto-que-dejo-alberto\/126545\/#primaryimage"},"thumbnailUrl":"https:\/\/primereando.com.ar\/wp-content\/uploads\/2026\/08\/Milei-es-gay.webp","articleSection":["Actualidad"],"inLanguage":"es-AR"},{"@type":"WebPage","@id":"https:\/\/primereando.com.ar\/index.php\/2026\/09\/04\/milei-anuncio-una-base-naval-pero-se-olvido-de-decir-que-el-no-ejecuto-el-presupuesto-que-dejo-alberto\/126545\/","url":"https:\/\/primereando.com.ar\/index.php\/2026\/09\/04\/milei-anuncio-una-base-naval-pero-se-olvido-de-decir-que-el-no-ejecuto-el-presupuesto-que-dejo-alberto\/126545\/","name":"Milei anunci\u00f3 una base naval pero se olvid\u00f3 de decir que \u00e9l no ejecut\u00f3 el presupuesto que dej\u00f3 Alberto - Primereando","isPartOf":{"@id":"https:\/\/primereando.com.ar\/#website"},"primaryImageOfPage":{"@id":"https:\/\/primereando.com.ar\/index.php\/2026\/09\/04\/milei-anuncio-una-base-naval-pero-se-olvido-de-decir-que-el-no-ejecuto-el-presupuesto-que-dejo-alberto\/126545\/#primaryimage"},"image":{"@id":"https:\/\/primereando.com.ar\/index.php\/2026\/09\/04\/milei-anuncio-una-base-naval-pero-se-olvido-de-decir-que-el-no-ejecuto-el-presupuesto-que-dejo-alberto\/126545\/#primaryimage"},"thumbnailUrl":"https:\/\/primereando.com.ar\/wp-content\/uploads\/2026\/08\/Milei-es-gay.webp","datePublished":"2026-09-04T16:29:58+00:00","dateModified":"2026-09-04T16:29:59+00:00","breadcrumb":{"@id":"https:\/\/primereando.com.ar\/index.php\/2026\/09\/04\/milei-anuncio-una-base-naval-pero-se-olvido-de-decir-que-el-no-ejecuto-el-presupuesto-que-dejo-alberto\/126545\/#breadcrumb"},"inLanguage":"es-AR","potentialAction":[{"@type":"ReadAction","target":["https:\/\/primereando.com.ar\/index.php\/2026\/09\/04\/milei-anuncio-una-base-naval-pero-se-olvido-de-decir-que-el-no-ejecuto-el-presupuesto-que-dejo-alberto\/126545\/"]}]},{"@type":"ImageObject","inLanguage":"es-AR","@id":"https:\/\/primereando.com.ar\/index.php\/2026\/09\/04\/milei-anuncio-una-base-naval-pero-se-olvido-de-decir-que-el-no-ejecuto-el-presupuesto-que-dejo-alberto\/126545\/#primaryimage","url":"https:\/\/primereando.com.ar\/wp-content\/uploads\/2026\/08\/Milei-es-gay.webp","contentUrl":"https:\/\/primereando.com.ar\/wp-content\/uploads\/2026\/08\/Milei-es-gay.webp","width":1000,"height":750},{"@type":"BreadcrumbList","@id":"https:\/\/primereando.com.ar\/index.php\/2026\/09\/04\/milei-anuncio-una-base-naval-pero-se-olvido-de-decir-que-el-no-ejecuto-el-presupuesto-que-dejo-alberto\/126545\/#breadcrumb","itemListElement":[{"@type":"ListItem","position":1,"name":"Inicio","item":"https:\/\/primereando.com.ar\/"},{"@type":"ListItem","position":2,"name":"Milei anunci\u00f3 una base naval pero se olvid\u00f3 de decir que \u00e9l no ejecut\u00f3 el presupuesto que dej\u00f3 Alberto"}]},{"@type":"WebSite","@id":"https:\/\/primereando.com.ar\/#website","url":"https:\/\/primereando.com.ar\/","name":"Primereando","description":"Portal de noticias de la Provincia de Buenos Aires","publisher":{"@id":"https:\/\/primereando.com.ar\/#organization"},"potentialAction":[{"@type":"SearchAction","target":{"@type":"EntryPoint","urlTemplate":"https:\/\/primereando.com.ar\/?s={search_term_string}"},"query-input":{"@type":"PropertyValueSpecification","valueRequired":true,"valueName":"search_term_string"}}],"inLanguage":"es-AR"},{"@type":"Organization","@id":"https:\/\/primereando.com.ar\/#organization","name":"Primereando","url":"https:\/\/primereando.com.ar\/","logo":{"@type":"ImageObject","inLanguage":"es-AR","@id":"https:\/\/primereando.com.ar\/#\/schema\/logo\/image\/","url":"https:\/\/primereando.com.ar\/wp-content\/uploads\/2021\/12\/primereando-logo.png","contentUrl":"https:\/\/primereando.com.ar\/wp-content\/uploads\/2021\/12\/primereando-logo.png","width":360,"height":96,"caption":"Primereando"},"image":{"@id":"https:\/\/primereando.com.ar\/#\/schema\/logo\/image\/"}},{"@type":"Person","@id":"https:\/\/primereando.com.ar\/#\/schema\/person\/4e63931e01f10f9b83b868233258d3d3","name":"Quique","image":{"@type":"ImageObject","inLanguage":"es-AR","@id":"https:\/\/secure.gravatar.com\/avatar\/b59b9a051963473b9167e1994f9d9bceb0bfcf81b12fa216e38bdbf315e58be9?s=96&d=blank&r=g","url":"https:\/\/secure.gravatar.com\/avatar\/b59b9a051963473b9167e1994f9d9bceb0bfcf81b12fa216e38bdbf315e58be9?s=96&d=blank&r=g","contentUrl":"https:\/\/secure.gravatar.com\/avatar\/b59b9a051963473b9167e1994f9d9bceb0bfcf81b12fa216e38bdbf315e58be9?s=96&d=blank&r=g","caption":"Quique"},"url":"https:\/\/primereando.com.ar\/index.php\/author\/quique\/"}]}},"_links":{"self":[{"href":"https:\/\/primereando.com.ar\/index.php\/wp-json\/wp\/v2\/posts\/126545","targetHints":{"allow":["GET"]}}],"collection":[{"href":"https:\/\/primereando.com.ar\/index.php\/wp-json\/wp\/v2\/posts"}],"about":[{"href":"https:\/\/primereando.com.ar\/index.php\/wp-json\/wp\/v2\/types\/post"}],"author":[{"embeddable":true,"href":"https:\/\/primereando.com.ar\/index.php\/wp-json\/wp\/v2\/users\/4"}],"replies":[{"embeddable":true,"href":"https:\/\/primereando.com.ar\/index.php\/wp-json\/wp\/v2\/comments?post=126545"}],"version-history":[{"count":1,"href":"https:\/\/primereando.com.ar\/index.php\/wp-json\/wp\/v2\/posts\/126545\/revisions"}],"predecessor-version":[{"id":126546,"href":"https:\/\/primereando.com.ar\/index.php\/wp-json\/wp\/v2\/posts\/126545\/revisions\/126546"}],"wp:featuredmedia":[{"embeddable":true,"href":"https:\/\/primereando.com.ar\/index.php\/wp-json\/wp\/v2\/media\/126448"}],"wp:attachment":[{"href":"https:\/\/primereando.com.ar\/index.php\/wp-json\/wp\/v2\/media?parent=126545"}],"wp:term":[{"taxonomy":"category","embeddable":true,"href":"https:\/\/primereando.com.ar\/index.php\/wp-json\/wp\/v2\/categories?post=126545"},{"taxonomy":"post_tag","embeddable":true,"href":"https:\/\/primereando.com.ar\/index.php\/wp-json\/wp\/v2\/tags?post=126545"}],"curies":[{"name":"wp","href":"https:\/\/api.w.org\/{rel}","templated":true}]}}