{"id":34471,"date":"2018-01-15T16:12:14","date_gmt":"2018-01-15T16:12:14","guid":{"rendered":""},"modified":"2018-01-15T16:12:14","modified_gmt":"2018-01-15T16:12:14","slug":"se-que-fui-preso-porque-intente-defender-los-intereses-de-las-mayorias-populares","status":"publish","type":"post","link":"https:\/\/primereando.com.ar\/index.php\/2018\/01\/15\/se-que-fui-preso-porque-intente-defender-los-intereses-de-las-mayorias-populares\/34471\/","title":{"rendered":"&#8220;S\u00e9 que fui preso porque intent\u00e9 defender los intereses de las mayor\u00edas populares&#8221;"},"content":{"rendered":"<p>El ex vicepresidente Amado Boudou brind&#xF3; una extensa entrevista a radio Del Plata a d&#xED;as de quedar en libertad.&#xA0;&quot;Estoy convencido de lo que hice y s&#xE9; por qu&#xE9; pas&#xF3; lo que pas&#xF3;&quot;, aclar&#xF3;. &quot;Fui preso porque intent&#xE9; defender los intereses de las mayor&#xED;as populares. Pero estoy muy convencido de todo lo que hicimos durante los gobiernos de N&#xE9;stor y Cristina&quot;,&#xA0;agreg&#xF3;.<\/p>\n<p>Sobre sus d&#xED;as en el penal de Ezeiza, Boudou se&#xF1;al&#xF3;:&#xA0;&quot;De 8 de la ma&#xF1;ana a las 19 pod&#xED;a salir de mi celda para armarme mi rutina. Despu&#xE9;s, sal&#xED;s de nuevo a las 20, hasta las 24. Despu&#xE9;s, est&#xE1;s &apos;engomado&apos;, como se dice adentro. No tuve ning&#xFA;n tipo de privilegio&quot;, describi&#xF3;.<\/p>\n<p>Adem&#xE1;s, cuestion&#xF3; al gobierno de Mauricio Macri: &quot;Este Gobierno prioriza a los sectores financieros y concentrados. Dicen que el sistema previsional no era sustentable. &#xBF;Es sustentable el pago de Lebacs? Est&#xE1; claro que no lo es&quot;, dijo.<\/p>\n<p>Adem&#xE1;s, se refiri&#xF3; al caso Ciccone: &quot;La declaraci&#xF3;n de Alejandro Vandenbrole empez&#xF3; a poner arriba del tapete la verdadera historia de Ciccone. Siempre dijimos, desde el principio, que se me adjudicaba la compra de una empresa que era de otras personas. Hay que estudiar bien la situaci&#xF3;n. Se ha dicho que los Ciccone me dieron las acciones a mi, lo que es una mentira total. No quieren hacer la pericia contable que podr&#xED;a develar todo&quot;, advirti&#xF3;. &quot;Ahora los medios hegem&#xF3;nicos se olvidaron del tema, parece&quot;, ironiz&#xF3;.<\/p>\n<p>Por &#xFA;ltimo, elogi&#xF3; a la senadora nacional Cristina Fern&#xE1;ndez de Kirchner: &quot;Es un liderazgo impresionante, es reconocida en todo el mundo&quot;, sintetiz&#xF3;.<\/p>\n","protected":false},"excerpt":{"rendered":"<p>El ex vicepresidente Amado Boudou brind&#xF3; una extensa entrevista a radio Del Plata a d&#xED;as de quedar en libertad.&#xA0;&quot;Estoy convencido de lo que hice y s&#xE9; por qu&#xE9; pas&#xF3; lo que pas&#xF3;&quot;, aclar&#xF3;. &quot;Fui preso porque intent&#xE9; defender los intereses de las mayor&#xED;as populares. Pero estoy muy convencido de todo lo que hicimos durante los [&hellip;]<\/p>\n","protected":false},"author":0,"featured_media":0,"comment_status":"open","ping_status":"open","sticky":false,"template":"","format":"standard","meta":{"footnotes":""},"categories":[5],"tags":[5967,1966],"class_list":["post-34471","post","type-post","status-publish","format-standard","hentry","category-actualidad","tag-n-a","tag-amado-boudou"],"yoast_head":"<!-- This site is optimized with the Yoast SEO plugin v28.4 - https:\/\/yoast.com\/product\/yoast-seo-wordpress\/ -->\n<title>&quot;S\u00e9 que fui preso porque intent\u00e9 defender los intereses de las mayor\u00edas populares&quot; - Primereando<\/title>\n<meta name=\"robots\" content=\"index, follow, max-snippet:-1, max-image-preview:large, max-video-preview:-1\" \/>\n<link rel=\"canonical\" href=\"https:\/\/primereando.com.ar\/index.php\/2018\/01\/15\/se-que-fui-preso-porque-intente-defender-los-intereses-de-las-mayorias-populares\/34471\/\" \/>\n<meta property=\"og:locale\" content=\"es_ES\" \/>\n<meta property=\"og:type\" content=\"article\" \/>\n<meta property=\"og:title\" content=\"&quot;S\u00e9 que fui preso porque intent\u00e9 defender los intereses de las mayor\u00edas populares&quot; - Primereando\" \/>\n<meta property=\"og:description\" content=\"El ex vicepresidente Amado Boudou brind&#xF3; una extensa entrevista a radio Del Plata a d&#xED;as de quedar en libertad.&#xA0;&quot;Estoy convencido de lo que hice y s&#xE9; por qu&#xE9; pas&#xF3; lo que pas&#xF3;&quot;, aclar&#xF3;. &quot;Fui preso porque intent&#xE9; defender los intereses de las mayor&#xED;as populares. Pero estoy muy convencido de todo lo que hicimos durante los [&hellip;]\" \/>\n<meta property=\"og:url\" content=\"https:\/\/primereando.com.ar\/index.php\/2018\/01\/15\/se-que-fui-preso-porque-intente-defender-los-intereses-de-las-mayorias-populares\/34471\/\" \/>\n<meta property=\"og:site_name\" content=\"Primereando\" \/>\n<meta property=\"article:published_time\" content=\"2018-01-15T16:12:14+00:00\" \/>\n<meta property=\"og:image\" content=\"https:\/\/primereando.com.ar\/wp-content\/uploads\/5af3b111d8bdd92efd078bc1\/image.jpg\" \/>\n\t<meta property=\"og:image:width\" content=\"1\" \/>\n\t<meta property=\"og:image:height\" content=\"1\" \/>\n\t<meta property=\"og:image:type\" content=\"image\/jpeg\" \/>\n<meta name=\"twitter:card\" content=\"summary_large_image\" \/>\n<meta name=\"twitter:label1\" content=\"Tiempo de lectura\" \/>\n\t<meta name=\"twitter:data1\" content=\"2 minutos\" \/>\n<script type=\"application\/ld+json\" class=\"yoast-schema-graph\">{\"@context\":\"https:\\\/\\\/schema.org\",\"@graph\":[{\"@type\":\"Article\",\"@id\":\"https:\\\/\\\/primereando.com.ar\\\/index.php\\\/2018\\\/01\\\/15\\\/se-que-fui-preso-porque-intente-defender-los-intereses-de-las-mayorias-populares\\\/34471\\\/#article\",\"isPartOf\":{\"@id\":\"https:\\\/\\\/primereando.com.ar\\\/index.php\\\/2018\\\/01\\\/15\\\/se-que-fui-preso-porque-intente-defender-los-intereses-de-las-mayorias-populares\\\/34471\\\/\"},\"author\":{\"name\":\"\",\"@id\":\"\"},\"headline\":\"&#8220;S\u00e9 que fui preso porque intent\u00e9 defender los intereses de las mayor\u00edas populares&#8221;\",\"datePublished\":\"2018-01-15T16:12:14+00:00\",\"mainEntityOfPage\":{\"@id\":\"https:\\\/\\\/primereando.com.ar\\\/index.php\\\/2018\\\/01\\\/15\\\/se-que-fui-preso-porque-intente-defender-los-intereses-de-las-mayorias-populares\\\/34471\\\/\"},\"wordCount\":345,\"commentCount\":0,\"publisher\":{\"@id\":\"https:\\\/\\\/primereando.com.ar\\\/#organization\"},\"keywords\":[\"*\",\"Amado Boudou\"],\"articleSection\":[\"Actualidad\"],\"inLanguage\":\"es-AR\",\"potentialAction\":[{\"@type\":\"CommentAction\",\"name\":\"Comment\",\"target\":[\"https:\\\/\\\/primereando.com.ar\\\/index.php\\\/2018\\\/01\\\/15\\\/se-que-fui-preso-porque-intente-defender-los-intereses-de-las-mayorias-populares\\\/34471\\\/#respond\"]}]},{\"@type\":\"WebPage\",\"@id\":\"https:\\\/\\\/primereando.com.ar\\\/index.php\\\/2018\\\/01\\\/15\\\/se-que-fui-preso-porque-intente-defender-los-intereses-de-las-mayorias-populares\\\/34471\\\/\",\"url\":\"https:\\\/\\\/primereando.com.ar\\\/index.php\\\/2018\\\/01\\\/15\\\/se-que-fui-preso-porque-intente-defender-los-intereses-de-las-mayorias-populares\\\/34471\\\/\",\"name\":\"\\\"S\u00e9 que fui preso porque intent\u00e9 defender los intereses de las mayor\u00edas populares\\\" - Primereando\",\"isPartOf\":{\"@id\":\"https:\\\/\\\/primereando.com.ar\\\/#website\"},\"datePublished\":\"2018-01-15T16:12:14+00:00\",\"breadcrumb\":{\"@id\":\"https:\\\/\\\/primereando.com.ar\\\/index.php\\\/2018\\\/01\\\/15\\\/se-que-fui-preso-porque-intente-defender-los-intereses-de-las-mayorias-populares\\\/34471\\\/#breadcrumb\"},\"inLanguage\":\"es-AR\",\"potentialAction\":[{\"@type\":\"ReadAction\",\"target\":[\"https:\\\/\\\/primereando.com.ar\\\/index.php\\\/2018\\\/01\\\/15\\\/se-que-fui-preso-porque-intente-defender-los-intereses-de-las-mayorias-populares\\\/34471\\\/\"]}]},{\"@type\":\"BreadcrumbList\",\"@id\":\"https:\\\/\\\/primereando.com.ar\\\/index.php\\\/2018\\\/01\\\/15\\\/se-que-fui-preso-porque-intente-defender-los-intereses-de-las-mayorias-populares\\\/34471\\\/#breadcrumb\",\"itemListElement\":[{\"@type\":\"ListItem\",\"position\":1,\"name\":\"Inicio\",\"item\":\"https:\\\/\\\/primereando.com.ar\\\/\"},{\"@type\":\"ListItem\",\"position\":2,\"name\":\"&#8220;S\u00e9 que fui preso porque intent\u00e9 defender los intereses de las mayor\u00edas populares&#8221;\"}]},{\"@type\":\"WebSite\",\"@id\":\"https:\\\/\\\/primereando.com.ar\\\/#website\",\"url\":\"https:\\\/\\\/primereando.com.ar\\\/\",\"name\":\"Primereando\",\"description\":\"Portal de noticias de la Provincia de Buenos Aires\",\"publisher\":{\"@id\":\"https:\\\/\\\/primereando.com.ar\\\/#organization\"},\"potentialAction\":[{\"@type\":\"SearchAction\",\"target\":{\"@type\":\"EntryPoint\",\"urlTemplate\":\"https:\\\/\\\/primereando.com.ar\\\/?s={search_term_string}\"},\"query-input\":{\"@type\":\"PropertyValueSpecification\",\"valueRequired\":true,\"valueName\":\"search_term_string\"}}],\"inLanguage\":\"es-AR\"},{\"@type\":\"Organization\",\"@id\":\"https:\\\/\\\/primereando.com.ar\\\/#organization\",\"name\":\"Primereando\",\"url\":\"https:\\\/\\\/primereando.com.ar\\\/\",\"logo\":{\"@type\":\"ImageObject\",\"inLanguage\":\"es-AR\",\"@id\":\"https:\\\/\\\/primereando.com.ar\\\/#\\\/schema\\\/logo\\\/image\\\/\",\"url\":\"https:\\\/\\\/primereando.com.ar\\\/wp-content\\\/uploads\\\/2021\\\/12\\\/primereando-logo.png\",\"contentUrl\":\"https:\\\/\\\/primereando.com.ar\\\/wp-content\\\/uploads\\\/2021\\\/12\\\/primereando-logo.png\",\"width\":360,\"height\":96,\"caption\":\"Primereando\"},\"image\":{\"@id\":\"https:\\\/\\\/primereando.com.ar\\\/#\\\/schema\\\/logo\\\/image\\\/\"}}]}<\/script>\n<!-- \/ Yoast SEO plugin. -->","yoast_head_json":{"title":"\"S\u00e9 que fui preso porque intent\u00e9 defender los intereses de las mayor\u00edas populares\" - Primereando","robots":{"index":"index","follow":"follow","max-snippet":"max-snippet:-1","max-image-preview":"max-image-preview:large","max-video-preview":"max-video-preview:-1"},"canonical":"https:\/\/primereando.com.ar\/index.php\/2018\/01\/15\/se-que-fui-preso-porque-intente-defender-los-intereses-de-las-mayorias-populares\/34471\/","og_locale":"es_ES","og_type":"article","og_title":"\"S\u00e9 que fui preso porque intent\u00e9 defender los intereses de las mayor\u00edas populares\" - Primereando","og_description":"El ex vicepresidente Amado Boudou brind&#xF3; una extensa entrevista a radio Del Plata a d&#xED;as de quedar en libertad.&#xA0;&quot;Estoy convencido de lo que hice y s&#xE9; por qu&#xE9; pas&#xF3; lo que pas&#xF3;&quot;, aclar&#xF3;. &quot;Fui preso porque intent&#xE9; defender los intereses de las mayor&#xED;as populares. Pero estoy muy convencido de todo lo que hicimos durante los [&hellip;]","og_url":"https:\/\/primereando.com.ar\/index.php\/2018\/01\/15\/se-que-fui-preso-porque-intente-defender-los-intereses-de-las-mayorias-populares\/34471\/","og_site_name":"Primereando","article_published_time":"2018-01-15T16:12:14+00:00","og_image":[{"url":"https:\/\/primereando.com.ar\/wp-content\/uploads\/5af3b111d8bdd92efd078bc1\/image.jpg","width":1,"height":1,"type":"image\/jpeg"}],"twitter_card":"summary_large_image","twitter_misc":{"Tiempo de lectura":"2 minutos"},"schema":{"@context":"https:\/\/schema.org","@graph":[{"@type":"Article","@id":"https:\/\/primereando.com.ar\/index.php\/2018\/01\/15\/se-que-fui-preso-porque-intente-defender-los-intereses-de-las-mayorias-populares\/34471\/#article","isPartOf":{"@id":"https:\/\/primereando.com.ar\/index.php\/2018\/01\/15\/se-que-fui-preso-porque-intente-defender-los-intereses-de-las-mayorias-populares\/34471\/"},"author":{"name":"","@id":""},"headline":"&#8220;S\u00e9 que fui preso porque intent\u00e9 defender los intereses de las mayor\u00edas populares&#8221;","datePublished":"2018-01-15T16:12:14+00:00","mainEntityOfPage":{"@id":"https:\/\/primereando.com.ar\/index.php\/2018\/01\/15\/se-que-fui-preso-porque-intente-defender-los-intereses-de-las-mayorias-populares\/34471\/"},"wordCount":345,"commentCount":0,"publisher":{"@id":"https:\/\/primereando.com.ar\/#organization"},"keywords":["*","Amado Boudou"],"articleSection":["Actualidad"],"inLanguage":"es-AR","potentialAction":[{"@type":"CommentAction","name":"Comment","target":["https:\/\/primereando.com.ar\/index.php\/2018\/01\/15\/se-que-fui-preso-porque-intente-defender-los-intereses-de-las-mayorias-populares\/34471\/#respond"]}]},{"@type":"WebPage","@id":"https:\/\/primereando.com.ar\/index.php\/2018\/01\/15\/se-que-fui-preso-porque-intente-defender-los-intereses-de-las-mayorias-populares\/34471\/","url":"https:\/\/primereando.com.ar\/index.php\/2018\/01\/15\/se-que-fui-preso-porque-intente-defender-los-intereses-de-las-mayorias-populares\/34471\/","name":"\"S\u00e9 que fui preso porque intent\u00e9 defender los intereses de las mayor\u00edas populares\" - Primereando","isPartOf":{"@id":"https:\/\/primereando.com.ar\/#website"},"datePublished":"2018-01-15T16:12:14+00:00","breadcrumb":{"@id":"https:\/\/primereando.com.ar\/index.php\/2018\/01\/15\/se-que-fui-preso-porque-intente-defender-los-intereses-de-las-mayorias-populares\/34471\/#breadcrumb"},"inLanguage":"es-AR","potentialAction":[{"@type":"ReadAction","target":["https:\/\/primereando.com.ar\/index.php\/2018\/01\/15\/se-que-fui-preso-porque-intente-defender-los-intereses-de-las-mayorias-populares\/34471\/"]}]},{"@type":"BreadcrumbList","@id":"https:\/\/primereando.com.ar\/index.php\/2018\/01\/15\/se-que-fui-preso-porque-intente-defender-los-intereses-de-las-mayorias-populares\/34471\/#breadcrumb","itemListElement":[{"@type":"ListItem","position":1,"name":"Inicio","item":"https:\/\/primereando.com.ar\/"},{"@type":"ListItem","position":2,"name":"&#8220;S\u00e9 que fui preso porque intent\u00e9 defender los intereses de las mayor\u00edas populares&#8221;"}]},{"@type":"WebSite","@id":"https:\/\/primereando.com.ar\/#website","url":"https:\/\/primereando.com.ar\/","name":"Primereando","description":"Portal de noticias de la Provincia de Buenos Aires","publisher":{"@id":"https:\/\/primereando.com.ar\/#organization"},"potentialAction":[{"@type":"SearchAction","target":{"@type":"EntryPoint","urlTemplate":"https:\/\/primereando.com.ar\/?s={search_term_string}"},"query-input":{"@type":"PropertyValueSpecification","valueRequired":true,"valueName":"search_term_string"}}],"inLanguage":"es-AR"},{"@type":"Organization","@id":"https:\/\/primereando.com.ar\/#organization","name":"Primereando","url":"https:\/\/primereando.com.ar\/","logo":{"@type":"ImageObject","inLanguage":"es-AR","@id":"https:\/\/primereando.com.ar\/#\/schema\/logo\/image\/","url":"https:\/\/primereando.com.ar\/wp-content\/uploads\/2021\/12\/primereando-logo.png","contentUrl":"https:\/\/primereando.com.ar\/wp-content\/uploads\/2021\/12\/primereando-logo.png","width":360,"height":96,"caption":"Primereando"},"image":{"@id":"https:\/\/primereando.com.ar\/#\/schema\/logo\/image\/"}}]}},"_links":{"self":[{"href":"https:\/\/primereando.com.ar\/index.php\/wp-json\/wp\/v2\/posts\/34471","targetHints":{"allow":["GET"]}}],"collection":[{"href":"https:\/\/primereando.com.ar\/index.php\/wp-json\/wp\/v2\/posts"}],"about":[{"href":"https:\/\/primereando.com.ar\/index.php\/wp-json\/wp\/v2\/types\/post"}],"replies":[{"embeddable":true,"href":"https:\/\/primereando.com.ar\/index.php\/wp-json\/wp\/v2\/comments?post=34471"}],"version-history":[{"count":0,"href":"https:\/\/primereando.com.ar\/index.php\/wp-json\/wp\/v2\/posts\/34471\/revisions"}],"wp:attachment":[{"href":"https:\/\/primereando.com.ar\/index.php\/wp-json\/wp\/v2\/media?parent=34471"}],"wp:term":[{"taxonomy":"category","embeddable":true,"href":"https:\/\/primereando.com.ar\/index.php\/wp-json\/wp\/v2\/categories?post=34471"},{"taxonomy":"post_tag","embeddable":true,"href":"https:\/\/primereando.com.ar\/index.php\/wp-json\/wp\/v2\/tags?post=34471"}],"curies":[{"name":"wp","href":"https:\/\/api.w.org\/{rel}","templated":true}]}}