{"id":34504,"date":"2018-01-12T18:06:24","date_gmt":"2018-01-12T18:06:24","guid":{"rendered":""},"modified":"2018-01-12T18:06:24","modified_gmt":"2018-01-12T18:06:24","slug":"moyano-contra-macri-antes-de-que-termine-el-ano-va-a-haber-un-millon-de-personas-puteandolos-en-la-plaza","status":"publish","type":"post","link":"https:\/\/primereando.com.ar\/index.php\/2018\/01\/12\/moyano-contra-macri-antes-de-que-termine-el-ano-va-a-haber-un-millon-de-personas-puteandolos-en-la-plaza\/34504\/","title":{"rendered":"Moyano contra Macri: \u201cAntes de que termine el a\u00f1o, va a haber un mill\u00f3n de personas pute\u00e1ndolos en la plaza&#8221;"},"content":{"rendered":"<p>Esa frase se la habr&#xED;a dicho el camionero Hugo Moyano a otros sindicalistas durante los primeros d&#xED;as de enero. &quot;Vamos a estar todos juntos&quot;, cerr&#xF3; la reuni&#xF3;n. Se calienta la disputa entre Cambiemos y la CGT: en marzo, el Gobierno podr&#xED;a insistir de nuevo con la reforma laboral.<\/p>\n<p>&#x201C;Antes de que termine el a&#xF1;o, va a haber un mill&#xF3;n de personas pute&#xE1;ndolos en la plaza&quot;, asegur&#xF3; el periodista pol&#xED;tico Diego Genoud en una nota en el sitio Letra P. La frase se vuelve veros&#xED;mil cuando se tienen en cuenta declaraciones de otros dirigentes cegetistas como Juan Carlos Schmid, quien afirm&#xF3; que la reforma previsional fue un quiebre en la relaci&#xF3;n entre Cambiemos y los trabajadores. &quot;A partir de diciembre entramos en un nuevo ciclo y tenemos que organizar la resistencia&quot;, aclar&#xF3; Schmid a la revista Crisis.<\/p>\n<p>Adem&#xE1;s, un dirigente m&#xE1;s cercano al macrismo como Luis Barrionuevo tambi&#xE9;n sorprendi&#xF3; a distanciarse del Gobierno: &quot;Ojo, tambi&#xE9;n, cuando se quiere atacar al sindicalismo. Al sindicalismo lo han atacado los militares, nos han intervenido los sindicatos, han muerto much&#xED;simos trabajadores asesinados por los militares; ha venido Alfons&#xED;n, atac&#xF3; al sindicalismo con la ley Mucci, no termin&#xF3; su mandato, por la incapacidad, porque err&#xF3; en la econom&#xED;a; vino De la Rua y lo mismo, atac&#xF3; al sindicalismo. Por eso digo, cuidado, no sigan pisando la cola al le&#xF3;n, porque no todos somos iguales y no se puede generalizar con las mafias sindicales&quot;, asegur&#xF3; en di&#xE1;logo con TN.<\/p>\n<p>Desde diciembre, el oficialismo parece haber dejado de lado su agenda gradualista para profundizar en algunos aspectos del ajuste econ&#xF3;mico. As&#xED;, se sumaron la reforma previsional, tarifazos en los servicios p&#xFA;blicos, cambios en el sistema laboral (el debate tendr&#xED;a lugar en marzo) y la proliferaci&#xF3;n de causas judiciales contra dirigentes gremiales. Todo eso mientras el Gobierno pretende una paritaria del 15% cuando la inflaci&#xF3;n de 2018 estar&#xE1; cerca del 20%.<\/p>\n","protected":false},"excerpt":{"rendered":"<p>Esa frase se la habr&#xED;a dicho el camionero Hugo Moyano a otros sindicalistas durante los primeros d&#xED;as de enero. &quot;Vamos a estar todos juntos&quot;, cerr&#xF3; la reuni&#xF3;n. Se calienta la disputa entre Cambiemos y la CGT: en marzo, el Gobierno podr&#xED;a insistir de nuevo con la reforma laboral. &#x201C;Antes de que termine el a&#xF1;o, va [&hellip;]<\/p>\n","protected":false},"author":0,"featured_media":0,"comment_status":"open","ping_status":"open","sticky":false,"template":"","format":"standard","meta":{"footnotes":""},"categories":[5],"tags":[5967,758,5855,2093,126],"class_list":["post-34504","post","type-post","status-publish","format-standard","hentry","category-actualidad","tag-n-a","tag-hugo-moyano","tag-juan-carlos-schmid","tag-luis-barrionuevo","tag-mauricio-macri"],"yoast_head":"<!-- This site is optimized with the Yoast SEO plugin v28.4 - https:\/\/yoast.com\/product\/yoast-seo-wordpress\/ -->\n<title>Moyano contra Macri: \u201cAntes de que termine el a\u00f1o, va a haber un mill\u00f3n de personas pute\u00e1ndolos en la plaza&quot; - Primereando<\/title>\n<meta name=\"robots\" content=\"index, follow, max-snippet:-1, max-image-preview:large, max-video-preview:-1\" \/>\n<link rel=\"canonical\" href=\"https:\/\/primereando.com.ar\/index.php\/2018\/01\/12\/moyano-contra-macri-antes-de-que-termine-el-ano-va-a-haber-un-millon-de-personas-puteandolos-en-la-plaza\/34504\/\" \/>\n<meta property=\"og:locale\" content=\"es_ES\" \/>\n<meta property=\"og:type\" content=\"article\" \/>\n<meta property=\"og:title\" content=\"Moyano contra Macri: \u201cAntes de que termine el a\u00f1o, va a haber un mill\u00f3n de personas pute\u00e1ndolos en la plaza&quot; - Primereando\" \/>\n<meta property=\"og:description\" content=\"Esa frase se la habr&#xED;a dicho el camionero Hugo Moyano a otros sindicalistas durante los primeros d&#xED;as de enero. &quot;Vamos a estar todos juntos&quot;, cerr&#xF3; la reuni&#xF3;n. Se calienta la disputa entre Cambiemos y la CGT: en marzo, el Gobierno podr&#xED;a insistir de nuevo con la reforma laboral. &#x201C;Antes de que termine el a&#xF1;o, va [&hellip;]\" \/>\n<meta property=\"og:url\" content=\"https:\/\/primereando.com.ar\/index.php\/2018\/01\/12\/moyano-contra-macri-antes-de-que-termine-el-ano-va-a-haber-un-millon-de-personas-puteandolos-en-la-plaza\/34504\/\" \/>\n<meta property=\"og:site_name\" content=\"Primereando\" \/>\n<meta property=\"article:published_time\" content=\"2018-01-12T18:06:24+00:00\" \/>\n<meta property=\"og:image\" content=\"https:\/\/primereando.com.ar\/wp-content\/uploads\/5af3b119d8bdd92efd078c0d\/image.jpg\" \/>\n\t<meta property=\"og:image:width\" content=\"1\" \/>\n\t<meta property=\"og:image:height\" content=\"1\" \/>\n\t<meta property=\"og:image:type\" content=\"image\/jpeg\" \/>\n<meta name=\"twitter:card\" content=\"summary_large_image\" \/>\n<meta name=\"twitter:label1\" content=\"Tiempo de lectura\" \/>\n\t<meta name=\"twitter:data1\" content=\"2 minutos\" \/>\n<script type=\"application\/ld+json\" class=\"yoast-schema-graph\">{\"@context\":\"https:\\\/\\\/schema.org\",\"@graph\":[{\"@type\":\"Article\",\"@id\":\"https:\\\/\\\/primereando.com.ar\\\/index.php\\\/2018\\\/01\\\/12\\\/moyano-contra-macri-antes-de-que-termine-el-ano-va-a-haber-un-millon-de-personas-puteandolos-en-la-plaza\\\/34504\\\/#article\",\"isPartOf\":{\"@id\":\"https:\\\/\\\/primereando.com.ar\\\/index.php\\\/2018\\\/01\\\/12\\\/moyano-contra-macri-antes-de-que-termine-el-ano-va-a-haber-un-millon-de-personas-puteandolos-en-la-plaza\\\/34504\\\/\"},\"author\":{\"name\":\"\",\"@id\":\"\"},\"headline\":\"Moyano contra Macri: \u201cAntes de que termine el a\u00f1o, va a haber un mill\u00f3n de personas pute\u00e1ndolos en la plaza&#8221;\",\"datePublished\":\"2018-01-12T18:06:24+00:00\",\"mainEntityOfPage\":{\"@id\":\"https:\\\/\\\/primereando.com.ar\\\/index.php\\\/2018\\\/01\\\/12\\\/moyano-contra-macri-antes-de-que-termine-el-ano-va-a-haber-un-millon-de-personas-puteandolos-en-la-plaza\\\/34504\\\/\"},\"wordCount\":401,\"commentCount\":0,\"publisher\":{\"@id\":\"https:\\\/\\\/primereando.com.ar\\\/#organization\"},\"keywords\":[\"*\",\"Hugo Moyano\",\"Juan Carlos Schmid\",\"Luis Barrionuevo\",\"Mauricio Macri\"],\"articleSection\":[\"Actualidad\"],\"inLanguage\":\"es-AR\",\"potentialAction\":[{\"@type\":\"CommentAction\",\"name\":\"Comment\",\"target\":[\"https:\\\/\\\/primereando.com.ar\\\/index.php\\\/2018\\\/01\\\/12\\\/moyano-contra-macri-antes-de-que-termine-el-ano-va-a-haber-un-millon-de-personas-puteandolos-en-la-plaza\\\/34504\\\/#respond\"]}]},{\"@type\":\"WebPage\",\"@id\":\"https:\\\/\\\/primereando.com.ar\\\/index.php\\\/2018\\\/01\\\/12\\\/moyano-contra-macri-antes-de-que-termine-el-ano-va-a-haber-un-millon-de-personas-puteandolos-en-la-plaza\\\/34504\\\/\",\"url\":\"https:\\\/\\\/primereando.com.ar\\\/index.php\\\/2018\\\/01\\\/12\\\/moyano-contra-macri-antes-de-que-termine-el-ano-va-a-haber-un-millon-de-personas-puteandolos-en-la-plaza\\\/34504\\\/\",\"name\":\"Moyano contra Macri: \u201cAntes de que termine el a\u00f1o, va a haber un mill\u00f3n de personas pute\u00e1ndolos en la plaza\\\" - Primereando\",\"isPartOf\":{\"@id\":\"https:\\\/\\\/primereando.com.ar\\\/#website\"},\"datePublished\":\"2018-01-12T18:06:24+00:00\",\"breadcrumb\":{\"@id\":\"https:\\\/\\\/primereando.com.ar\\\/index.php\\\/2018\\\/01\\\/12\\\/moyano-contra-macri-antes-de-que-termine-el-ano-va-a-haber-un-millon-de-personas-puteandolos-en-la-plaza\\\/34504\\\/#breadcrumb\"},\"inLanguage\":\"es-AR\",\"potentialAction\":[{\"@type\":\"ReadAction\",\"target\":[\"https:\\\/\\\/primereando.com.ar\\\/index.php\\\/2018\\\/01\\\/12\\\/moyano-contra-macri-antes-de-que-termine-el-ano-va-a-haber-un-millon-de-personas-puteandolos-en-la-plaza\\\/34504\\\/\"]}]},{\"@type\":\"BreadcrumbList\",\"@id\":\"https:\\\/\\\/primereando.com.ar\\\/index.php\\\/2018\\\/01\\\/12\\\/moyano-contra-macri-antes-de-que-termine-el-ano-va-a-haber-un-millon-de-personas-puteandolos-en-la-plaza\\\/34504\\\/#breadcrumb\",\"itemListElement\":[{\"@type\":\"ListItem\",\"position\":1,\"name\":\"Inicio\",\"item\":\"https:\\\/\\\/primereando.com.ar\\\/\"},{\"@type\":\"ListItem\",\"position\":2,\"name\":\"Moyano contra Macri: \u201cAntes de que termine el a\u00f1o, va a haber un mill\u00f3n de personas pute\u00e1ndolos en la plaza&#8221;\"}]},{\"@type\":\"WebSite\",\"@id\":\"https:\\\/\\\/primereando.com.ar\\\/#website\",\"url\":\"https:\\\/\\\/primereando.com.ar\\\/\",\"name\":\"Primereando\",\"description\":\"Portal de noticias de la Provincia de Buenos Aires\",\"publisher\":{\"@id\":\"https:\\\/\\\/primereando.com.ar\\\/#organization\"},\"potentialAction\":[{\"@type\":\"SearchAction\",\"target\":{\"@type\":\"EntryPoint\",\"urlTemplate\":\"https:\\\/\\\/primereando.com.ar\\\/?s={search_term_string}\"},\"query-input\":{\"@type\":\"PropertyValueSpecification\",\"valueRequired\":true,\"valueName\":\"search_term_string\"}}],\"inLanguage\":\"es-AR\"},{\"@type\":\"Organization\",\"@id\":\"https:\\\/\\\/primereando.com.ar\\\/#organization\",\"name\":\"Primereando\",\"url\":\"https:\\\/\\\/primereando.com.ar\\\/\",\"logo\":{\"@type\":\"ImageObject\",\"inLanguage\":\"es-AR\",\"@id\":\"https:\\\/\\\/primereando.com.ar\\\/#\\\/schema\\\/logo\\\/image\\\/\",\"url\":\"https:\\\/\\\/primereando.com.ar\\\/wp-content\\\/uploads\\\/2021\\\/12\\\/primereando-logo.png\",\"contentUrl\":\"https:\\\/\\\/primereando.com.ar\\\/wp-content\\\/uploads\\\/2021\\\/12\\\/primereando-logo.png\",\"width\":360,\"height\":96,\"caption\":\"Primereando\"},\"image\":{\"@id\":\"https:\\\/\\\/primereando.com.ar\\\/#\\\/schema\\\/logo\\\/image\\\/\"}}]}<\/script>\n<!-- \/ Yoast SEO plugin. -->","yoast_head_json":{"title":"Moyano contra Macri: \u201cAntes de que termine el a\u00f1o, va a haber un mill\u00f3n de personas pute\u00e1ndolos en la plaza\" - Primereando","robots":{"index":"index","follow":"follow","max-snippet":"max-snippet:-1","max-image-preview":"max-image-preview:large","max-video-preview":"max-video-preview:-1"},"canonical":"https:\/\/primereando.com.ar\/index.php\/2018\/01\/12\/moyano-contra-macri-antes-de-que-termine-el-ano-va-a-haber-un-millon-de-personas-puteandolos-en-la-plaza\/34504\/","og_locale":"es_ES","og_type":"article","og_title":"Moyano contra Macri: \u201cAntes de que termine el a\u00f1o, va a haber un mill\u00f3n de personas pute\u00e1ndolos en la plaza\" - Primereando","og_description":"Esa frase se la habr&#xED;a dicho el camionero Hugo Moyano a otros sindicalistas durante los primeros d&#xED;as de enero. &quot;Vamos a estar todos juntos&quot;, cerr&#xF3; la reuni&#xF3;n. Se calienta la disputa entre Cambiemos y la CGT: en marzo, el Gobierno podr&#xED;a insistir de nuevo con la reforma laboral. &#x201C;Antes de que termine el a&#xF1;o, va [&hellip;]","og_url":"https:\/\/primereando.com.ar\/index.php\/2018\/01\/12\/moyano-contra-macri-antes-de-que-termine-el-ano-va-a-haber-un-millon-de-personas-puteandolos-en-la-plaza\/34504\/","og_site_name":"Primereando","article_published_time":"2018-01-12T18:06:24+00:00","og_image":[{"url":"https:\/\/primereando.com.ar\/wp-content\/uploads\/5af3b119d8bdd92efd078c0d\/image.jpg","width":1,"height":1,"type":"image\/jpeg"}],"twitter_card":"summary_large_image","twitter_misc":{"Tiempo de lectura":"2 minutos"},"schema":{"@context":"https:\/\/schema.org","@graph":[{"@type":"Article","@id":"https:\/\/primereando.com.ar\/index.php\/2018\/01\/12\/moyano-contra-macri-antes-de-que-termine-el-ano-va-a-haber-un-millon-de-personas-puteandolos-en-la-plaza\/34504\/#article","isPartOf":{"@id":"https:\/\/primereando.com.ar\/index.php\/2018\/01\/12\/moyano-contra-macri-antes-de-que-termine-el-ano-va-a-haber-un-millon-de-personas-puteandolos-en-la-plaza\/34504\/"},"author":{"name":"","@id":""},"headline":"Moyano contra Macri: \u201cAntes de que termine el a\u00f1o, va a haber un mill\u00f3n de personas pute\u00e1ndolos en la plaza&#8221;","datePublished":"2018-01-12T18:06:24+00:00","mainEntityOfPage":{"@id":"https:\/\/primereando.com.ar\/index.php\/2018\/01\/12\/moyano-contra-macri-antes-de-que-termine-el-ano-va-a-haber-un-millon-de-personas-puteandolos-en-la-plaza\/34504\/"},"wordCount":401,"commentCount":0,"publisher":{"@id":"https:\/\/primereando.com.ar\/#organization"},"keywords":["*","Hugo Moyano","Juan Carlos Schmid","Luis Barrionuevo","Mauricio Macri"],"articleSection":["Actualidad"],"inLanguage":"es-AR","potentialAction":[{"@type":"CommentAction","name":"Comment","target":["https:\/\/primereando.com.ar\/index.php\/2018\/01\/12\/moyano-contra-macri-antes-de-que-termine-el-ano-va-a-haber-un-millon-de-personas-puteandolos-en-la-plaza\/34504\/#respond"]}]},{"@type":"WebPage","@id":"https:\/\/primereando.com.ar\/index.php\/2018\/01\/12\/moyano-contra-macri-antes-de-que-termine-el-ano-va-a-haber-un-millon-de-personas-puteandolos-en-la-plaza\/34504\/","url":"https:\/\/primereando.com.ar\/index.php\/2018\/01\/12\/moyano-contra-macri-antes-de-que-termine-el-ano-va-a-haber-un-millon-de-personas-puteandolos-en-la-plaza\/34504\/","name":"Moyano contra Macri: \u201cAntes de que termine el a\u00f1o, va a haber un mill\u00f3n de personas pute\u00e1ndolos en la plaza\" - Primereando","isPartOf":{"@id":"https:\/\/primereando.com.ar\/#website"},"datePublished":"2018-01-12T18:06:24+00:00","breadcrumb":{"@id":"https:\/\/primereando.com.ar\/index.php\/2018\/01\/12\/moyano-contra-macri-antes-de-que-termine-el-ano-va-a-haber-un-millon-de-personas-puteandolos-en-la-plaza\/34504\/#breadcrumb"},"inLanguage":"es-AR","potentialAction":[{"@type":"ReadAction","target":["https:\/\/primereando.com.ar\/index.php\/2018\/01\/12\/moyano-contra-macri-antes-de-que-termine-el-ano-va-a-haber-un-millon-de-personas-puteandolos-en-la-plaza\/34504\/"]}]},{"@type":"BreadcrumbList","@id":"https:\/\/primereando.com.ar\/index.php\/2018\/01\/12\/moyano-contra-macri-antes-de-que-termine-el-ano-va-a-haber-un-millon-de-personas-puteandolos-en-la-plaza\/34504\/#breadcrumb","itemListElement":[{"@type":"ListItem","position":1,"name":"Inicio","item":"https:\/\/primereando.com.ar\/"},{"@type":"ListItem","position":2,"name":"Moyano contra Macri: \u201cAntes de que termine el a\u00f1o, va a haber un mill\u00f3n de personas pute\u00e1ndolos en la plaza&#8221;"}]},{"@type":"WebSite","@id":"https:\/\/primereando.com.ar\/#website","url":"https:\/\/primereando.com.ar\/","name":"Primereando","description":"Portal de noticias de la Provincia de Buenos Aires","publisher":{"@id":"https:\/\/primereando.com.ar\/#organization"},"potentialAction":[{"@type":"SearchAction","target":{"@type":"EntryPoint","urlTemplate":"https:\/\/primereando.com.ar\/?s={search_term_string}"},"query-input":{"@type":"PropertyValueSpecification","valueRequired":true,"valueName":"search_term_string"}}],"inLanguage":"es-AR"},{"@type":"Organization","@id":"https:\/\/primereando.com.ar\/#organization","name":"Primereando","url":"https:\/\/primereando.com.ar\/","logo":{"@type":"ImageObject","inLanguage":"es-AR","@id":"https:\/\/primereando.com.ar\/#\/schema\/logo\/image\/","url":"https:\/\/primereando.com.ar\/wp-content\/uploads\/2021\/12\/primereando-logo.png","contentUrl":"https:\/\/primereando.com.ar\/wp-content\/uploads\/2021\/12\/primereando-logo.png","width":360,"height":96,"caption":"Primereando"},"image":{"@id":"https:\/\/primereando.com.ar\/#\/schema\/logo\/image\/"}}]}},"_links":{"self":[{"href":"https:\/\/primereando.com.ar\/index.php\/wp-json\/wp\/v2\/posts\/34504","targetHints":{"allow":["GET"]}}],"collection":[{"href":"https:\/\/primereando.com.ar\/index.php\/wp-json\/wp\/v2\/posts"}],"about":[{"href":"https:\/\/primereando.com.ar\/index.php\/wp-json\/wp\/v2\/types\/post"}],"replies":[{"embeddable":true,"href":"https:\/\/primereando.com.ar\/index.php\/wp-json\/wp\/v2\/comments?post=34504"}],"version-history":[{"count":0,"href":"https:\/\/primereando.com.ar\/index.php\/wp-json\/wp\/v2\/posts\/34504\/revisions"}],"wp:attachment":[{"href":"https:\/\/primereando.com.ar\/index.php\/wp-json\/wp\/v2\/media?parent=34504"}],"wp:term":[{"taxonomy":"category","embeddable":true,"href":"https:\/\/primereando.com.ar\/index.php\/wp-json\/wp\/v2\/categories?post=34504"},{"taxonomy":"post_tag","embeddable":true,"href":"https:\/\/primereando.com.ar\/index.php\/wp-json\/wp\/v2\/tags?post=34504"}],"curies":[{"name":"wp","href":"https:\/\/api.w.org\/{rel}","templated":true}]}}