{"id":34640,"date":"2018-01-03T18:22:48","date_gmt":"2018-01-03T18:22:48","guid":{"rendered":""},"modified":"2018-01-03T18:22:48","modified_gmt":"2018-01-03T18:22:48","slug":"golpe-al-bolsillo-el-macrismo-aumento-el-pasaje-de-colectivo-un-333-en-solo-dos-anos","status":"publish","type":"post","link":"https:\/\/primereando.com.ar\/index.php\/2018\/01\/03\/golpe-al-bolsillo-el-macrismo-aumento-el-pasaje-de-colectivo-un-333-en-solo-dos-anos\/34640\/","title":{"rendered":"Golpe al bolsillo: el macrismo aument\u00f3 el pasaje de colectivo un 333% en s\u00f3lo dos a\u00f1os"},"content":{"rendered":"<p>En abril de 2016, el boleto m&#xED;nimo en el &#xE1;rea metropolitana Buenos Aires costaba 3 pesos. En ese momento, el ministro de Transporte, Guillermo Dietrich, lo llev&#xF3; a $ 6. Ahora, lo mandar&#xE1; a $ 10 en junio, tres veces m&#xE1;s que hace 20 meses.<\/p>\n<p>Para las distancias m&#xE1;s largas, el Gobierno de Mauricio Macri increment&#xF3; la tarifa desde $ 4,7, en abril de 2016, hasta $ 11,75, en junio pr&#xF3;ximo. Es un 250% m&#xE1;s.<\/p>\n<p>En el caso del subte, el macrismo realiz&#xF3; un ajuste similar. En 2012 se hizo cargo del servicio, hasta ese entonces en mano de Naci&#xF3;n. La primera decisi&#xF3;n fue subir el boleto de $ 1,1 a $ 2,5. A mitad de este a&#xF1;o, el viaje costar&#xE1; $ 12. Se trata de una suba superior al 1000% en 5 a&#xF1;os.<\/p>\n<p>Como novedad, Dietrich anunci&#xF3; que habr&#xE1; descuentos para los viajantes que usen m&#xE1;s de una modalidad de transporte. Sin embargo, especialistas advierten sobre el bajo alcance de la medida: s&#xF3;lo el 11% de los viajes se realizan combinando modos de transporte. As&#xED; se desprende de la Encuesta de Movilidad Domiciliaria (ENMODO), que realiz&#xF3; en 2010 la Secretaria de Transporte de Naci&#xF3;n (antes de convertirse en ministerio). Es decir: el 90% de los pasajeros deber&#xE1;n pagar el aumento tarifario anunciado en el d&#xED;a de hoy.<\/p>\n<blockquote class=\"twitter-tweet\" data-lang=\"es\"><\/blockquote>\n<\/p>\n<p dir=\"ltr\" lang=\"es\">El descuento multimodal solo beneficiar&#xE1; al 11% de los pasajeros de la regi&#xF3;n metropolitana de Buenos Aires que usa dos o m&#xE1;s medios de transporte p&#xFA;blico. Entre los trabajadores, la proporci&#xF3;n apenas sube el 16% (Encuesta EDMODO). <a href=\"https:\/\/t.co\/1ic2PpMfPR\">pic.twitter.com\/1ic2PpMfPR<\/a><\/p>\n<\/p>\n<p>&#x2014; Alejandro Bercovich (@aleberco) <a href=\"https:\/\/twitter.com\/aleberco\/status\/948575989767995394?ref_src=twsrc%5Etfw\">3 de enero de 2018<\/a><\/p>\n<p><script async src=\"https:\/\/platform.twitter.com\/widgets.js\" charset=\"utf-8\"><\/script><\/p>\n","protected":false},"excerpt":{"rendered":"<p>En abril de 2016, el boleto m&#xED;nimo en el &#xE1;rea metropolitana Buenos Aires costaba 3 pesos. En ese momento, el ministro de Transporte, Guillermo Dietrich, lo llev&#xF3; a $ 6. Ahora, lo mandar&#xE1; a $ 10 en junio, tres veces m&#xE1;s que hace 20 meses. Para las distancias m&#xE1;s largas, el Gobierno de Mauricio Macri [&hellip;]<\/p>\n","protected":false},"author":0,"featured_media":0,"comment_status":"open","ping_status":"open","sticky":false,"template":"","format":"standard","meta":{"footnotes":""},"categories":[5],"tags":[5967,2520,6825,80],"class_list":["post-34640","post","type-post","status-publish","format-standard","hentry","category-actualidad","tag-n-a","tag-guillermo-dietrich","tag-tarifa","tag-transporte"],"yoast_head":"<!-- This site is optimized with the Yoast SEO plugin v28.4 - https:\/\/yoast.com\/product\/yoast-seo-wordpress\/ -->\n<title>Golpe al bolsillo: el macrismo aument\u00f3 el pasaje de colectivo un 333% en s\u00f3lo dos a\u00f1os - Primereando<\/title>\n<meta name=\"robots\" content=\"index, follow, max-snippet:-1, max-image-preview:large, max-video-preview:-1\" \/>\n<link rel=\"canonical\" href=\"https:\/\/primereando.com.ar\/index.php\/2018\/01\/03\/golpe-al-bolsillo-el-macrismo-aumento-el-pasaje-de-colectivo-un-333-en-solo-dos-anos\/34640\/\" \/>\n<meta property=\"og:locale\" content=\"es_ES\" \/>\n<meta property=\"og:type\" content=\"article\" \/>\n<meta property=\"og:title\" content=\"Golpe al bolsillo: el macrismo aument\u00f3 el pasaje de colectivo un 333% en s\u00f3lo dos a\u00f1os - Primereando\" \/>\n<meta property=\"og:description\" content=\"En abril de 2016, el boleto m&#xED;nimo en el &#xE1;rea metropolitana Buenos Aires costaba 3 pesos. En ese momento, el ministro de Transporte, Guillermo Dietrich, lo llev&#xF3; a $ 6. Ahora, lo mandar&#xE1; a $ 10 en junio, tres veces m&#xE1;s que hace 20 meses. Para las distancias m&#xE1;s largas, el Gobierno de Mauricio Macri [&hellip;]\" \/>\n<meta property=\"og:url\" content=\"https:\/\/primereando.com.ar\/index.php\/2018\/01\/03\/golpe-al-bolsillo-el-macrismo-aumento-el-pasaje-de-colectivo-un-333-en-solo-dos-anos\/34640\/\" \/>\n<meta property=\"og:site_name\" content=\"Primereando\" \/>\n<meta property=\"article:published_time\" content=\"2018-01-03T18:22:48+00:00\" \/>\n<meta property=\"og:image\" content=\"https:\/\/primereando.com.ar\/wp-content\/uploads\/5af3b145d8bdd92efd078d57\/image.jpg\" \/>\n\t<meta property=\"og:image:width\" content=\"1\" \/>\n\t<meta property=\"og:image:height\" content=\"1\" \/>\n\t<meta property=\"og:image:type\" content=\"image\/jpeg\" \/>\n<meta name=\"twitter:card\" content=\"summary_large_image\" \/>\n<meta name=\"twitter:label1\" content=\"Tiempo de lectura\" \/>\n\t<meta name=\"twitter:data1\" content=\"1 minuto\" \/>\n<script type=\"application\/ld+json\" class=\"yoast-schema-graph\">{\"@context\":\"https:\\\/\\\/schema.org\",\"@graph\":[{\"@type\":\"Article\",\"@id\":\"https:\\\/\\\/primereando.com.ar\\\/index.php\\\/2018\\\/01\\\/03\\\/golpe-al-bolsillo-el-macrismo-aumento-el-pasaje-de-colectivo-un-333-en-solo-dos-anos\\\/34640\\\/#article\",\"isPartOf\":{\"@id\":\"https:\\\/\\\/primereando.com.ar\\\/index.php\\\/2018\\\/01\\\/03\\\/golpe-al-bolsillo-el-macrismo-aumento-el-pasaje-de-colectivo-un-333-en-solo-dos-anos\\\/34640\\\/\"},\"author\":{\"name\":\"\",\"@id\":\"\"},\"headline\":\"Golpe al bolsillo: el macrismo aument\u00f3 el pasaje de colectivo un 333% en s\u00f3lo dos a\u00f1os\",\"datePublished\":\"2018-01-03T18:22:48+00:00\",\"mainEntityOfPage\":{\"@id\":\"https:\\\/\\\/primereando.com.ar\\\/index.php\\\/2018\\\/01\\\/03\\\/golpe-al-bolsillo-el-macrismo-aumento-el-pasaje-de-colectivo-un-333-en-solo-dos-anos\\\/34640\\\/\"},\"wordCount\":304,\"commentCount\":0,\"publisher\":{\"@id\":\"https:\\\/\\\/primereando.com.ar\\\/#organization\"},\"keywords\":[\"*\",\"Guillermo Dietrich\",\"tarifa\",\"Transporte\"],\"articleSection\":[\"Actualidad\"],\"inLanguage\":\"es-AR\",\"potentialAction\":[{\"@type\":\"CommentAction\",\"name\":\"Comment\",\"target\":[\"https:\\\/\\\/primereando.com.ar\\\/index.php\\\/2018\\\/01\\\/03\\\/golpe-al-bolsillo-el-macrismo-aumento-el-pasaje-de-colectivo-un-333-en-solo-dos-anos\\\/34640\\\/#respond\"]}]},{\"@type\":\"WebPage\",\"@id\":\"https:\\\/\\\/primereando.com.ar\\\/index.php\\\/2018\\\/01\\\/03\\\/golpe-al-bolsillo-el-macrismo-aumento-el-pasaje-de-colectivo-un-333-en-solo-dos-anos\\\/34640\\\/\",\"url\":\"https:\\\/\\\/primereando.com.ar\\\/index.php\\\/2018\\\/01\\\/03\\\/golpe-al-bolsillo-el-macrismo-aumento-el-pasaje-de-colectivo-un-333-en-solo-dos-anos\\\/34640\\\/\",\"name\":\"Golpe al bolsillo: el macrismo aument\u00f3 el pasaje de colectivo un 333% en s\u00f3lo dos a\u00f1os - Primereando\",\"isPartOf\":{\"@id\":\"https:\\\/\\\/primereando.com.ar\\\/#website\"},\"datePublished\":\"2018-01-03T18:22:48+00:00\",\"breadcrumb\":{\"@id\":\"https:\\\/\\\/primereando.com.ar\\\/index.php\\\/2018\\\/01\\\/03\\\/golpe-al-bolsillo-el-macrismo-aumento-el-pasaje-de-colectivo-un-333-en-solo-dos-anos\\\/34640\\\/#breadcrumb\"},\"inLanguage\":\"es-AR\",\"potentialAction\":[{\"@type\":\"ReadAction\",\"target\":[\"https:\\\/\\\/primereando.com.ar\\\/index.php\\\/2018\\\/01\\\/03\\\/golpe-al-bolsillo-el-macrismo-aumento-el-pasaje-de-colectivo-un-333-en-solo-dos-anos\\\/34640\\\/\"]}]},{\"@type\":\"BreadcrumbList\",\"@id\":\"https:\\\/\\\/primereando.com.ar\\\/index.php\\\/2018\\\/01\\\/03\\\/golpe-al-bolsillo-el-macrismo-aumento-el-pasaje-de-colectivo-un-333-en-solo-dos-anos\\\/34640\\\/#breadcrumb\",\"itemListElement\":[{\"@type\":\"ListItem\",\"position\":1,\"name\":\"Inicio\",\"item\":\"https:\\\/\\\/primereando.com.ar\\\/\"},{\"@type\":\"ListItem\",\"position\":2,\"name\":\"Golpe al bolsillo: el macrismo aument\u00f3 el pasaje de colectivo un 333% en s\u00f3lo dos a\u00f1os\"}]},{\"@type\":\"WebSite\",\"@id\":\"https:\\\/\\\/primereando.com.ar\\\/#website\",\"url\":\"https:\\\/\\\/primereando.com.ar\\\/\",\"name\":\"Primereando\",\"description\":\"Portal de noticias de la Provincia de Buenos Aires\",\"publisher\":{\"@id\":\"https:\\\/\\\/primereando.com.ar\\\/#organization\"},\"potentialAction\":[{\"@type\":\"SearchAction\",\"target\":{\"@type\":\"EntryPoint\",\"urlTemplate\":\"https:\\\/\\\/primereando.com.ar\\\/?s={search_term_string}\"},\"query-input\":{\"@type\":\"PropertyValueSpecification\",\"valueRequired\":true,\"valueName\":\"search_term_string\"}}],\"inLanguage\":\"es-AR\"},{\"@type\":\"Organization\",\"@id\":\"https:\\\/\\\/primereando.com.ar\\\/#organization\",\"name\":\"Primereando\",\"url\":\"https:\\\/\\\/primereando.com.ar\\\/\",\"logo\":{\"@type\":\"ImageObject\",\"inLanguage\":\"es-AR\",\"@id\":\"https:\\\/\\\/primereando.com.ar\\\/#\\\/schema\\\/logo\\\/image\\\/\",\"url\":\"https:\\\/\\\/primereando.com.ar\\\/wp-content\\\/uploads\\\/2021\\\/12\\\/primereando-logo.png\",\"contentUrl\":\"https:\\\/\\\/primereando.com.ar\\\/wp-content\\\/uploads\\\/2021\\\/12\\\/primereando-logo.png\",\"width\":360,\"height\":96,\"caption\":\"Primereando\"},\"image\":{\"@id\":\"https:\\\/\\\/primereando.com.ar\\\/#\\\/schema\\\/logo\\\/image\\\/\"}}]}<\/script>\n<!-- \/ Yoast SEO plugin. -->","yoast_head_json":{"title":"Golpe al bolsillo: el macrismo aument\u00f3 el pasaje de colectivo un 333% en s\u00f3lo dos a\u00f1os - Primereando","robots":{"index":"index","follow":"follow","max-snippet":"max-snippet:-1","max-image-preview":"max-image-preview:large","max-video-preview":"max-video-preview:-1"},"canonical":"https:\/\/primereando.com.ar\/index.php\/2018\/01\/03\/golpe-al-bolsillo-el-macrismo-aumento-el-pasaje-de-colectivo-un-333-en-solo-dos-anos\/34640\/","og_locale":"es_ES","og_type":"article","og_title":"Golpe al bolsillo: el macrismo aument\u00f3 el pasaje de colectivo un 333% en s\u00f3lo dos a\u00f1os - Primereando","og_description":"En abril de 2016, el boleto m&#xED;nimo en el &#xE1;rea metropolitana Buenos Aires costaba 3 pesos. En ese momento, el ministro de Transporte, Guillermo Dietrich, lo llev&#xF3; a $ 6. Ahora, lo mandar&#xE1; a $ 10 en junio, tres veces m&#xE1;s que hace 20 meses. Para las distancias m&#xE1;s largas, el Gobierno de Mauricio Macri [&hellip;]","og_url":"https:\/\/primereando.com.ar\/index.php\/2018\/01\/03\/golpe-al-bolsillo-el-macrismo-aumento-el-pasaje-de-colectivo-un-333-en-solo-dos-anos\/34640\/","og_site_name":"Primereando","article_published_time":"2018-01-03T18:22:48+00:00","og_image":[{"url":"https:\/\/primereando.com.ar\/wp-content\/uploads\/5af3b145d8bdd92efd078d57\/image.jpg","width":1,"height":1,"type":"image\/jpeg"}],"twitter_card":"summary_large_image","twitter_misc":{"Tiempo de lectura":"1 minuto"},"schema":{"@context":"https:\/\/schema.org","@graph":[{"@type":"Article","@id":"https:\/\/primereando.com.ar\/index.php\/2018\/01\/03\/golpe-al-bolsillo-el-macrismo-aumento-el-pasaje-de-colectivo-un-333-en-solo-dos-anos\/34640\/#article","isPartOf":{"@id":"https:\/\/primereando.com.ar\/index.php\/2018\/01\/03\/golpe-al-bolsillo-el-macrismo-aumento-el-pasaje-de-colectivo-un-333-en-solo-dos-anos\/34640\/"},"author":{"name":"","@id":""},"headline":"Golpe al bolsillo: el macrismo aument\u00f3 el pasaje de colectivo un 333% en s\u00f3lo dos a\u00f1os","datePublished":"2018-01-03T18:22:48+00:00","mainEntityOfPage":{"@id":"https:\/\/primereando.com.ar\/index.php\/2018\/01\/03\/golpe-al-bolsillo-el-macrismo-aumento-el-pasaje-de-colectivo-un-333-en-solo-dos-anos\/34640\/"},"wordCount":304,"commentCount":0,"publisher":{"@id":"https:\/\/primereando.com.ar\/#organization"},"keywords":["*","Guillermo Dietrich","tarifa","Transporte"],"articleSection":["Actualidad"],"inLanguage":"es-AR","potentialAction":[{"@type":"CommentAction","name":"Comment","target":["https:\/\/primereando.com.ar\/index.php\/2018\/01\/03\/golpe-al-bolsillo-el-macrismo-aumento-el-pasaje-de-colectivo-un-333-en-solo-dos-anos\/34640\/#respond"]}]},{"@type":"WebPage","@id":"https:\/\/primereando.com.ar\/index.php\/2018\/01\/03\/golpe-al-bolsillo-el-macrismo-aumento-el-pasaje-de-colectivo-un-333-en-solo-dos-anos\/34640\/","url":"https:\/\/primereando.com.ar\/index.php\/2018\/01\/03\/golpe-al-bolsillo-el-macrismo-aumento-el-pasaje-de-colectivo-un-333-en-solo-dos-anos\/34640\/","name":"Golpe al bolsillo: el macrismo aument\u00f3 el pasaje de colectivo un 333% en s\u00f3lo dos a\u00f1os - Primereando","isPartOf":{"@id":"https:\/\/primereando.com.ar\/#website"},"datePublished":"2018-01-03T18:22:48+00:00","breadcrumb":{"@id":"https:\/\/primereando.com.ar\/index.php\/2018\/01\/03\/golpe-al-bolsillo-el-macrismo-aumento-el-pasaje-de-colectivo-un-333-en-solo-dos-anos\/34640\/#breadcrumb"},"inLanguage":"es-AR","potentialAction":[{"@type":"ReadAction","target":["https:\/\/primereando.com.ar\/index.php\/2018\/01\/03\/golpe-al-bolsillo-el-macrismo-aumento-el-pasaje-de-colectivo-un-333-en-solo-dos-anos\/34640\/"]}]},{"@type":"BreadcrumbList","@id":"https:\/\/primereando.com.ar\/index.php\/2018\/01\/03\/golpe-al-bolsillo-el-macrismo-aumento-el-pasaje-de-colectivo-un-333-en-solo-dos-anos\/34640\/#breadcrumb","itemListElement":[{"@type":"ListItem","position":1,"name":"Inicio","item":"https:\/\/primereando.com.ar\/"},{"@type":"ListItem","position":2,"name":"Golpe al bolsillo: el macrismo aument\u00f3 el pasaje de colectivo un 333% en s\u00f3lo dos a\u00f1os"}]},{"@type":"WebSite","@id":"https:\/\/primereando.com.ar\/#website","url":"https:\/\/primereando.com.ar\/","name":"Primereando","description":"Portal de noticias de la Provincia de Buenos Aires","publisher":{"@id":"https:\/\/primereando.com.ar\/#organization"},"potentialAction":[{"@type":"SearchAction","target":{"@type":"EntryPoint","urlTemplate":"https:\/\/primereando.com.ar\/?s={search_term_string}"},"query-input":{"@type":"PropertyValueSpecification","valueRequired":true,"valueName":"search_term_string"}}],"inLanguage":"es-AR"},{"@type":"Organization","@id":"https:\/\/primereando.com.ar\/#organization","name":"Primereando","url":"https:\/\/primereando.com.ar\/","logo":{"@type":"ImageObject","inLanguage":"es-AR","@id":"https:\/\/primereando.com.ar\/#\/schema\/logo\/image\/","url":"https:\/\/primereando.com.ar\/wp-content\/uploads\/2021\/12\/primereando-logo.png","contentUrl":"https:\/\/primereando.com.ar\/wp-content\/uploads\/2021\/12\/primereando-logo.png","width":360,"height":96,"caption":"Primereando"},"image":{"@id":"https:\/\/primereando.com.ar\/#\/schema\/logo\/image\/"}}]}},"_links":{"self":[{"href":"https:\/\/primereando.com.ar\/index.php\/wp-json\/wp\/v2\/posts\/34640","targetHints":{"allow":["GET"]}}],"collection":[{"href":"https:\/\/primereando.com.ar\/index.php\/wp-json\/wp\/v2\/posts"}],"about":[{"href":"https:\/\/primereando.com.ar\/index.php\/wp-json\/wp\/v2\/types\/post"}],"replies":[{"embeddable":true,"href":"https:\/\/primereando.com.ar\/index.php\/wp-json\/wp\/v2\/comments?post=34640"}],"version-history":[{"count":0,"href":"https:\/\/primereando.com.ar\/index.php\/wp-json\/wp\/v2\/posts\/34640\/revisions"}],"wp:attachment":[{"href":"https:\/\/primereando.com.ar\/index.php\/wp-json\/wp\/v2\/media?parent=34640"}],"wp:term":[{"taxonomy":"category","embeddable":true,"href":"https:\/\/primereando.com.ar\/index.php\/wp-json\/wp\/v2\/categories?post=34640"},{"taxonomy":"post_tag","embeddable":true,"href":"https:\/\/primereando.com.ar\/index.php\/wp-json\/wp\/v2\/tags?post=34640"}],"curies":[{"name":"wp","href":"https:\/\/api.w.org\/{rel}","templated":true}]}}