{"id":34654,"date":"2018-01-02T17:57:33","date_gmt":"2018-01-02T17:57:33","guid":{"rendered":""},"modified":"2018-01-02T17:57:33","modified_gmt":"2018-01-02T17:57:33","slug":"denuncian-despidos-en-radio-nacional-telam-y-la-tv-publica","status":"publish","type":"post","link":"https:\/\/primereando.com.ar\/index.php\/2018\/01\/02\/denuncian-despidos-en-radio-nacional-telam-y-la-tv-publica\/34654\/","title":{"rendered":"Denuncian despidos en Radio Nacional, T\u00e9lam y la TV P\u00fablica"},"content":{"rendered":"<p>Delegados gremiales advierten sobre los nuevos despidos sin previo aviso. &quot;Los compa&#xF1;eros llegan, fichan y se enteran que est&#xE1;n afuera&quot;, explicaron en declaraciones radiales.<\/p>\n<p>Durante las primeras horas de este martes, la sede de Radio Nacional se convirti&#xF3; en el reflejo del ajuste que las autoridades del Sistema Federal de Medios P&#xFA;blicos, que encabeza Hern&#xE1;n Lombardi, decidieron en los medios p&#xFA;blicos: la propia radio, la Agencia T&#xE9;lam y Canal 7.<\/p>\n<p>Mientras en 2017 se vino ejecutando en las filiales del interior -alrededor de 30 despidos- el 2018 arranc&#xF3; con un plan de cesant&#xED;as que todav&#xED;a no tiene un n&#xFA;mero concreto, ya que tanto la directora Ana Gerschenson y su vice, Pablo Ciarliero, se negaron a adelantar una lista con las bajas y decidieron que personal policial proh&#xED;ba el ingreso de los despedidos a sus puestos sin previo aviso.<\/p>\n<p>Cecilia Bari, secretaria general de ATRANA, alert&#xF3; en declaraciones a FM La Patriada sobre los despidos en Radio Nacional que &quot;alcanzan a todas las radios del pa&#xED;s&quot; y que ser&#xED;an &quot;m&#xE1;s de 400&quot;. Bari asegur&#xF3; que por estas horas, las bajas acumulan a 100 trabajadores solamente en el &#xE1;mbito de la Ciudad, en lo que forma parte de lo que ser&#xE1; un plan que incluir&#xE1; jubilaciones anticipadas y retiros voluntarios.<\/p>\n<p>El secretario adjunto del Sindicato de Prensa de Buenos Aires, Carlos Saglul, revel&#xF3; en AM 750 que se trata de un plan de vaciamiento sistem&#xE1;tico y generalizado, que provoc&#xF3; que algunas de las 47 emisoras en todo el territorio hayan quedado como repetidoras, ya sin un plantel m&#xED;nimo de operadores t&#xE9;cnicos.<\/p>\n<p>Hace unos d&#xED;as, se viralizaron en las redes las im&#xE1;genes que daban cuenta de la persecuci&#xF3;n gremial encarada por el propio Ciarlero, grabando con su celular las asambleas de los colegas, para identificarlos y discernir las bajas.<\/p>\n<blockquote class=\"twitter-tweet\" data-lang=\"es\"><p>\n\t\t<a href=\"https:\/\/twitter.com\/NicolasdelCano\/status\/946853067970023425\">&#xA0;<\/a>\n\t<\/p><\/blockquote>\n<p>\t<script async src=\"https:\/\/platform.twitter.com\/widgets.js\" charset=\"utf-8\"><\/script><\/p>\n<blockquote class=\"twitter-tweet\" data-lang=\"es\"><p>\n\t\t<a href=\"https:\/\/twitter.com\/sipreba\/status\/948203781128359937\">&#xA0;<\/a>\n\t<\/p><\/blockquote>\n<p>\t<script async src=\"https:\/\/platform.twitter.com\/widgets.js\" charset=\"utf-8\"><\/script><\/p>\n<blockquote class=\"twitter-tweet\" data-lang=\"es\"><p>\n\t\t<a href=\"https:\/\/twitter.com\/mariancapa\/status\/948190514599399424\">&#xA0;<\/a>\n\t<\/p><\/blockquote>\n<p>\t<script async src=\"https:\/\/platform.twitter.com\/widgets.js\" charset=\"utf-8\"><\/script><\/p>\n<blockquote class=\"twitter-tweet\" data-lang=\"es\"><p>\n\t\t<a href=\"https:\/\/twitter.com\/MauriElbueno\/status\/948179961520820225\">&#xA0;<\/a>\n\t<\/p><\/blockquote>\n<p>\t<script async src=\"https:\/\/platform.twitter.com\/widgets.js\" charset=\"utf-8\"><\/script><\/p>\n<blockquote class=\"twitter-tweet\" data-lang=\"es\"><p>\n\t\t<a href=\"https:\/\/twitter.com\/marianasegulin\/status\/948199830861598721\">&#xA0;<\/a>\n\t<\/p><\/blockquote>\n<p>\t<script async src=\"https:\/\/platform.twitter.com\/widgets.js\" charset=\"utf-8\"><\/script><\/p>\n<p>Fuente: Diario Registrado<\/p>\n","protected":false},"excerpt":{"rendered":"<p>Delegados gremiales advierten sobre los nuevos despidos sin previo aviso. &quot;Los compa&#xF1;eros llegan, fichan y se enteran que est&#xE1;n afuera&quot;, explicaron en declaraciones radiales. Durante las primeras horas de este martes, la sede de Radio Nacional se convirti&#xF3; en el reflejo del ajuste que las autoridades del Sistema Federal de Medios P&#xFA;blicos, que encabeza Hern&#xE1;n [&hellip;]<\/p>\n","protected":false},"author":0,"featured_media":0,"comment_status":"open","ping_status":"open","sticky":false,"template":"","format":"standard","meta":{"footnotes":""},"categories":[3],"tags":[5967,5669,4486,3830,1004],"class_list":["post-34654","post","type-post","status-publish","format-standard","hentry","category-pais","tag-n-a","tag-despidos","tag-radio-nacional","tag-telam","tag-tv-publica"],"yoast_head":"<!-- This site is optimized with the Yoast SEO plugin v28.4 - https:\/\/yoast.com\/product\/yoast-seo-wordpress\/ -->\n<title>Denuncian despidos en Radio Nacional, T\u00e9lam y la TV P\u00fablica - Primereando<\/title>\n<meta name=\"robots\" content=\"index, follow, max-snippet:-1, max-image-preview:large, max-video-preview:-1\" \/>\n<link rel=\"canonical\" href=\"https:\/\/primereando.com.ar\/index.php\/2018\/01\/02\/denuncian-despidos-en-radio-nacional-telam-y-la-tv-publica\/34654\/\" \/>\n<meta property=\"og:locale\" content=\"es_ES\" \/>\n<meta property=\"og:type\" content=\"article\" \/>\n<meta property=\"og:title\" content=\"Denuncian despidos en Radio Nacional, T\u00e9lam y la TV P\u00fablica - Primereando\" \/>\n<meta property=\"og:description\" content=\"Delegados gremiales advierten sobre los nuevos despidos sin previo aviso. &quot;Los compa&#xF1;eros llegan, fichan y se enteran que est&#xE1;n afuera&quot;, explicaron en declaraciones radiales. Durante las primeras horas de este martes, la sede de Radio Nacional se convirti&#xF3; en el reflejo del ajuste que las autoridades del Sistema Federal de Medios P&#xFA;blicos, que encabeza Hern&#xE1;n [&hellip;]\" \/>\n<meta property=\"og:url\" content=\"https:\/\/primereando.com.ar\/index.php\/2018\/01\/02\/denuncian-despidos-en-radio-nacional-telam-y-la-tv-publica\/34654\/\" \/>\n<meta property=\"og:site_name\" content=\"Primereando\" \/>\n<meta property=\"article:published_time\" content=\"2018-01-02T17:57:33+00:00\" \/>\n<meta property=\"og:image\" content=\"https:\/\/primereando.com.ar\/wp-content\/uploads\/5af3b149d8bdd92efd078d7d\/image.jpg\" \/>\n\t<meta property=\"og:image:width\" content=\"1\" \/>\n\t<meta property=\"og:image:height\" content=\"1\" \/>\n\t<meta property=\"og:image:type\" content=\"image\/jpeg\" \/>\n<meta name=\"twitter:card\" content=\"summary_large_image\" \/>\n<meta name=\"twitter:label1\" content=\"Tiempo de lectura\" \/>\n\t<meta name=\"twitter:data1\" content=\"2 minutos\" \/>\n<script type=\"application\/ld+json\" class=\"yoast-schema-graph\">{\"@context\":\"https:\\\/\\\/schema.org\",\"@graph\":[{\"@type\":\"Article\",\"@id\":\"https:\\\/\\\/primereando.com.ar\\\/index.php\\\/2018\\\/01\\\/02\\\/denuncian-despidos-en-radio-nacional-telam-y-la-tv-publica\\\/34654\\\/#article\",\"isPartOf\":{\"@id\":\"https:\\\/\\\/primereando.com.ar\\\/index.php\\\/2018\\\/01\\\/02\\\/denuncian-despidos-en-radio-nacional-telam-y-la-tv-publica\\\/34654\\\/\"},\"author\":{\"name\":\"\",\"@id\":\"\"},\"headline\":\"Denuncian despidos en Radio Nacional, T\u00e9lam y la TV P\u00fablica\",\"datePublished\":\"2018-01-02T17:57:33+00:00\",\"mainEntityOfPage\":{\"@id\":\"https:\\\/\\\/primereando.com.ar\\\/index.php\\\/2018\\\/01\\\/02\\\/denuncian-despidos-en-radio-nacional-telam-y-la-tv-publica\\\/34654\\\/\"},\"wordCount\":361,\"commentCount\":0,\"publisher\":{\"@id\":\"https:\\\/\\\/primereando.com.ar\\\/#organization\"},\"keywords\":[\"*\",\"despidos\",\"Radio Nacional\",\"T\u00e9lam\",\"TV P\u00fablica\"],\"articleSection\":[\"Pa\u00eds\"],\"inLanguage\":\"es-AR\",\"potentialAction\":[{\"@type\":\"CommentAction\",\"name\":\"Comment\",\"target\":[\"https:\\\/\\\/primereando.com.ar\\\/index.php\\\/2018\\\/01\\\/02\\\/denuncian-despidos-en-radio-nacional-telam-y-la-tv-publica\\\/34654\\\/#respond\"]}]},{\"@type\":\"WebPage\",\"@id\":\"https:\\\/\\\/primereando.com.ar\\\/index.php\\\/2018\\\/01\\\/02\\\/denuncian-despidos-en-radio-nacional-telam-y-la-tv-publica\\\/34654\\\/\",\"url\":\"https:\\\/\\\/primereando.com.ar\\\/index.php\\\/2018\\\/01\\\/02\\\/denuncian-despidos-en-radio-nacional-telam-y-la-tv-publica\\\/34654\\\/\",\"name\":\"Denuncian despidos en Radio Nacional, T\u00e9lam y la TV P\u00fablica - Primereando\",\"isPartOf\":{\"@id\":\"https:\\\/\\\/primereando.com.ar\\\/#website\"},\"datePublished\":\"2018-01-02T17:57:33+00:00\",\"breadcrumb\":{\"@id\":\"https:\\\/\\\/primereando.com.ar\\\/index.php\\\/2018\\\/01\\\/02\\\/denuncian-despidos-en-radio-nacional-telam-y-la-tv-publica\\\/34654\\\/#breadcrumb\"},\"inLanguage\":\"es-AR\",\"potentialAction\":[{\"@type\":\"ReadAction\",\"target\":[\"https:\\\/\\\/primereando.com.ar\\\/index.php\\\/2018\\\/01\\\/02\\\/denuncian-despidos-en-radio-nacional-telam-y-la-tv-publica\\\/34654\\\/\"]}]},{\"@type\":\"BreadcrumbList\",\"@id\":\"https:\\\/\\\/primereando.com.ar\\\/index.php\\\/2018\\\/01\\\/02\\\/denuncian-despidos-en-radio-nacional-telam-y-la-tv-publica\\\/34654\\\/#breadcrumb\",\"itemListElement\":[{\"@type\":\"ListItem\",\"position\":1,\"name\":\"Inicio\",\"item\":\"https:\\\/\\\/primereando.com.ar\\\/\"},{\"@type\":\"ListItem\",\"position\":2,\"name\":\"Denuncian despidos en Radio Nacional, T\u00e9lam y la TV P\u00fablica\"}]},{\"@type\":\"WebSite\",\"@id\":\"https:\\\/\\\/primereando.com.ar\\\/#website\",\"url\":\"https:\\\/\\\/primereando.com.ar\\\/\",\"name\":\"Primereando\",\"description\":\"Portal de noticias de la Provincia de Buenos Aires\",\"publisher\":{\"@id\":\"https:\\\/\\\/primereando.com.ar\\\/#organization\"},\"potentialAction\":[{\"@type\":\"SearchAction\",\"target\":{\"@type\":\"EntryPoint\",\"urlTemplate\":\"https:\\\/\\\/primereando.com.ar\\\/?s={search_term_string}\"},\"query-input\":{\"@type\":\"PropertyValueSpecification\",\"valueRequired\":true,\"valueName\":\"search_term_string\"}}],\"inLanguage\":\"es-AR\"},{\"@type\":\"Organization\",\"@id\":\"https:\\\/\\\/primereando.com.ar\\\/#organization\",\"name\":\"Primereando\",\"url\":\"https:\\\/\\\/primereando.com.ar\\\/\",\"logo\":{\"@type\":\"ImageObject\",\"inLanguage\":\"es-AR\",\"@id\":\"https:\\\/\\\/primereando.com.ar\\\/#\\\/schema\\\/logo\\\/image\\\/\",\"url\":\"https:\\\/\\\/primereando.com.ar\\\/wp-content\\\/uploads\\\/2021\\\/12\\\/primereando-logo.png\",\"contentUrl\":\"https:\\\/\\\/primereando.com.ar\\\/wp-content\\\/uploads\\\/2021\\\/12\\\/primereando-logo.png\",\"width\":360,\"height\":96,\"caption\":\"Primereando\"},\"image\":{\"@id\":\"https:\\\/\\\/primereando.com.ar\\\/#\\\/schema\\\/logo\\\/image\\\/\"}}]}<\/script>\n<!-- \/ Yoast SEO plugin. -->","yoast_head_json":{"title":"Denuncian despidos en Radio Nacional, T\u00e9lam y la TV P\u00fablica - Primereando","robots":{"index":"index","follow":"follow","max-snippet":"max-snippet:-1","max-image-preview":"max-image-preview:large","max-video-preview":"max-video-preview:-1"},"canonical":"https:\/\/primereando.com.ar\/index.php\/2018\/01\/02\/denuncian-despidos-en-radio-nacional-telam-y-la-tv-publica\/34654\/","og_locale":"es_ES","og_type":"article","og_title":"Denuncian despidos en Radio Nacional, T\u00e9lam y la TV P\u00fablica - Primereando","og_description":"Delegados gremiales advierten sobre los nuevos despidos sin previo aviso. &quot;Los compa&#xF1;eros llegan, fichan y se enteran que est&#xE1;n afuera&quot;, explicaron en declaraciones radiales. Durante las primeras horas de este martes, la sede de Radio Nacional se convirti&#xF3; en el reflejo del ajuste que las autoridades del Sistema Federal de Medios P&#xFA;blicos, que encabeza Hern&#xE1;n [&hellip;]","og_url":"https:\/\/primereando.com.ar\/index.php\/2018\/01\/02\/denuncian-despidos-en-radio-nacional-telam-y-la-tv-publica\/34654\/","og_site_name":"Primereando","article_published_time":"2018-01-02T17:57:33+00:00","og_image":[{"url":"https:\/\/primereando.com.ar\/wp-content\/uploads\/5af3b149d8bdd92efd078d7d\/image.jpg","width":1,"height":1,"type":"image\/jpeg"}],"twitter_card":"summary_large_image","twitter_misc":{"Tiempo de lectura":"2 minutos"},"schema":{"@context":"https:\/\/schema.org","@graph":[{"@type":"Article","@id":"https:\/\/primereando.com.ar\/index.php\/2018\/01\/02\/denuncian-despidos-en-radio-nacional-telam-y-la-tv-publica\/34654\/#article","isPartOf":{"@id":"https:\/\/primereando.com.ar\/index.php\/2018\/01\/02\/denuncian-despidos-en-radio-nacional-telam-y-la-tv-publica\/34654\/"},"author":{"name":"","@id":""},"headline":"Denuncian despidos en Radio Nacional, T\u00e9lam y la TV P\u00fablica","datePublished":"2018-01-02T17:57:33+00:00","mainEntityOfPage":{"@id":"https:\/\/primereando.com.ar\/index.php\/2018\/01\/02\/denuncian-despidos-en-radio-nacional-telam-y-la-tv-publica\/34654\/"},"wordCount":361,"commentCount":0,"publisher":{"@id":"https:\/\/primereando.com.ar\/#organization"},"keywords":["*","despidos","Radio Nacional","T\u00e9lam","TV P\u00fablica"],"articleSection":["Pa\u00eds"],"inLanguage":"es-AR","potentialAction":[{"@type":"CommentAction","name":"Comment","target":["https:\/\/primereando.com.ar\/index.php\/2018\/01\/02\/denuncian-despidos-en-radio-nacional-telam-y-la-tv-publica\/34654\/#respond"]}]},{"@type":"WebPage","@id":"https:\/\/primereando.com.ar\/index.php\/2018\/01\/02\/denuncian-despidos-en-radio-nacional-telam-y-la-tv-publica\/34654\/","url":"https:\/\/primereando.com.ar\/index.php\/2018\/01\/02\/denuncian-despidos-en-radio-nacional-telam-y-la-tv-publica\/34654\/","name":"Denuncian despidos en Radio Nacional, T\u00e9lam y la TV P\u00fablica - Primereando","isPartOf":{"@id":"https:\/\/primereando.com.ar\/#website"},"datePublished":"2018-01-02T17:57:33+00:00","breadcrumb":{"@id":"https:\/\/primereando.com.ar\/index.php\/2018\/01\/02\/denuncian-despidos-en-radio-nacional-telam-y-la-tv-publica\/34654\/#breadcrumb"},"inLanguage":"es-AR","potentialAction":[{"@type":"ReadAction","target":["https:\/\/primereando.com.ar\/index.php\/2018\/01\/02\/denuncian-despidos-en-radio-nacional-telam-y-la-tv-publica\/34654\/"]}]},{"@type":"BreadcrumbList","@id":"https:\/\/primereando.com.ar\/index.php\/2018\/01\/02\/denuncian-despidos-en-radio-nacional-telam-y-la-tv-publica\/34654\/#breadcrumb","itemListElement":[{"@type":"ListItem","position":1,"name":"Inicio","item":"https:\/\/primereando.com.ar\/"},{"@type":"ListItem","position":2,"name":"Denuncian despidos en Radio Nacional, T\u00e9lam y la TV P\u00fablica"}]},{"@type":"WebSite","@id":"https:\/\/primereando.com.ar\/#website","url":"https:\/\/primereando.com.ar\/","name":"Primereando","description":"Portal de noticias de la Provincia de Buenos Aires","publisher":{"@id":"https:\/\/primereando.com.ar\/#organization"},"potentialAction":[{"@type":"SearchAction","target":{"@type":"EntryPoint","urlTemplate":"https:\/\/primereando.com.ar\/?s={search_term_string}"},"query-input":{"@type":"PropertyValueSpecification","valueRequired":true,"valueName":"search_term_string"}}],"inLanguage":"es-AR"},{"@type":"Organization","@id":"https:\/\/primereando.com.ar\/#organization","name":"Primereando","url":"https:\/\/primereando.com.ar\/","logo":{"@type":"ImageObject","inLanguage":"es-AR","@id":"https:\/\/primereando.com.ar\/#\/schema\/logo\/image\/","url":"https:\/\/primereando.com.ar\/wp-content\/uploads\/2021\/12\/primereando-logo.png","contentUrl":"https:\/\/primereando.com.ar\/wp-content\/uploads\/2021\/12\/primereando-logo.png","width":360,"height":96,"caption":"Primereando"},"image":{"@id":"https:\/\/primereando.com.ar\/#\/schema\/logo\/image\/"}}]}},"_links":{"self":[{"href":"https:\/\/primereando.com.ar\/index.php\/wp-json\/wp\/v2\/posts\/34654","targetHints":{"allow":["GET"]}}],"collection":[{"href":"https:\/\/primereando.com.ar\/index.php\/wp-json\/wp\/v2\/posts"}],"about":[{"href":"https:\/\/primereando.com.ar\/index.php\/wp-json\/wp\/v2\/types\/post"}],"replies":[{"embeddable":true,"href":"https:\/\/primereando.com.ar\/index.php\/wp-json\/wp\/v2\/comments?post=34654"}],"version-history":[{"count":0,"href":"https:\/\/primereando.com.ar\/index.php\/wp-json\/wp\/v2\/posts\/34654\/revisions"}],"wp:attachment":[{"href":"https:\/\/primereando.com.ar\/index.php\/wp-json\/wp\/v2\/media?parent=34654"}],"wp:term":[{"taxonomy":"category","embeddable":true,"href":"https:\/\/primereando.com.ar\/index.php\/wp-json\/wp\/v2\/categories?post=34654"},{"taxonomy":"post_tag","embeddable":true,"href":"https:\/\/primereando.com.ar\/index.php\/wp-json\/wp\/v2\/tags?post=34654"}],"curies":[{"name":"wp","href":"https:\/\/api.w.org\/{rel}","templated":true}]}}