{"id":35452,"date":"2017-11-03T14:35:24","date_gmt":"2017-11-03T14:35:24","guid":{"rendered":""},"modified":"2017-11-03T14:35:24","modified_gmt":"2017-11-03T14:35:24","slug":"zaffaroni-tras-la-detencion-de-boudou-se-nos-esta-derrumbado-la-republica-en-funcion-de-una-serie-de-shows-judiciales","status":"publish","type":"post","link":"https:\/\/primereando.com.ar\/index.php\/2017\/11\/03\/zaffaroni-tras-la-detencion-de-boudou-se-nos-esta-derrumbado-la-republica-en-funcion-de-una-serie-de-shows-judiciales\/35452\/","title":{"rendered":"Zaffaroni tras la detenci\u00f3n de Boudou: \u201cSe nos est\u00e1 derrumbado la Rep\u00fablica en funci\u00f3n de una serie de shows judiciales\u201d"},"content":{"rendered":"<p>El ex juez de la Corte Suprema alert&#xF3; que el pa&#xED;s atraviesa &#x201C;un momento de regresi&#xF3;n institucional&#x201D;, con &#x201C;procedimientos de tipo mafioso&#x201D; y &#x201C;persecuci&#xF3;n ideol&#xF3;gica&#x201D;. Tambi&#xE9;n habl&#xF3; de la campa&#xF1;a medi&#xE1;tica en su contra.<\/p>\n<p>&#x201C;Se nos est&#xE1; derrumbado la Rep&#xFA;blica aceleradamente en funci&#xF3;n de una serie de shows judiciales, procedimientos de tipo mafioso y coacciones. La coacci&#xF3;n es un procedimiento cl&#xE1;sico de organizaciones delincuenciales y esto se nos va insertando&#x201D;, dijo Eugenio Zaffaroni y consider&#xF3; que as&#xED; &#x201C;se va cayendo el Estado de Derecho a pedazos&#x201D;.<\/p>\n<p>El ex juez de la Corte Suprema fue entrevistado por el periodista V&#xED;ctor Hugo Morales en AM 750 luego de la detenci&#xF3;n del ex vicepresidente Amado Boudou, ordenada por el juez Ariel Lijo y llevada a cabo por la Prefectura Nacional en el marco de una causa por presunto enriquecimiento il&#xED;cito.<\/p>\n<p>En este sentido, Zaffaroni cuestion&#xF3; las &#x201C;prisiones preventivas con el pretexto de que pueden perjudicar el avance de la investigaci&#xF3;n, cuando los hechos que se denuncian son de prueba documental&#x201D;.<\/p>\n<p>Tambi&#xE9;n se refiri&#xF3; a la &#x201C;presi&#xF3;n sobre jueces d&#xED;scolos&#x201D;, como ocurre con el suspendido Luis Federico Arias, el magistrado platense que hab&#xED;a denunciado &#x201C;acuerdos corporativos&#x201D; de los poderes pol&#xED;ticos, judiciales y econ&#xF3;micos.<\/p>\n<p>&#x201C;Se est&#xE1; terminando el pluralismo dentro del Poder Judicial, con una clara persecuci&#xF3;n ideol&#xF3;gica. Estamos asistiendo a un momento de regresi&#xF3;n institucional&#x201D;, subray&#xF3; Zaffaroni.<\/p>\n<p>El ex juez de la Corte consider&#xF3; que es un tiempo de &#x201C;resistencia&#x201D; y que &#x201C;esto va a pasar, como pasaron otros que se consideraron omnipotentes y al rato terminando muy mal, pero el problema es que nos puede lesionar nuestra cultura jur&#xED;dica&#x201D;.<\/p>\n<p>Consultado sobre la campa&#xF1;a de Clar&#xED;n y La Naci&#xF3;n por los 385 mil pesos por mes que gana por su pensi&#xF3;n vitalicia, Zaffaroni dijo que le &#x201C;da verg&#xFC;enza ver el recibo&#x201D;, pero que &#x201C;hay una ley que fija eso y los sueldos los fija la Corte Suprema, esta Corte del 2&#215;1&#x201D;.<\/p>\n<p>En este sentido, pidi&#xF3; discutir &#x201C;la pol&#xED;tica salarial del Poder Judicial&#x201D; y &#x201C;la ley de jubilaciones que la cobran todos los jueces&#x201D;.<\/p>\n<p>&#x201C;Yo soy un tipo de costumbres m&#xE1;s bien sobrias, no tengo vacaciones en Punta del Este, no paso los fines de semana en el country, ni tengo autos de alta gama. Tengo un auto de diez a&#xF1;os que no quiero cambiar. Es la primera vez en mi vida que me sobra dinero en el banco y estoy dedicando dinero a una fundaci&#xF3;n, ayudando a gente que est&#xE1; investigando, congresos y seminarios&#x201D;, concluy&#xF3;.<\/p>\n<p><iframe loading=\"lazy\" src=\"\/\/radiocut.fm\/audiocut\/embed\/mini\/zaffaroni-hay-procedimientos-del-tipo-mafioso-se-va-cayendo-el-estado-de-derecho\" width=\"100%\" height=\"65px\" frameborder=\"no\" scrolling=\"no\"><\/iframe><\/p>\n","protected":false},"excerpt":{"rendered":"<p>El ex juez de la Corte Suprema alert&#xF3; que el pa&#xED;s atraviesa &#x201C;un momento de regresi&#xF3;n institucional&#x201D;, con &#x201C;procedimientos de tipo mafioso&#x201D; y &#x201C;persecuci&#xF3;n ideol&#xF3;gica&#x201D;. Tambi&#xE9;n habl&#xF3; de la campa&#xF1;a medi&#xE1;tica en su contra. &#x201C;Se nos est&#xE1; derrumbado la Rep&#xFA;blica aceleradamente en funci&#xF3;n de una serie de shows judiciales, procedimientos de tipo mafioso y coacciones. [&hellip;]<\/p>\n","protected":false},"author":0,"featured_media":0,"comment_status":"open","ping_status":"open","sticky":false,"template":"","format":"standard","meta":{"footnotes":""},"categories":[3],"tags":[5967,1966,2541],"class_list":["post-35452","post","type-post","status-publish","format-standard","hentry","category-pais","tag-n-a","tag-amado-boudou","tag-eugenio-zaffaroni"],"yoast_head":"<!-- This site is optimized with the Yoast SEO plugin v28.4 - https:\/\/yoast.com\/product\/yoast-seo-wordpress\/ -->\n<title>Zaffaroni tras la detenci\u00f3n de Boudou: \u201cSe nos est\u00e1 derrumbado la Rep\u00fablica en funci\u00f3n de una serie de shows judiciales\u201d - Primereando<\/title>\n<meta name=\"robots\" content=\"index, follow, max-snippet:-1, max-image-preview:large, max-video-preview:-1\" \/>\n<link rel=\"canonical\" href=\"https:\/\/primereando.com.ar\/index.php\/2017\/11\/03\/zaffaroni-tras-la-detencion-de-boudou-se-nos-esta-derrumbado-la-republica-en-funcion-de-una-serie-de-shows-judiciales\/35452\/\" \/>\n<meta property=\"og:locale\" content=\"es_ES\" \/>\n<meta property=\"og:type\" content=\"article\" \/>\n<meta property=\"og:title\" content=\"Zaffaroni tras la detenci\u00f3n de Boudou: \u201cSe nos est\u00e1 derrumbado la Rep\u00fablica en funci\u00f3n de una serie de shows judiciales\u201d - Primereando\" \/>\n<meta property=\"og:description\" content=\"El ex juez de la Corte Suprema alert&#xF3; que el pa&#xED;s atraviesa &#x201C;un momento de regresi&#xF3;n institucional&#x201D;, con &#x201C;procedimientos de tipo mafioso&#x201D; y &#x201C;persecuci&#xF3;n ideol&#xF3;gica&#x201D;. Tambi&#xE9;n habl&#xF3; de la campa&#xF1;a medi&#xE1;tica en su contra. &#x201C;Se nos est&#xE1; derrumbado la Rep&#xFA;blica aceleradamente en funci&#xF3;n de una serie de shows judiciales, procedimientos de tipo mafioso y coacciones. [&hellip;]\" \/>\n<meta property=\"og:url\" content=\"https:\/\/primereando.com.ar\/index.php\/2017\/11\/03\/zaffaroni-tras-la-detencion-de-boudou-se-nos-esta-derrumbado-la-republica-en-funcion-de-una-serie-de-shows-judiciales\/35452\/\" \/>\n<meta property=\"og:site_name\" content=\"Primereando\" \/>\n<meta property=\"article:published_time\" content=\"2017-11-03T14:35:24+00:00\" \/>\n<meta property=\"og:image\" content=\"https:\/\/primereando.com.ar\/wp-content\/uploads\/5af3b20ed8bdd92efd079430\/image.jpg\" \/>\n\t<meta property=\"og:image:width\" content=\"1\" \/>\n\t<meta property=\"og:image:height\" content=\"1\" \/>\n\t<meta property=\"og:image:type\" content=\"image\/jpeg\" \/>\n<meta name=\"twitter:card\" content=\"summary_large_image\" \/>\n<meta name=\"twitter:label1\" content=\"Tiempo de lectura\" \/>\n\t<meta name=\"twitter:data1\" content=\"3 minutos\" \/>\n<script type=\"application\/ld+json\" class=\"yoast-schema-graph\">{\"@context\":\"https:\\\/\\\/schema.org\",\"@graph\":[{\"@type\":\"Article\",\"@id\":\"https:\\\/\\\/primereando.com.ar\\\/index.php\\\/2017\\\/11\\\/03\\\/zaffaroni-tras-la-detencion-de-boudou-se-nos-esta-derrumbado-la-republica-en-funcion-de-una-serie-de-shows-judiciales\\\/35452\\\/#article\",\"isPartOf\":{\"@id\":\"https:\\\/\\\/primereando.com.ar\\\/index.php\\\/2017\\\/11\\\/03\\\/zaffaroni-tras-la-detencion-de-boudou-se-nos-esta-derrumbado-la-republica-en-funcion-de-una-serie-de-shows-judiciales\\\/35452\\\/\"},\"author\":{\"name\":\"\",\"@id\":\"\"},\"headline\":\"Zaffaroni tras la detenci\u00f3n de Boudou: \u201cSe nos est\u00e1 derrumbado la Rep\u00fablica en funci\u00f3n de una serie de shows judiciales\u201d\",\"datePublished\":\"2017-11-03T14:35:24+00:00\",\"mainEntityOfPage\":{\"@id\":\"https:\\\/\\\/primereando.com.ar\\\/index.php\\\/2017\\\/11\\\/03\\\/zaffaroni-tras-la-detencion-de-boudou-se-nos-esta-derrumbado-la-republica-en-funcion-de-una-serie-de-shows-judiciales\\\/35452\\\/\"},\"wordCount\":577,\"commentCount\":0,\"publisher\":{\"@id\":\"https:\\\/\\\/primereando.com.ar\\\/#organization\"},\"keywords\":[\"*\",\"Amado Boudou\",\"Eugenio Zaffaroni\"],\"articleSection\":[\"Pa\u00eds\"],\"inLanguage\":\"es-AR\",\"potentialAction\":[{\"@type\":\"CommentAction\",\"name\":\"Comment\",\"target\":[\"https:\\\/\\\/primereando.com.ar\\\/index.php\\\/2017\\\/11\\\/03\\\/zaffaroni-tras-la-detencion-de-boudou-se-nos-esta-derrumbado-la-republica-en-funcion-de-una-serie-de-shows-judiciales\\\/35452\\\/#respond\"]}]},{\"@type\":\"WebPage\",\"@id\":\"https:\\\/\\\/primereando.com.ar\\\/index.php\\\/2017\\\/11\\\/03\\\/zaffaroni-tras-la-detencion-de-boudou-se-nos-esta-derrumbado-la-republica-en-funcion-de-una-serie-de-shows-judiciales\\\/35452\\\/\",\"url\":\"https:\\\/\\\/primereando.com.ar\\\/index.php\\\/2017\\\/11\\\/03\\\/zaffaroni-tras-la-detencion-de-boudou-se-nos-esta-derrumbado-la-republica-en-funcion-de-una-serie-de-shows-judiciales\\\/35452\\\/\",\"name\":\"Zaffaroni tras la detenci\u00f3n de Boudou: \u201cSe nos est\u00e1 derrumbado la Rep\u00fablica en funci\u00f3n de una serie de shows judiciales\u201d - Primereando\",\"isPartOf\":{\"@id\":\"https:\\\/\\\/primereando.com.ar\\\/#website\"},\"datePublished\":\"2017-11-03T14:35:24+00:00\",\"breadcrumb\":{\"@id\":\"https:\\\/\\\/primereando.com.ar\\\/index.php\\\/2017\\\/11\\\/03\\\/zaffaroni-tras-la-detencion-de-boudou-se-nos-esta-derrumbado-la-republica-en-funcion-de-una-serie-de-shows-judiciales\\\/35452\\\/#breadcrumb\"},\"inLanguage\":\"es-AR\",\"potentialAction\":[{\"@type\":\"ReadAction\",\"target\":[\"https:\\\/\\\/primereando.com.ar\\\/index.php\\\/2017\\\/11\\\/03\\\/zaffaroni-tras-la-detencion-de-boudou-se-nos-esta-derrumbado-la-republica-en-funcion-de-una-serie-de-shows-judiciales\\\/35452\\\/\"]}]},{\"@type\":\"BreadcrumbList\",\"@id\":\"https:\\\/\\\/primereando.com.ar\\\/index.php\\\/2017\\\/11\\\/03\\\/zaffaroni-tras-la-detencion-de-boudou-se-nos-esta-derrumbado-la-republica-en-funcion-de-una-serie-de-shows-judiciales\\\/35452\\\/#breadcrumb\",\"itemListElement\":[{\"@type\":\"ListItem\",\"position\":1,\"name\":\"Inicio\",\"item\":\"https:\\\/\\\/primereando.com.ar\\\/\"},{\"@type\":\"ListItem\",\"position\":2,\"name\":\"Zaffaroni tras la detenci\u00f3n de Boudou: \u201cSe nos est\u00e1 derrumbado la Rep\u00fablica en funci\u00f3n de una serie de shows judiciales\u201d\"}]},{\"@type\":\"WebSite\",\"@id\":\"https:\\\/\\\/primereando.com.ar\\\/#website\",\"url\":\"https:\\\/\\\/primereando.com.ar\\\/\",\"name\":\"Primereando\",\"description\":\"Portal de noticias de la Provincia de Buenos Aires\",\"publisher\":{\"@id\":\"https:\\\/\\\/primereando.com.ar\\\/#organization\"},\"potentialAction\":[{\"@type\":\"SearchAction\",\"target\":{\"@type\":\"EntryPoint\",\"urlTemplate\":\"https:\\\/\\\/primereando.com.ar\\\/?s={search_term_string}\"},\"query-input\":{\"@type\":\"PropertyValueSpecification\",\"valueRequired\":true,\"valueName\":\"search_term_string\"}}],\"inLanguage\":\"es-AR\"},{\"@type\":\"Organization\",\"@id\":\"https:\\\/\\\/primereando.com.ar\\\/#organization\",\"name\":\"Primereando\",\"url\":\"https:\\\/\\\/primereando.com.ar\\\/\",\"logo\":{\"@type\":\"ImageObject\",\"inLanguage\":\"es-AR\",\"@id\":\"https:\\\/\\\/primereando.com.ar\\\/#\\\/schema\\\/logo\\\/image\\\/\",\"url\":\"https:\\\/\\\/primereando.com.ar\\\/wp-content\\\/uploads\\\/2021\\\/12\\\/primereando-logo.png\",\"contentUrl\":\"https:\\\/\\\/primereando.com.ar\\\/wp-content\\\/uploads\\\/2021\\\/12\\\/primereando-logo.png\",\"width\":360,\"height\":96,\"caption\":\"Primereando\"},\"image\":{\"@id\":\"https:\\\/\\\/primereando.com.ar\\\/#\\\/schema\\\/logo\\\/image\\\/\"}}]}<\/script>\n<!-- \/ Yoast SEO plugin. -->","yoast_head_json":{"title":"Zaffaroni tras la detenci\u00f3n de Boudou: \u201cSe nos est\u00e1 derrumbado la Rep\u00fablica en funci\u00f3n de una serie de shows judiciales\u201d - Primereando","robots":{"index":"index","follow":"follow","max-snippet":"max-snippet:-1","max-image-preview":"max-image-preview:large","max-video-preview":"max-video-preview:-1"},"canonical":"https:\/\/primereando.com.ar\/index.php\/2017\/11\/03\/zaffaroni-tras-la-detencion-de-boudou-se-nos-esta-derrumbado-la-republica-en-funcion-de-una-serie-de-shows-judiciales\/35452\/","og_locale":"es_ES","og_type":"article","og_title":"Zaffaroni tras la detenci\u00f3n de Boudou: \u201cSe nos est\u00e1 derrumbado la Rep\u00fablica en funci\u00f3n de una serie de shows judiciales\u201d - Primereando","og_description":"El ex juez de la Corte Suprema alert&#xF3; que el pa&#xED;s atraviesa &#x201C;un momento de regresi&#xF3;n institucional&#x201D;, con &#x201C;procedimientos de tipo mafioso&#x201D; y &#x201C;persecuci&#xF3;n ideol&#xF3;gica&#x201D;. Tambi&#xE9;n habl&#xF3; de la campa&#xF1;a medi&#xE1;tica en su contra. &#x201C;Se nos est&#xE1; derrumbado la Rep&#xFA;blica aceleradamente en funci&#xF3;n de una serie de shows judiciales, procedimientos de tipo mafioso y coacciones. [&hellip;]","og_url":"https:\/\/primereando.com.ar\/index.php\/2017\/11\/03\/zaffaroni-tras-la-detencion-de-boudou-se-nos-esta-derrumbado-la-republica-en-funcion-de-una-serie-de-shows-judiciales\/35452\/","og_site_name":"Primereando","article_published_time":"2017-11-03T14:35:24+00:00","og_image":[{"url":"https:\/\/primereando.com.ar\/wp-content\/uploads\/5af3b20ed8bdd92efd079430\/image.jpg","width":1,"height":1,"type":"image\/jpeg"}],"twitter_card":"summary_large_image","twitter_misc":{"Tiempo de lectura":"3 minutos"},"schema":{"@context":"https:\/\/schema.org","@graph":[{"@type":"Article","@id":"https:\/\/primereando.com.ar\/index.php\/2017\/11\/03\/zaffaroni-tras-la-detencion-de-boudou-se-nos-esta-derrumbado-la-republica-en-funcion-de-una-serie-de-shows-judiciales\/35452\/#article","isPartOf":{"@id":"https:\/\/primereando.com.ar\/index.php\/2017\/11\/03\/zaffaroni-tras-la-detencion-de-boudou-se-nos-esta-derrumbado-la-republica-en-funcion-de-una-serie-de-shows-judiciales\/35452\/"},"author":{"name":"","@id":""},"headline":"Zaffaroni tras la detenci\u00f3n de Boudou: \u201cSe nos est\u00e1 derrumbado la Rep\u00fablica en funci\u00f3n de una serie de shows judiciales\u201d","datePublished":"2017-11-03T14:35:24+00:00","mainEntityOfPage":{"@id":"https:\/\/primereando.com.ar\/index.php\/2017\/11\/03\/zaffaroni-tras-la-detencion-de-boudou-se-nos-esta-derrumbado-la-republica-en-funcion-de-una-serie-de-shows-judiciales\/35452\/"},"wordCount":577,"commentCount":0,"publisher":{"@id":"https:\/\/primereando.com.ar\/#organization"},"keywords":["*","Amado Boudou","Eugenio Zaffaroni"],"articleSection":["Pa\u00eds"],"inLanguage":"es-AR","potentialAction":[{"@type":"CommentAction","name":"Comment","target":["https:\/\/primereando.com.ar\/index.php\/2017\/11\/03\/zaffaroni-tras-la-detencion-de-boudou-se-nos-esta-derrumbado-la-republica-en-funcion-de-una-serie-de-shows-judiciales\/35452\/#respond"]}]},{"@type":"WebPage","@id":"https:\/\/primereando.com.ar\/index.php\/2017\/11\/03\/zaffaroni-tras-la-detencion-de-boudou-se-nos-esta-derrumbado-la-republica-en-funcion-de-una-serie-de-shows-judiciales\/35452\/","url":"https:\/\/primereando.com.ar\/index.php\/2017\/11\/03\/zaffaroni-tras-la-detencion-de-boudou-se-nos-esta-derrumbado-la-republica-en-funcion-de-una-serie-de-shows-judiciales\/35452\/","name":"Zaffaroni tras la detenci\u00f3n de Boudou: \u201cSe nos est\u00e1 derrumbado la Rep\u00fablica en funci\u00f3n de una serie de shows judiciales\u201d - Primereando","isPartOf":{"@id":"https:\/\/primereando.com.ar\/#website"},"datePublished":"2017-11-03T14:35:24+00:00","breadcrumb":{"@id":"https:\/\/primereando.com.ar\/index.php\/2017\/11\/03\/zaffaroni-tras-la-detencion-de-boudou-se-nos-esta-derrumbado-la-republica-en-funcion-de-una-serie-de-shows-judiciales\/35452\/#breadcrumb"},"inLanguage":"es-AR","potentialAction":[{"@type":"ReadAction","target":["https:\/\/primereando.com.ar\/index.php\/2017\/11\/03\/zaffaroni-tras-la-detencion-de-boudou-se-nos-esta-derrumbado-la-republica-en-funcion-de-una-serie-de-shows-judiciales\/35452\/"]}]},{"@type":"BreadcrumbList","@id":"https:\/\/primereando.com.ar\/index.php\/2017\/11\/03\/zaffaroni-tras-la-detencion-de-boudou-se-nos-esta-derrumbado-la-republica-en-funcion-de-una-serie-de-shows-judiciales\/35452\/#breadcrumb","itemListElement":[{"@type":"ListItem","position":1,"name":"Inicio","item":"https:\/\/primereando.com.ar\/"},{"@type":"ListItem","position":2,"name":"Zaffaroni tras la detenci\u00f3n de Boudou: \u201cSe nos est\u00e1 derrumbado la Rep\u00fablica en funci\u00f3n de una serie de shows judiciales\u201d"}]},{"@type":"WebSite","@id":"https:\/\/primereando.com.ar\/#website","url":"https:\/\/primereando.com.ar\/","name":"Primereando","description":"Portal de noticias de la Provincia de Buenos Aires","publisher":{"@id":"https:\/\/primereando.com.ar\/#organization"},"potentialAction":[{"@type":"SearchAction","target":{"@type":"EntryPoint","urlTemplate":"https:\/\/primereando.com.ar\/?s={search_term_string}"},"query-input":{"@type":"PropertyValueSpecification","valueRequired":true,"valueName":"search_term_string"}}],"inLanguage":"es-AR"},{"@type":"Organization","@id":"https:\/\/primereando.com.ar\/#organization","name":"Primereando","url":"https:\/\/primereando.com.ar\/","logo":{"@type":"ImageObject","inLanguage":"es-AR","@id":"https:\/\/primereando.com.ar\/#\/schema\/logo\/image\/","url":"https:\/\/primereando.com.ar\/wp-content\/uploads\/2021\/12\/primereando-logo.png","contentUrl":"https:\/\/primereando.com.ar\/wp-content\/uploads\/2021\/12\/primereando-logo.png","width":360,"height":96,"caption":"Primereando"},"image":{"@id":"https:\/\/primereando.com.ar\/#\/schema\/logo\/image\/"}}]}},"_links":{"self":[{"href":"https:\/\/primereando.com.ar\/index.php\/wp-json\/wp\/v2\/posts\/35452","targetHints":{"allow":["GET"]}}],"collection":[{"href":"https:\/\/primereando.com.ar\/index.php\/wp-json\/wp\/v2\/posts"}],"about":[{"href":"https:\/\/primereando.com.ar\/index.php\/wp-json\/wp\/v2\/types\/post"}],"replies":[{"embeddable":true,"href":"https:\/\/primereando.com.ar\/index.php\/wp-json\/wp\/v2\/comments?post=35452"}],"version-history":[{"count":0,"href":"https:\/\/primereando.com.ar\/index.php\/wp-json\/wp\/v2\/posts\/35452\/revisions"}],"wp:attachment":[{"href":"https:\/\/primereando.com.ar\/index.php\/wp-json\/wp\/v2\/media?parent=35452"}],"wp:term":[{"taxonomy":"category","embeddable":true,"href":"https:\/\/primereando.com.ar\/index.php\/wp-json\/wp\/v2\/categories?post=35452"},{"taxonomy":"post_tag","embeddable":true,"href":"https:\/\/primereando.com.ar\/index.php\/wp-json\/wp\/v2\/tags?post=35452"}],"curies":[{"name":"wp","href":"https:\/\/api.w.org\/{rel}","templated":true}]}}