{"id":86324,"date":"2022-12-10T13:23:59","date_gmt":"2022-12-10T16:23:59","guid":{"rendered":"https:\/\/primereando.com.ar\/?p=86324"},"modified":"2022-12-10T13:26:27","modified_gmt":"2022-12-10T16:26:27","slug":"el-frente-de-todos-llamo-a-defender-y-cuidar-la-democracia","status":"publish","type":"post","link":"https:\/\/primereando.com.ar\/index.php\/2022\/12\/10\/el-frente-de-todos-llamo-a-defender-y-cuidar-la-democracia\/86324\/","title":{"rendered":"Con cr\u00edticas al Poder Judicial, el Frente de Todos llam\u00f3 a &#8220;defender y cuidar&#8221; la democracia"},"content":{"rendered":"\n<h2 class=\"wp-block-heading\">Fue al recordar los 39 a\u00f1os de la recuperaci\u00f3n democr\u00e1tica con la asunci\u00f3n de Ra\u00fal Alfons\u00edn en 1983.<\/h2>\n\n\n\n<p class=\"wp-block-paragraph\">Diferentes funcionarios y dirigentes del Frente de Todos (FdT) destacaron este s\u00e1bado la necesidad de &#8220;defender&#8221; y &#8220;cuidar&#8221; la democracia y apuntaron contra el funcionamiento del Poder Judicial, al cumplirse 39 a\u00f1os de la recuperaci\u00f3n del sistema democr\u00e1tico con la asunci\u00f3n del presidente radical Ra\u00fal Alfons\u00edn en 1983.<\/p>\n\n\n\n<p class=\"wp-block-paragraph\">&#8220;Hace 39 a\u00f1os el pa\u00eds dejaba atr\u00e1s la dictadura m\u00e1s sanguinaria de su historia y recuperaba el Estado de Derecho, luego de una larga lucha de argentinas y argentinos por la libertad, la paz y los derechos humanos. Nuestro mejor homenaje es cuidar cada d\u00eda esos valores democr\u00e1ticos&#8221;, public\u00f3 en su cuenta de Twitter el jefe de Gabinete, Juan Manzur.<\/p>\n\n\n\n<p class=\"wp-block-paragraph\">En tanto, la cuenta oficial del Gobierno nacional -Casa Rosada- public\u00f3: &#8220;Argentina necesita una democracia fuerte, con libertad y sin proscripciones ni condicionamientos. En este #D\u00edaDeLaDemocracia, y siempre, seguimos construyendo el pa\u00eds que nos merecemos&#8221;.<\/p>\n\n\n\n<p class=\"wp-block-paragraph\">El secretario de Derechos Humanos, Horacio Pietragalla Corti, tambi\u00e9n se hizo eco del d\u00eda y afirm\u00f3: &#8220;Por los logros conseguidos y a pesar de los retrocesos, hoy m\u00e1s que nunca tenemos que defender nuestra democracia&#8221;.<\/p>\n\n\n\n<p class=\"wp-block-paragraph\">En un escueto mensaje, el ministro bonaerense y secretario general de La C\u00e1mpora, Andr\u00e9s Larroque, public\u00f3: &#8220;Democracia o Mafia&#8221;, en alusi\u00f3n a las declaraciones de Cristina Fern\u00e1ndez de Kirchner tras la sentencia el martes pasado del Tribunal Federal Oral N\u00b02 que la conden\u00f3 a 6 a\u00f1os de prisi\u00f3n e inhabilitaci\u00f3n para ejercer cargos p\u00fablicos, en el marco de la causa Vialidad.<\/p>\n\n\n\n<p class=\"wp-block-paragraph\">En declaraciones radiales, la ministra de Gobierno bonaerense, Cristina \u00c1lvarez Rodr\u00edguez, manifest\u00f3 que &#8220;la disyuntiva hoy es entre mafia judicial o la democracia&#8221;.<\/p>\n\n\n\n<p class=\"wp-block-paragraph\">En la misma l\u00ednea, para la legisladora porte\u00f1a Victoria Montenegro, &#8220;la deuda pendiente de nuestra democracia es la reforma judicial&#8221; y a\u00f1adi\u00f3: &#8220;A 39 a\u00f1os de haberla recuperado luchemos por defenderla&#8221;.<\/p>\n\n\n\n<p class=\"wp-block-paragraph\">Por su parte, el titular de Acumar, Mart\u00edn Sabbatella, vincul\u00f3 esta fecha con la situaci\u00f3n de Fern\u00e1ndez de Kirchner, tras su condena: &#8220;Si las mafias avanzan, la democracia retrocede&#8221;, afirm\u00f3 el referente de Nuevo Encuentro.<\/p>\n\n\n\n<p class=\"wp-block-paragraph\">Con el hashtag #DemocraciaParaSiempre, la senadora mendocina Anabel Fern\u00e1ndez Sagasti (FDT) sostuvo que &#8220;una democracia fuerte es la base ineludible para lograr justicia social y defender los Derechos Humanos&#8221;.<\/p>\n\n\n\n<p class=\"wp-block-paragraph\">La ministra de Desarrollo Social, Victoria Tolosa Paz, manifest\u00f3 por su parte en sus redes sociales: &#8220;Tenemos memoria, sabemos de d\u00f3nde venimos. La democracia que construimos la defendemos todos los d\u00edas&#8221;.<\/p>\n\n\n\n<p class=\"wp-block-paragraph\">En ese mismo sentido, el intendente de Avellaneda y exministro, Jorge Ferraresi, se\u00f1al\u00f3 que &#8220;muchxs argentinxs dieron su vida por recuperar las instituciones democr\u00e1ticas&#8221; y asever\u00f3 que &#8220;este aniversario nos llama a defender esa conquista con compromiso y convicci\u00f3n&#8221;.<\/p>\n\n\n\n<p class=\"wp-block-paragraph\">Entre los gobernadores, el mandatario neuquino Omar Guti\u00e9rrez escribi\u00f3: &#8220;Hoy, m\u00e1s que nunca, defendemos la posibilidad de ejercer nuestros derechos en libertad. #NuncaM\u00e1s&#8221;<\/p>\n\n\n\n<p class=\"wp-block-paragraph\">Para la vicegobernadora Ver\u00f3nica Magario &#8220;hoy, m\u00e1s que nunca, reafirmamos nuestro compromiso con cada argentino, defendiendo los valores democr\u00e1ticos&#8221;.<\/p>\n","protected":false},"excerpt":{"rendered":"<p>Fue al recordar los 39 a\u00f1os de la recuperaci\u00f3n democr\u00e1tica con la asunci\u00f3n de Ra\u00fal Alfons\u00edn en 1983. Diferentes funcionarios y dirigentes del Frente de Todos (FdT) destacaron este s\u00e1bado la necesidad de &#8220;defender&#8221; y &#8220;cuidar&#8221; la democracia y apuntaron contra el funcionamiento del Poder Judicial, al cumplirse 39 a\u00f1os de la recuperaci\u00f3n del sistema [&hellip;]<\/p>\n","protected":false},"author":5,"featured_media":86325,"comment_status":"closed","ping_status":"closed","sticky":false,"template":"","format":"standard","meta":{"footnotes":""},"categories":[5],"tags":[],"class_list":["post-86324","post","type-post","status-publish","format-standard","has-post-thumbnail","hentry","category-actualidad"],"yoast_head":"<!-- This site is optimized with the Yoast SEO plugin v28.3 - https:\/\/yoast.com\/product\/yoast-seo-wordpress\/ -->\n<title>Con cr\u00edticas al Poder Judicial, el Frente de Todos llam\u00f3 a &quot;defender y cuidar&quot; la democracia - Primereando<\/title>\n<meta name=\"robots\" content=\"index, follow, max-snippet:-1, max-image-preview:large, max-video-preview:-1\" \/>\n<link rel=\"canonical\" href=\"https:\/\/primereando.com.ar\/index.php\/2022\/12\/10\/el-frente-de-todos-llamo-a-defender-y-cuidar-la-democracia\/86324\/\" \/>\n<meta property=\"og:locale\" content=\"es_ES\" \/>\n<meta property=\"og:type\" content=\"article\" \/>\n<meta property=\"og:title\" content=\"Con cr\u00edticas al Poder Judicial, el Frente de Todos llam\u00f3 a &quot;defender y cuidar&quot; la democracia - Primereando\" \/>\n<meta property=\"og:description\" content=\"Fue al recordar los 39 a\u00f1os de la recuperaci\u00f3n democr\u00e1tica con la asunci\u00f3n de Ra\u00fal Alfons\u00edn en 1983. Diferentes funcionarios y dirigentes del Frente de Todos (FdT) destacaron este s\u00e1bado la necesidad de &#8220;defender&#8221; y &#8220;cuidar&#8221; la democracia y apuntaron contra el funcionamiento del Poder Judicial, al cumplirse 39 a\u00f1os de la recuperaci\u00f3n del sistema [&hellip;]\" \/>\n<meta property=\"og:url\" content=\"https:\/\/primereando.com.ar\/index.php\/2022\/12\/10\/el-frente-de-todos-llamo-a-defender-y-cuidar-la-democracia\/86324\/\" \/>\n<meta property=\"og:site_name\" content=\"Primereando\" \/>\n<meta property=\"article:published_time\" content=\"2022-12-10T16:23:59+00:00\" \/>\n<meta property=\"article:modified_time\" content=\"2022-12-10T16:26:27+00:00\" \/>\n<meta property=\"og:image\" content=\"https:\/\/primereando.com.ar\/wp-content\/uploads\/2022\/12\/argentina.jpg\" \/>\n\t<meta property=\"og:image:width\" content=\"2048\" \/>\n\t<meta property=\"og:image:height\" content=\"1152\" \/>\n\t<meta property=\"og:image:type\" content=\"image\/jpeg\" \/>\n<meta name=\"author\" content=\"Santi\" \/>\n<meta name=\"twitter:card\" content=\"summary_large_image\" \/>\n<meta name=\"twitter:label1\" content=\"Escrito por\" \/>\n\t<meta name=\"twitter:data1\" content=\"Santi\" \/>\n\t<meta name=\"twitter:label2\" content=\"Tiempo de lectura\" \/>\n\t<meta name=\"twitter:data2\" content=\"3 minutos\" \/>\n<script type=\"application\/ld+json\" class=\"yoast-schema-graph\">{\"@context\":\"https:\\\/\\\/schema.org\",\"@graph\":[{\"@type\":\"Article\",\"@id\":\"https:\\\/\\\/primereando.com.ar\\\/index.php\\\/2022\\\/12\\\/10\\\/el-frente-de-todos-llamo-a-defender-y-cuidar-la-democracia\\\/86324\\\/#article\",\"isPartOf\":{\"@id\":\"https:\\\/\\\/primereando.com.ar\\\/index.php\\\/2022\\\/12\\\/10\\\/el-frente-de-todos-llamo-a-defender-y-cuidar-la-democracia\\\/86324\\\/\"},\"author\":{\"name\":\"Santi\",\"@id\":\"https:\\\/\\\/primereando.com.ar\\\/#\\\/schema\\\/person\\\/f250f4a69159edd43a28e83566a151ca\"},\"headline\":\"Con cr\u00edticas al Poder Judicial, el Frente de Todos llam\u00f3 a &#8220;defender y cuidar&#8221; la democracia\",\"datePublished\":\"2022-12-10T16:23:59+00:00\",\"dateModified\":\"2022-12-10T16:26:27+00:00\",\"mainEntityOfPage\":{\"@id\":\"https:\\\/\\\/primereando.com.ar\\\/index.php\\\/2022\\\/12\\\/10\\\/el-frente-de-todos-llamo-a-defender-y-cuidar-la-democracia\\\/86324\\\/\"},\"wordCount\":549,\"publisher\":{\"@id\":\"https:\\\/\\\/primereando.com.ar\\\/#organization\"},\"image\":{\"@id\":\"https:\\\/\\\/primereando.com.ar\\\/index.php\\\/2022\\\/12\\\/10\\\/el-frente-de-todos-llamo-a-defender-y-cuidar-la-democracia\\\/86324\\\/#primaryimage\"},\"thumbnailUrl\":\"https:\\\/\\\/primereando.com.ar\\\/wp-content\\\/uploads\\\/2022\\\/12\\\/argentina.jpg\",\"articleSection\":[\"Actualidad\"],\"inLanguage\":\"es-AR\"},{\"@type\":\"WebPage\",\"@id\":\"https:\\\/\\\/primereando.com.ar\\\/index.php\\\/2022\\\/12\\\/10\\\/el-frente-de-todos-llamo-a-defender-y-cuidar-la-democracia\\\/86324\\\/\",\"url\":\"https:\\\/\\\/primereando.com.ar\\\/index.php\\\/2022\\\/12\\\/10\\\/el-frente-de-todos-llamo-a-defender-y-cuidar-la-democracia\\\/86324\\\/\",\"name\":\"Con cr\u00edticas al Poder Judicial, el Frente de Todos llam\u00f3 a \\\"defender y cuidar\\\" la democracia - Primereando\",\"isPartOf\":{\"@id\":\"https:\\\/\\\/primereando.com.ar\\\/#website\"},\"primaryImageOfPage\":{\"@id\":\"https:\\\/\\\/primereando.com.ar\\\/index.php\\\/2022\\\/12\\\/10\\\/el-frente-de-todos-llamo-a-defender-y-cuidar-la-democracia\\\/86324\\\/#primaryimage\"},\"image\":{\"@id\":\"https:\\\/\\\/primereando.com.ar\\\/index.php\\\/2022\\\/12\\\/10\\\/el-frente-de-todos-llamo-a-defender-y-cuidar-la-democracia\\\/86324\\\/#primaryimage\"},\"thumbnailUrl\":\"https:\\\/\\\/primereando.com.ar\\\/wp-content\\\/uploads\\\/2022\\\/12\\\/argentina.jpg\",\"datePublished\":\"2022-12-10T16:23:59+00:00\",\"dateModified\":\"2022-12-10T16:26:27+00:00\",\"breadcrumb\":{\"@id\":\"https:\\\/\\\/primereando.com.ar\\\/index.php\\\/2022\\\/12\\\/10\\\/el-frente-de-todos-llamo-a-defender-y-cuidar-la-democracia\\\/86324\\\/#breadcrumb\"},\"inLanguage\":\"es-AR\",\"potentialAction\":[{\"@type\":\"ReadAction\",\"target\":[\"https:\\\/\\\/primereando.com.ar\\\/index.php\\\/2022\\\/12\\\/10\\\/el-frente-de-todos-llamo-a-defender-y-cuidar-la-democracia\\\/86324\\\/\"]}]},{\"@type\":\"ImageObject\",\"inLanguage\":\"es-AR\",\"@id\":\"https:\\\/\\\/primereando.com.ar\\\/index.php\\\/2022\\\/12\\\/10\\\/el-frente-de-todos-llamo-a-defender-y-cuidar-la-democracia\\\/86324\\\/#primaryimage\",\"url\":\"https:\\\/\\\/primereando.com.ar\\\/wp-content\\\/uploads\\\/2022\\\/12\\\/argentina.jpg\",\"contentUrl\":\"https:\\\/\\\/primereando.com.ar\\\/wp-content\\\/uploads\\\/2022\\\/12\\\/argentina.jpg\",\"width\":2048,\"height\":1152},{\"@type\":\"BreadcrumbList\",\"@id\":\"https:\\\/\\\/primereando.com.ar\\\/index.php\\\/2022\\\/12\\\/10\\\/el-frente-de-todos-llamo-a-defender-y-cuidar-la-democracia\\\/86324\\\/#breadcrumb\",\"itemListElement\":[{\"@type\":\"ListItem\",\"position\":1,\"name\":\"Inicio\",\"item\":\"https:\\\/\\\/primereando.com.ar\\\/\"},{\"@type\":\"ListItem\",\"position\":2,\"name\":\"Con cr\u00edticas al Poder Judicial, el Frente de Todos llam\u00f3 a &#8220;defender y cuidar&#8221; la democracia\"}]},{\"@type\":\"WebSite\",\"@id\":\"https:\\\/\\\/primereando.com.ar\\\/#website\",\"url\":\"https:\\\/\\\/primereando.com.ar\\\/\",\"name\":\"Primereando\",\"description\":\"Portal de noticias de la Provincia de Buenos Aires\",\"publisher\":{\"@id\":\"https:\\\/\\\/primereando.com.ar\\\/#organization\"},\"potentialAction\":[{\"@type\":\"SearchAction\",\"target\":{\"@type\":\"EntryPoint\",\"urlTemplate\":\"https:\\\/\\\/primereando.com.ar\\\/?s={search_term_string}\"},\"query-input\":{\"@type\":\"PropertyValueSpecification\",\"valueRequired\":true,\"valueName\":\"search_term_string\"}}],\"inLanguage\":\"es-AR\"},{\"@type\":\"Organization\",\"@id\":\"https:\\\/\\\/primereando.com.ar\\\/#organization\",\"name\":\"Primereando\",\"url\":\"https:\\\/\\\/primereando.com.ar\\\/\",\"logo\":{\"@type\":\"ImageObject\",\"inLanguage\":\"es-AR\",\"@id\":\"https:\\\/\\\/primereando.com.ar\\\/#\\\/schema\\\/logo\\\/image\\\/\",\"url\":\"https:\\\/\\\/primereando.com.ar\\\/wp-content\\\/uploads\\\/2021\\\/12\\\/primereando-logo.png\",\"contentUrl\":\"https:\\\/\\\/primereando.com.ar\\\/wp-content\\\/uploads\\\/2021\\\/12\\\/primereando-logo.png\",\"width\":360,\"height\":96,\"caption\":\"Primereando\"},\"image\":{\"@id\":\"https:\\\/\\\/primereando.com.ar\\\/#\\\/schema\\\/logo\\\/image\\\/\"}},{\"@type\":\"Person\",\"@id\":\"https:\\\/\\\/primereando.com.ar\\\/#\\\/schema\\\/person\\\/f250f4a69159edd43a28e83566a151ca\",\"name\":\"Santi\",\"image\":{\"@type\":\"ImageObject\",\"inLanguage\":\"es-AR\",\"@id\":\"https:\\\/\\\/secure.gravatar.com\\\/avatar\\\/02bd226be4f2b4a330ca05ba55be60e2fc7f42dd1282cde73fc8f03a68ecc82b?s=96&d=blank&r=g\",\"url\":\"https:\\\/\\\/secure.gravatar.com\\\/avatar\\\/02bd226be4f2b4a330ca05ba55be60e2fc7f42dd1282cde73fc8f03a68ecc82b?s=96&d=blank&r=g\",\"contentUrl\":\"https:\\\/\\\/secure.gravatar.com\\\/avatar\\\/02bd226be4f2b4a330ca05ba55be60e2fc7f42dd1282cde73fc8f03a68ecc82b?s=96&d=blank&r=g\",\"caption\":\"Santi\"},\"url\":\"https:\\\/\\\/primereando.com.ar\\\/index.php\\\/author\\\/santi\\\/\"}]}<\/script>\n<!-- \/ Yoast SEO plugin. -->","yoast_head_json":{"title":"Con cr\u00edticas al Poder Judicial, el Frente de Todos llam\u00f3 a \"defender y cuidar\" la democracia - Primereando","robots":{"index":"index","follow":"follow","max-snippet":"max-snippet:-1","max-image-preview":"max-image-preview:large","max-video-preview":"max-video-preview:-1"},"canonical":"https:\/\/primereando.com.ar\/index.php\/2022\/12\/10\/el-frente-de-todos-llamo-a-defender-y-cuidar-la-democracia\/86324\/","og_locale":"es_ES","og_type":"article","og_title":"Con cr\u00edticas al Poder Judicial, el Frente de Todos llam\u00f3 a \"defender y cuidar\" la democracia - Primereando","og_description":"Fue al recordar los 39 a\u00f1os de la recuperaci\u00f3n democr\u00e1tica con la asunci\u00f3n de Ra\u00fal Alfons\u00edn en 1983. Diferentes funcionarios y dirigentes del Frente de Todos (FdT) destacaron este s\u00e1bado la necesidad de &#8220;defender&#8221; y &#8220;cuidar&#8221; la democracia y apuntaron contra el funcionamiento del Poder Judicial, al cumplirse 39 a\u00f1os de la recuperaci\u00f3n del sistema [&hellip;]","og_url":"https:\/\/primereando.com.ar\/index.php\/2022\/12\/10\/el-frente-de-todos-llamo-a-defender-y-cuidar-la-democracia\/86324\/","og_site_name":"Primereando","article_published_time":"2022-12-10T16:23:59+00:00","article_modified_time":"2022-12-10T16:26:27+00:00","og_image":[{"width":2048,"height":1152,"url":"https:\/\/primereando.com.ar\/wp-content\/uploads\/2022\/12\/argentina.jpg","type":"image\/jpeg"}],"author":"Santi","twitter_card":"summary_large_image","twitter_misc":{"Escrito por":"Santi","Tiempo de lectura":"3 minutos"},"schema":{"@context":"https:\/\/schema.org","@graph":[{"@type":"Article","@id":"https:\/\/primereando.com.ar\/index.php\/2022\/12\/10\/el-frente-de-todos-llamo-a-defender-y-cuidar-la-democracia\/86324\/#article","isPartOf":{"@id":"https:\/\/primereando.com.ar\/index.php\/2022\/12\/10\/el-frente-de-todos-llamo-a-defender-y-cuidar-la-democracia\/86324\/"},"author":{"name":"Santi","@id":"https:\/\/primereando.com.ar\/#\/schema\/person\/f250f4a69159edd43a28e83566a151ca"},"headline":"Con cr\u00edticas al Poder Judicial, el Frente de Todos llam\u00f3 a &#8220;defender y cuidar&#8221; la democracia","datePublished":"2022-12-10T16:23:59+00:00","dateModified":"2022-12-10T16:26:27+00:00","mainEntityOfPage":{"@id":"https:\/\/primereando.com.ar\/index.php\/2022\/12\/10\/el-frente-de-todos-llamo-a-defender-y-cuidar-la-democracia\/86324\/"},"wordCount":549,"publisher":{"@id":"https:\/\/primereando.com.ar\/#organization"},"image":{"@id":"https:\/\/primereando.com.ar\/index.php\/2022\/12\/10\/el-frente-de-todos-llamo-a-defender-y-cuidar-la-democracia\/86324\/#primaryimage"},"thumbnailUrl":"https:\/\/primereando.com.ar\/wp-content\/uploads\/2022\/12\/argentina.jpg","articleSection":["Actualidad"],"inLanguage":"es-AR"},{"@type":"WebPage","@id":"https:\/\/primereando.com.ar\/index.php\/2022\/12\/10\/el-frente-de-todos-llamo-a-defender-y-cuidar-la-democracia\/86324\/","url":"https:\/\/primereando.com.ar\/index.php\/2022\/12\/10\/el-frente-de-todos-llamo-a-defender-y-cuidar-la-democracia\/86324\/","name":"Con cr\u00edticas al Poder Judicial, el Frente de Todos llam\u00f3 a \"defender y cuidar\" la democracia - Primereando","isPartOf":{"@id":"https:\/\/primereando.com.ar\/#website"},"primaryImageOfPage":{"@id":"https:\/\/primereando.com.ar\/index.php\/2022\/12\/10\/el-frente-de-todos-llamo-a-defender-y-cuidar-la-democracia\/86324\/#primaryimage"},"image":{"@id":"https:\/\/primereando.com.ar\/index.php\/2022\/12\/10\/el-frente-de-todos-llamo-a-defender-y-cuidar-la-democracia\/86324\/#primaryimage"},"thumbnailUrl":"https:\/\/primereando.com.ar\/wp-content\/uploads\/2022\/12\/argentina.jpg","datePublished":"2022-12-10T16:23:59+00:00","dateModified":"2022-12-10T16:26:27+00:00","breadcrumb":{"@id":"https:\/\/primereando.com.ar\/index.php\/2022\/12\/10\/el-frente-de-todos-llamo-a-defender-y-cuidar-la-democracia\/86324\/#breadcrumb"},"inLanguage":"es-AR","potentialAction":[{"@type":"ReadAction","target":["https:\/\/primereando.com.ar\/index.php\/2022\/12\/10\/el-frente-de-todos-llamo-a-defender-y-cuidar-la-democracia\/86324\/"]}]},{"@type":"ImageObject","inLanguage":"es-AR","@id":"https:\/\/primereando.com.ar\/index.php\/2022\/12\/10\/el-frente-de-todos-llamo-a-defender-y-cuidar-la-democracia\/86324\/#primaryimage","url":"https:\/\/primereando.com.ar\/wp-content\/uploads\/2022\/12\/argentina.jpg","contentUrl":"https:\/\/primereando.com.ar\/wp-content\/uploads\/2022\/12\/argentina.jpg","width":2048,"height":1152},{"@type":"BreadcrumbList","@id":"https:\/\/primereando.com.ar\/index.php\/2022\/12\/10\/el-frente-de-todos-llamo-a-defender-y-cuidar-la-democracia\/86324\/#breadcrumb","itemListElement":[{"@type":"ListItem","position":1,"name":"Inicio","item":"https:\/\/primereando.com.ar\/"},{"@type":"ListItem","position":2,"name":"Con cr\u00edticas al Poder Judicial, el Frente de Todos llam\u00f3 a &#8220;defender y cuidar&#8221; la democracia"}]},{"@type":"WebSite","@id":"https:\/\/primereando.com.ar\/#website","url":"https:\/\/primereando.com.ar\/","name":"Primereando","description":"Portal de noticias de la Provincia de Buenos Aires","publisher":{"@id":"https:\/\/primereando.com.ar\/#organization"},"potentialAction":[{"@type":"SearchAction","target":{"@type":"EntryPoint","urlTemplate":"https:\/\/primereando.com.ar\/?s={search_term_string}"},"query-input":{"@type":"PropertyValueSpecification","valueRequired":true,"valueName":"search_term_string"}}],"inLanguage":"es-AR"},{"@type":"Organization","@id":"https:\/\/primereando.com.ar\/#organization","name":"Primereando","url":"https:\/\/primereando.com.ar\/","logo":{"@type":"ImageObject","inLanguage":"es-AR","@id":"https:\/\/primereando.com.ar\/#\/schema\/logo\/image\/","url":"https:\/\/primereando.com.ar\/wp-content\/uploads\/2021\/12\/primereando-logo.png","contentUrl":"https:\/\/primereando.com.ar\/wp-content\/uploads\/2021\/12\/primereando-logo.png","width":360,"height":96,"caption":"Primereando"},"image":{"@id":"https:\/\/primereando.com.ar\/#\/schema\/logo\/image\/"}},{"@type":"Person","@id":"https:\/\/primereando.com.ar\/#\/schema\/person\/f250f4a69159edd43a28e83566a151ca","name":"Santi","image":{"@type":"ImageObject","inLanguage":"es-AR","@id":"https:\/\/secure.gravatar.com\/avatar\/02bd226be4f2b4a330ca05ba55be60e2fc7f42dd1282cde73fc8f03a68ecc82b?s=96&d=blank&r=g","url":"https:\/\/secure.gravatar.com\/avatar\/02bd226be4f2b4a330ca05ba55be60e2fc7f42dd1282cde73fc8f03a68ecc82b?s=96&d=blank&r=g","contentUrl":"https:\/\/secure.gravatar.com\/avatar\/02bd226be4f2b4a330ca05ba55be60e2fc7f42dd1282cde73fc8f03a68ecc82b?s=96&d=blank&r=g","caption":"Santi"},"url":"https:\/\/primereando.com.ar\/index.php\/author\/santi\/"}]}},"_links":{"self":[{"href":"https:\/\/primereando.com.ar\/index.php\/wp-json\/wp\/v2\/posts\/86324","targetHints":{"allow":["GET"]}}],"collection":[{"href":"https:\/\/primereando.com.ar\/index.php\/wp-json\/wp\/v2\/posts"}],"about":[{"href":"https:\/\/primereando.com.ar\/index.php\/wp-json\/wp\/v2\/types\/post"}],"author":[{"embeddable":true,"href":"https:\/\/primereando.com.ar\/index.php\/wp-json\/wp\/v2\/users\/5"}],"replies":[{"embeddable":true,"href":"https:\/\/primereando.com.ar\/index.php\/wp-json\/wp\/v2\/comments?post=86324"}],"version-history":[{"count":0,"href":"https:\/\/primereando.com.ar\/index.php\/wp-json\/wp\/v2\/posts\/86324\/revisions"}],"wp:featuredmedia":[{"embeddable":true,"href":"https:\/\/primereando.com.ar\/index.php\/wp-json\/wp\/v2\/media\/86325"}],"wp:attachment":[{"href":"https:\/\/primereando.com.ar\/index.php\/wp-json\/wp\/v2\/media?parent=86324"}],"wp:term":[{"taxonomy":"category","embeddable":true,"href":"https:\/\/primereando.com.ar\/index.php\/wp-json\/wp\/v2\/categories?post=86324"},{"taxonomy":"post_tag","embeddable":true,"href":"https:\/\/primereando.com.ar\/index.php\/wp-json\/wp\/v2\/tags?post=86324"}],"curies":[{"name":"wp","href":"https:\/\/api.w.org\/{rel}","templated":true}]}}