{"id":86358,"date":"2022-12-12T10:50:07","date_gmt":"2022-12-12T13:50:07","guid":{"rendered":"https:\/\/primereando.com.ar\/?p=86358"},"modified":"2022-12-12T10:50:10","modified_gmt":"2022-12-12T13:50:10","slug":"vecinos-de-la-ciudad-alzan-el-grito-contra-las-politicas-urbanas-de-rodriguez-larreta","status":"publish","type":"post","link":"https:\/\/primereando.com.ar\/index.php\/2022\/12\/12\/vecinos-de-la-ciudad-alzan-el-grito-contra-las-politicas-urbanas-de-rodriguez-larreta\/86358\/","title":{"rendered":"Vecinos de la Ciudad alzan el grito contra las pol\u00edticas urbanas de Rodr\u00edguez Larreta"},"content":{"rendered":"\n<h2 class=\"wp-block-heading\">Desde este mediod\u00eda en varios puntos de la Ciudad de Buenos Aires se llevar\u00e1n adelante manifestaciones en defensa de varias zonas que el Jefe de Gobierno porte\u00f1o busca demoler y construir negociados. <\/h2>\n\n\n\n<p class=\"wp-block-paragraph\">Agrupaciones de vecinos porte\u00f1os se manifestar\u00e1n en varios puntos de la Ciudad de Buenos Aires&nbsp;<strong>contra las pol\u00edticas urbanas&nbsp;<\/strong>implementadas por el Gobierno de&nbsp;<strong>Horacio Rodr\u00edguez Larreta<\/strong>, que consideraron &#8220;<strong>autoritarias<\/strong>&#8221; y destinadas a &#8220;favorecer al mercado especulativo inmobiliario y a entregar el espacio p\u00fablico para usos comerciales&#8221;.<\/p>\n\n\n\n<p class=\"wp-block-paragraph\">Este lunes 12, desde las 18.30 en adelante se realizar\u00e1n concentraciones en P<strong>arque Lezama, Villa Crespo y Villa del Parque<\/strong> para defender &#8220;nuestra calidad ambiental, de nuestro patrimonio y de la democracia participativa&#8221;, con reclamos puntuales para cada zona, indicaron en un comunicado.<\/p>\n\n\n\n<h2 class=\"wp-block-heading\">Parque Lezama<\/h2>\n\n\n\n<p class=\"wp-block-paragraph\">A las 19, har\u00e1n una concentraci\u00f3n en el Parque Lezama\u00a0<strong>&#8220;en defensa del Casco Hist\u00f3rico&#8221;<\/strong>, porque la ejecuci\u00f3n del Plan de\u00a0Renovaci\u00f3n del Casco Hist\u00f3rico\u00a0&#8220;avanza sin pausa y ya estamos viviendo las consecuencias perjudiciales para los vecinos y comerciantes&#8221;, se\u00f1alaron.<\/p>\n\n\n\n<p class=\"wp-block-paragraph\">En ese sentido, destacaron el\u00a0<strong>&#8220;descontrol del uso del espacio p\u00fablico en pos del Polo Gastron\u00f3mico&#8221;<\/strong>, advirtieron sobre &#8220;la peligrosidad de los bolardos&#8221; y expresaron &#8220;preocupaci\u00f3n por las condiciones de inseguridad del Mercado de San Telmo&#8221;.<\/p>\n\n\n\n<figure class=\"wp-block-image size-full\"><img loading=\"lazy\" decoding=\"async\" width=\"750\" height=\"500\" src=\"https:\/\/primereando.com.ar\/wp-content\/uploads\/2022\/12\/image-5.png\" alt=\"\" class=\"wp-image-86360\" srcset=\"https:\/\/primereando.com.ar\/wp-content\/uploads\/2022\/12\/image-5.png 750w, https:\/\/primereando.com.ar\/wp-content\/uploads\/2022\/12\/image-5-300x200.png 300w\" sizes=\"auto, (max-width: 750px) 100vw, 750px\" \/><\/figure>\n\n\n\n<p class=\"wp-block-paragraph\">Adem\u00e1s, indicaron que &#8220;al retirar los colectivos de nuestras calles nos dejan de a pie.&nbsp;<strong>Pedimos devuelvan o un transporte p\u00fablico alternativo para personas con movilidad reducida, escuelas de ciegos, adultos mayores&#8221;<\/strong>.<\/p>\n\n\n\n<p class=\"wp-block-paragraph\">Respecto a las obras de la calle Per\u00fa, aseguraron que &#8220;romper el pavimento de hormig\u00f3n a trav\u00e9s del empleo de m\u00e1quinas percutoras hace peligrar la estabilidad de edificios existentes&#8221;.<\/p>\n\n\n\n<h2 class=\"wp-block-heading\">Villa Crespo<\/h2>\n\n\n\n<p class=\"wp-block-paragraph\">Por otro lado, a las 19.30 habr\u00e1 una concentraci\u00f3n en el cruce de las Avenidas Corrientes y Dorrego, en el barrio de Villa Crespo.<\/p>\n\n\n\n<p class=\"wp-block-paragraph\">&#8220;Vecinas y vecinos de Villa Crespo venimos soportando con mayor intensidad desde hace seis meses todo tipo de inconvenientes en nuestra vida diaria producto de\u00a0<strong>las actividades que se realizan en el Movistar Arena los siete d\u00edas de la semana<\/strong>&#8220;, se\u00f1alaron.<\/p>\n\n\n\n<figure class=\"wp-block-image size-full is-resized\"><img loading=\"lazy\" decoding=\"async\" src=\"https:\/\/primereando.com.ar\/wp-content\/uploads\/2022\/12\/image-6.png\" alt=\"\" class=\"wp-image-86361\" width=\"843\" height=\"562\" srcset=\"https:\/\/primereando.com.ar\/wp-content\/uploads\/2022\/12\/image-6.png 360w, https:\/\/primereando.com.ar\/wp-content\/uploads\/2022\/12\/image-6-300x200.png 300w\" sizes=\"auto, (max-width: 843px) 100vw, 843px\" \/><\/figure>\n\n\n\n<p class=\"wp-block-paragraph\">&#8220;Basta&#8221; a las &#8220;<strong>vibraciones en los edificios<\/strong>&nbsp;altos a m\u00e1s de cinco cuadras del estadio&#8221;, los &#8220;ruidos molestos en horario nocturno&#8221;, los &#8220;cortes de calles&#8221;, automoviles &#8220;mal estacionados&#8221;, acampes &#8220;prolongados&#8221; y la suciedad &#8220;que queda luego de cada show&#8221;, dijeron.<\/p>\n\n\n\n<h2 class=\"wp-block-heading\">Villa del Parque y Santa Rita<\/h2>\n\n\n\n<p class=\"wp-block-paragraph\">En tanto, vecinos de Villa del Parque, Santa Rita y otros barrios aleda\u00f1os har\u00e1n un semaforazo desde las 18.30 en Avenida Beiro y Cuenca solicitando &#8220;al Poder Ejecutivo y Legislativo de la Ciudad de Buenos Aires&nbsp;<strong>el freno al aumento de la capacidad constructiva en nuestros barrios&#8221;.<\/strong><\/p>\n\n\n\n<p class=\"wp-block-paragraph\">&#8220;En el a\u00f1o 2018 entr\u00f3 en vigencia el Nuevo C\u00f3digo Urban\u00edstico para la Ciudad de Buenos Aires que trajo como consecuencia los reiterados cortes de luz que se vienen aconteciendo a raz\u00f3n de las edificaciones en altura en Villa del Parque y Santa Rita, que ha generado adem\u00e1s baja o nula presi\u00f3n de agua, disminuci\u00f3n de suelo absorbente privado, la tala indiscriminada de \u00e1rboles y la reducci\u00f3n de superficie verde\/habitante&#8221;, detallaron.<\/p>\n\n\n\n<p class=\"wp-block-paragraph\">Tambi\u00e9n mencionaron la &#8220;destrucci\u00f3n de las identidades barriales caracter\u00edsticas de casas bajas, la demolici\u00f3n de patrimonio hist\u00f3rico, y el deterioro en la calidad del aire que respiramos, contaminaci\u00f3n visual y sonora&#8221;.<\/p>\n\n\n\n<p class=\"wp-block-paragraph\">&#8220;La invasi\u00f3n de roedores, cucarachas y de dengue por las demoliciones y construcciones y su consiguiente movimiento del suelo&#8221;, subrayaron.<\/p>\n","protected":false},"excerpt":{"rendered":"<p>Desde este mediod\u00eda en varios puntos de la Ciudad de Buenos Aires se llevar\u00e1n adelante manifestaciones en defensa de varias zonas que el Jefe de Gobierno porte\u00f1o busca demoler y construir negociados. Agrupaciones de vecinos porte\u00f1os se manifestar\u00e1n en varios puntos de la Ciudad de Buenos Aires&nbsp;contra las pol\u00edticas urbanas&nbsp;implementadas por el Gobierno de&nbsp;Horacio Rodr\u00edguez [&hellip;]<\/p>\n","protected":false},"author":3,"featured_media":86359,"comment_status":"closed","ping_status":"closed","sticky":false,"template":"","format":"standard","meta":{"footnotes":""},"categories":[5],"tags":[],"class_list":["post-86358","post","type-post","status-publish","format-standard","has-post-thumbnail","hentry","category-actualidad"],"yoast_head":"<!-- This site is optimized with the Yoast SEO plugin v28.3 - https:\/\/yoast.com\/product\/yoast-seo-wordpress\/ -->\n<title>Vecinos de la Ciudad alzan el grito contra las pol\u00edticas urbanas de Rodr\u00edguez Larreta - Primereando<\/title>\n<meta name=\"robots\" content=\"index, follow, max-snippet:-1, max-image-preview:large, max-video-preview:-1\" \/>\n<link rel=\"canonical\" href=\"https:\/\/primereando.com.ar\/index.php\/2022\/12\/12\/vecinos-de-la-ciudad-alzan-el-grito-contra-las-politicas-urbanas-de-rodriguez-larreta\/86358\/\" \/>\n<meta property=\"og:locale\" content=\"es_ES\" \/>\n<meta property=\"og:type\" content=\"article\" \/>\n<meta property=\"og:title\" content=\"Vecinos de la Ciudad alzan el grito contra las pol\u00edticas urbanas de Rodr\u00edguez Larreta - Primereando\" \/>\n<meta property=\"og:description\" content=\"Desde este mediod\u00eda en varios puntos de la Ciudad de Buenos Aires se llevar\u00e1n adelante manifestaciones en defensa de varias zonas que el Jefe de Gobierno porte\u00f1o busca demoler y construir negociados. Agrupaciones de vecinos porte\u00f1os se manifestar\u00e1n en varios puntos de la Ciudad de Buenos Aires&nbsp;contra las pol\u00edticas urbanas&nbsp;implementadas por el Gobierno de&nbsp;Horacio Rodr\u00edguez [&hellip;]\" \/>\n<meta property=\"og:url\" content=\"https:\/\/primereando.com.ar\/index.php\/2022\/12\/12\/vecinos-de-la-ciudad-alzan-el-grito-contra-las-politicas-urbanas-de-rodriguez-larreta\/86358\/\" \/>\n<meta property=\"og:site_name\" content=\"Primereando\" \/>\n<meta property=\"article:published_time\" content=\"2022-12-12T13:50:07+00:00\" \/>\n<meta property=\"article:modified_time\" content=\"2022-12-12T13:50:10+00:00\" \/>\n<meta property=\"og:image\" content=\"https:\/\/primereando.com.ar\/wp-content\/uploads\/2022\/12\/Horacio-Rodriguez-Larreta.jpg\" \/>\n\t<meta property=\"og:image:width\" content=\"850\" \/>\n\t<meta property=\"og:image:height\" content=\"477\" \/>\n\t<meta property=\"og:image:type\" content=\"image\/jpeg\" \/>\n<meta name=\"author\" content=\"Manu\" \/>\n<meta name=\"twitter:card\" content=\"summary_large_image\" \/>\n<meta name=\"twitter:label1\" content=\"Escrito por\" \/>\n\t<meta name=\"twitter:data1\" content=\"Manu\" \/>\n\t<meta name=\"twitter:label2\" content=\"Tiempo de lectura\" \/>\n\t<meta name=\"twitter:data2\" content=\"3 minutos\" \/>\n<script type=\"application\/ld+json\" class=\"yoast-schema-graph\">{\"@context\":\"https:\\\/\\\/schema.org\",\"@graph\":[{\"@type\":\"Article\",\"@id\":\"https:\\\/\\\/primereando.com.ar\\\/index.php\\\/2022\\\/12\\\/12\\\/vecinos-de-la-ciudad-alzan-el-grito-contra-las-politicas-urbanas-de-rodriguez-larreta\\\/86358\\\/#article\",\"isPartOf\":{\"@id\":\"https:\\\/\\\/primereando.com.ar\\\/index.php\\\/2022\\\/12\\\/12\\\/vecinos-de-la-ciudad-alzan-el-grito-contra-las-politicas-urbanas-de-rodriguez-larreta\\\/86358\\\/\"},\"author\":{\"name\":\"Manu\",\"@id\":\"https:\\\/\\\/primereando.com.ar\\\/#\\\/schema\\\/person\\\/95eba7d4f736203857585c1dd5c6b316\"},\"headline\":\"Vecinos de la Ciudad alzan el grito contra las pol\u00edticas urbanas de Rodr\u00edguez Larreta\",\"datePublished\":\"2022-12-12T13:50:07+00:00\",\"dateModified\":\"2022-12-12T13:50:10+00:00\",\"mainEntityOfPage\":{\"@id\":\"https:\\\/\\\/primereando.com.ar\\\/index.php\\\/2022\\\/12\\\/12\\\/vecinos-de-la-ciudad-alzan-el-grito-contra-las-politicas-urbanas-de-rodriguez-larreta\\\/86358\\\/\"},\"wordCount\":606,\"publisher\":{\"@id\":\"https:\\\/\\\/primereando.com.ar\\\/#organization\"},\"image\":{\"@id\":\"https:\\\/\\\/primereando.com.ar\\\/index.php\\\/2022\\\/12\\\/12\\\/vecinos-de-la-ciudad-alzan-el-grito-contra-las-politicas-urbanas-de-rodriguez-larreta\\\/86358\\\/#primaryimage\"},\"thumbnailUrl\":\"https:\\\/\\\/primereando.com.ar\\\/wp-content\\\/uploads\\\/2022\\\/12\\\/Horacio-Rodriguez-Larreta.jpg\",\"articleSection\":[\"Actualidad\"],\"inLanguage\":\"es-AR\"},{\"@type\":\"WebPage\",\"@id\":\"https:\\\/\\\/primereando.com.ar\\\/index.php\\\/2022\\\/12\\\/12\\\/vecinos-de-la-ciudad-alzan-el-grito-contra-las-politicas-urbanas-de-rodriguez-larreta\\\/86358\\\/\",\"url\":\"https:\\\/\\\/primereando.com.ar\\\/index.php\\\/2022\\\/12\\\/12\\\/vecinos-de-la-ciudad-alzan-el-grito-contra-las-politicas-urbanas-de-rodriguez-larreta\\\/86358\\\/\",\"name\":\"Vecinos de la Ciudad alzan el grito contra las pol\u00edticas urbanas de Rodr\u00edguez Larreta - Primereando\",\"isPartOf\":{\"@id\":\"https:\\\/\\\/primereando.com.ar\\\/#website\"},\"primaryImageOfPage\":{\"@id\":\"https:\\\/\\\/primereando.com.ar\\\/index.php\\\/2022\\\/12\\\/12\\\/vecinos-de-la-ciudad-alzan-el-grito-contra-las-politicas-urbanas-de-rodriguez-larreta\\\/86358\\\/#primaryimage\"},\"image\":{\"@id\":\"https:\\\/\\\/primereando.com.ar\\\/index.php\\\/2022\\\/12\\\/12\\\/vecinos-de-la-ciudad-alzan-el-grito-contra-las-politicas-urbanas-de-rodriguez-larreta\\\/86358\\\/#primaryimage\"},\"thumbnailUrl\":\"https:\\\/\\\/primereando.com.ar\\\/wp-content\\\/uploads\\\/2022\\\/12\\\/Horacio-Rodriguez-Larreta.jpg\",\"datePublished\":\"2022-12-12T13:50:07+00:00\",\"dateModified\":\"2022-12-12T13:50:10+00:00\",\"breadcrumb\":{\"@id\":\"https:\\\/\\\/primereando.com.ar\\\/index.php\\\/2022\\\/12\\\/12\\\/vecinos-de-la-ciudad-alzan-el-grito-contra-las-politicas-urbanas-de-rodriguez-larreta\\\/86358\\\/#breadcrumb\"},\"inLanguage\":\"es-AR\",\"potentialAction\":[{\"@type\":\"ReadAction\",\"target\":[\"https:\\\/\\\/primereando.com.ar\\\/index.php\\\/2022\\\/12\\\/12\\\/vecinos-de-la-ciudad-alzan-el-grito-contra-las-politicas-urbanas-de-rodriguez-larreta\\\/86358\\\/\"]}]},{\"@type\":\"ImageObject\",\"inLanguage\":\"es-AR\",\"@id\":\"https:\\\/\\\/primereando.com.ar\\\/index.php\\\/2022\\\/12\\\/12\\\/vecinos-de-la-ciudad-alzan-el-grito-contra-las-politicas-urbanas-de-rodriguez-larreta\\\/86358\\\/#primaryimage\",\"url\":\"https:\\\/\\\/primereando.com.ar\\\/wp-content\\\/uploads\\\/2022\\\/12\\\/Horacio-Rodriguez-Larreta.jpg\",\"contentUrl\":\"https:\\\/\\\/primereando.com.ar\\\/wp-content\\\/uploads\\\/2022\\\/12\\\/Horacio-Rodriguez-Larreta.jpg\",\"width\":850,\"height\":477},{\"@type\":\"BreadcrumbList\",\"@id\":\"https:\\\/\\\/primereando.com.ar\\\/index.php\\\/2022\\\/12\\\/12\\\/vecinos-de-la-ciudad-alzan-el-grito-contra-las-politicas-urbanas-de-rodriguez-larreta\\\/86358\\\/#breadcrumb\",\"itemListElement\":[{\"@type\":\"ListItem\",\"position\":1,\"name\":\"Inicio\",\"item\":\"https:\\\/\\\/primereando.com.ar\\\/\"},{\"@type\":\"ListItem\",\"position\":2,\"name\":\"Vecinos de la Ciudad alzan el grito contra las pol\u00edticas urbanas de Rodr\u00edguez Larreta\"}]},{\"@type\":\"WebSite\",\"@id\":\"https:\\\/\\\/primereando.com.ar\\\/#website\",\"url\":\"https:\\\/\\\/primereando.com.ar\\\/\",\"name\":\"Primereando\",\"description\":\"Portal de noticias de la Provincia de Buenos Aires\",\"publisher\":{\"@id\":\"https:\\\/\\\/primereando.com.ar\\\/#organization\"},\"potentialAction\":[{\"@type\":\"SearchAction\",\"target\":{\"@type\":\"EntryPoint\",\"urlTemplate\":\"https:\\\/\\\/primereando.com.ar\\\/?s={search_term_string}\"},\"query-input\":{\"@type\":\"PropertyValueSpecification\",\"valueRequired\":true,\"valueName\":\"search_term_string\"}}],\"inLanguage\":\"es-AR\"},{\"@type\":\"Organization\",\"@id\":\"https:\\\/\\\/primereando.com.ar\\\/#organization\",\"name\":\"Primereando\",\"url\":\"https:\\\/\\\/primereando.com.ar\\\/\",\"logo\":{\"@type\":\"ImageObject\",\"inLanguage\":\"es-AR\",\"@id\":\"https:\\\/\\\/primereando.com.ar\\\/#\\\/schema\\\/logo\\\/image\\\/\",\"url\":\"https:\\\/\\\/primereando.com.ar\\\/wp-content\\\/uploads\\\/2021\\\/12\\\/primereando-logo.png\",\"contentUrl\":\"https:\\\/\\\/primereando.com.ar\\\/wp-content\\\/uploads\\\/2021\\\/12\\\/primereando-logo.png\",\"width\":360,\"height\":96,\"caption\":\"Primereando\"},\"image\":{\"@id\":\"https:\\\/\\\/primereando.com.ar\\\/#\\\/schema\\\/logo\\\/image\\\/\"}},{\"@type\":\"Person\",\"@id\":\"https:\\\/\\\/primereando.com.ar\\\/#\\\/schema\\\/person\\\/95eba7d4f736203857585c1dd5c6b316\",\"name\":\"Manu\",\"image\":{\"@type\":\"ImageObject\",\"inLanguage\":\"es-AR\",\"@id\":\"https:\\\/\\\/secure.gravatar.com\\\/avatar\\\/e973351f0e0e215c85a3c16537dfe6d9f21b4048a9417fe3edecc0c3034bbec6?s=96&d=blank&r=g\",\"url\":\"https:\\\/\\\/secure.gravatar.com\\\/avatar\\\/e973351f0e0e215c85a3c16537dfe6d9f21b4048a9417fe3edecc0c3034bbec6?s=96&d=blank&r=g\",\"contentUrl\":\"https:\\\/\\\/secure.gravatar.com\\\/avatar\\\/e973351f0e0e215c85a3c16537dfe6d9f21b4048a9417fe3edecc0c3034bbec6?s=96&d=blank&r=g\",\"caption\":\"Manu\"},\"url\":\"https:\\\/\\\/primereando.com.ar\\\/index.php\\\/author\\\/manu\\\/\"}]}<\/script>\n<!-- \/ Yoast SEO plugin. -->","yoast_head_json":{"title":"Vecinos de la Ciudad alzan el grito contra las pol\u00edticas urbanas de Rodr\u00edguez Larreta - Primereando","robots":{"index":"index","follow":"follow","max-snippet":"max-snippet:-1","max-image-preview":"max-image-preview:large","max-video-preview":"max-video-preview:-1"},"canonical":"https:\/\/primereando.com.ar\/index.php\/2022\/12\/12\/vecinos-de-la-ciudad-alzan-el-grito-contra-las-politicas-urbanas-de-rodriguez-larreta\/86358\/","og_locale":"es_ES","og_type":"article","og_title":"Vecinos de la Ciudad alzan el grito contra las pol\u00edticas urbanas de Rodr\u00edguez Larreta - Primereando","og_description":"Desde este mediod\u00eda en varios puntos de la Ciudad de Buenos Aires se llevar\u00e1n adelante manifestaciones en defensa de varias zonas que el Jefe de Gobierno porte\u00f1o busca demoler y construir negociados. Agrupaciones de vecinos porte\u00f1os se manifestar\u00e1n en varios puntos de la Ciudad de Buenos Aires&nbsp;contra las pol\u00edticas urbanas&nbsp;implementadas por el Gobierno de&nbsp;Horacio Rodr\u00edguez [&hellip;]","og_url":"https:\/\/primereando.com.ar\/index.php\/2022\/12\/12\/vecinos-de-la-ciudad-alzan-el-grito-contra-las-politicas-urbanas-de-rodriguez-larreta\/86358\/","og_site_name":"Primereando","article_published_time":"2022-12-12T13:50:07+00:00","article_modified_time":"2022-12-12T13:50:10+00:00","og_image":[{"width":850,"height":477,"url":"https:\/\/primereando.com.ar\/wp-content\/uploads\/2022\/12\/Horacio-Rodriguez-Larreta.jpg","type":"image\/jpeg"}],"author":"Manu","twitter_card":"summary_large_image","twitter_misc":{"Escrito por":"Manu","Tiempo de lectura":"3 minutos"},"schema":{"@context":"https:\/\/schema.org","@graph":[{"@type":"Article","@id":"https:\/\/primereando.com.ar\/index.php\/2022\/12\/12\/vecinos-de-la-ciudad-alzan-el-grito-contra-las-politicas-urbanas-de-rodriguez-larreta\/86358\/#article","isPartOf":{"@id":"https:\/\/primereando.com.ar\/index.php\/2022\/12\/12\/vecinos-de-la-ciudad-alzan-el-grito-contra-las-politicas-urbanas-de-rodriguez-larreta\/86358\/"},"author":{"name":"Manu","@id":"https:\/\/primereando.com.ar\/#\/schema\/person\/95eba7d4f736203857585c1dd5c6b316"},"headline":"Vecinos de la Ciudad alzan el grito contra las pol\u00edticas urbanas de Rodr\u00edguez Larreta","datePublished":"2022-12-12T13:50:07+00:00","dateModified":"2022-12-12T13:50:10+00:00","mainEntityOfPage":{"@id":"https:\/\/primereando.com.ar\/index.php\/2022\/12\/12\/vecinos-de-la-ciudad-alzan-el-grito-contra-las-politicas-urbanas-de-rodriguez-larreta\/86358\/"},"wordCount":606,"publisher":{"@id":"https:\/\/primereando.com.ar\/#organization"},"image":{"@id":"https:\/\/primereando.com.ar\/index.php\/2022\/12\/12\/vecinos-de-la-ciudad-alzan-el-grito-contra-las-politicas-urbanas-de-rodriguez-larreta\/86358\/#primaryimage"},"thumbnailUrl":"https:\/\/primereando.com.ar\/wp-content\/uploads\/2022\/12\/Horacio-Rodriguez-Larreta.jpg","articleSection":["Actualidad"],"inLanguage":"es-AR"},{"@type":"WebPage","@id":"https:\/\/primereando.com.ar\/index.php\/2022\/12\/12\/vecinos-de-la-ciudad-alzan-el-grito-contra-las-politicas-urbanas-de-rodriguez-larreta\/86358\/","url":"https:\/\/primereando.com.ar\/index.php\/2022\/12\/12\/vecinos-de-la-ciudad-alzan-el-grito-contra-las-politicas-urbanas-de-rodriguez-larreta\/86358\/","name":"Vecinos de la Ciudad alzan el grito contra las pol\u00edticas urbanas de Rodr\u00edguez Larreta - Primereando","isPartOf":{"@id":"https:\/\/primereando.com.ar\/#website"},"primaryImageOfPage":{"@id":"https:\/\/primereando.com.ar\/index.php\/2022\/12\/12\/vecinos-de-la-ciudad-alzan-el-grito-contra-las-politicas-urbanas-de-rodriguez-larreta\/86358\/#primaryimage"},"image":{"@id":"https:\/\/primereando.com.ar\/index.php\/2022\/12\/12\/vecinos-de-la-ciudad-alzan-el-grito-contra-las-politicas-urbanas-de-rodriguez-larreta\/86358\/#primaryimage"},"thumbnailUrl":"https:\/\/primereando.com.ar\/wp-content\/uploads\/2022\/12\/Horacio-Rodriguez-Larreta.jpg","datePublished":"2022-12-12T13:50:07+00:00","dateModified":"2022-12-12T13:50:10+00:00","breadcrumb":{"@id":"https:\/\/primereando.com.ar\/index.php\/2022\/12\/12\/vecinos-de-la-ciudad-alzan-el-grito-contra-las-politicas-urbanas-de-rodriguez-larreta\/86358\/#breadcrumb"},"inLanguage":"es-AR","potentialAction":[{"@type":"ReadAction","target":["https:\/\/primereando.com.ar\/index.php\/2022\/12\/12\/vecinos-de-la-ciudad-alzan-el-grito-contra-las-politicas-urbanas-de-rodriguez-larreta\/86358\/"]}]},{"@type":"ImageObject","inLanguage":"es-AR","@id":"https:\/\/primereando.com.ar\/index.php\/2022\/12\/12\/vecinos-de-la-ciudad-alzan-el-grito-contra-las-politicas-urbanas-de-rodriguez-larreta\/86358\/#primaryimage","url":"https:\/\/primereando.com.ar\/wp-content\/uploads\/2022\/12\/Horacio-Rodriguez-Larreta.jpg","contentUrl":"https:\/\/primereando.com.ar\/wp-content\/uploads\/2022\/12\/Horacio-Rodriguez-Larreta.jpg","width":850,"height":477},{"@type":"BreadcrumbList","@id":"https:\/\/primereando.com.ar\/index.php\/2022\/12\/12\/vecinos-de-la-ciudad-alzan-el-grito-contra-las-politicas-urbanas-de-rodriguez-larreta\/86358\/#breadcrumb","itemListElement":[{"@type":"ListItem","position":1,"name":"Inicio","item":"https:\/\/primereando.com.ar\/"},{"@type":"ListItem","position":2,"name":"Vecinos de la Ciudad alzan el grito contra las pol\u00edticas urbanas de Rodr\u00edguez Larreta"}]},{"@type":"WebSite","@id":"https:\/\/primereando.com.ar\/#website","url":"https:\/\/primereando.com.ar\/","name":"Primereando","description":"Portal de noticias de la Provincia de Buenos Aires","publisher":{"@id":"https:\/\/primereando.com.ar\/#organization"},"potentialAction":[{"@type":"SearchAction","target":{"@type":"EntryPoint","urlTemplate":"https:\/\/primereando.com.ar\/?s={search_term_string}"},"query-input":{"@type":"PropertyValueSpecification","valueRequired":true,"valueName":"search_term_string"}}],"inLanguage":"es-AR"},{"@type":"Organization","@id":"https:\/\/primereando.com.ar\/#organization","name":"Primereando","url":"https:\/\/primereando.com.ar\/","logo":{"@type":"ImageObject","inLanguage":"es-AR","@id":"https:\/\/primereando.com.ar\/#\/schema\/logo\/image\/","url":"https:\/\/primereando.com.ar\/wp-content\/uploads\/2021\/12\/primereando-logo.png","contentUrl":"https:\/\/primereando.com.ar\/wp-content\/uploads\/2021\/12\/primereando-logo.png","width":360,"height":96,"caption":"Primereando"},"image":{"@id":"https:\/\/primereando.com.ar\/#\/schema\/logo\/image\/"}},{"@type":"Person","@id":"https:\/\/primereando.com.ar\/#\/schema\/person\/95eba7d4f736203857585c1dd5c6b316","name":"Manu","image":{"@type":"ImageObject","inLanguage":"es-AR","@id":"https:\/\/secure.gravatar.com\/avatar\/e973351f0e0e215c85a3c16537dfe6d9f21b4048a9417fe3edecc0c3034bbec6?s=96&d=blank&r=g","url":"https:\/\/secure.gravatar.com\/avatar\/e973351f0e0e215c85a3c16537dfe6d9f21b4048a9417fe3edecc0c3034bbec6?s=96&d=blank&r=g","contentUrl":"https:\/\/secure.gravatar.com\/avatar\/e973351f0e0e215c85a3c16537dfe6d9f21b4048a9417fe3edecc0c3034bbec6?s=96&d=blank&r=g","caption":"Manu"},"url":"https:\/\/primereando.com.ar\/index.php\/author\/manu\/"}]}},"_links":{"self":[{"href":"https:\/\/primereando.com.ar\/index.php\/wp-json\/wp\/v2\/posts\/86358","targetHints":{"allow":["GET"]}}],"collection":[{"href":"https:\/\/primereando.com.ar\/index.php\/wp-json\/wp\/v2\/posts"}],"about":[{"href":"https:\/\/primereando.com.ar\/index.php\/wp-json\/wp\/v2\/types\/post"}],"author":[{"embeddable":true,"href":"https:\/\/primereando.com.ar\/index.php\/wp-json\/wp\/v2\/users\/3"}],"replies":[{"embeddable":true,"href":"https:\/\/primereando.com.ar\/index.php\/wp-json\/wp\/v2\/comments?post=86358"}],"version-history":[{"count":0,"href":"https:\/\/primereando.com.ar\/index.php\/wp-json\/wp\/v2\/posts\/86358\/revisions"}],"wp:featuredmedia":[{"embeddable":true,"href":"https:\/\/primereando.com.ar\/index.php\/wp-json\/wp\/v2\/media\/86359"}],"wp:attachment":[{"href":"https:\/\/primereando.com.ar\/index.php\/wp-json\/wp\/v2\/media?parent=86358"}],"wp:term":[{"taxonomy":"category","embeddable":true,"href":"https:\/\/primereando.com.ar\/index.php\/wp-json\/wp\/v2\/categories?post=86358"},{"taxonomy":"post_tag","embeddable":true,"href":"https:\/\/primereando.com.ar\/index.php\/wp-json\/wp\/v2\/tags?post=86358"}],"curies":[{"name":"wp","href":"https:\/\/api.w.org\/{rel}","templated":true}]}}