{"id":86364,"date":"2022-12-12T10:52:32","date_gmt":"2022-12-12T13:52:32","guid":{"rendered":"https:\/\/primereando.com.ar\/?p=86364"},"modified":"2022-12-12T10:52:34","modified_gmt":"2022-12-12T13:52:34","slug":"hay-10-mil-usuarios-sin-electricidad-en-el-amba","status":"publish","type":"post","link":"https:\/\/primereando.com.ar\/index.php\/2022\/12\/12\/hay-10-mil-usuarios-sin-electricidad-en-el-amba\/86364\/","title":{"rendered":"Hay 10 mil usuarios sin electricidad en el AMBA"},"content":{"rendered":"\n<h2 class=\"wp-block-heading\">Este domingo el ENRE anunci\u00f3 que se sancionar\u00e1 y se embargar\u00e1 a Edesur y Edenor como consecuencia de los cortes\u00a0y la demora en la reposici\u00f3n del servicio. <\/h2>\n\n\n\n<p class=\"wp-block-paragraph\">Casi&nbsp;<strong>10.000<\/strong>&nbsp;usuarios de ciudad de Buenos Aires y el conurbano bonaerense segu\u00edan sin luz esta ma\u00f1ana, de acuerdo la informaci\u00f3n que las empresas prestatarias del servicio reportan al Ente Nacional de Regulaci\u00f3n de la Electricidad (ENRE).<\/p>\n\n\n\n<p class=\"wp-block-paragraph\">Seg\u00fan el informe publicado a las 7.40 en la p\u00e1gina oficial del ENRE, en el \u00e1rea de cobertura de<strong>\u00a0Edesur un total de 5.719\u00a0<\/strong>usuarios estaban sin suministro el\u00e9ctrico en sus viviendas en varios barrios porte\u00f1os y del sur del conurbano. <\/p>\n\n\n\n<p class=\"wp-block-paragraph\">Por su parte, a esa hora eran&nbsp;<strong>4.174 los usuarios afectados en las zonas donde presta el servicio el\u00e9ctrico Edenor<\/strong>&nbsp;en varios partidos bonaerenses como San Fernando y Malvinas Argentinas, entre otros.<\/p>\n\n\n\n<p class=\"wp-block-paragraph\">Ayer,&nbsp;<strong>el ENRE anunci\u00f3 que se sancionar\u00e1 y se embargar\u00e1 a Edesur y Edenor como consecuencia de los cortes<\/strong>&nbsp;y la demora en la reposici\u00f3n del servicio a m\u00e1s de 570.000 clientes durante este fin de semana en medio de un calor agobiante.<\/p>\n\n\n\n<p class=\"wp-block-paragraph\">En un comunicado, el organismo se\u00f1al\u00f3 que &#8220;estas multas se sumar\u00edan al total de sanciones por 687 millones de pesos a Edesur y por 293 millones de pesos a Edenor, aplicadas desde septiembre&#8221;.<\/p>\n","protected":false},"excerpt":{"rendered":"<p>Este domingo el ENRE anunci\u00f3 que se sancionar\u00e1 y se embargar\u00e1 a Edesur y Edenor como consecuencia de los cortes\u00a0y la demora en la reposici\u00f3n del servicio. Casi&nbsp;10.000&nbsp;usuarios de ciudad de Buenos Aires y el conurbano bonaerense segu\u00edan sin luz esta ma\u00f1ana, de acuerdo la informaci\u00f3n que las empresas prestatarias del servicio reportan al Ente [&hellip;]<\/p>\n","protected":false},"author":3,"featured_media":69429,"comment_status":"closed","ping_status":"closed","sticky":false,"template":"","format":"standard","meta":{"footnotes":""},"categories":[22],"tags":[],"class_list":["post-86364","post","type-post","status-publish","format-standard","has-post-thumbnail","hentry","category-sociedad"],"yoast_head":"<!-- This site is optimized with the Yoast SEO plugin v28.3 - https:\/\/yoast.com\/product\/yoast-seo-wordpress\/ -->\n<title>Hay 10 mil usuarios sin electricidad en el AMBA - Primereando<\/title>\n<meta name=\"robots\" content=\"index, follow, max-snippet:-1, max-image-preview:large, max-video-preview:-1\" \/>\n<link rel=\"canonical\" href=\"https:\/\/primereando.com.ar\/index.php\/2022\/12\/12\/hay-10-mil-usuarios-sin-electricidad-en-el-amba\/86364\/\" \/>\n<meta property=\"og:locale\" content=\"es_ES\" \/>\n<meta property=\"og:type\" content=\"article\" \/>\n<meta property=\"og:title\" content=\"Hay 10 mil usuarios sin electricidad en el AMBA - Primereando\" \/>\n<meta property=\"og:description\" content=\"Este domingo el ENRE anunci\u00f3 que se sancionar\u00e1 y se embargar\u00e1 a Edesur y Edenor como consecuencia de los cortes\u00a0y la demora en la reposici\u00f3n del servicio. Casi&nbsp;10.000&nbsp;usuarios de ciudad de Buenos Aires y el conurbano bonaerense segu\u00edan sin luz esta ma\u00f1ana, de acuerdo la informaci\u00f3n que las empresas prestatarias del servicio reportan al Ente [&hellip;]\" \/>\n<meta property=\"og:url\" content=\"https:\/\/primereando.com.ar\/index.php\/2022\/12\/12\/hay-10-mil-usuarios-sin-electricidad-en-el-amba\/86364\/\" \/>\n<meta property=\"og:site_name\" content=\"Primereando\" \/>\n<meta property=\"article:published_time\" content=\"2022-12-12T13:52:32+00:00\" \/>\n<meta property=\"article:modified_time\" content=\"2022-12-12T13:52:34+00:00\" \/>\n<meta property=\"og:image\" content=\"https:\/\/primereando.com.ar\/wp-content\/uploads\/2022\/01\/Corte-de-luz.webp\" \/>\n\t<meta property=\"og:image:width\" content=\"768\" \/>\n\t<meta property=\"og:image:height\" content=\"512\" \/>\n\t<meta property=\"og:image:type\" content=\"image\/webp\" \/>\n<meta name=\"author\" content=\"Manu\" \/>\n<meta name=\"twitter:card\" content=\"summary_large_image\" \/>\n<meta name=\"twitter:label1\" content=\"Escrito por\" \/>\n\t<meta name=\"twitter:data1\" content=\"Manu\" \/>\n\t<meta name=\"twitter:label2\" content=\"Tiempo de lectura\" \/>\n\t<meta name=\"twitter:data2\" content=\"1 minuto\" \/>\n<script type=\"application\/ld+json\" class=\"yoast-schema-graph\">{\"@context\":\"https:\\\/\\\/schema.org\",\"@graph\":[{\"@type\":\"Article\",\"@id\":\"https:\\\/\\\/primereando.com.ar\\\/index.php\\\/2022\\\/12\\\/12\\\/hay-10-mil-usuarios-sin-electricidad-en-el-amba\\\/86364\\\/#article\",\"isPartOf\":{\"@id\":\"https:\\\/\\\/primereando.com.ar\\\/index.php\\\/2022\\\/12\\\/12\\\/hay-10-mil-usuarios-sin-electricidad-en-el-amba\\\/86364\\\/\"},\"author\":{\"name\":\"Manu\",\"@id\":\"https:\\\/\\\/primereando.com.ar\\\/#\\\/schema\\\/person\\\/95eba7d4f736203857585c1dd5c6b316\"},\"headline\":\"Hay 10 mil usuarios sin electricidad en el AMBA\",\"datePublished\":\"2022-12-12T13:52:32+00:00\",\"dateModified\":\"2022-12-12T13:52:34+00:00\",\"mainEntityOfPage\":{\"@id\":\"https:\\\/\\\/primereando.com.ar\\\/index.php\\\/2022\\\/12\\\/12\\\/hay-10-mil-usuarios-sin-electricidad-en-el-amba\\\/86364\\\/\"},\"wordCount\":235,\"publisher\":{\"@id\":\"https:\\\/\\\/primereando.com.ar\\\/#organization\"},\"image\":{\"@id\":\"https:\\\/\\\/primereando.com.ar\\\/index.php\\\/2022\\\/12\\\/12\\\/hay-10-mil-usuarios-sin-electricidad-en-el-amba\\\/86364\\\/#primaryimage\"},\"thumbnailUrl\":\"https:\\\/\\\/primereando.com.ar\\\/wp-content\\\/uploads\\\/2022\\\/01\\\/Corte-de-luz.webp\",\"articleSection\":[\"Sociedad\"],\"inLanguage\":\"es-AR\"},{\"@type\":\"WebPage\",\"@id\":\"https:\\\/\\\/primereando.com.ar\\\/index.php\\\/2022\\\/12\\\/12\\\/hay-10-mil-usuarios-sin-electricidad-en-el-amba\\\/86364\\\/\",\"url\":\"https:\\\/\\\/primereando.com.ar\\\/index.php\\\/2022\\\/12\\\/12\\\/hay-10-mil-usuarios-sin-electricidad-en-el-amba\\\/86364\\\/\",\"name\":\"Hay 10 mil usuarios sin electricidad en el AMBA - Primereando\",\"isPartOf\":{\"@id\":\"https:\\\/\\\/primereando.com.ar\\\/#website\"},\"primaryImageOfPage\":{\"@id\":\"https:\\\/\\\/primereando.com.ar\\\/index.php\\\/2022\\\/12\\\/12\\\/hay-10-mil-usuarios-sin-electricidad-en-el-amba\\\/86364\\\/#primaryimage\"},\"image\":{\"@id\":\"https:\\\/\\\/primereando.com.ar\\\/index.php\\\/2022\\\/12\\\/12\\\/hay-10-mil-usuarios-sin-electricidad-en-el-amba\\\/86364\\\/#primaryimage\"},\"thumbnailUrl\":\"https:\\\/\\\/primereando.com.ar\\\/wp-content\\\/uploads\\\/2022\\\/01\\\/Corte-de-luz.webp\",\"datePublished\":\"2022-12-12T13:52:32+00:00\",\"dateModified\":\"2022-12-12T13:52:34+00:00\",\"breadcrumb\":{\"@id\":\"https:\\\/\\\/primereando.com.ar\\\/index.php\\\/2022\\\/12\\\/12\\\/hay-10-mil-usuarios-sin-electricidad-en-el-amba\\\/86364\\\/#breadcrumb\"},\"inLanguage\":\"es-AR\",\"potentialAction\":[{\"@type\":\"ReadAction\",\"target\":[\"https:\\\/\\\/primereando.com.ar\\\/index.php\\\/2022\\\/12\\\/12\\\/hay-10-mil-usuarios-sin-electricidad-en-el-amba\\\/86364\\\/\"]}]},{\"@type\":\"ImageObject\",\"inLanguage\":\"es-AR\",\"@id\":\"https:\\\/\\\/primereando.com.ar\\\/index.php\\\/2022\\\/12\\\/12\\\/hay-10-mil-usuarios-sin-electricidad-en-el-amba\\\/86364\\\/#primaryimage\",\"url\":\"https:\\\/\\\/primereando.com.ar\\\/wp-content\\\/uploads\\\/2022\\\/01\\\/Corte-de-luz.webp\",\"contentUrl\":\"https:\\\/\\\/primereando.com.ar\\\/wp-content\\\/uploads\\\/2022\\\/01\\\/Corte-de-luz.webp\",\"width\":768,\"height\":512},{\"@type\":\"BreadcrumbList\",\"@id\":\"https:\\\/\\\/primereando.com.ar\\\/index.php\\\/2022\\\/12\\\/12\\\/hay-10-mil-usuarios-sin-electricidad-en-el-amba\\\/86364\\\/#breadcrumb\",\"itemListElement\":[{\"@type\":\"ListItem\",\"position\":1,\"name\":\"Inicio\",\"item\":\"https:\\\/\\\/primereando.com.ar\\\/\"},{\"@type\":\"ListItem\",\"position\":2,\"name\":\"Hay 10 mil usuarios sin electricidad en el AMBA\"}]},{\"@type\":\"WebSite\",\"@id\":\"https:\\\/\\\/primereando.com.ar\\\/#website\",\"url\":\"https:\\\/\\\/primereando.com.ar\\\/\",\"name\":\"Primereando\",\"description\":\"Portal de noticias de la Provincia de Buenos Aires\",\"publisher\":{\"@id\":\"https:\\\/\\\/primereando.com.ar\\\/#organization\"},\"potentialAction\":[{\"@type\":\"SearchAction\",\"target\":{\"@type\":\"EntryPoint\",\"urlTemplate\":\"https:\\\/\\\/primereando.com.ar\\\/?s={search_term_string}\"},\"query-input\":{\"@type\":\"PropertyValueSpecification\",\"valueRequired\":true,\"valueName\":\"search_term_string\"}}],\"inLanguage\":\"es-AR\"},{\"@type\":\"Organization\",\"@id\":\"https:\\\/\\\/primereando.com.ar\\\/#organization\",\"name\":\"Primereando\",\"url\":\"https:\\\/\\\/primereando.com.ar\\\/\",\"logo\":{\"@type\":\"ImageObject\",\"inLanguage\":\"es-AR\",\"@id\":\"https:\\\/\\\/primereando.com.ar\\\/#\\\/schema\\\/logo\\\/image\\\/\",\"url\":\"https:\\\/\\\/primereando.com.ar\\\/wp-content\\\/uploads\\\/2021\\\/12\\\/primereando-logo.png\",\"contentUrl\":\"https:\\\/\\\/primereando.com.ar\\\/wp-content\\\/uploads\\\/2021\\\/12\\\/primereando-logo.png\",\"width\":360,\"height\":96,\"caption\":\"Primereando\"},\"image\":{\"@id\":\"https:\\\/\\\/primereando.com.ar\\\/#\\\/schema\\\/logo\\\/image\\\/\"}},{\"@type\":\"Person\",\"@id\":\"https:\\\/\\\/primereando.com.ar\\\/#\\\/schema\\\/person\\\/95eba7d4f736203857585c1dd5c6b316\",\"name\":\"Manu\",\"image\":{\"@type\":\"ImageObject\",\"inLanguage\":\"es-AR\",\"@id\":\"https:\\\/\\\/secure.gravatar.com\\\/avatar\\\/e973351f0e0e215c85a3c16537dfe6d9f21b4048a9417fe3edecc0c3034bbec6?s=96&d=blank&r=g\",\"url\":\"https:\\\/\\\/secure.gravatar.com\\\/avatar\\\/e973351f0e0e215c85a3c16537dfe6d9f21b4048a9417fe3edecc0c3034bbec6?s=96&d=blank&r=g\",\"contentUrl\":\"https:\\\/\\\/secure.gravatar.com\\\/avatar\\\/e973351f0e0e215c85a3c16537dfe6d9f21b4048a9417fe3edecc0c3034bbec6?s=96&d=blank&r=g\",\"caption\":\"Manu\"},\"url\":\"https:\\\/\\\/primereando.com.ar\\\/index.php\\\/author\\\/manu\\\/\"}]}<\/script>\n<!-- \/ Yoast SEO plugin. -->","yoast_head_json":{"title":"Hay 10 mil usuarios sin electricidad en el AMBA - Primereando","robots":{"index":"index","follow":"follow","max-snippet":"max-snippet:-1","max-image-preview":"max-image-preview:large","max-video-preview":"max-video-preview:-1"},"canonical":"https:\/\/primereando.com.ar\/index.php\/2022\/12\/12\/hay-10-mil-usuarios-sin-electricidad-en-el-amba\/86364\/","og_locale":"es_ES","og_type":"article","og_title":"Hay 10 mil usuarios sin electricidad en el AMBA - Primereando","og_description":"Este domingo el ENRE anunci\u00f3 que se sancionar\u00e1 y se embargar\u00e1 a Edesur y Edenor como consecuencia de los cortes\u00a0y la demora en la reposici\u00f3n del servicio. Casi&nbsp;10.000&nbsp;usuarios de ciudad de Buenos Aires y el conurbano bonaerense segu\u00edan sin luz esta ma\u00f1ana, de acuerdo la informaci\u00f3n que las empresas prestatarias del servicio reportan al Ente [&hellip;]","og_url":"https:\/\/primereando.com.ar\/index.php\/2022\/12\/12\/hay-10-mil-usuarios-sin-electricidad-en-el-amba\/86364\/","og_site_name":"Primereando","article_published_time":"2022-12-12T13:52:32+00:00","article_modified_time":"2022-12-12T13:52:34+00:00","og_image":[{"width":768,"height":512,"url":"https:\/\/primereando.com.ar\/wp-content\/uploads\/2022\/01\/Corte-de-luz.webp","type":"image\/webp"}],"author":"Manu","twitter_card":"summary_large_image","twitter_misc":{"Escrito por":"Manu","Tiempo de lectura":"1 minuto"},"schema":{"@context":"https:\/\/schema.org","@graph":[{"@type":"Article","@id":"https:\/\/primereando.com.ar\/index.php\/2022\/12\/12\/hay-10-mil-usuarios-sin-electricidad-en-el-amba\/86364\/#article","isPartOf":{"@id":"https:\/\/primereando.com.ar\/index.php\/2022\/12\/12\/hay-10-mil-usuarios-sin-electricidad-en-el-amba\/86364\/"},"author":{"name":"Manu","@id":"https:\/\/primereando.com.ar\/#\/schema\/person\/95eba7d4f736203857585c1dd5c6b316"},"headline":"Hay 10 mil usuarios sin electricidad en el AMBA","datePublished":"2022-12-12T13:52:32+00:00","dateModified":"2022-12-12T13:52:34+00:00","mainEntityOfPage":{"@id":"https:\/\/primereando.com.ar\/index.php\/2022\/12\/12\/hay-10-mil-usuarios-sin-electricidad-en-el-amba\/86364\/"},"wordCount":235,"publisher":{"@id":"https:\/\/primereando.com.ar\/#organization"},"image":{"@id":"https:\/\/primereando.com.ar\/index.php\/2022\/12\/12\/hay-10-mil-usuarios-sin-electricidad-en-el-amba\/86364\/#primaryimage"},"thumbnailUrl":"https:\/\/primereando.com.ar\/wp-content\/uploads\/2022\/01\/Corte-de-luz.webp","articleSection":["Sociedad"],"inLanguage":"es-AR"},{"@type":"WebPage","@id":"https:\/\/primereando.com.ar\/index.php\/2022\/12\/12\/hay-10-mil-usuarios-sin-electricidad-en-el-amba\/86364\/","url":"https:\/\/primereando.com.ar\/index.php\/2022\/12\/12\/hay-10-mil-usuarios-sin-electricidad-en-el-amba\/86364\/","name":"Hay 10 mil usuarios sin electricidad en el AMBA - Primereando","isPartOf":{"@id":"https:\/\/primereando.com.ar\/#website"},"primaryImageOfPage":{"@id":"https:\/\/primereando.com.ar\/index.php\/2022\/12\/12\/hay-10-mil-usuarios-sin-electricidad-en-el-amba\/86364\/#primaryimage"},"image":{"@id":"https:\/\/primereando.com.ar\/index.php\/2022\/12\/12\/hay-10-mil-usuarios-sin-electricidad-en-el-amba\/86364\/#primaryimage"},"thumbnailUrl":"https:\/\/primereando.com.ar\/wp-content\/uploads\/2022\/01\/Corte-de-luz.webp","datePublished":"2022-12-12T13:52:32+00:00","dateModified":"2022-12-12T13:52:34+00:00","breadcrumb":{"@id":"https:\/\/primereando.com.ar\/index.php\/2022\/12\/12\/hay-10-mil-usuarios-sin-electricidad-en-el-amba\/86364\/#breadcrumb"},"inLanguage":"es-AR","potentialAction":[{"@type":"ReadAction","target":["https:\/\/primereando.com.ar\/index.php\/2022\/12\/12\/hay-10-mil-usuarios-sin-electricidad-en-el-amba\/86364\/"]}]},{"@type":"ImageObject","inLanguage":"es-AR","@id":"https:\/\/primereando.com.ar\/index.php\/2022\/12\/12\/hay-10-mil-usuarios-sin-electricidad-en-el-amba\/86364\/#primaryimage","url":"https:\/\/primereando.com.ar\/wp-content\/uploads\/2022\/01\/Corte-de-luz.webp","contentUrl":"https:\/\/primereando.com.ar\/wp-content\/uploads\/2022\/01\/Corte-de-luz.webp","width":768,"height":512},{"@type":"BreadcrumbList","@id":"https:\/\/primereando.com.ar\/index.php\/2022\/12\/12\/hay-10-mil-usuarios-sin-electricidad-en-el-amba\/86364\/#breadcrumb","itemListElement":[{"@type":"ListItem","position":1,"name":"Inicio","item":"https:\/\/primereando.com.ar\/"},{"@type":"ListItem","position":2,"name":"Hay 10 mil usuarios sin electricidad en el AMBA"}]},{"@type":"WebSite","@id":"https:\/\/primereando.com.ar\/#website","url":"https:\/\/primereando.com.ar\/","name":"Primereando","description":"Portal de noticias de la Provincia de Buenos Aires","publisher":{"@id":"https:\/\/primereando.com.ar\/#organization"},"potentialAction":[{"@type":"SearchAction","target":{"@type":"EntryPoint","urlTemplate":"https:\/\/primereando.com.ar\/?s={search_term_string}"},"query-input":{"@type":"PropertyValueSpecification","valueRequired":true,"valueName":"search_term_string"}}],"inLanguage":"es-AR"},{"@type":"Organization","@id":"https:\/\/primereando.com.ar\/#organization","name":"Primereando","url":"https:\/\/primereando.com.ar\/","logo":{"@type":"ImageObject","inLanguage":"es-AR","@id":"https:\/\/primereando.com.ar\/#\/schema\/logo\/image\/","url":"https:\/\/primereando.com.ar\/wp-content\/uploads\/2021\/12\/primereando-logo.png","contentUrl":"https:\/\/primereando.com.ar\/wp-content\/uploads\/2021\/12\/primereando-logo.png","width":360,"height":96,"caption":"Primereando"},"image":{"@id":"https:\/\/primereando.com.ar\/#\/schema\/logo\/image\/"}},{"@type":"Person","@id":"https:\/\/primereando.com.ar\/#\/schema\/person\/95eba7d4f736203857585c1dd5c6b316","name":"Manu","image":{"@type":"ImageObject","inLanguage":"es-AR","@id":"https:\/\/secure.gravatar.com\/avatar\/e973351f0e0e215c85a3c16537dfe6d9f21b4048a9417fe3edecc0c3034bbec6?s=96&d=blank&r=g","url":"https:\/\/secure.gravatar.com\/avatar\/e973351f0e0e215c85a3c16537dfe6d9f21b4048a9417fe3edecc0c3034bbec6?s=96&d=blank&r=g","contentUrl":"https:\/\/secure.gravatar.com\/avatar\/e973351f0e0e215c85a3c16537dfe6d9f21b4048a9417fe3edecc0c3034bbec6?s=96&d=blank&r=g","caption":"Manu"},"url":"https:\/\/primereando.com.ar\/index.php\/author\/manu\/"}]}},"_links":{"self":[{"href":"https:\/\/primereando.com.ar\/index.php\/wp-json\/wp\/v2\/posts\/86364","targetHints":{"allow":["GET"]}}],"collection":[{"href":"https:\/\/primereando.com.ar\/index.php\/wp-json\/wp\/v2\/posts"}],"about":[{"href":"https:\/\/primereando.com.ar\/index.php\/wp-json\/wp\/v2\/types\/post"}],"author":[{"embeddable":true,"href":"https:\/\/primereando.com.ar\/index.php\/wp-json\/wp\/v2\/users\/3"}],"replies":[{"embeddable":true,"href":"https:\/\/primereando.com.ar\/index.php\/wp-json\/wp\/v2\/comments?post=86364"}],"version-history":[{"count":0,"href":"https:\/\/primereando.com.ar\/index.php\/wp-json\/wp\/v2\/posts\/86364\/revisions"}],"wp:featuredmedia":[{"embeddable":true,"href":"https:\/\/primereando.com.ar\/index.php\/wp-json\/wp\/v2\/media\/69429"}],"wp:attachment":[{"href":"https:\/\/primereando.com.ar\/index.php\/wp-json\/wp\/v2\/media?parent=86364"}],"wp:term":[{"taxonomy":"category","embeddable":true,"href":"https:\/\/primereando.com.ar\/index.php\/wp-json\/wp\/v2\/categories?post=86364"},{"taxonomy":"post_tag","embeddable":true,"href":"https:\/\/primereando.com.ar\/index.php\/wp-json\/wp\/v2\/tags?post=86364"}],"curies":[{"name":"wp","href":"https:\/\/api.w.org\/{rel}","templated":true}]}}