{"id":86384,"date":"2022-12-12T16:37:03","date_gmt":"2022-12-12T19:37:03","guid":{"rendered":"https:\/\/primereando.com.ar\/?p=86384"},"modified":"2022-12-12T16:37:05","modified_gmt":"2022-12-12T19:37:05","slug":"el-gobierno-lanzo-el-plan-ahora-10-para-la-compra-de-celulares","status":"publish","type":"post","link":"https:\/\/primereando.com.ar\/index.php\/2022\/12\/12\/el-gobierno-lanzo-el-plan-ahora-10-para-la-compra-de-celulares\/86384\/","title":{"rendered":"El gobierno lanz\u00f3 el Plan Ahora 10 para la compra de celulares"},"content":{"rendered":"\n<h2 class=\"wp-block-heading\">El acuerdo firmado por el ministro Sergio Massa con las empresas del sector impulsa la venta de 70 modelos de tel\u00e9fonos hasta el 15 de marzo con una tasa preferencial del 48%.<\/h2>\n\n\n\n<p class=\"wp-block-paragraph\">El ministro de Econom\u00eda, Sergio Massa, anunci\u00f3 este lunes la puesta en marcha del Plan Ahora 10, a tasa preferencial del 48%, para la adquisici\u00f3n de celulares, en un acuerdo con el sector que congela los precios por 90 d\u00edas.<\/p>\n\n\n\n<p class=\"wp-block-paragraph\">&#8220;Es muy importante lograr el objetivo de poder vender un mill\u00f3n de celulares por mes&#8221;, agreg\u00f3 Massa, quien sostuvo que &#8220;es muy importante que establecer un criterio de precios m\u00e1ximos hasta el primero de marzo&#8221;.<\/p>\n\n\n\n<figure class=\"wp-block-embed is-type-rich is-provider-twitter wp-block-embed-twitter\"><div class=\"wp-block-embed__wrapper\">\n<blockquote class=\"twitter-tweet\" data-width=\"500\" data-dnt=\"true\"><p lang=\"es\" dir=\"ltr\">EN VIVO | El ministro <a href=\"https:\/\/twitter.com\/SergioMassa?ref_src=twsrc%5Etfw\">@SergioMassa<\/a> y el secretario de Comercio <a href=\"https:\/\/twitter.com\/matiastombolini?ref_src=twsrc%5Etfw\">@matiastombolini<\/a> anuncian un acuerdo de precios m\u00e1ximos para celulares por 90 d\u00edas con financiamiento en cuotas fijas.<a href=\"https:\/\/t.co\/HNQ8bQoA7h\">https:\/\/t.co\/HNQ8bQoA7h<\/a><\/p>&mdash; Secretar\u00eda de Industria y Comercio (@ComercioArg) <a href=\"https:\/\/twitter.com\/ComercioArg\/status\/1602356182596853766?ref_src=twsrc%5Etfw\">December 12, 2022<\/a><\/blockquote><script async src=\"https:\/\/platform.twitter.com\/widgets.js\" charset=\"utf-8\"><\/script>\n<\/div><\/figure>\n\n\n\n<p class=\"wp-block-paragraph\">Massa apunt\u00f3 tambi\u00e9n a la &#8220;disminuci\u00f3n de la expectativa inflacionaria&#8221; al lanzar el programa Ahora 10 que espera que &#8220;redunde en que la gente pueda acceder f\u00e1cil, barato y en cuotas&#8221; a 70 modelos de celulares hasta el pr\u00f3ximo 15 de marzo.<\/p>\n\n\n\n<p class=\"wp-block-paragraph\">&#8220;La disminuci\u00f3n de la expectativa inflacionaria se construye sobra la base de poder ir dando no solamente medidas desde el punto de vista macroecon\u00f3mico que sumen a ese objetivo, sino desde el punto de vista de la generaci\u00f3n de expectativas, decisiones de todos los actores que nos ayuden a llevar adelante este objetivo&#8221;, sostuvo al firmar el nuevo acuerdo.<\/p>\n","protected":false},"excerpt":{"rendered":"<p>El acuerdo firmado por el ministro Sergio Massa con las empresas del sector impulsa la venta de 70 modelos de tel\u00e9fonos hasta el 15 de marzo con una tasa preferencial del 48%. El ministro de Econom\u00eda, Sergio Massa, anunci\u00f3 este lunes la puesta en marcha del Plan Ahora 10, a tasa preferencial del 48%, para [&hellip;]<\/p>\n","protected":false},"author":6,"featured_media":84721,"comment_status":"closed","ping_status":"closed","sticky":false,"template":"","format":"standard","meta":{"footnotes":""},"categories":[5],"tags":[13604,13605,229],"class_list":["post-86384","post","type-post","status-publish","format-standard","has-post-thumbnail","hentry","category-actualidad","tag-ahora-10","tag-compra-celulares","tag-sergio-massa"],"yoast_head":"<!-- This site is optimized with the Yoast SEO plugin v28.3 - https:\/\/yoast.com\/product\/yoast-seo-wordpress\/ -->\n<title>El gobierno lanz\u00f3 el Plan Ahora 10 para la compra de celulares - Primereando<\/title>\n<meta name=\"robots\" content=\"index, follow, max-snippet:-1, max-image-preview:large, max-video-preview:-1\" \/>\n<link rel=\"canonical\" href=\"https:\/\/primereando.com.ar\/index.php\/2022\/12\/12\/el-gobierno-lanzo-el-plan-ahora-10-para-la-compra-de-celulares\/86384\/\" \/>\n<meta property=\"og:locale\" content=\"es_ES\" \/>\n<meta property=\"og:type\" content=\"article\" \/>\n<meta property=\"og:title\" content=\"El gobierno lanz\u00f3 el Plan Ahora 10 para la compra de celulares - Primereando\" \/>\n<meta property=\"og:description\" content=\"El acuerdo firmado por el ministro Sergio Massa con las empresas del sector impulsa la venta de 70 modelos de tel\u00e9fonos hasta el 15 de marzo con una tasa preferencial del 48%. El ministro de Econom\u00eda, Sergio Massa, anunci\u00f3 este lunes la puesta en marcha del Plan Ahora 10, a tasa preferencial del 48%, para [&hellip;]\" \/>\n<meta property=\"og:url\" content=\"https:\/\/primereando.com.ar\/index.php\/2022\/12\/12\/el-gobierno-lanzo-el-plan-ahora-10-para-la-compra-de-celulares\/86384\/\" \/>\n<meta property=\"og:site_name\" content=\"Primereando\" \/>\n<meta property=\"article:published_time\" content=\"2022-12-12T19:37:03+00:00\" \/>\n<meta property=\"article:modified_time\" content=\"2022-12-12T19:37:05+00:00\" \/>\n<meta property=\"og:image\" content=\"https:\/\/primereando.com.ar\/wp-content\/uploads\/2022\/11\/sergio-tomas.jpg\" \/>\n\t<meta property=\"og:image:width\" content=\"680\" \/>\n\t<meta property=\"og:image:height\" content=\"453\" \/>\n\t<meta property=\"og:image:type\" content=\"image\/jpeg\" \/>\n<meta name=\"author\" content=\"Luis\" \/>\n<meta name=\"twitter:card\" content=\"summary_large_image\" \/>\n<meta name=\"twitter:label1\" content=\"Escrito por\" \/>\n\t<meta name=\"twitter:data1\" content=\"Luis\" \/>\n\t<meta name=\"twitter:label2\" content=\"Tiempo de lectura\" \/>\n\t<meta name=\"twitter:data2\" content=\"1 minuto\" \/>\n<script type=\"application\/ld+json\" class=\"yoast-schema-graph\">{\"@context\":\"https:\\\/\\\/schema.org\",\"@graph\":[{\"@type\":\"Article\",\"@id\":\"https:\\\/\\\/primereando.com.ar\\\/index.php\\\/2022\\\/12\\\/12\\\/el-gobierno-lanzo-el-plan-ahora-10-para-la-compra-de-celulares\\\/86384\\\/#article\",\"isPartOf\":{\"@id\":\"https:\\\/\\\/primereando.com.ar\\\/index.php\\\/2022\\\/12\\\/12\\\/el-gobierno-lanzo-el-plan-ahora-10-para-la-compra-de-celulares\\\/86384\\\/\"},\"author\":{\"name\":\"Luis\",\"@id\":\"https:\\\/\\\/primereando.com.ar\\\/#\\\/schema\\\/person\\\/d82638b6832049ba4e1f95e4b38cedc9\"},\"headline\":\"El gobierno lanz\u00f3 el Plan Ahora 10 para la compra de celulares\",\"datePublished\":\"2022-12-12T19:37:03+00:00\",\"dateModified\":\"2022-12-12T19:37:05+00:00\",\"mainEntityOfPage\":{\"@id\":\"https:\\\/\\\/primereando.com.ar\\\/index.php\\\/2022\\\/12\\\/12\\\/el-gobierno-lanzo-el-plan-ahora-10-para-la-compra-de-celulares\\\/86384\\\/\"},\"wordCount\":264,\"publisher\":{\"@id\":\"https:\\\/\\\/primereando.com.ar\\\/#organization\"},\"image\":{\"@id\":\"https:\\\/\\\/primereando.com.ar\\\/index.php\\\/2022\\\/12\\\/12\\\/el-gobierno-lanzo-el-plan-ahora-10-para-la-compra-de-celulares\\\/86384\\\/#primaryimage\"},\"thumbnailUrl\":\"https:\\\/\\\/primereando.com.ar\\\/wp-content\\\/uploads\\\/2022\\\/11\\\/sergio-tomas.jpg\",\"keywords\":[\"Ahora 10\",\"compra celulares\",\"Sergio Massa\"],\"articleSection\":[\"Actualidad\"],\"inLanguage\":\"es-AR\"},{\"@type\":\"WebPage\",\"@id\":\"https:\\\/\\\/primereando.com.ar\\\/index.php\\\/2022\\\/12\\\/12\\\/el-gobierno-lanzo-el-plan-ahora-10-para-la-compra-de-celulares\\\/86384\\\/\",\"url\":\"https:\\\/\\\/primereando.com.ar\\\/index.php\\\/2022\\\/12\\\/12\\\/el-gobierno-lanzo-el-plan-ahora-10-para-la-compra-de-celulares\\\/86384\\\/\",\"name\":\"El gobierno lanz\u00f3 el Plan Ahora 10 para la compra de celulares - Primereando\",\"isPartOf\":{\"@id\":\"https:\\\/\\\/primereando.com.ar\\\/#website\"},\"primaryImageOfPage\":{\"@id\":\"https:\\\/\\\/primereando.com.ar\\\/index.php\\\/2022\\\/12\\\/12\\\/el-gobierno-lanzo-el-plan-ahora-10-para-la-compra-de-celulares\\\/86384\\\/#primaryimage\"},\"image\":{\"@id\":\"https:\\\/\\\/primereando.com.ar\\\/index.php\\\/2022\\\/12\\\/12\\\/el-gobierno-lanzo-el-plan-ahora-10-para-la-compra-de-celulares\\\/86384\\\/#primaryimage\"},\"thumbnailUrl\":\"https:\\\/\\\/primereando.com.ar\\\/wp-content\\\/uploads\\\/2022\\\/11\\\/sergio-tomas.jpg\",\"datePublished\":\"2022-12-12T19:37:03+00:00\",\"dateModified\":\"2022-12-12T19:37:05+00:00\",\"breadcrumb\":{\"@id\":\"https:\\\/\\\/primereando.com.ar\\\/index.php\\\/2022\\\/12\\\/12\\\/el-gobierno-lanzo-el-plan-ahora-10-para-la-compra-de-celulares\\\/86384\\\/#breadcrumb\"},\"inLanguage\":\"es-AR\",\"potentialAction\":[{\"@type\":\"ReadAction\",\"target\":[\"https:\\\/\\\/primereando.com.ar\\\/index.php\\\/2022\\\/12\\\/12\\\/el-gobierno-lanzo-el-plan-ahora-10-para-la-compra-de-celulares\\\/86384\\\/\"]}]},{\"@type\":\"ImageObject\",\"inLanguage\":\"es-AR\",\"@id\":\"https:\\\/\\\/primereando.com.ar\\\/index.php\\\/2022\\\/12\\\/12\\\/el-gobierno-lanzo-el-plan-ahora-10-para-la-compra-de-celulares\\\/86384\\\/#primaryimage\",\"url\":\"https:\\\/\\\/primereando.com.ar\\\/wp-content\\\/uploads\\\/2022\\\/11\\\/sergio-tomas.jpg\",\"contentUrl\":\"https:\\\/\\\/primereando.com.ar\\\/wp-content\\\/uploads\\\/2022\\\/11\\\/sergio-tomas.jpg\",\"width\":680,\"height\":453},{\"@type\":\"BreadcrumbList\",\"@id\":\"https:\\\/\\\/primereando.com.ar\\\/index.php\\\/2022\\\/12\\\/12\\\/el-gobierno-lanzo-el-plan-ahora-10-para-la-compra-de-celulares\\\/86384\\\/#breadcrumb\",\"itemListElement\":[{\"@type\":\"ListItem\",\"position\":1,\"name\":\"Inicio\",\"item\":\"https:\\\/\\\/primereando.com.ar\\\/\"},{\"@type\":\"ListItem\",\"position\":2,\"name\":\"El gobierno lanz\u00f3 el Plan Ahora 10 para la compra de celulares\"}]},{\"@type\":\"WebSite\",\"@id\":\"https:\\\/\\\/primereando.com.ar\\\/#website\",\"url\":\"https:\\\/\\\/primereando.com.ar\\\/\",\"name\":\"Primereando\",\"description\":\"Portal de noticias de la Provincia de Buenos Aires\",\"publisher\":{\"@id\":\"https:\\\/\\\/primereando.com.ar\\\/#organization\"},\"potentialAction\":[{\"@type\":\"SearchAction\",\"target\":{\"@type\":\"EntryPoint\",\"urlTemplate\":\"https:\\\/\\\/primereando.com.ar\\\/?s={search_term_string}\"},\"query-input\":{\"@type\":\"PropertyValueSpecification\",\"valueRequired\":true,\"valueName\":\"search_term_string\"}}],\"inLanguage\":\"es-AR\"},{\"@type\":\"Organization\",\"@id\":\"https:\\\/\\\/primereando.com.ar\\\/#organization\",\"name\":\"Primereando\",\"url\":\"https:\\\/\\\/primereando.com.ar\\\/\",\"logo\":{\"@type\":\"ImageObject\",\"inLanguage\":\"es-AR\",\"@id\":\"https:\\\/\\\/primereando.com.ar\\\/#\\\/schema\\\/logo\\\/image\\\/\",\"url\":\"https:\\\/\\\/primereando.com.ar\\\/wp-content\\\/uploads\\\/2021\\\/12\\\/primereando-logo.png\",\"contentUrl\":\"https:\\\/\\\/primereando.com.ar\\\/wp-content\\\/uploads\\\/2021\\\/12\\\/primereando-logo.png\",\"width\":360,\"height\":96,\"caption\":\"Primereando\"},\"image\":{\"@id\":\"https:\\\/\\\/primereando.com.ar\\\/#\\\/schema\\\/logo\\\/image\\\/\"}},{\"@type\":\"Person\",\"@id\":\"https:\\\/\\\/primereando.com.ar\\\/#\\\/schema\\\/person\\\/d82638b6832049ba4e1f95e4b38cedc9\",\"name\":\"Luis\",\"image\":{\"@type\":\"ImageObject\",\"inLanguage\":\"es-AR\",\"@id\":\"https:\\\/\\\/secure.gravatar.com\\\/avatar\\\/ca719c8b765b319e3f637d3e303b4a7287234c2710de786369a04c6c716a5c4e?s=96&d=blank&r=g\",\"url\":\"https:\\\/\\\/secure.gravatar.com\\\/avatar\\\/ca719c8b765b319e3f637d3e303b4a7287234c2710de786369a04c6c716a5c4e?s=96&d=blank&r=g\",\"contentUrl\":\"https:\\\/\\\/secure.gravatar.com\\\/avatar\\\/ca719c8b765b319e3f637d3e303b4a7287234c2710de786369a04c6c716a5c4e?s=96&d=blank&r=g\",\"caption\":\"Luis\"},\"url\":\"https:\\\/\\\/primereando.com.ar\\\/index.php\\\/author\\\/luis\\\/\"}]}<\/script>\n<!-- \/ Yoast SEO plugin. -->","yoast_head_json":{"title":"El gobierno lanz\u00f3 el Plan Ahora 10 para la compra de celulares - Primereando","robots":{"index":"index","follow":"follow","max-snippet":"max-snippet:-1","max-image-preview":"max-image-preview:large","max-video-preview":"max-video-preview:-1"},"canonical":"https:\/\/primereando.com.ar\/index.php\/2022\/12\/12\/el-gobierno-lanzo-el-plan-ahora-10-para-la-compra-de-celulares\/86384\/","og_locale":"es_ES","og_type":"article","og_title":"El gobierno lanz\u00f3 el Plan Ahora 10 para la compra de celulares - Primereando","og_description":"El acuerdo firmado por el ministro Sergio Massa con las empresas del sector impulsa la venta de 70 modelos de tel\u00e9fonos hasta el 15 de marzo con una tasa preferencial del 48%. El ministro de Econom\u00eda, Sergio Massa, anunci\u00f3 este lunes la puesta en marcha del Plan Ahora 10, a tasa preferencial del 48%, para [&hellip;]","og_url":"https:\/\/primereando.com.ar\/index.php\/2022\/12\/12\/el-gobierno-lanzo-el-plan-ahora-10-para-la-compra-de-celulares\/86384\/","og_site_name":"Primereando","article_published_time":"2022-12-12T19:37:03+00:00","article_modified_time":"2022-12-12T19:37:05+00:00","og_image":[{"width":680,"height":453,"url":"https:\/\/primereando.com.ar\/wp-content\/uploads\/2022\/11\/sergio-tomas.jpg","type":"image\/jpeg"}],"author":"Luis","twitter_card":"summary_large_image","twitter_misc":{"Escrito por":"Luis","Tiempo de lectura":"1 minuto"},"schema":{"@context":"https:\/\/schema.org","@graph":[{"@type":"Article","@id":"https:\/\/primereando.com.ar\/index.php\/2022\/12\/12\/el-gobierno-lanzo-el-plan-ahora-10-para-la-compra-de-celulares\/86384\/#article","isPartOf":{"@id":"https:\/\/primereando.com.ar\/index.php\/2022\/12\/12\/el-gobierno-lanzo-el-plan-ahora-10-para-la-compra-de-celulares\/86384\/"},"author":{"name":"Luis","@id":"https:\/\/primereando.com.ar\/#\/schema\/person\/d82638b6832049ba4e1f95e4b38cedc9"},"headline":"El gobierno lanz\u00f3 el Plan Ahora 10 para la compra de celulares","datePublished":"2022-12-12T19:37:03+00:00","dateModified":"2022-12-12T19:37:05+00:00","mainEntityOfPage":{"@id":"https:\/\/primereando.com.ar\/index.php\/2022\/12\/12\/el-gobierno-lanzo-el-plan-ahora-10-para-la-compra-de-celulares\/86384\/"},"wordCount":264,"publisher":{"@id":"https:\/\/primereando.com.ar\/#organization"},"image":{"@id":"https:\/\/primereando.com.ar\/index.php\/2022\/12\/12\/el-gobierno-lanzo-el-plan-ahora-10-para-la-compra-de-celulares\/86384\/#primaryimage"},"thumbnailUrl":"https:\/\/primereando.com.ar\/wp-content\/uploads\/2022\/11\/sergio-tomas.jpg","keywords":["Ahora 10","compra celulares","Sergio Massa"],"articleSection":["Actualidad"],"inLanguage":"es-AR"},{"@type":"WebPage","@id":"https:\/\/primereando.com.ar\/index.php\/2022\/12\/12\/el-gobierno-lanzo-el-plan-ahora-10-para-la-compra-de-celulares\/86384\/","url":"https:\/\/primereando.com.ar\/index.php\/2022\/12\/12\/el-gobierno-lanzo-el-plan-ahora-10-para-la-compra-de-celulares\/86384\/","name":"El gobierno lanz\u00f3 el Plan Ahora 10 para la compra de celulares - Primereando","isPartOf":{"@id":"https:\/\/primereando.com.ar\/#website"},"primaryImageOfPage":{"@id":"https:\/\/primereando.com.ar\/index.php\/2022\/12\/12\/el-gobierno-lanzo-el-plan-ahora-10-para-la-compra-de-celulares\/86384\/#primaryimage"},"image":{"@id":"https:\/\/primereando.com.ar\/index.php\/2022\/12\/12\/el-gobierno-lanzo-el-plan-ahora-10-para-la-compra-de-celulares\/86384\/#primaryimage"},"thumbnailUrl":"https:\/\/primereando.com.ar\/wp-content\/uploads\/2022\/11\/sergio-tomas.jpg","datePublished":"2022-12-12T19:37:03+00:00","dateModified":"2022-12-12T19:37:05+00:00","breadcrumb":{"@id":"https:\/\/primereando.com.ar\/index.php\/2022\/12\/12\/el-gobierno-lanzo-el-plan-ahora-10-para-la-compra-de-celulares\/86384\/#breadcrumb"},"inLanguage":"es-AR","potentialAction":[{"@type":"ReadAction","target":["https:\/\/primereando.com.ar\/index.php\/2022\/12\/12\/el-gobierno-lanzo-el-plan-ahora-10-para-la-compra-de-celulares\/86384\/"]}]},{"@type":"ImageObject","inLanguage":"es-AR","@id":"https:\/\/primereando.com.ar\/index.php\/2022\/12\/12\/el-gobierno-lanzo-el-plan-ahora-10-para-la-compra-de-celulares\/86384\/#primaryimage","url":"https:\/\/primereando.com.ar\/wp-content\/uploads\/2022\/11\/sergio-tomas.jpg","contentUrl":"https:\/\/primereando.com.ar\/wp-content\/uploads\/2022\/11\/sergio-tomas.jpg","width":680,"height":453},{"@type":"BreadcrumbList","@id":"https:\/\/primereando.com.ar\/index.php\/2022\/12\/12\/el-gobierno-lanzo-el-plan-ahora-10-para-la-compra-de-celulares\/86384\/#breadcrumb","itemListElement":[{"@type":"ListItem","position":1,"name":"Inicio","item":"https:\/\/primereando.com.ar\/"},{"@type":"ListItem","position":2,"name":"El gobierno lanz\u00f3 el Plan Ahora 10 para la compra de celulares"}]},{"@type":"WebSite","@id":"https:\/\/primereando.com.ar\/#website","url":"https:\/\/primereando.com.ar\/","name":"Primereando","description":"Portal de noticias de la Provincia de Buenos Aires","publisher":{"@id":"https:\/\/primereando.com.ar\/#organization"},"potentialAction":[{"@type":"SearchAction","target":{"@type":"EntryPoint","urlTemplate":"https:\/\/primereando.com.ar\/?s={search_term_string}"},"query-input":{"@type":"PropertyValueSpecification","valueRequired":true,"valueName":"search_term_string"}}],"inLanguage":"es-AR"},{"@type":"Organization","@id":"https:\/\/primereando.com.ar\/#organization","name":"Primereando","url":"https:\/\/primereando.com.ar\/","logo":{"@type":"ImageObject","inLanguage":"es-AR","@id":"https:\/\/primereando.com.ar\/#\/schema\/logo\/image\/","url":"https:\/\/primereando.com.ar\/wp-content\/uploads\/2021\/12\/primereando-logo.png","contentUrl":"https:\/\/primereando.com.ar\/wp-content\/uploads\/2021\/12\/primereando-logo.png","width":360,"height":96,"caption":"Primereando"},"image":{"@id":"https:\/\/primereando.com.ar\/#\/schema\/logo\/image\/"}},{"@type":"Person","@id":"https:\/\/primereando.com.ar\/#\/schema\/person\/d82638b6832049ba4e1f95e4b38cedc9","name":"Luis","image":{"@type":"ImageObject","inLanguage":"es-AR","@id":"https:\/\/secure.gravatar.com\/avatar\/ca719c8b765b319e3f637d3e303b4a7287234c2710de786369a04c6c716a5c4e?s=96&d=blank&r=g","url":"https:\/\/secure.gravatar.com\/avatar\/ca719c8b765b319e3f637d3e303b4a7287234c2710de786369a04c6c716a5c4e?s=96&d=blank&r=g","contentUrl":"https:\/\/secure.gravatar.com\/avatar\/ca719c8b765b319e3f637d3e303b4a7287234c2710de786369a04c6c716a5c4e?s=96&d=blank&r=g","caption":"Luis"},"url":"https:\/\/primereando.com.ar\/index.php\/author\/luis\/"}]}},"_links":{"self":[{"href":"https:\/\/primereando.com.ar\/index.php\/wp-json\/wp\/v2\/posts\/86384","targetHints":{"allow":["GET"]}}],"collection":[{"href":"https:\/\/primereando.com.ar\/index.php\/wp-json\/wp\/v2\/posts"}],"about":[{"href":"https:\/\/primereando.com.ar\/index.php\/wp-json\/wp\/v2\/types\/post"}],"author":[{"embeddable":true,"href":"https:\/\/primereando.com.ar\/index.php\/wp-json\/wp\/v2\/users\/6"}],"replies":[{"embeddable":true,"href":"https:\/\/primereando.com.ar\/index.php\/wp-json\/wp\/v2\/comments?post=86384"}],"version-history":[{"count":0,"href":"https:\/\/primereando.com.ar\/index.php\/wp-json\/wp\/v2\/posts\/86384\/revisions"}],"wp:featuredmedia":[{"embeddable":true,"href":"https:\/\/primereando.com.ar\/index.php\/wp-json\/wp\/v2\/media\/84721"}],"wp:attachment":[{"href":"https:\/\/primereando.com.ar\/index.php\/wp-json\/wp\/v2\/media?parent=86384"}],"wp:term":[{"taxonomy":"category","embeddable":true,"href":"https:\/\/primereando.com.ar\/index.php\/wp-json\/wp\/v2\/categories?post=86384"},{"taxonomy":"post_tag","embeddable":true,"href":"https:\/\/primereando.com.ar\/index.php\/wp-json\/wp\/v2\/tags?post=86384"}],"curies":[{"name":"wp","href":"https:\/\/api.w.org\/{rel}","templated":true}]}}